{"id":11703,"date":"2014-09-02T09:42:05","date_gmt":"2014-09-02T07:42:05","guid":{"rendered":"https:\/\/iraurgiberritzen.eus\/jornada-dedicada-a-la-silicona-liquida-en-iparralde-2\/"},"modified":"2014-09-02T09:42:05","modified_gmt":"2014-09-02T07:42:05","slug":"jornada-dedicada-a-la-silicona-liquida-en-iparralde-2","status":"publish","type":"post","link":"https:\/\/iraurgiberritzen.eus\/es\/jornada-dedicada-a-la-silicona-liquida-en-iparralde-2\/","title":{"rendered":"JORNADA dedicada a la SILICONA LIQUIDA en Iparralde"},"content":{"rendered":"<p style=\"text-align: justify;\"><strong><span style=\"font-family: Arial; color: #333941;\">Asistencia gratuita e inscripci\u00f3n obligatoria para el Taller Silicona Liquida.<\/span><\/strong><\/p>\n<p style=\"text-align: justify;\"><span style=\"font-family: Arial; color: #333941;\">En 2013, 5 empresas de Euskadi\/Iparralde crearon, en proceso de innovaci\u00f3n y de diversificaci\u00f3n econ\u00f3mica, un POLO TRANSFRONTERIZO LSR SILICONA LIQUIDA con el objetivo de desarrollar esta tecnolog\u00eda puntera en nuestro territorio y entrar en el mercado europeo actualmente atado por Alemania &amp; Austria.<\/span><\/p>\n<p style=\"text-align: justify;\"><span style=\"font-family: Arial; color: #333941;\">Con motivo de difundir informaci\u00f3n sobre las especificidades de la Silicona Liquida, dar a conocer los procesos de fabricaci\u00f3n existentes en el Polo transfronterizo LSR, el Centro tecnol\u00f3gico LEARTIKER &amp; el moldista OLABERRIA os propone una JORNADA dedicada a SILICONA LIQUIDA, el pr\u00f3ximo 25 de Septiembre 2014 de 10h00 a 18h00.<\/span><\/p>\n<p style=\"text-align: justify;\"><strong><span style=\"font-family: Arial; color: #333941;\">PROGRAMA<\/span><\/strong><\/p>\n<p style=\"text-align: justify;\"><strong><span style=\"font-family: Arial; color: #333941;\">10h00 \u2013 13h00 \u2013 en la C\u00e1mara de Comercio de Baiona\/Iparralde<\/span><\/strong><\/p>\n<p style=\"text-align: justify;\"><strong><span style=\"font-family: Arial; color: #333941;\">15h00 \u2013 18h00 \u2013 En la empresa OLABERRIA, moldista de Ustaritz \/ Iparralde<\/span><\/strong><\/p>\n<p style=\"text-align: justify;\"><strong><span style=\"font-family: Arial; color: #333941;\">PUBLICOS\u2028<\/span><\/strong><span style=\"font-family: Arial; color: #333941;\">\u2022&nbsp;Gerentes \u2013 Personal t\u00e9cnico \u2013 Personal de fabricaci\u00f3n \u2013 Ingenier\u00edas \u2013 Dise\u00f1adores de productos de ambos territorios.<\/span><\/p>\n<p style=\"text-align: justify;\"><strong><span style=\"font-family: Arial; color: #333941;\">Asistencia gratuita pero inscripci\u00f3n obligatoria<\/span><\/strong><span style=\"font-family: Arial; color: #333941;\"> (esta iniciativa est\u00e1 financiada por los Fondos Aquitania-Euskadi).<\/span><\/p>\n<p><span style=\"font-family: Arial; color: #333941;\">Para el formulario, pinche en <\/span><span style=\"font-size: 10pt; font-family: Arial; color: #333941;\"><a href=\"http:\/\/www.bihartean.com\/secciones\/actualidad\/noticias\/detalle-noticia.php?id=82&amp;lang=es\"><span style=\"color: blue;\">http:\/\/www.bihartean.com\/secciones\/actualidad\/noticias\/detalle-noticia.php?id=82&amp;lang=es<\/span><\/a><\/span><span style=\"font-family: Arial; color: #333941;\"> y enviar a: Olga Irastorza &#8211; mail: <a href=\"mailto:o.irastorza@bihartean.com\"><span style=\"color: blue;\">o.irastorza@bihartean.com<\/span><\/a><\/span><\/p>\n","protected":false},"excerpt":{"rendered":"<p>Asistencia gratuita e inscripci\u00f3n obligatoria para el Taller Silicona Liquida. En 2013, 5 empresas de Euskadi\/Iparralde crearon, en proceso de innovaci\u00f3n y de diversificaci\u00f3n econ\u00f3mica, un POLO TRANSFRONTERIZO LSR SILICONA LIQUIDA con el objetivo de desarrollar esta tecnolog\u00eda puntera en nuestro territorio y entrar en el mercado europeo actualmente atado por Alemania &amp; Austria. Con [&hellip;]<\/p>\n","protected":false},"author":1,"featured_media":18081,"comment_status":"","ping_status":"closed","sticky":false,"template":"","format":"standard","meta":{"_acf_changed":false,"footnotes":""},"categories":[4],"tags":[],"class_list":["post-11703","post","type-post","status-publish","format-standard","has-post-thumbnail","hentry","category-noticias"],"acf":[],"yoast_head":"<!-- This site is optimized with the Yoast SEO plugin v27.4 - https:\/\/yoast.com\/product\/yoast-seo-wordpress\/ -->\n<title>JORNADA dedicada a la SILICONA LIQUIDA en Iparralde - Iraurgi Berritzen<\/title>\n<meta name=\"robots\" content=\"index, follow, max-snippet:-1, max-image-preview:large, max-video-preview:-1\" \/>\n<link rel=\"canonical\" href=\"https:\/\/iraurgiberritzen.eus\/es\/jornada-dedicada-a-la-silicona-liquida-en-iparralde-2\/\" \/>\n<meta property=\"og:locale\" content=\"es_ES\" \/>\n<meta property=\"og:type\" content=\"article\" \/>\n<meta property=\"og:title\" content=\"JORNADA dedicada a la SILICONA LIQUIDA en Iparralde - Iraurgi Berritzen\" \/>\n<meta property=\"og:description\" content=\"Asistencia gratuita e inscripci\u00f3n obligatoria para el Taller Silicona Liquida. En 2013, 5 empresas de Euskadi\/Iparralde crearon, en proceso de innovaci\u00f3n y de diversificaci\u00f3n econ\u00f3mica, un POLO TRANSFRONTERIZO LSR SILICONA LIQUIDA con el objetivo de desarrollar esta tecnolog\u00eda puntera en nuestro territorio y entrar en el mercado europeo actualmente atado por Alemania &amp; Austria. Con [&hellip;]\" \/>\n<meta property=\"og:url\" content=\"https:\/\/iraurgiberritzen.eus\/es\/jornada-dedicada-a-la-silicona-liquida-en-iparralde-2\/\" \/>\n<meta property=\"og:site_name\" content=\"Iraurgi Berritzen\" \/>\n<meta property=\"article:published_time\" content=\"2014-09-02T07:42:05+00:00\" \/>\n<meta name=\"author\" content=\"kudeatzailea\" \/>\n<meta name=\"twitter:card\" content=\"summary_large_image\" \/>\n<meta name=\"twitter:label1\" content=\"Escrito por\" \/>\n\t<meta name=\"twitter:data1\" content=\"kudeatzailea\" \/>\n\t<meta name=\"twitter:label2\" content=\"Tiempo de lectura\" \/>\n\t<meta name=\"twitter:data2\" content=\"1 minuto\" \/>\n<script type=\"application\/ld+json\" class=\"yoast-schema-graph\">{\"@context\":\"https:\\\/\\\/schema.org\",\"@graph\":[{\"@type\":\"Article\",\"@id\":\"https:\\\/\\\/iraurgiberritzen.eus\\\/es\\\/jornada-dedicada-a-la-silicona-liquida-en-iparralde-2\\\/#article\",\"isPartOf\":{\"@id\":\"https:\\\/\\\/iraurgiberritzen.eus\\\/es\\\/jornada-dedicada-a-la-silicona-liquida-en-iparralde-2\\\/\"},\"author\":{\"name\":\"kudeatzailea\",\"@id\":\"https:\\\/\\\/iraurgiberritzen.eus\\\/es\\\/#\\\/schema\\\/person\\\/5ab41aaf388a9097177601ebf45738d2\"},\"headline\":\"JORNADA dedicada a la SILICONA LIQUIDA en Iparralde\",\"datePublished\":\"2014-09-02T07:42:05+00:00\",\"mainEntityOfPage\":{\"@id\":\"https:\\\/\\\/iraurgiberritzen.eus\\\/es\\\/jornada-dedicada-a-la-silicona-liquida-en-iparralde-2\\\/\"},\"wordCount\":203,\"publisher\":{\"@id\":\"https:\\\/\\\/iraurgiberritzen.eus\\\/es\\\/#organization\"},\"image\":{\"@id\":\"https:\\\/\\\/iraurgiberritzen.eus\\\/es\\\/jornada-dedicada-a-la-silicona-liquida-en-iparralde-2\\\/#primaryimage\"},\"thumbnailUrl\":\"https:\\\/\\\/iraurgiberritzen.eus\\\/wp-content\\\/uploads\\\/2023\\\/09\\\/576492c356d8e0278dfa7b752bad5bc8.jpg\",\"articleSection\":[\"Noticias\"],\"inLanguage\":\"es\"},{\"@type\":\"WebPage\",\"@id\":\"https:\\\/\\\/iraurgiberritzen.eus\\\/es\\\/jornada-dedicada-a-la-silicona-liquida-en-iparralde-2\\\/\",\"url\":\"https:\\\/\\\/iraurgiberritzen.eus\\\/es\\\/jornada-dedicada-a-la-silicona-liquida-en-iparralde-2\\\/\",\"name\":\"JORNADA dedicada a la SILICONA LIQUIDA en Iparralde - Iraurgi Berritzen\",\"isPartOf\":{\"@id\":\"https:\\\/\\\/iraurgiberritzen.eus\\\/es\\\/#website\"},\"primaryImageOfPage\":{\"@id\":\"https:\\\/\\\/iraurgiberritzen.eus\\\/es\\\/jornada-dedicada-a-la-silicona-liquida-en-iparralde-2\\\/#primaryimage\"},\"image\":{\"@id\":\"https:\\\/\\\/iraurgiberritzen.eus\\\/es\\\/jornada-dedicada-a-la-silicona-liquida-en-iparralde-2\\\/#primaryimage\"},\"thumbnailUrl\":\"https:\\\/\\\/iraurgiberritzen.eus\\\/wp-content\\\/uploads\\\/2023\\\/09\\\/576492c356d8e0278dfa7b752bad5bc8.jpg\",\"datePublished\":\"2014-09-02T07:42:05+00:00\",\"breadcrumb\":{\"@id\":\"https:\\\/\\\/iraurgiberritzen.eus\\\/es\\\/jornada-dedicada-a-la-silicona-liquida-en-iparralde-2\\\/#breadcrumb\"},\"inLanguage\":\"es\",\"potentialAction\":[{\"@type\":\"ReadAction\",\"target\":[\"https:\\\/\\\/iraurgiberritzen.eus\\\/es\\\/jornada-dedicada-a-la-silicona-liquida-en-iparralde-2\\\/\"]}]},{\"@type\":\"ImageObject\",\"inLanguage\":\"es\",\"@id\":\"https:\\\/\\\/iraurgiberritzen.eus\\\/es\\\/jornada-dedicada-a-la-silicona-liquida-en-iparralde-2\\\/#primaryimage\",\"url\":\"https:\\\/\\\/iraurgiberritzen.eus\\\/wp-content\\\/uploads\\\/2023\\\/09\\\/576492c356d8e0278dfa7b752bad5bc8.jpg\",\"contentUrl\":\"https:\\\/\\\/iraurgiberritzen.eus\\\/wp-content\\\/uploads\\\/2023\\\/09\\\/576492c356d8e0278dfa7b752bad5bc8.jpg\",\"width\":600,\"height\":374},{\"@type\":\"BreadcrumbList\",\"@id\":\"https:\\\/\\\/iraurgiberritzen.eus\\\/es\\\/jornada-dedicada-a-la-silicona-liquida-en-iparralde-2\\\/#breadcrumb\",\"itemListElement\":[{\"@type\":\"ListItem\",\"position\":1,\"name\":\"Home\",\"item\":\"https:\\\/\\\/iraurgiberritzen.eus\\\/es\\\/\"},{\"@type\":\"ListItem\",\"position\":2,\"name\":\"JORNADA dedicada a la SILICONA LIQUIDA en Iparralde\"}]},{\"@type\":\"WebSite\",\"@id\":\"https:\\\/\\\/iraurgiberritzen.eus\\\/es\\\/#website\",\"url\":\"https:\\\/\\\/iraurgiberritzen.eus\\\/es\\\/\",\"name\":\"Iraurgi Berritzen\",\"description\":\"Urola Erdiko Garapen Agentzia\",\"publisher\":{\"@id\":\"https:\\\/\\\/iraurgiberritzen.eus\\\/es\\\/#organization\"},\"potentialAction\":[{\"@type\":\"SearchAction\",\"target\":{\"@type\":\"EntryPoint\",\"urlTemplate\":\"https:\\\/\\\/iraurgiberritzen.eus\\\/es\\\/?s={search_term_string}\"},\"query-input\":{\"@type\":\"PropertyValueSpecification\",\"valueRequired\":true,\"valueName\":\"search_term_string\"}}],\"inLanguage\":\"es\"},{\"@type\":\"Organization\",\"@id\":\"https:\\\/\\\/iraurgiberritzen.eus\\\/es\\\/#organization\",\"name\":\"Iraurgi Berritzen\",\"url\":\"https:\\\/\\\/iraurgiberritzen.eus\\\/es\\\/\",\"logo\":{\"@type\":\"ImageObject\",\"inLanguage\":\"es\",\"@id\":\"https:\\\/\\\/iraurgiberritzen.eus\\\/es\\\/#\\\/schema\\\/logo\\\/image\\\/\",\"url\":\"https:\\\/\\\/iraurgiberritzen.eus\\\/wp-content\\\/uploads\\\/2024\\\/02\\\/IRAURGI-BERRITZEN-logotipoa_2.png\",\"contentUrl\":\"https:\\\/\\\/iraurgiberritzen.eus\\\/wp-content\\\/uploads\\\/2024\\\/02\\\/IRAURGI-BERRITZEN-logotipoa_2.png\",\"width\":496,\"height\":190,\"caption\":\"Iraurgi Berritzen\"},\"image\":{\"@id\":\"https:\\\/\\\/iraurgiberritzen.eus\\\/es\\\/#\\\/schema\\\/logo\\\/image\\\/\"}},{\"@type\":\"Person\",\"@id\":\"https:\\\/\\\/iraurgiberritzen.eus\\\/es\\\/#\\\/schema\\\/person\\\/5ab41aaf388a9097177601ebf45738d2\",\"name\":\"kudeatzailea\",\"sameAs\":[\"https:\\\/\\\/iraurgiberritzen.eus\"]}]}<\/script>\n<!-- \/ Yoast SEO plugin. -->","yoast_head_json":{"title":"JORNADA dedicada a la SILICONA LIQUIDA en Iparralde - Iraurgi Berritzen","robots":{"index":"index","follow":"follow","max-snippet":"max-snippet:-1","max-image-preview":"max-image-preview:large","max-video-preview":"max-video-preview:-1"},"canonical":"https:\/\/iraurgiberritzen.eus\/es\/jornada-dedicada-a-la-silicona-liquida-en-iparralde-2\/","og_locale":"es_ES","og_type":"article","og_title":"JORNADA dedicada a la SILICONA LIQUIDA en Iparralde - Iraurgi Berritzen","og_description":"Asistencia gratuita e inscripci\u00f3n obligatoria para el Taller Silicona Liquida. En 2013, 5 empresas de Euskadi\/Iparralde crearon, en proceso de innovaci\u00f3n y de diversificaci\u00f3n econ\u00f3mica, un POLO TRANSFRONTERIZO LSR SILICONA LIQUIDA con el objetivo de desarrollar esta tecnolog\u00eda puntera en nuestro territorio y entrar en el mercado europeo actualmente atado por Alemania &amp; Austria. Con [&hellip;]","og_url":"https:\/\/iraurgiberritzen.eus\/es\/jornada-dedicada-a-la-silicona-liquida-en-iparralde-2\/","og_site_name":"Iraurgi Berritzen","article_published_time":"2014-09-02T07:42:05+00:00","author":"kudeatzailea","twitter_card":"summary_large_image","twitter_misc":{"Escrito por":"kudeatzailea","Tiempo de lectura":"1 minuto"},"schema":{"@context":"https:\/\/schema.org","@graph":[{"@type":"Article","@id":"https:\/\/iraurgiberritzen.eus\/es\/jornada-dedicada-a-la-silicona-liquida-en-iparralde-2\/#article","isPartOf":{"@id":"https:\/\/iraurgiberritzen.eus\/es\/jornada-dedicada-a-la-silicona-liquida-en-iparralde-2\/"},"author":{"name":"kudeatzailea","@id":"https:\/\/iraurgiberritzen.eus\/es\/#\/schema\/person\/5ab41aaf388a9097177601ebf45738d2"},"headline":"JORNADA dedicada a la SILICONA LIQUIDA en Iparralde","datePublished":"2014-09-02T07:42:05+00:00","mainEntityOfPage":{"@id":"https:\/\/iraurgiberritzen.eus\/es\/jornada-dedicada-a-la-silicona-liquida-en-iparralde-2\/"},"wordCount":203,"publisher":{"@id":"https:\/\/iraurgiberritzen.eus\/es\/#organization"},"image":{"@id":"https:\/\/iraurgiberritzen.eus\/es\/jornada-dedicada-a-la-silicona-liquida-en-iparralde-2\/#primaryimage"},"thumbnailUrl":"https:\/\/iraurgiberritzen.eus\/wp-content\/uploads\/2023\/09\/576492c356d8e0278dfa7b752bad5bc8.jpg","articleSection":["Noticias"],"inLanguage":"es"},{"@type":"WebPage","@id":"https:\/\/iraurgiberritzen.eus\/es\/jornada-dedicada-a-la-silicona-liquida-en-iparralde-2\/","url":"https:\/\/iraurgiberritzen.eus\/es\/jornada-dedicada-a-la-silicona-liquida-en-iparralde-2\/","name":"JORNADA dedicada a la SILICONA LIQUIDA en Iparralde - Iraurgi Berritzen","isPartOf":{"@id":"https:\/\/iraurgiberritzen.eus\/es\/#website"},"primaryImageOfPage":{"@id":"https:\/\/iraurgiberritzen.eus\/es\/jornada-dedicada-a-la-silicona-liquida-en-iparralde-2\/#primaryimage"},"image":{"@id":"https:\/\/iraurgiberritzen.eus\/es\/jornada-dedicada-a-la-silicona-liquida-en-iparralde-2\/#primaryimage"},"thumbnailUrl":"https:\/\/iraurgiberritzen.eus\/wp-content\/uploads\/2023\/09\/576492c356d8e0278dfa7b752bad5bc8.jpg","datePublished":"2014-09-02T07:42:05+00:00","breadcrumb":{"@id":"https:\/\/iraurgiberritzen.eus\/es\/jornada-dedicada-a-la-silicona-liquida-en-iparralde-2\/#breadcrumb"},"inLanguage":"es","potentialAction":[{"@type":"ReadAction","target":["https:\/\/iraurgiberritzen.eus\/es\/jornada-dedicada-a-la-silicona-liquida-en-iparralde-2\/"]}]},{"@type":"ImageObject","inLanguage":"es","@id":"https:\/\/iraurgiberritzen.eus\/es\/jornada-dedicada-a-la-silicona-liquida-en-iparralde-2\/#primaryimage","url":"https:\/\/iraurgiberritzen.eus\/wp-content\/uploads\/2023\/09\/576492c356d8e0278dfa7b752bad5bc8.jpg","contentUrl":"https:\/\/iraurgiberritzen.eus\/wp-content\/uploads\/2023\/09\/576492c356d8e0278dfa7b752bad5bc8.jpg","width":600,"height":374},{"@type":"BreadcrumbList","@id":"https:\/\/iraurgiberritzen.eus\/es\/jornada-dedicada-a-la-silicona-liquida-en-iparralde-2\/#breadcrumb","itemListElement":[{"@type":"ListItem","position":1,"name":"Home","item":"https:\/\/iraurgiberritzen.eus\/es\/"},{"@type":"ListItem","position":2,"name":"JORNADA dedicada a la SILICONA LIQUIDA en Iparralde"}]},{"@type":"WebSite","@id":"https:\/\/iraurgiberritzen.eus\/es\/#website","url":"https:\/\/iraurgiberritzen.eus\/es\/","name":"Iraurgi Berritzen","description":"Urola Erdiko Garapen Agentzia","publisher":{"@id":"https:\/\/iraurgiberritzen.eus\/es\/#organization"},"potentialAction":[{"@type":"SearchAction","target":{"@type":"EntryPoint","urlTemplate":"https:\/\/iraurgiberritzen.eus\/es\/?s={search_term_string}"},"query-input":{"@type":"PropertyValueSpecification","valueRequired":true,"valueName":"search_term_string"}}],"inLanguage":"es"},{"@type":"Organization","@id":"https:\/\/iraurgiberritzen.eus\/es\/#organization","name":"Iraurgi Berritzen","url":"https:\/\/iraurgiberritzen.eus\/es\/","logo":{"@type":"ImageObject","inLanguage":"es","@id":"https:\/\/iraurgiberritzen.eus\/es\/#\/schema\/logo\/image\/","url":"https:\/\/iraurgiberritzen.eus\/wp-content\/uploads\/2024\/02\/IRAURGI-BERRITZEN-logotipoa_2.png","contentUrl":"https:\/\/iraurgiberritzen.eus\/wp-content\/uploads\/2024\/02\/IRAURGI-BERRITZEN-logotipoa_2.png","width":496,"height":190,"caption":"Iraurgi Berritzen"},"image":{"@id":"https:\/\/iraurgiberritzen.eus\/es\/#\/schema\/logo\/image\/"}},{"@type":"Person","@id":"https:\/\/iraurgiberritzen.eus\/es\/#\/schema\/person\/5ab41aaf388a9097177601ebf45738d2","name":"kudeatzailea","sameAs":["https:\/\/iraurgiberritzen.eus"]}]}},"_links":{"self":[{"href":"https:\/\/iraurgiberritzen.eus\/es\/wp-json\/wp\/v2\/posts\/11703","targetHints":{"allow":["GET"]}}],"collection":[{"href":"https:\/\/iraurgiberritzen.eus\/es\/wp-json\/wp\/v2\/posts"}],"about":[{"href":"https:\/\/iraurgiberritzen.eus\/es\/wp-json\/wp\/v2\/types\/post"}],"author":[{"embeddable":true,"href":"https:\/\/iraurgiberritzen.eus\/es\/wp-json\/wp\/v2\/users\/1"}],"replies":[{"embeddable":true,"href":"https:\/\/iraurgiberritzen.eus\/es\/wp-json\/wp\/v2\/comments?post=11703"}],"version-history":[{"count":0,"href":"https:\/\/iraurgiberritzen.eus\/es\/wp-json\/wp\/v2\/posts\/11703\/revisions"}],"wp:featuredmedia":[{"embeddable":true,"href":"https:\/\/iraurgiberritzen.eus\/es\/wp-json\/wp\/v2\/media\/18081"}],"wp:attachment":[{"href":"https:\/\/iraurgiberritzen.eus\/es\/wp-json\/wp\/v2\/media?parent=11703"}],"wp:term":[{"taxonomy":"category","embeddable":true,"href":"https:\/\/iraurgiberritzen.eus\/es\/wp-json\/wp\/v2\/categories?post=11703"},{"taxonomy":"post_tag","embeddable":true,"href":"https:\/\/iraurgiberritzen.eus\/es\/wp-json\/wp\/v2\/tags?post=11703"}],"curies":[{"name":"wp","href":"https:\/\/api.w.org\/{rel}","templated":true}]}}