{"id":11706,"date":"2014-09-22T09:26:27","date_gmt":"2014-09-22T07:26:27","guid":{"rendered":"https:\/\/iraurgiberritzen.eus\/el-gobierno-vasco-abre-la-convocatoria-del-programa-lehen-aukera\/"},"modified":"2014-09-22T09:26:27","modified_gmt":"2014-09-22T07:26:27","slug":"el-gobierno-vasco-abre-la-convocatoria-del-programa-lehen-aukera","status":"publish","type":"post","link":"https:\/\/iraurgiberritzen.eus\/es\/el-gobierno-vasco-abre-la-convocatoria-del-programa-lehen-aukera\/","title":{"rendered":"El Gobierno vasco abre la convocatoria del programa &#8216;Lehen Aukera&#8217;"},"content":{"rendered":"<p>Os informamos desde Iraurgi Berritzen que ya est\u00e1 abierta la convocatoria <strong>\u00abLehen Aukera\u00bb<\/strong>, de est\u00edmulo a la contrataci\u00f3n en pr\u00e1cticas de personas j\u00f3venes desempleadas, menores de 30 a\u00f1os que hayan finalizado recientemente sus estudios universitarios o de Formaci\u00f3n Profesional y est\u00e9n registrados en Lanbide como demandantes de empleo.<\/p>\n<p>Esta iniciativa se enmarca en el Plan de Empleo 2014-2016, siendo su objetivo responder al fin de \u00abfavorecer el tr\u00e1nsito de la vida educativa a la profesional de una parte de la sociedad fuertemente castigada por la crisis\u00bb, en referencia a los j\u00f3venes.<\/p>\n<p>Para favorecer esta primera oportunidad laboral a la juventud vasca, se han dispuesto cinco millones a disposici\u00f3n de las empresas privadas, las comunidades de bienes y sociedades civiles, as\u00ed como las asociaciones y fundaciones que se asumen a esta iniciativa. El dinero se destinar\u00e1 a financiar los contratos que tengan lugar en centros de trabajo radicados en la comunidad aut\u00f3noma y por un tiempo no inferior a seis meses.<\/p>\n<p>Los contratos deber\u00e1n iniciarse antes del 21 de noviembre de 2014 y la bonificaci\u00f3n a las empresas se fijar\u00e1 en funci\u00f3n del salario bruto mensual percibido por la persona contratada, que oscilar\u00e1 entre los 2.450 euros y los 3.620 euros.<\/p>\n<p>Las cuant\u00edas de subvenci\u00f3n se refieren a contratos a jornada completa durante un periodo de, al menos, seis meses de duraci\u00f3n.<\/p>\n<p>En el supuesto del contrato a tiempo parcial, nunca inferior al 70% de la jornada, se ajustar\u00e1 a los importes subvencionados.<\/p>\n<p>Para m\u00e1s informaci\u00f3n pod\u00e9is contactar con Iraurgi Berritzen en el siguiente n\u00ba de tel\u00e9fono 943 02 60 69 o escribiendo a la siguiente direcci\u00f3n <a href=\"mailto:info@iraurgiberritzen.net\" target=\"_blank\" rel=\"noopener\">info@iraurgiberritzen.ne<\/a><\/p>\n","protected":false},"excerpt":{"rendered":"<p>Os informamos desde Iraurgi Berritzen que ya est\u00e1 abierta la convocatoria \u00abLehen Aukera\u00bb, de est\u00edmulo a la contrataci\u00f3n en pr\u00e1cticas de personas j\u00f3venes desempleadas, menores de 30 a\u00f1os que hayan finalizado recientemente sus estudios universitarios o de Formaci\u00f3n Profesional y est\u00e9n registrados en Lanbide como demandantes de empleo. Esta iniciativa se enmarca en el Plan [&hellip;]<\/p>\n","protected":false},"author":1,"featured_media":18082,"comment_status":"","ping_status":"closed","sticky":false,"template":"","format":"standard","meta":{"_acf_changed":false,"footnotes":""},"categories":[4],"tags":[],"class_list":["post-11706","post","type-post","status-publish","format-standard","has-post-thumbnail","hentry","category-noticias"],"acf":[],"yoast_head":"<!-- This site is optimized with the Yoast SEO plugin v27.4 - https:\/\/yoast.com\/product\/yoast-seo-wordpress\/ -->\n<title>El Gobierno vasco abre la convocatoria del programa &#039;Lehen Aukera&#039; - Iraurgi Berritzen<\/title>\n<meta name=\"robots\" content=\"index, follow, max-snippet:-1, max-image-preview:large, max-video-preview:-1\" \/>\n<link rel=\"canonical\" href=\"https:\/\/iraurgiberritzen.eus\/es\/el-gobierno-vasco-abre-la-convocatoria-del-programa-lehen-aukera\/\" \/>\n<meta property=\"og:locale\" content=\"es_ES\" \/>\n<meta property=\"og:type\" content=\"article\" \/>\n<meta property=\"og:title\" content=\"El Gobierno vasco abre la convocatoria del programa &#039;Lehen Aukera&#039; - Iraurgi Berritzen\" \/>\n<meta property=\"og:description\" content=\"Os informamos desde Iraurgi Berritzen que ya est\u00e1 abierta la convocatoria \u00abLehen Aukera\u00bb, de est\u00edmulo a la contrataci\u00f3n en pr\u00e1cticas de personas j\u00f3venes desempleadas, menores de 30 a\u00f1os que hayan finalizado recientemente sus estudios universitarios o de Formaci\u00f3n Profesional y est\u00e9n registrados en Lanbide como demandantes de empleo. Esta iniciativa se enmarca en el Plan [&hellip;]\" \/>\n<meta property=\"og:url\" content=\"https:\/\/iraurgiberritzen.eus\/es\/el-gobierno-vasco-abre-la-convocatoria-del-programa-lehen-aukera\/\" \/>\n<meta property=\"og:site_name\" content=\"Iraurgi Berritzen\" \/>\n<meta property=\"article:published_time\" content=\"2014-09-22T07:26:27+00:00\" \/>\n<meta name=\"author\" content=\"kudeatzailea\" \/>\n<meta name=\"twitter:card\" content=\"summary_large_image\" \/>\n<meta name=\"twitter:label1\" content=\"Escrito por\" \/>\n\t<meta name=\"twitter:data1\" content=\"kudeatzailea\" \/>\n\t<meta name=\"twitter:label2\" content=\"Tiempo de lectura\" \/>\n\t<meta name=\"twitter:data2\" content=\"1 minuto\" \/>\n<script type=\"application\/ld+json\" class=\"yoast-schema-graph\">{\"@context\":\"https:\\\/\\\/schema.org\",\"@graph\":[{\"@type\":\"Article\",\"@id\":\"https:\\\/\\\/iraurgiberritzen.eus\\\/es\\\/el-gobierno-vasco-abre-la-convocatoria-del-programa-lehen-aukera\\\/#article\",\"isPartOf\":{\"@id\":\"https:\\\/\\\/iraurgiberritzen.eus\\\/es\\\/el-gobierno-vasco-abre-la-convocatoria-del-programa-lehen-aukera\\\/\"},\"author\":{\"name\":\"kudeatzailea\",\"@id\":\"https:\\\/\\\/iraurgiberritzen.eus\\\/es\\\/#\\\/schema\\\/person\\\/5ab41aaf388a9097177601ebf45738d2\"},\"headline\":\"El Gobierno vasco abre la convocatoria del programa &#8216;Lehen Aukera&#8217;\",\"datePublished\":\"2014-09-22T07:26:27+00:00\",\"mainEntityOfPage\":{\"@id\":\"https:\\\/\\\/iraurgiberritzen.eus\\\/es\\\/el-gobierno-vasco-abre-la-convocatoria-del-programa-lehen-aukera\\\/\"},\"wordCount\":291,\"publisher\":{\"@id\":\"https:\\\/\\\/iraurgiberritzen.eus\\\/es\\\/#organization\"},\"image\":{\"@id\":\"https:\\\/\\\/iraurgiberritzen.eus\\\/es\\\/el-gobierno-vasco-abre-la-convocatoria-del-programa-lehen-aukera\\\/#primaryimage\"},\"thumbnailUrl\":\"https:\\\/\\\/iraurgiberritzen.eus\\\/wp-content\\\/uploads\\\/2023\\\/09\\\/9653b574708b7a6469e28ee67a57dc73.jpg\",\"articleSection\":[\"Noticias\"],\"inLanguage\":\"es\"},{\"@type\":\"WebPage\",\"@id\":\"https:\\\/\\\/iraurgiberritzen.eus\\\/es\\\/el-gobierno-vasco-abre-la-convocatoria-del-programa-lehen-aukera\\\/\",\"url\":\"https:\\\/\\\/iraurgiberritzen.eus\\\/es\\\/el-gobierno-vasco-abre-la-convocatoria-del-programa-lehen-aukera\\\/\",\"name\":\"El Gobierno vasco abre la convocatoria del programa 'Lehen Aukera' - Iraurgi Berritzen\",\"isPartOf\":{\"@id\":\"https:\\\/\\\/iraurgiberritzen.eus\\\/es\\\/#website\"},\"primaryImageOfPage\":{\"@id\":\"https:\\\/\\\/iraurgiberritzen.eus\\\/es\\\/el-gobierno-vasco-abre-la-convocatoria-del-programa-lehen-aukera\\\/#primaryimage\"},\"image\":{\"@id\":\"https:\\\/\\\/iraurgiberritzen.eus\\\/es\\\/el-gobierno-vasco-abre-la-convocatoria-del-programa-lehen-aukera\\\/#primaryimage\"},\"thumbnailUrl\":\"https:\\\/\\\/iraurgiberritzen.eus\\\/wp-content\\\/uploads\\\/2023\\\/09\\\/9653b574708b7a6469e28ee67a57dc73.jpg\",\"datePublished\":\"2014-09-22T07:26:27+00:00\",\"breadcrumb\":{\"@id\":\"https:\\\/\\\/iraurgiberritzen.eus\\\/es\\\/el-gobierno-vasco-abre-la-convocatoria-del-programa-lehen-aukera\\\/#breadcrumb\"},\"inLanguage\":\"es\",\"potentialAction\":[{\"@type\":\"ReadAction\",\"target\":[\"https:\\\/\\\/iraurgiberritzen.eus\\\/es\\\/el-gobierno-vasco-abre-la-convocatoria-del-programa-lehen-aukera\\\/\"]}]},{\"@type\":\"ImageObject\",\"inLanguage\":\"es\",\"@id\":\"https:\\\/\\\/iraurgiberritzen.eus\\\/es\\\/el-gobierno-vasco-abre-la-convocatoria-del-programa-lehen-aukera\\\/#primaryimage\",\"url\":\"https:\\\/\\\/iraurgiberritzen.eus\\\/wp-content\\\/uploads\\\/2023\\\/09\\\/9653b574708b7a6469e28ee67a57dc73.jpg\",\"contentUrl\":\"https:\\\/\\\/iraurgiberritzen.eus\\\/wp-content\\\/uploads\\\/2023\\\/09\\\/9653b574708b7a6469e28ee67a57dc73.jpg\",\"width\":600,\"height\":391},{\"@type\":\"BreadcrumbList\",\"@id\":\"https:\\\/\\\/iraurgiberritzen.eus\\\/es\\\/el-gobierno-vasco-abre-la-convocatoria-del-programa-lehen-aukera\\\/#breadcrumb\",\"itemListElement\":[{\"@type\":\"ListItem\",\"position\":1,\"name\":\"Home\",\"item\":\"https:\\\/\\\/iraurgiberritzen.eus\\\/es\\\/\"},{\"@type\":\"ListItem\",\"position\":2,\"name\":\"El Gobierno vasco abre la convocatoria del programa &#8216;Lehen Aukera&#8217;\"}]},{\"@type\":\"WebSite\",\"@id\":\"https:\\\/\\\/iraurgiberritzen.eus\\\/es\\\/#website\",\"url\":\"https:\\\/\\\/iraurgiberritzen.eus\\\/es\\\/\",\"name\":\"Iraurgi Berritzen\",\"description\":\"Urola Erdiko Garapen Agentzia\",\"publisher\":{\"@id\":\"https:\\\/\\\/iraurgiberritzen.eus\\\/es\\\/#organization\"},\"potentialAction\":[{\"@type\":\"SearchAction\",\"target\":{\"@type\":\"EntryPoint\",\"urlTemplate\":\"https:\\\/\\\/iraurgiberritzen.eus\\\/es\\\/?s={search_term_string}\"},\"query-input\":{\"@type\":\"PropertyValueSpecification\",\"valueRequired\":true,\"valueName\":\"search_term_string\"}}],\"inLanguage\":\"es\"},{\"@type\":\"Organization\",\"@id\":\"https:\\\/\\\/iraurgiberritzen.eus\\\/es\\\/#organization\",\"name\":\"Iraurgi Berritzen\",\"url\":\"https:\\\/\\\/iraurgiberritzen.eus\\\/es\\\/\",\"logo\":{\"@type\":\"ImageObject\",\"inLanguage\":\"es\",\"@id\":\"https:\\\/\\\/iraurgiberritzen.eus\\\/es\\\/#\\\/schema\\\/logo\\\/image\\\/\",\"url\":\"https:\\\/\\\/iraurgiberritzen.eus\\\/wp-content\\\/uploads\\\/2024\\\/02\\\/IRAURGI-BERRITZEN-logotipoa_2.png\",\"contentUrl\":\"https:\\\/\\\/iraurgiberritzen.eus\\\/wp-content\\\/uploads\\\/2024\\\/02\\\/IRAURGI-BERRITZEN-logotipoa_2.png\",\"width\":496,\"height\":190,\"caption\":\"Iraurgi Berritzen\"},\"image\":{\"@id\":\"https:\\\/\\\/iraurgiberritzen.eus\\\/es\\\/#\\\/schema\\\/logo\\\/image\\\/\"}},{\"@type\":\"Person\",\"@id\":\"https:\\\/\\\/iraurgiberritzen.eus\\\/es\\\/#\\\/schema\\\/person\\\/5ab41aaf388a9097177601ebf45738d2\",\"name\":\"kudeatzailea\",\"sameAs\":[\"https:\\\/\\\/iraurgiberritzen.eus\"]}]}<\/script>\n<!-- \/ Yoast SEO plugin. -->","yoast_head_json":{"title":"El Gobierno vasco abre la convocatoria del programa 'Lehen Aukera' - Iraurgi Berritzen","robots":{"index":"index","follow":"follow","max-snippet":"max-snippet:-1","max-image-preview":"max-image-preview:large","max-video-preview":"max-video-preview:-1"},"canonical":"https:\/\/iraurgiberritzen.eus\/es\/el-gobierno-vasco-abre-la-convocatoria-del-programa-lehen-aukera\/","og_locale":"es_ES","og_type":"article","og_title":"El Gobierno vasco abre la convocatoria del programa 'Lehen Aukera' - Iraurgi Berritzen","og_description":"Os informamos desde Iraurgi Berritzen que ya est\u00e1 abierta la convocatoria \u00abLehen Aukera\u00bb, de est\u00edmulo a la contrataci\u00f3n en pr\u00e1cticas de personas j\u00f3venes desempleadas, menores de 30 a\u00f1os que hayan finalizado recientemente sus estudios universitarios o de Formaci\u00f3n Profesional y est\u00e9n registrados en Lanbide como demandantes de empleo. Esta iniciativa se enmarca en el Plan [&hellip;]","og_url":"https:\/\/iraurgiberritzen.eus\/es\/el-gobierno-vasco-abre-la-convocatoria-del-programa-lehen-aukera\/","og_site_name":"Iraurgi Berritzen","article_published_time":"2014-09-22T07:26:27+00:00","author":"kudeatzailea","twitter_card":"summary_large_image","twitter_misc":{"Escrito por":"kudeatzailea","Tiempo de lectura":"1 minuto"},"schema":{"@context":"https:\/\/schema.org","@graph":[{"@type":"Article","@id":"https:\/\/iraurgiberritzen.eus\/es\/el-gobierno-vasco-abre-la-convocatoria-del-programa-lehen-aukera\/#article","isPartOf":{"@id":"https:\/\/iraurgiberritzen.eus\/es\/el-gobierno-vasco-abre-la-convocatoria-del-programa-lehen-aukera\/"},"author":{"name":"kudeatzailea","@id":"https:\/\/iraurgiberritzen.eus\/es\/#\/schema\/person\/5ab41aaf388a9097177601ebf45738d2"},"headline":"El Gobierno vasco abre la convocatoria del programa &#8216;Lehen Aukera&#8217;","datePublished":"2014-09-22T07:26:27+00:00","mainEntityOfPage":{"@id":"https:\/\/iraurgiberritzen.eus\/es\/el-gobierno-vasco-abre-la-convocatoria-del-programa-lehen-aukera\/"},"wordCount":291,"publisher":{"@id":"https:\/\/iraurgiberritzen.eus\/es\/#organization"},"image":{"@id":"https:\/\/iraurgiberritzen.eus\/es\/el-gobierno-vasco-abre-la-convocatoria-del-programa-lehen-aukera\/#primaryimage"},"thumbnailUrl":"https:\/\/iraurgiberritzen.eus\/wp-content\/uploads\/2023\/09\/9653b574708b7a6469e28ee67a57dc73.jpg","articleSection":["Noticias"],"inLanguage":"es"},{"@type":"WebPage","@id":"https:\/\/iraurgiberritzen.eus\/es\/el-gobierno-vasco-abre-la-convocatoria-del-programa-lehen-aukera\/","url":"https:\/\/iraurgiberritzen.eus\/es\/el-gobierno-vasco-abre-la-convocatoria-del-programa-lehen-aukera\/","name":"El Gobierno vasco abre la convocatoria del programa 'Lehen Aukera' - Iraurgi Berritzen","isPartOf":{"@id":"https:\/\/iraurgiberritzen.eus\/es\/#website"},"primaryImageOfPage":{"@id":"https:\/\/iraurgiberritzen.eus\/es\/el-gobierno-vasco-abre-la-convocatoria-del-programa-lehen-aukera\/#primaryimage"},"image":{"@id":"https:\/\/iraurgiberritzen.eus\/es\/el-gobierno-vasco-abre-la-convocatoria-del-programa-lehen-aukera\/#primaryimage"},"thumbnailUrl":"https:\/\/iraurgiberritzen.eus\/wp-content\/uploads\/2023\/09\/9653b574708b7a6469e28ee67a57dc73.jpg","datePublished":"2014-09-22T07:26:27+00:00","breadcrumb":{"@id":"https:\/\/iraurgiberritzen.eus\/es\/el-gobierno-vasco-abre-la-convocatoria-del-programa-lehen-aukera\/#breadcrumb"},"inLanguage":"es","potentialAction":[{"@type":"ReadAction","target":["https:\/\/iraurgiberritzen.eus\/es\/el-gobierno-vasco-abre-la-convocatoria-del-programa-lehen-aukera\/"]}]},{"@type":"ImageObject","inLanguage":"es","@id":"https:\/\/iraurgiberritzen.eus\/es\/el-gobierno-vasco-abre-la-convocatoria-del-programa-lehen-aukera\/#primaryimage","url":"https:\/\/iraurgiberritzen.eus\/wp-content\/uploads\/2023\/09\/9653b574708b7a6469e28ee67a57dc73.jpg","contentUrl":"https:\/\/iraurgiberritzen.eus\/wp-content\/uploads\/2023\/09\/9653b574708b7a6469e28ee67a57dc73.jpg","width":600,"height":391},{"@type":"BreadcrumbList","@id":"https:\/\/iraurgiberritzen.eus\/es\/el-gobierno-vasco-abre-la-convocatoria-del-programa-lehen-aukera\/#breadcrumb","itemListElement":[{"@type":"ListItem","position":1,"name":"Home","item":"https:\/\/iraurgiberritzen.eus\/es\/"},{"@type":"ListItem","position":2,"name":"El Gobierno vasco abre la convocatoria del programa &#8216;Lehen Aukera&#8217;"}]},{"@type":"WebSite","@id":"https:\/\/iraurgiberritzen.eus\/es\/#website","url":"https:\/\/iraurgiberritzen.eus\/es\/","name":"Iraurgi Berritzen","description":"Urola Erdiko Garapen Agentzia","publisher":{"@id":"https:\/\/iraurgiberritzen.eus\/es\/#organization"},"potentialAction":[{"@type":"SearchAction","target":{"@type":"EntryPoint","urlTemplate":"https:\/\/iraurgiberritzen.eus\/es\/?s={search_term_string}"},"query-input":{"@type":"PropertyValueSpecification","valueRequired":true,"valueName":"search_term_string"}}],"inLanguage":"es"},{"@type":"Organization","@id":"https:\/\/iraurgiberritzen.eus\/es\/#organization","name":"Iraurgi Berritzen","url":"https:\/\/iraurgiberritzen.eus\/es\/","logo":{"@type":"ImageObject","inLanguage":"es","@id":"https:\/\/iraurgiberritzen.eus\/es\/#\/schema\/logo\/image\/","url":"https:\/\/iraurgiberritzen.eus\/wp-content\/uploads\/2024\/02\/IRAURGI-BERRITZEN-logotipoa_2.png","contentUrl":"https:\/\/iraurgiberritzen.eus\/wp-content\/uploads\/2024\/02\/IRAURGI-BERRITZEN-logotipoa_2.png","width":496,"height":190,"caption":"Iraurgi Berritzen"},"image":{"@id":"https:\/\/iraurgiberritzen.eus\/es\/#\/schema\/logo\/image\/"}},{"@type":"Person","@id":"https:\/\/iraurgiberritzen.eus\/es\/#\/schema\/person\/5ab41aaf388a9097177601ebf45738d2","name":"kudeatzailea","sameAs":["https:\/\/iraurgiberritzen.eus"]}]}},"_links":{"self":[{"href":"https:\/\/iraurgiberritzen.eus\/es\/wp-json\/wp\/v2\/posts\/11706","targetHints":{"allow":["GET"]}}],"collection":[{"href":"https:\/\/iraurgiberritzen.eus\/es\/wp-json\/wp\/v2\/posts"}],"about":[{"href":"https:\/\/iraurgiberritzen.eus\/es\/wp-json\/wp\/v2\/types\/post"}],"author":[{"embeddable":true,"href":"https:\/\/iraurgiberritzen.eus\/es\/wp-json\/wp\/v2\/users\/1"}],"replies":[{"embeddable":true,"href":"https:\/\/iraurgiberritzen.eus\/es\/wp-json\/wp\/v2\/comments?post=11706"}],"version-history":[{"count":0,"href":"https:\/\/iraurgiberritzen.eus\/es\/wp-json\/wp\/v2\/posts\/11706\/revisions"}],"wp:featuredmedia":[{"embeddable":true,"href":"https:\/\/iraurgiberritzen.eus\/es\/wp-json\/wp\/v2\/media\/18082"}],"wp:attachment":[{"href":"https:\/\/iraurgiberritzen.eus\/es\/wp-json\/wp\/v2\/media?parent=11706"}],"wp:term":[{"taxonomy":"category","embeddable":true,"href":"https:\/\/iraurgiberritzen.eus\/es\/wp-json\/wp\/v2\/categories?post=11706"},{"taxonomy":"post_tag","embeddable":true,"href":"https:\/\/iraurgiberritzen.eus\/es\/wp-json\/wp\/v2\/tags?post=11706"}],"curies":[{"name":"wp","href":"https:\/\/api.w.org\/{rel}","templated":true}]}}