{"id":11712,"date":"2014-09-26T06:23:00","date_gmt":"2014-09-26T04:23:00","guid":{"rendered":"https:\/\/iraurgiberritzen.eus\/iraurgi-berritzen-organiza-una-jornada-bajo-el-lema-el-mercado-frances\/"},"modified":"2014-09-26T06:23:00","modified_gmt":"2014-09-26T04:23:00","slug":"iraurgi-berritzen-organiza-una-jornada-bajo-el-lema-el-mercado-frances","status":"publish","type":"post","link":"https:\/\/iraurgiberritzen.eus\/es\/iraurgi-berritzen-organiza-una-jornada-bajo-el-lema-el-mercado-frances\/","title":{"rendered":"Iraurgi Berritzen organiza una jornada bajo el lema \u00abEl Mercado Franc\u00e9s\u00bb"},"content":{"rendered":"<p style=\"text-align: justify;\">Iraurgi Berritzen, gracias al convenio firmado con la C\u00e1mara de Comercio de Gipuzkoa, ha organizado una jornada, el pr\u00f3ximo d\u00eda 9 de Octubre, bajo el t\u00edtulo <strong>\u00abEl Mercado Franc\u00e9s\u00bb<\/strong>.<\/p>\n<p style=\"text-align: justify;\">El objetivo de esta jornada, es facilitar a las empresas, informaci\u00f3n sobre las oportunidades, caracter\u00edsticas que tiene el <strong>Mercado Franc\u00e9s<\/strong> y al mismo tiempo, conocer la figura del \u00abAgente comercial\u00bb, tan utilizada en las empresas pero que tiene sus peculiaridades.<\/p>\n<p style=\"text-align: justify;\">Dada la actual coyuntura en la que tantas empresas est\u00e1n viendo la necesidad de ampliar su zona geogr\u00e1fica de actuaci\u00f3n y en vista de la proximidad de Francia con su potencial mercado, muchas empresas ven en este pa\u00eds una oportunidad para el desarrollo de su actividad<\/p>\n<p style=\"text-align: justify;\">Os informamos desde Iraurgi Berritzen de que esta ser\u00e1 una primera jornada pa\u00eds, que continuar\u00e1 con otras sucesivas a lo largo del Oto\u00f1o.<\/p>\n<p style=\"text-align: justify;\"><strong>Es una ocasi\u00f3n excepcional para comenzar el camino de la Internacionalizaci\u00f3n o para intensificar en aquellas que ya est\u00e1n Internacionalizadas.<\/strong><\/p>\n<p style=\"text-align: justify;\">En caso de estar interesado en inscribirse se puede hacer uso de la siguiente <a href=\"images\/iraurgiberritzen\/berriak\/FRANCIA_JORNADA_PAIS.doc\" target=\"_blank\" rel=\"noopener\">ficha<\/a> y mandarla rellenada a la siguiente direcci\u00f3n: <a href=\"mailto:info@iraurgiberritzen.net\" target=\"_blank\" rel=\"noopener\">info@iraurgiberritzen.net<\/a>.<\/p>\n<p style=\"text-align: justify;\">Para m\u00e1s informaci\u00f3n, pod\u00e9is contactar con Iraurgi Berritzen (Alazne Larra\u00f1aga) en el siguiente n\u00ba de tel\u00e9fono 943 85 11 00.<\/p>\n","protected":false},"excerpt":{"rendered":"<p>Iraurgi Berritzen, gracias al convenio firmado con la C\u00e1mara de Comercio de Gipuzkoa, ha organizado una jornada, el pr\u00f3ximo d\u00eda 9 de Octubre, bajo el t\u00edtulo \u00abEl Mercado Franc\u00e9s\u00bb. El objetivo de esta jornada, es facilitar a las empresas, informaci\u00f3n sobre las oportunidades, caracter\u00edsticas que tiene el Mercado Franc\u00e9s y al mismo tiempo, conocer la [&hellip;]<\/p>\n","protected":false},"author":1,"featured_media":18071,"comment_status":"","ping_status":"closed","sticky":false,"template":"","format":"standard","meta":{"_acf_changed":false,"footnotes":""},"categories":[4],"tags":[],"class_list":["post-11712","post","type-post","status-publish","format-standard","has-post-thumbnail","hentry","category-noticias"],"acf":[],"yoast_head":"<!-- This site is optimized with the Yoast SEO plugin v27.4 - https:\/\/yoast.com\/product\/yoast-seo-wordpress\/ -->\n<title>Iraurgi Berritzen organiza una jornada bajo el lema &quot;El Mercado Franc\u00e9s&quot; - Iraurgi Berritzen<\/title>\n<meta name=\"robots\" content=\"index, follow, max-snippet:-1, max-image-preview:large, max-video-preview:-1\" \/>\n<link rel=\"canonical\" href=\"https:\/\/iraurgiberritzen.eus\/es\/iraurgi-berritzen-organiza-una-jornada-bajo-el-lema-el-mercado-frances\/\" \/>\n<meta property=\"og:locale\" content=\"es_ES\" \/>\n<meta property=\"og:type\" content=\"article\" \/>\n<meta property=\"og:title\" content=\"Iraurgi Berritzen organiza una jornada bajo el lema &quot;El Mercado Franc\u00e9s&quot; - Iraurgi Berritzen\" \/>\n<meta property=\"og:description\" content=\"Iraurgi Berritzen, gracias al convenio firmado con la C\u00e1mara de Comercio de Gipuzkoa, ha organizado una jornada, el pr\u00f3ximo d\u00eda 9 de Octubre, bajo el t\u00edtulo \u00abEl Mercado Franc\u00e9s\u00bb. El objetivo de esta jornada, es facilitar a las empresas, informaci\u00f3n sobre las oportunidades, caracter\u00edsticas que tiene el Mercado Franc\u00e9s y al mismo tiempo, conocer la [&hellip;]\" \/>\n<meta property=\"og:url\" content=\"https:\/\/iraurgiberritzen.eus\/es\/iraurgi-berritzen-organiza-una-jornada-bajo-el-lema-el-mercado-frances\/\" \/>\n<meta property=\"og:site_name\" content=\"Iraurgi Berritzen\" \/>\n<meta property=\"article:published_time\" content=\"2014-09-26T04:23:00+00:00\" \/>\n<meta name=\"author\" content=\"kudeatzailea\" \/>\n<meta name=\"twitter:card\" content=\"summary_large_image\" \/>\n<meta name=\"twitter:label1\" content=\"Escrito por\" \/>\n\t<meta name=\"twitter:data1\" content=\"kudeatzailea\" \/>\n\t<meta name=\"twitter:label2\" content=\"Tiempo de lectura\" \/>\n\t<meta name=\"twitter:data2\" content=\"1 minuto\" \/>\n<script type=\"application\/ld+json\" class=\"yoast-schema-graph\">{\"@context\":\"https:\\\/\\\/schema.org\",\"@graph\":[{\"@type\":\"Article\",\"@id\":\"https:\\\/\\\/iraurgiberritzen.eus\\\/es\\\/iraurgi-berritzen-organiza-una-jornada-bajo-el-lema-el-mercado-frances\\\/#article\",\"isPartOf\":{\"@id\":\"https:\\\/\\\/iraurgiberritzen.eus\\\/es\\\/iraurgi-berritzen-organiza-una-jornada-bajo-el-lema-el-mercado-frances\\\/\"},\"author\":{\"name\":\"kudeatzailea\",\"@id\":\"https:\\\/\\\/iraurgiberritzen.eus\\\/es\\\/#\\\/schema\\\/person\\\/5ab41aaf388a9097177601ebf45738d2\"},\"headline\":\"Iraurgi Berritzen organiza una jornada bajo el lema \u00abEl Mercado Franc\u00e9s\u00bb\",\"datePublished\":\"2014-09-26T04:23:00+00:00\",\"mainEntityOfPage\":{\"@id\":\"https:\\\/\\\/iraurgiberritzen.eus\\\/es\\\/iraurgi-berritzen-organiza-una-jornada-bajo-el-lema-el-mercado-frances\\\/\"},\"wordCount\":233,\"publisher\":{\"@id\":\"https:\\\/\\\/iraurgiberritzen.eus\\\/es\\\/#organization\"},\"image\":{\"@id\":\"https:\\\/\\\/iraurgiberritzen.eus\\\/es\\\/iraurgi-berritzen-organiza-una-jornada-bajo-el-lema-el-mercado-frances\\\/#primaryimage\"},\"thumbnailUrl\":\"https:\\\/\\\/iraurgiberritzen.eus\\\/wp-content\\\/uploads\\\/2023\\\/09\\\/77e3798bb9782084333898c5f75d9aab.jpg\",\"articleSection\":[\"Noticias\"],\"inLanguage\":\"es\"},{\"@type\":\"WebPage\",\"@id\":\"https:\\\/\\\/iraurgiberritzen.eus\\\/es\\\/iraurgi-berritzen-organiza-una-jornada-bajo-el-lema-el-mercado-frances\\\/\",\"url\":\"https:\\\/\\\/iraurgiberritzen.eus\\\/es\\\/iraurgi-berritzen-organiza-una-jornada-bajo-el-lema-el-mercado-frances\\\/\",\"name\":\"Iraurgi Berritzen organiza una jornada bajo el lema \\\"El Mercado Franc\u00e9s\\\" - Iraurgi Berritzen\",\"isPartOf\":{\"@id\":\"https:\\\/\\\/iraurgiberritzen.eus\\\/es\\\/#website\"},\"primaryImageOfPage\":{\"@id\":\"https:\\\/\\\/iraurgiberritzen.eus\\\/es\\\/iraurgi-berritzen-organiza-una-jornada-bajo-el-lema-el-mercado-frances\\\/#primaryimage\"},\"image\":{\"@id\":\"https:\\\/\\\/iraurgiberritzen.eus\\\/es\\\/iraurgi-berritzen-organiza-una-jornada-bajo-el-lema-el-mercado-frances\\\/#primaryimage\"},\"thumbnailUrl\":\"https:\\\/\\\/iraurgiberritzen.eus\\\/wp-content\\\/uploads\\\/2023\\\/09\\\/77e3798bb9782084333898c5f75d9aab.jpg\",\"datePublished\":\"2014-09-26T04:23:00+00:00\",\"breadcrumb\":{\"@id\":\"https:\\\/\\\/iraurgiberritzen.eus\\\/es\\\/iraurgi-berritzen-organiza-una-jornada-bajo-el-lema-el-mercado-frances\\\/#breadcrumb\"},\"inLanguage\":\"es\",\"potentialAction\":[{\"@type\":\"ReadAction\",\"target\":[\"https:\\\/\\\/iraurgiberritzen.eus\\\/es\\\/iraurgi-berritzen-organiza-una-jornada-bajo-el-lema-el-mercado-frances\\\/\"]}]},{\"@type\":\"ImageObject\",\"inLanguage\":\"es\",\"@id\":\"https:\\\/\\\/iraurgiberritzen.eus\\\/es\\\/iraurgi-berritzen-organiza-una-jornada-bajo-el-lema-el-mercado-frances\\\/#primaryimage\",\"url\":\"https:\\\/\\\/iraurgiberritzen.eus\\\/wp-content\\\/uploads\\\/2023\\\/09\\\/77e3798bb9782084333898c5f75d9aab.jpg\",\"contentUrl\":\"https:\\\/\\\/iraurgiberritzen.eus\\\/wp-content\\\/uploads\\\/2023\\\/09\\\/77e3798bb9782084333898c5f75d9aab.jpg\",\"width\":600,\"height\":391},{\"@type\":\"BreadcrumbList\",\"@id\":\"https:\\\/\\\/iraurgiberritzen.eus\\\/es\\\/iraurgi-berritzen-organiza-una-jornada-bajo-el-lema-el-mercado-frances\\\/#breadcrumb\",\"itemListElement\":[{\"@type\":\"ListItem\",\"position\":1,\"name\":\"Home\",\"item\":\"https:\\\/\\\/iraurgiberritzen.eus\\\/es\\\/\"},{\"@type\":\"ListItem\",\"position\":2,\"name\":\"Iraurgi Berritzen organiza una jornada bajo el lema &#8220;El Mercado Franc\u00e9s&#8221;\"}]},{\"@type\":\"WebSite\",\"@id\":\"https:\\\/\\\/iraurgiberritzen.eus\\\/es\\\/#website\",\"url\":\"https:\\\/\\\/iraurgiberritzen.eus\\\/es\\\/\",\"name\":\"Iraurgi Berritzen\",\"description\":\"Urola Erdiko Garapen Agentzia\",\"publisher\":{\"@id\":\"https:\\\/\\\/iraurgiberritzen.eus\\\/es\\\/#organization\"},\"potentialAction\":[{\"@type\":\"SearchAction\",\"target\":{\"@type\":\"EntryPoint\",\"urlTemplate\":\"https:\\\/\\\/iraurgiberritzen.eus\\\/es\\\/?s={search_term_string}\"},\"query-input\":{\"@type\":\"PropertyValueSpecification\",\"valueRequired\":true,\"valueName\":\"search_term_string\"}}],\"inLanguage\":\"es\"},{\"@type\":\"Organization\",\"@id\":\"https:\\\/\\\/iraurgiberritzen.eus\\\/es\\\/#organization\",\"name\":\"Iraurgi Berritzen\",\"url\":\"https:\\\/\\\/iraurgiberritzen.eus\\\/es\\\/\",\"logo\":{\"@type\":\"ImageObject\",\"inLanguage\":\"es\",\"@id\":\"https:\\\/\\\/iraurgiberritzen.eus\\\/es\\\/#\\\/schema\\\/logo\\\/image\\\/\",\"url\":\"https:\\\/\\\/iraurgiberritzen.eus\\\/wp-content\\\/uploads\\\/2024\\\/02\\\/IRAURGI-BERRITZEN-logotipoa_2.png\",\"contentUrl\":\"https:\\\/\\\/iraurgiberritzen.eus\\\/wp-content\\\/uploads\\\/2024\\\/02\\\/IRAURGI-BERRITZEN-logotipoa_2.png\",\"width\":496,\"height\":190,\"caption\":\"Iraurgi Berritzen\"},\"image\":{\"@id\":\"https:\\\/\\\/iraurgiberritzen.eus\\\/es\\\/#\\\/schema\\\/logo\\\/image\\\/\"}},{\"@type\":\"Person\",\"@id\":\"https:\\\/\\\/iraurgiberritzen.eus\\\/es\\\/#\\\/schema\\\/person\\\/5ab41aaf388a9097177601ebf45738d2\",\"name\":\"kudeatzailea\",\"sameAs\":[\"https:\\\/\\\/iraurgiberritzen.eus\"]}]}<\/script>\n<!-- \/ Yoast SEO plugin. -->","yoast_head_json":{"title":"Iraurgi Berritzen organiza una jornada bajo el lema \"El Mercado Franc\u00e9s\" - Iraurgi Berritzen","robots":{"index":"index","follow":"follow","max-snippet":"max-snippet:-1","max-image-preview":"max-image-preview:large","max-video-preview":"max-video-preview:-1"},"canonical":"https:\/\/iraurgiberritzen.eus\/es\/iraurgi-berritzen-organiza-una-jornada-bajo-el-lema-el-mercado-frances\/","og_locale":"es_ES","og_type":"article","og_title":"Iraurgi Berritzen organiza una jornada bajo el lema \"El Mercado Franc\u00e9s\" - Iraurgi Berritzen","og_description":"Iraurgi Berritzen, gracias al convenio firmado con la C\u00e1mara de Comercio de Gipuzkoa, ha organizado una jornada, el pr\u00f3ximo d\u00eda 9 de Octubre, bajo el t\u00edtulo \u00abEl Mercado Franc\u00e9s\u00bb. El objetivo de esta jornada, es facilitar a las empresas, informaci\u00f3n sobre las oportunidades, caracter\u00edsticas que tiene el Mercado Franc\u00e9s y al mismo tiempo, conocer la [&hellip;]","og_url":"https:\/\/iraurgiberritzen.eus\/es\/iraurgi-berritzen-organiza-una-jornada-bajo-el-lema-el-mercado-frances\/","og_site_name":"Iraurgi Berritzen","article_published_time":"2014-09-26T04:23:00+00:00","author":"kudeatzailea","twitter_card":"summary_large_image","twitter_misc":{"Escrito por":"kudeatzailea","Tiempo de lectura":"1 minuto"},"schema":{"@context":"https:\/\/schema.org","@graph":[{"@type":"Article","@id":"https:\/\/iraurgiberritzen.eus\/es\/iraurgi-berritzen-organiza-una-jornada-bajo-el-lema-el-mercado-frances\/#article","isPartOf":{"@id":"https:\/\/iraurgiberritzen.eus\/es\/iraurgi-berritzen-organiza-una-jornada-bajo-el-lema-el-mercado-frances\/"},"author":{"name":"kudeatzailea","@id":"https:\/\/iraurgiberritzen.eus\/es\/#\/schema\/person\/5ab41aaf388a9097177601ebf45738d2"},"headline":"Iraurgi Berritzen organiza una jornada bajo el lema \u00abEl Mercado Franc\u00e9s\u00bb","datePublished":"2014-09-26T04:23:00+00:00","mainEntityOfPage":{"@id":"https:\/\/iraurgiberritzen.eus\/es\/iraurgi-berritzen-organiza-una-jornada-bajo-el-lema-el-mercado-frances\/"},"wordCount":233,"publisher":{"@id":"https:\/\/iraurgiberritzen.eus\/es\/#organization"},"image":{"@id":"https:\/\/iraurgiberritzen.eus\/es\/iraurgi-berritzen-organiza-una-jornada-bajo-el-lema-el-mercado-frances\/#primaryimage"},"thumbnailUrl":"https:\/\/iraurgiberritzen.eus\/wp-content\/uploads\/2023\/09\/77e3798bb9782084333898c5f75d9aab.jpg","articleSection":["Noticias"],"inLanguage":"es"},{"@type":"WebPage","@id":"https:\/\/iraurgiberritzen.eus\/es\/iraurgi-berritzen-organiza-una-jornada-bajo-el-lema-el-mercado-frances\/","url":"https:\/\/iraurgiberritzen.eus\/es\/iraurgi-berritzen-organiza-una-jornada-bajo-el-lema-el-mercado-frances\/","name":"Iraurgi Berritzen organiza una jornada bajo el lema \"El Mercado Franc\u00e9s\" - Iraurgi Berritzen","isPartOf":{"@id":"https:\/\/iraurgiberritzen.eus\/es\/#website"},"primaryImageOfPage":{"@id":"https:\/\/iraurgiberritzen.eus\/es\/iraurgi-berritzen-organiza-una-jornada-bajo-el-lema-el-mercado-frances\/#primaryimage"},"image":{"@id":"https:\/\/iraurgiberritzen.eus\/es\/iraurgi-berritzen-organiza-una-jornada-bajo-el-lema-el-mercado-frances\/#primaryimage"},"thumbnailUrl":"https:\/\/iraurgiberritzen.eus\/wp-content\/uploads\/2023\/09\/77e3798bb9782084333898c5f75d9aab.jpg","datePublished":"2014-09-26T04:23:00+00:00","breadcrumb":{"@id":"https:\/\/iraurgiberritzen.eus\/es\/iraurgi-berritzen-organiza-una-jornada-bajo-el-lema-el-mercado-frances\/#breadcrumb"},"inLanguage":"es","potentialAction":[{"@type":"ReadAction","target":["https:\/\/iraurgiberritzen.eus\/es\/iraurgi-berritzen-organiza-una-jornada-bajo-el-lema-el-mercado-frances\/"]}]},{"@type":"ImageObject","inLanguage":"es","@id":"https:\/\/iraurgiberritzen.eus\/es\/iraurgi-berritzen-organiza-una-jornada-bajo-el-lema-el-mercado-frances\/#primaryimage","url":"https:\/\/iraurgiberritzen.eus\/wp-content\/uploads\/2023\/09\/77e3798bb9782084333898c5f75d9aab.jpg","contentUrl":"https:\/\/iraurgiberritzen.eus\/wp-content\/uploads\/2023\/09\/77e3798bb9782084333898c5f75d9aab.jpg","width":600,"height":391},{"@type":"BreadcrumbList","@id":"https:\/\/iraurgiberritzen.eus\/es\/iraurgi-berritzen-organiza-una-jornada-bajo-el-lema-el-mercado-frances\/#breadcrumb","itemListElement":[{"@type":"ListItem","position":1,"name":"Home","item":"https:\/\/iraurgiberritzen.eus\/es\/"},{"@type":"ListItem","position":2,"name":"Iraurgi Berritzen organiza una jornada bajo el lema &#8220;El Mercado Franc\u00e9s&#8221;"}]},{"@type":"WebSite","@id":"https:\/\/iraurgiberritzen.eus\/es\/#website","url":"https:\/\/iraurgiberritzen.eus\/es\/","name":"Iraurgi Berritzen","description":"Urola Erdiko Garapen Agentzia","publisher":{"@id":"https:\/\/iraurgiberritzen.eus\/es\/#organization"},"potentialAction":[{"@type":"SearchAction","target":{"@type":"EntryPoint","urlTemplate":"https:\/\/iraurgiberritzen.eus\/es\/?s={search_term_string}"},"query-input":{"@type":"PropertyValueSpecification","valueRequired":true,"valueName":"search_term_string"}}],"inLanguage":"es"},{"@type":"Organization","@id":"https:\/\/iraurgiberritzen.eus\/es\/#organization","name":"Iraurgi Berritzen","url":"https:\/\/iraurgiberritzen.eus\/es\/","logo":{"@type":"ImageObject","inLanguage":"es","@id":"https:\/\/iraurgiberritzen.eus\/es\/#\/schema\/logo\/image\/","url":"https:\/\/iraurgiberritzen.eus\/wp-content\/uploads\/2024\/02\/IRAURGI-BERRITZEN-logotipoa_2.png","contentUrl":"https:\/\/iraurgiberritzen.eus\/wp-content\/uploads\/2024\/02\/IRAURGI-BERRITZEN-logotipoa_2.png","width":496,"height":190,"caption":"Iraurgi Berritzen"},"image":{"@id":"https:\/\/iraurgiberritzen.eus\/es\/#\/schema\/logo\/image\/"}},{"@type":"Person","@id":"https:\/\/iraurgiberritzen.eus\/es\/#\/schema\/person\/5ab41aaf388a9097177601ebf45738d2","name":"kudeatzailea","sameAs":["https:\/\/iraurgiberritzen.eus"]}]}},"_links":{"self":[{"href":"https:\/\/iraurgiberritzen.eus\/es\/wp-json\/wp\/v2\/posts\/11712","targetHints":{"allow":["GET"]}}],"collection":[{"href":"https:\/\/iraurgiberritzen.eus\/es\/wp-json\/wp\/v2\/posts"}],"about":[{"href":"https:\/\/iraurgiberritzen.eus\/es\/wp-json\/wp\/v2\/types\/post"}],"author":[{"embeddable":true,"href":"https:\/\/iraurgiberritzen.eus\/es\/wp-json\/wp\/v2\/users\/1"}],"replies":[{"embeddable":true,"href":"https:\/\/iraurgiberritzen.eus\/es\/wp-json\/wp\/v2\/comments?post=11712"}],"version-history":[{"count":0,"href":"https:\/\/iraurgiberritzen.eus\/es\/wp-json\/wp\/v2\/posts\/11712\/revisions"}],"wp:featuredmedia":[{"embeddable":true,"href":"https:\/\/iraurgiberritzen.eus\/es\/wp-json\/wp\/v2\/media\/18071"}],"wp:attachment":[{"href":"https:\/\/iraurgiberritzen.eus\/es\/wp-json\/wp\/v2\/media?parent=11712"}],"wp:term":[{"taxonomy":"category","embeddable":true,"href":"https:\/\/iraurgiberritzen.eus\/es\/wp-json\/wp\/v2\/categories?post=11712"},{"taxonomy":"post_tag","embeddable":true,"href":"https:\/\/iraurgiberritzen.eus\/es\/wp-json\/wp\/v2\/tags?post=11712"}],"curies":[{"name":"wp","href":"https:\/\/api.w.org\/{rel}","templated":true}]}}