{"id":11715,"date":"2014-11-07T11:10:53","date_gmt":"2014-11-07T09:10:53","guid":{"rendered":"https:\/\/iraurgiberritzen.eus\/iraurgi-berritzen-organiza-una-jornada-de-internacionalizacion-centrada-en-alemania\/"},"modified":"2014-11-07T11:10:53","modified_gmt":"2014-11-07T09:10:53","slug":"iraurgi-berritzen-organiza-una-jornada-de-internacionalizacion-centrada-en-alemania","status":"publish","type":"post","link":"https:\/\/iraurgiberritzen.eus\/es\/iraurgi-berritzen-organiza-una-jornada-de-internacionalizacion-centrada-en-alemania\/","title":{"rendered":"Iraurgi Berritzen organiza una jornada de internacionalizaci\u00f3n centrada en Alemania"},"content":{"rendered":"<p style=\"text-align: justify;\"><span style=\"line-height: 115%; font-family: Arial;\">Iraurgi Berritzen, en colaboraci\u00f3n con la Diputaci\u00f3n Foral de Gipuzkoa y la C\u00e1mara de Gipuzkoa ha organizado una jornada divulgativa relacionada con la internacionalizaci\u00f3n, en esta ocasi\u00f3n centrada en Alemania. Esta jornada se celebrar\u00e1 el 19 de Noviembre.<br \/><\/span><\/p>\n<p style=\"text-align: justify;\"><span style=\"line-height: 115%; font-family: Arial;\">El pa\u00eds germano es la primera econom\u00eda de la Uni\u00f3n Europea, y un mercado altamente innovador y competitivo, en el que priman la excelencia y la calidad. Aunque es reconocido su enorme potencial exportador, Alemania es un gran mercado al que suministran miles de empresas europeas, entre ellas muchas vascas.<\/span><\/p>\n<p style=\"text-align: justify;\"><span style=\"line-height: 115%; font-family: Arial;\">Las exportaciones de Gipuzkoa a Alemania superaron en 2013 los 810 millones de euros, representando el 12,5% del total de las exportaciones guipuzcoanas. De hecho, tras Francia, Alemania es nuestro segundo mercado.<\/span><\/p>\n<p style=\"text-align: justify;\"><span style=\"line-height: 115%; font-family: Arial;\">En esta jornada se presentar\u00e1n oportunidades para las empresas de la comarca en Alemania, y las principales claves que toda empresa con inter\u00e9s en este mercado debe conocer. <\/span><\/p>\n<p style=\"text-align: justify;\"><span style=\"font-family: Arial;\">En caso de estar interesado en inscribirse se puede hacer uso de la siguiente <a href=\"images\/iraurgiberritzen\/berriak\/JORNADA_PAIS_ALEMANIA.doc\" target=\"_blank\" rel=\"noopener\">ficha<\/a> y mandarla rellenada a la siguiente direcci\u00f3n: <\/span><a href=\"mailto:alarranaga@iraurgiberritzen.net\"><span style=\"font-family: Arial;\">alarranaga@iraurgiberritzen.net<\/span><\/a><span style=\"font-family: Arial;\">.<\/span><\/p>\n<p><span style=\"line-height: 115%; font-family: Arial;\">Para m\u00e1s informaci\u00f3n, pod\u00e9is contactar con Iraurgi Berritzen (Alazne Larra\u00f1aga) en el siguiente n\u00ba de tel\u00e9fono 943 85 11 00.<\/span><\/p>\n","protected":false},"excerpt":{"rendered":"<p>Iraurgi Berritzen, en colaboraci\u00f3n con la Diputaci\u00f3n Foral de Gipuzkoa y la C\u00e1mara de Gipuzkoa ha organizado una jornada divulgativa relacionada con la internacionalizaci\u00f3n, en esta ocasi\u00f3n centrada en Alemania. Esta jornada se celebrar\u00e1 el 19 de Noviembre. El pa\u00eds germano es la primera econom\u00eda de la Uni\u00f3n Europea, y un mercado altamente innovador y [&hellip;]<\/p>\n","protected":false},"author":1,"featured_media":18072,"comment_status":"","ping_status":"closed","sticky":false,"template":"","format":"standard","meta":{"_acf_changed":false,"footnotes":""},"categories":[4],"tags":[],"class_list":["post-11715","post","type-post","status-publish","format-standard","has-post-thumbnail","hentry","category-noticias"],"acf":[],"yoast_head":"<!-- This site is optimized with the Yoast SEO plugin v27.4 - https:\/\/yoast.com\/product\/yoast-seo-wordpress\/ -->\n<title>Iraurgi Berritzen organiza una jornada de internacionalizaci\u00f3n centrada en Alemania - Iraurgi Berritzen<\/title>\n<meta name=\"robots\" content=\"index, follow, max-snippet:-1, max-image-preview:large, max-video-preview:-1\" \/>\n<link rel=\"canonical\" href=\"https:\/\/iraurgiberritzen.eus\/es\/iraurgi-berritzen-organiza-una-jornada-de-internacionalizacion-centrada-en-alemania\/\" \/>\n<meta property=\"og:locale\" content=\"es_ES\" \/>\n<meta property=\"og:type\" content=\"article\" \/>\n<meta property=\"og:title\" content=\"Iraurgi Berritzen organiza una jornada de internacionalizaci\u00f3n centrada en Alemania - Iraurgi Berritzen\" \/>\n<meta property=\"og:description\" content=\"Iraurgi Berritzen, en colaboraci\u00f3n con la Diputaci\u00f3n Foral de Gipuzkoa y la C\u00e1mara de Gipuzkoa ha organizado una jornada divulgativa relacionada con la internacionalizaci\u00f3n, en esta ocasi\u00f3n centrada en Alemania. Esta jornada se celebrar\u00e1 el 19 de Noviembre. El pa\u00eds germano es la primera econom\u00eda de la Uni\u00f3n Europea, y un mercado altamente innovador y [&hellip;]\" \/>\n<meta property=\"og:url\" content=\"https:\/\/iraurgiberritzen.eus\/es\/iraurgi-berritzen-organiza-una-jornada-de-internacionalizacion-centrada-en-alemania\/\" \/>\n<meta property=\"og:site_name\" content=\"Iraurgi Berritzen\" \/>\n<meta property=\"article:published_time\" content=\"2014-11-07T09:10:53+00:00\" \/>\n<meta name=\"author\" content=\"kudeatzailea\" \/>\n<meta name=\"twitter:card\" content=\"summary_large_image\" \/>\n<meta name=\"twitter:label1\" content=\"Escrito por\" \/>\n\t<meta name=\"twitter:data1\" content=\"kudeatzailea\" \/>\n\t<meta name=\"twitter:label2\" content=\"Tiempo de lectura\" \/>\n\t<meta name=\"twitter:data2\" content=\"1 minuto\" \/>\n<script type=\"application\/ld+json\" class=\"yoast-schema-graph\">{\"@context\":\"https:\\\/\\\/schema.org\",\"@graph\":[{\"@type\":\"Article\",\"@id\":\"https:\\\/\\\/iraurgiberritzen.eus\\\/es\\\/iraurgi-berritzen-organiza-una-jornada-de-internacionalizacion-centrada-en-alemania\\\/#article\",\"isPartOf\":{\"@id\":\"https:\\\/\\\/iraurgiberritzen.eus\\\/es\\\/iraurgi-berritzen-organiza-una-jornada-de-internacionalizacion-centrada-en-alemania\\\/\"},\"author\":{\"name\":\"kudeatzailea\",\"@id\":\"https:\\\/\\\/iraurgiberritzen.eus\\\/es\\\/#\\\/schema\\\/person\\\/5ab41aaf388a9097177601ebf45738d2\"},\"headline\":\"Iraurgi Berritzen organiza una jornada de internacionalizaci\u00f3n centrada en Alemania\",\"datePublished\":\"2014-11-07T09:10:53+00:00\",\"mainEntityOfPage\":{\"@id\":\"https:\\\/\\\/iraurgiberritzen.eus\\\/es\\\/iraurgi-berritzen-organiza-una-jornada-de-internacionalizacion-centrada-en-alemania\\\/\"},\"wordCount\":212,\"publisher\":{\"@id\":\"https:\\\/\\\/iraurgiberritzen.eus\\\/es\\\/#organization\"},\"image\":{\"@id\":\"https:\\\/\\\/iraurgiberritzen.eus\\\/es\\\/iraurgi-berritzen-organiza-una-jornada-de-internacionalizacion-centrada-en-alemania\\\/#primaryimage\"},\"thumbnailUrl\":\"https:\\\/\\\/iraurgiberritzen.eus\\\/wp-content\\\/uploads\\\/2023\\\/09\\\/ffb67c0cbdf3cc4dd2a13b69ce367cd4.jpg\",\"articleSection\":[\"Noticias\"],\"inLanguage\":\"es\"},{\"@type\":\"WebPage\",\"@id\":\"https:\\\/\\\/iraurgiberritzen.eus\\\/es\\\/iraurgi-berritzen-organiza-una-jornada-de-internacionalizacion-centrada-en-alemania\\\/\",\"url\":\"https:\\\/\\\/iraurgiberritzen.eus\\\/es\\\/iraurgi-berritzen-organiza-una-jornada-de-internacionalizacion-centrada-en-alemania\\\/\",\"name\":\"Iraurgi Berritzen organiza una jornada de internacionalizaci\u00f3n centrada en Alemania - Iraurgi Berritzen\",\"isPartOf\":{\"@id\":\"https:\\\/\\\/iraurgiberritzen.eus\\\/es\\\/#website\"},\"primaryImageOfPage\":{\"@id\":\"https:\\\/\\\/iraurgiberritzen.eus\\\/es\\\/iraurgi-berritzen-organiza-una-jornada-de-internacionalizacion-centrada-en-alemania\\\/#primaryimage\"},\"image\":{\"@id\":\"https:\\\/\\\/iraurgiberritzen.eus\\\/es\\\/iraurgi-berritzen-organiza-una-jornada-de-internacionalizacion-centrada-en-alemania\\\/#primaryimage\"},\"thumbnailUrl\":\"https:\\\/\\\/iraurgiberritzen.eus\\\/wp-content\\\/uploads\\\/2023\\\/09\\\/ffb67c0cbdf3cc4dd2a13b69ce367cd4.jpg\",\"datePublished\":\"2014-11-07T09:10:53+00:00\",\"breadcrumb\":{\"@id\":\"https:\\\/\\\/iraurgiberritzen.eus\\\/es\\\/iraurgi-berritzen-organiza-una-jornada-de-internacionalizacion-centrada-en-alemania\\\/#breadcrumb\"},\"inLanguage\":\"es\",\"potentialAction\":[{\"@type\":\"ReadAction\",\"target\":[\"https:\\\/\\\/iraurgiberritzen.eus\\\/es\\\/iraurgi-berritzen-organiza-una-jornada-de-internacionalizacion-centrada-en-alemania\\\/\"]}]},{\"@type\":\"ImageObject\",\"inLanguage\":\"es\",\"@id\":\"https:\\\/\\\/iraurgiberritzen.eus\\\/es\\\/iraurgi-berritzen-organiza-una-jornada-de-internacionalizacion-centrada-en-alemania\\\/#primaryimage\",\"url\":\"https:\\\/\\\/iraurgiberritzen.eus\\\/wp-content\\\/uploads\\\/2023\\\/09\\\/ffb67c0cbdf3cc4dd2a13b69ce367cd4.jpg\",\"contentUrl\":\"https:\\\/\\\/iraurgiberritzen.eus\\\/wp-content\\\/uploads\\\/2023\\\/09\\\/ffb67c0cbdf3cc4dd2a13b69ce367cd4.jpg\",\"width\":600,\"height\":369},{\"@type\":\"BreadcrumbList\",\"@id\":\"https:\\\/\\\/iraurgiberritzen.eus\\\/es\\\/iraurgi-berritzen-organiza-una-jornada-de-internacionalizacion-centrada-en-alemania\\\/#breadcrumb\",\"itemListElement\":[{\"@type\":\"ListItem\",\"position\":1,\"name\":\"Home\",\"item\":\"https:\\\/\\\/iraurgiberritzen.eus\\\/es\\\/\"},{\"@type\":\"ListItem\",\"position\":2,\"name\":\"Iraurgi Berritzen organiza una jornada de internacionalizaci\u00f3n centrada en Alemania\"}]},{\"@type\":\"WebSite\",\"@id\":\"https:\\\/\\\/iraurgiberritzen.eus\\\/es\\\/#website\",\"url\":\"https:\\\/\\\/iraurgiberritzen.eus\\\/es\\\/\",\"name\":\"Iraurgi Berritzen\",\"description\":\"Urola Erdiko Garapen Agentzia\",\"publisher\":{\"@id\":\"https:\\\/\\\/iraurgiberritzen.eus\\\/es\\\/#organization\"},\"potentialAction\":[{\"@type\":\"SearchAction\",\"target\":{\"@type\":\"EntryPoint\",\"urlTemplate\":\"https:\\\/\\\/iraurgiberritzen.eus\\\/es\\\/?s={search_term_string}\"},\"query-input\":{\"@type\":\"PropertyValueSpecification\",\"valueRequired\":true,\"valueName\":\"search_term_string\"}}],\"inLanguage\":\"es\"},{\"@type\":\"Organization\",\"@id\":\"https:\\\/\\\/iraurgiberritzen.eus\\\/es\\\/#organization\",\"name\":\"Iraurgi Berritzen\",\"url\":\"https:\\\/\\\/iraurgiberritzen.eus\\\/es\\\/\",\"logo\":{\"@type\":\"ImageObject\",\"inLanguage\":\"es\",\"@id\":\"https:\\\/\\\/iraurgiberritzen.eus\\\/es\\\/#\\\/schema\\\/logo\\\/image\\\/\",\"url\":\"https:\\\/\\\/iraurgiberritzen.eus\\\/wp-content\\\/uploads\\\/2024\\\/02\\\/IRAURGI-BERRITZEN-logotipoa_2.png\",\"contentUrl\":\"https:\\\/\\\/iraurgiberritzen.eus\\\/wp-content\\\/uploads\\\/2024\\\/02\\\/IRAURGI-BERRITZEN-logotipoa_2.png\",\"width\":496,\"height\":190,\"caption\":\"Iraurgi Berritzen\"},\"image\":{\"@id\":\"https:\\\/\\\/iraurgiberritzen.eus\\\/es\\\/#\\\/schema\\\/logo\\\/image\\\/\"}},{\"@type\":\"Person\",\"@id\":\"https:\\\/\\\/iraurgiberritzen.eus\\\/es\\\/#\\\/schema\\\/person\\\/5ab41aaf388a9097177601ebf45738d2\",\"name\":\"kudeatzailea\",\"sameAs\":[\"https:\\\/\\\/iraurgiberritzen.eus\"]}]}<\/script>\n<!-- \/ Yoast SEO plugin. -->","yoast_head_json":{"title":"Iraurgi Berritzen organiza una jornada de internacionalizaci\u00f3n centrada en Alemania - Iraurgi Berritzen","robots":{"index":"index","follow":"follow","max-snippet":"max-snippet:-1","max-image-preview":"max-image-preview:large","max-video-preview":"max-video-preview:-1"},"canonical":"https:\/\/iraurgiberritzen.eus\/es\/iraurgi-berritzen-organiza-una-jornada-de-internacionalizacion-centrada-en-alemania\/","og_locale":"es_ES","og_type":"article","og_title":"Iraurgi Berritzen organiza una jornada de internacionalizaci\u00f3n centrada en Alemania - Iraurgi Berritzen","og_description":"Iraurgi Berritzen, en colaboraci\u00f3n con la Diputaci\u00f3n Foral de Gipuzkoa y la C\u00e1mara de Gipuzkoa ha organizado una jornada divulgativa relacionada con la internacionalizaci\u00f3n, en esta ocasi\u00f3n centrada en Alemania. Esta jornada se celebrar\u00e1 el 19 de Noviembre. El pa\u00eds germano es la primera econom\u00eda de la Uni\u00f3n Europea, y un mercado altamente innovador y [&hellip;]","og_url":"https:\/\/iraurgiberritzen.eus\/es\/iraurgi-berritzen-organiza-una-jornada-de-internacionalizacion-centrada-en-alemania\/","og_site_name":"Iraurgi Berritzen","article_published_time":"2014-11-07T09:10:53+00:00","author":"kudeatzailea","twitter_card":"summary_large_image","twitter_misc":{"Escrito por":"kudeatzailea","Tiempo de lectura":"1 minuto"},"schema":{"@context":"https:\/\/schema.org","@graph":[{"@type":"Article","@id":"https:\/\/iraurgiberritzen.eus\/es\/iraurgi-berritzen-organiza-una-jornada-de-internacionalizacion-centrada-en-alemania\/#article","isPartOf":{"@id":"https:\/\/iraurgiberritzen.eus\/es\/iraurgi-berritzen-organiza-una-jornada-de-internacionalizacion-centrada-en-alemania\/"},"author":{"name":"kudeatzailea","@id":"https:\/\/iraurgiberritzen.eus\/es\/#\/schema\/person\/5ab41aaf388a9097177601ebf45738d2"},"headline":"Iraurgi Berritzen organiza una jornada de internacionalizaci\u00f3n centrada en Alemania","datePublished":"2014-11-07T09:10:53+00:00","mainEntityOfPage":{"@id":"https:\/\/iraurgiberritzen.eus\/es\/iraurgi-berritzen-organiza-una-jornada-de-internacionalizacion-centrada-en-alemania\/"},"wordCount":212,"publisher":{"@id":"https:\/\/iraurgiberritzen.eus\/es\/#organization"},"image":{"@id":"https:\/\/iraurgiberritzen.eus\/es\/iraurgi-berritzen-organiza-una-jornada-de-internacionalizacion-centrada-en-alemania\/#primaryimage"},"thumbnailUrl":"https:\/\/iraurgiberritzen.eus\/wp-content\/uploads\/2023\/09\/ffb67c0cbdf3cc4dd2a13b69ce367cd4.jpg","articleSection":["Noticias"],"inLanguage":"es"},{"@type":"WebPage","@id":"https:\/\/iraurgiberritzen.eus\/es\/iraurgi-berritzen-organiza-una-jornada-de-internacionalizacion-centrada-en-alemania\/","url":"https:\/\/iraurgiberritzen.eus\/es\/iraurgi-berritzen-organiza-una-jornada-de-internacionalizacion-centrada-en-alemania\/","name":"Iraurgi Berritzen organiza una jornada de internacionalizaci\u00f3n centrada en Alemania - Iraurgi Berritzen","isPartOf":{"@id":"https:\/\/iraurgiberritzen.eus\/es\/#website"},"primaryImageOfPage":{"@id":"https:\/\/iraurgiberritzen.eus\/es\/iraurgi-berritzen-organiza-una-jornada-de-internacionalizacion-centrada-en-alemania\/#primaryimage"},"image":{"@id":"https:\/\/iraurgiberritzen.eus\/es\/iraurgi-berritzen-organiza-una-jornada-de-internacionalizacion-centrada-en-alemania\/#primaryimage"},"thumbnailUrl":"https:\/\/iraurgiberritzen.eus\/wp-content\/uploads\/2023\/09\/ffb67c0cbdf3cc4dd2a13b69ce367cd4.jpg","datePublished":"2014-11-07T09:10:53+00:00","breadcrumb":{"@id":"https:\/\/iraurgiberritzen.eus\/es\/iraurgi-berritzen-organiza-una-jornada-de-internacionalizacion-centrada-en-alemania\/#breadcrumb"},"inLanguage":"es","potentialAction":[{"@type":"ReadAction","target":["https:\/\/iraurgiberritzen.eus\/es\/iraurgi-berritzen-organiza-una-jornada-de-internacionalizacion-centrada-en-alemania\/"]}]},{"@type":"ImageObject","inLanguage":"es","@id":"https:\/\/iraurgiberritzen.eus\/es\/iraurgi-berritzen-organiza-una-jornada-de-internacionalizacion-centrada-en-alemania\/#primaryimage","url":"https:\/\/iraurgiberritzen.eus\/wp-content\/uploads\/2023\/09\/ffb67c0cbdf3cc4dd2a13b69ce367cd4.jpg","contentUrl":"https:\/\/iraurgiberritzen.eus\/wp-content\/uploads\/2023\/09\/ffb67c0cbdf3cc4dd2a13b69ce367cd4.jpg","width":600,"height":369},{"@type":"BreadcrumbList","@id":"https:\/\/iraurgiberritzen.eus\/es\/iraurgi-berritzen-organiza-una-jornada-de-internacionalizacion-centrada-en-alemania\/#breadcrumb","itemListElement":[{"@type":"ListItem","position":1,"name":"Home","item":"https:\/\/iraurgiberritzen.eus\/es\/"},{"@type":"ListItem","position":2,"name":"Iraurgi Berritzen organiza una jornada de internacionalizaci\u00f3n centrada en Alemania"}]},{"@type":"WebSite","@id":"https:\/\/iraurgiberritzen.eus\/es\/#website","url":"https:\/\/iraurgiberritzen.eus\/es\/","name":"Iraurgi Berritzen","description":"Urola Erdiko Garapen Agentzia","publisher":{"@id":"https:\/\/iraurgiberritzen.eus\/es\/#organization"},"potentialAction":[{"@type":"SearchAction","target":{"@type":"EntryPoint","urlTemplate":"https:\/\/iraurgiberritzen.eus\/es\/?s={search_term_string}"},"query-input":{"@type":"PropertyValueSpecification","valueRequired":true,"valueName":"search_term_string"}}],"inLanguage":"es"},{"@type":"Organization","@id":"https:\/\/iraurgiberritzen.eus\/es\/#organization","name":"Iraurgi Berritzen","url":"https:\/\/iraurgiberritzen.eus\/es\/","logo":{"@type":"ImageObject","inLanguage":"es","@id":"https:\/\/iraurgiberritzen.eus\/es\/#\/schema\/logo\/image\/","url":"https:\/\/iraurgiberritzen.eus\/wp-content\/uploads\/2024\/02\/IRAURGI-BERRITZEN-logotipoa_2.png","contentUrl":"https:\/\/iraurgiberritzen.eus\/wp-content\/uploads\/2024\/02\/IRAURGI-BERRITZEN-logotipoa_2.png","width":496,"height":190,"caption":"Iraurgi Berritzen"},"image":{"@id":"https:\/\/iraurgiberritzen.eus\/es\/#\/schema\/logo\/image\/"}},{"@type":"Person","@id":"https:\/\/iraurgiberritzen.eus\/es\/#\/schema\/person\/5ab41aaf388a9097177601ebf45738d2","name":"kudeatzailea","sameAs":["https:\/\/iraurgiberritzen.eus"]}]}},"_links":{"self":[{"href":"https:\/\/iraurgiberritzen.eus\/es\/wp-json\/wp\/v2\/posts\/11715","targetHints":{"allow":["GET"]}}],"collection":[{"href":"https:\/\/iraurgiberritzen.eus\/es\/wp-json\/wp\/v2\/posts"}],"about":[{"href":"https:\/\/iraurgiberritzen.eus\/es\/wp-json\/wp\/v2\/types\/post"}],"author":[{"embeddable":true,"href":"https:\/\/iraurgiberritzen.eus\/es\/wp-json\/wp\/v2\/users\/1"}],"replies":[{"embeddable":true,"href":"https:\/\/iraurgiberritzen.eus\/es\/wp-json\/wp\/v2\/comments?post=11715"}],"version-history":[{"count":0,"href":"https:\/\/iraurgiberritzen.eus\/es\/wp-json\/wp\/v2\/posts\/11715\/revisions"}],"wp:featuredmedia":[{"embeddable":true,"href":"https:\/\/iraurgiberritzen.eus\/es\/wp-json\/wp\/v2\/media\/18072"}],"wp:attachment":[{"href":"https:\/\/iraurgiberritzen.eus\/es\/wp-json\/wp\/v2\/media?parent=11715"}],"wp:term":[{"taxonomy":"category","embeddable":true,"href":"https:\/\/iraurgiberritzen.eus\/es\/wp-json\/wp\/v2\/categories?post=11715"},{"taxonomy":"post_tag","embeddable":true,"href":"https:\/\/iraurgiberritzen.eus\/es\/wp-json\/wp\/v2\/tags?post=11715"}],"curies":[{"name":"wp","href":"https:\/\/api.w.org\/{rel}","templated":true}]}}