{"id":11721,"date":"2014-12-18T13:22:15","date_gmt":"2014-12-18T11:22:15","guid":{"rendered":"https:\/\/iraurgiberritzen.eus\/consejo-de-ib-sarea-de-diciembre\/"},"modified":"2014-12-18T13:22:15","modified_gmt":"2014-12-18T11:22:15","slug":"consejo-de-ib-sarea-de-diciembre","status":"publish","type":"post","link":"https:\/\/iraurgiberritzen.eus\/es\/consejo-de-ib-sarea-de-diciembre\/","title":{"rendered":"Consejo de IB Sarea de Diciembre"},"content":{"rendered":"<p style=\"text-align: justify;\">Los miembros del Consejo Gestor de Ezagutza Sarea se reunieron el 4 de diciembre con el objetivo de realizar la valoraci\u00f3n del plan de acci\u00f3n final de este a\u00f1o y consensuar la propuesta del plan de acci\u00f3n del a\u00f1o que viene. En el Consejo se analizaron los retos y el nivel del desarrollo de las acciones en los distintos gunes: enpresa, prestakuntza y garapen gunea.<\/p>\n<p style=\"text-align: justify;\">Adem\u00e1s aprovechando la cooperaci\u00f3n p\u00fablico privada entre los agentes que conforman la red, se consensuaron y aprobaron las principales acciones a desarrollar y los retos a tener en cuenta desde un punto de vista comarcal en el 2015.<\/p>\n<p style=\"text-align: justify;\">Bas\u00e1ndonos en la visi\u00f3n del Consejo Gestor, el objetivo es que todos los miembros participen en el Consejo de modo rotativo. Por este motivo se aprob\u00f3 el relevo de los miembros que han tomado parte durante los 3 \u00faltimos a\u00f1os, d\u00e1ndose a conocer a su vez la participaci\u00f3n de nuevos miembros.<\/p>\n<ul>\n<li>Ikasberri : Be\u00f1at Azurmendi<\/li>\n<li>Sammic S.L : Patxi Landa<\/li>\n<li>T. Arrieta : Ruben Arrieta<\/li>\n<li>FGM : I\u00f1aki Bastida<\/li>\n<\/ul>\n<p style=\"text-align: justify;\">Les agradecemos a todas estas personas su inplicaci\u00f3n y disposici\u00f3n por tomas parte en IB Sarea , con el objetivo de desarrollar proyectos en ccoperaci\u00f3n entre distintos agentes socio econ\u00f3micos, desde un punto de vista comarcal.<\/p>\n<p>El nuevo CONSEJO GESTOR queda formado de la siguiente forma:<\/p>\n<ul>\n<li>Floreaga : Koldo Gurrutxaga<\/li>\n<li>Kimu Bat: Pello Igarataundi<\/li>\n<li>Lan Mobel: Conchi Azpiazu<\/li>\n<li>Domusa: Mar\u00eda Dominguez<\/li>\n<li>Urola Ikastola Azkoitia- Azpeitia ( Lanbide Heziketa) : Alberto Izagirre<\/li>\n<li>Azpeitiko Udala: I\u00f1aki Portilla<\/li>\n<li>Azkoitiko Udala: Urrategi Alberdi<\/li>\n<li>Iraurgi Berritzen : Jesus Agirre y Bego\u00f1a Beobide<\/li>\n<li>Iraurgi Berrrtzen: Jon Zubizarreta e Itziar Abarisketa<\/li>\n<\/ul>\n","protected":false},"excerpt":{"rendered":"<p>Los miembros del Consejo Gestor de Ezagutza Sarea se reunieron el 4 de diciembre con el objetivo de realizar la valoraci\u00f3n del plan de acci\u00f3n final de este a\u00f1o y consensuar la propuesta del plan de acci\u00f3n del a\u00f1o que viene. En el Consejo se analizaron los retos y el nivel del desarrollo de las [&hellip;]<\/p>\n","protected":false},"author":1,"featured_media":18074,"comment_status":"","ping_status":"closed","sticky":false,"template":"","format":"standard","meta":{"_acf_changed":false,"footnotes":""},"categories":[4],"tags":[],"class_list":["post-11721","post","type-post","status-publish","format-standard","has-post-thumbnail","hentry","category-noticias"],"acf":[],"yoast_head":"<!-- This site is optimized with the Yoast SEO plugin v27.4 - https:\/\/yoast.com\/product\/yoast-seo-wordpress\/ -->\n<title>Consejo de IB Sarea de Diciembre - Iraurgi Berritzen<\/title>\n<meta name=\"robots\" content=\"index, follow, max-snippet:-1, max-image-preview:large, max-video-preview:-1\" \/>\n<link rel=\"canonical\" href=\"https:\/\/iraurgiberritzen.eus\/es\/consejo-de-ib-sarea-de-diciembre\/\" \/>\n<meta property=\"og:locale\" content=\"es_ES\" \/>\n<meta property=\"og:type\" content=\"article\" \/>\n<meta property=\"og:title\" content=\"Consejo de IB Sarea de Diciembre - Iraurgi Berritzen\" \/>\n<meta property=\"og:description\" content=\"Los miembros del Consejo Gestor de Ezagutza Sarea se reunieron el 4 de diciembre con el objetivo de realizar la valoraci\u00f3n del plan de acci\u00f3n final de este a\u00f1o y consensuar la propuesta del plan de acci\u00f3n del a\u00f1o que viene. En el Consejo se analizaron los retos y el nivel del desarrollo de las [&hellip;]\" \/>\n<meta property=\"og:url\" content=\"https:\/\/iraurgiberritzen.eus\/es\/consejo-de-ib-sarea-de-diciembre\/\" \/>\n<meta property=\"og:site_name\" content=\"Iraurgi Berritzen\" \/>\n<meta property=\"article:published_time\" content=\"2014-12-18T11:22:15+00:00\" \/>\n<meta name=\"author\" content=\"kudeatzailea\" \/>\n<meta name=\"twitter:card\" content=\"summary_large_image\" \/>\n<meta name=\"twitter:label1\" content=\"Escrito por\" \/>\n\t<meta name=\"twitter:data1\" content=\"kudeatzailea\" \/>\n\t<meta name=\"twitter:label2\" content=\"Tiempo de lectura\" \/>\n\t<meta name=\"twitter:data2\" content=\"1 minuto\" \/>\n<script type=\"application\/ld+json\" class=\"yoast-schema-graph\">{\"@context\":\"https:\\\/\\\/schema.org\",\"@graph\":[{\"@type\":\"Article\",\"@id\":\"https:\\\/\\\/iraurgiberritzen.eus\\\/es\\\/consejo-de-ib-sarea-de-diciembre\\\/#article\",\"isPartOf\":{\"@id\":\"https:\\\/\\\/iraurgiberritzen.eus\\\/es\\\/consejo-de-ib-sarea-de-diciembre\\\/\"},\"author\":{\"name\":\"kudeatzailea\",\"@id\":\"https:\\\/\\\/iraurgiberritzen.eus\\\/es\\\/#\\\/schema\\\/person\\\/5ab41aaf388a9097177601ebf45738d2\"},\"headline\":\"Consejo de IB Sarea de Diciembre\",\"datePublished\":\"2014-12-18T11:22:15+00:00\",\"mainEntityOfPage\":{\"@id\":\"https:\\\/\\\/iraurgiberritzen.eus\\\/es\\\/consejo-de-ib-sarea-de-diciembre\\\/\"},\"wordCount\":283,\"publisher\":{\"@id\":\"https:\\\/\\\/iraurgiberritzen.eus\\\/es\\\/#organization\"},\"image\":{\"@id\":\"https:\\\/\\\/iraurgiberritzen.eus\\\/es\\\/consejo-de-ib-sarea-de-diciembre\\\/#primaryimage\"},\"thumbnailUrl\":\"https:\\\/\\\/iraurgiberritzen.eus\\\/wp-content\\\/uploads\\\/2023\\\/09\\\/4147ca3af8bf81f64b5d738c371bfecb.jpg\",\"articleSection\":[\"Noticias\"],\"inLanguage\":\"es\"},{\"@type\":\"WebPage\",\"@id\":\"https:\\\/\\\/iraurgiberritzen.eus\\\/es\\\/consejo-de-ib-sarea-de-diciembre\\\/\",\"url\":\"https:\\\/\\\/iraurgiberritzen.eus\\\/es\\\/consejo-de-ib-sarea-de-diciembre\\\/\",\"name\":\"Consejo de IB Sarea de Diciembre - Iraurgi Berritzen\",\"isPartOf\":{\"@id\":\"https:\\\/\\\/iraurgiberritzen.eus\\\/es\\\/#website\"},\"primaryImageOfPage\":{\"@id\":\"https:\\\/\\\/iraurgiberritzen.eus\\\/es\\\/consejo-de-ib-sarea-de-diciembre\\\/#primaryimage\"},\"image\":{\"@id\":\"https:\\\/\\\/iraurgiberritzen.eus\\\/es\\\/consejo-de-ib-sarea-de-diciembre\\\/#primaryimage\"},\"thumbnailUrl\":\"https:\\\/\\\/iraurgiberritzen.eus\\\/wp-content\\\/uploads\\\/2023\\\/09\\\/4147ca3af8bf81f64b5d738c371bfecb.jpg\",\"datePublished\":\"2014-12-18T11:22:15+00:00\",\"breadcrumb\":{\"@id\":\"https:\\\/\\\/iraurgiberritzen.eus\\\/es\\\/consejo-de-ib-sarea-de-diciembre\\\/#breadcrumb\"},\"inLanguage\":\"es\",\"potentialAction\":[{\"@type\":\"ReadAction\",\"target\":[\"https:\\\/\\\/iraurgiberritzen.eus\\\/es\\\/consejo-de-ib-sarea-de-diciembre\\\/\"]}]},{\"@type\":\"ImageObject\",\"inLanguage\":\"es\",\"@id\":\"https:\\\/\\\/iraurgiberritzen.eus\\\/es\\\/consejo-de-ib-sarea-de-diciembre\\\/#primaryimage\",\"url\":\"https:\\\/\\\/iraurgiberritzen.eus\\\/wp-content\\\/uploads\\\/2023\\\/09\\\/4147ca3af8bf81f64b5d738c371bfecb.jpg\",\"contentUrl\":\"https:\\\/\\\/iraurgiberritzen.eus\\\/wp-content\\\/uploads\\\/2023\\\/09\\\/4147ca3af8bf81f64b5d738c371bfecb.jpg\",\"width\":600,\"height\":369},{\"@type\":\"BreadcrumbList\",\"@id\":\"https:\\\/\\\/iraurgiberritzen.eus\\\/es\\\/consejo-de-ib-sarea-de-diciembre\\\/#breadcrumb\",\"itemListElement\":[{\"@type\":\"ListItem\",\"position\":1,\"name\":\"Home\",\"item\":\"https:\\\/\\\/iraurgiberritzen.eus\\\/es\\\/\"},{\"@type\":\"ListItem\",\"position\":2,\"name\":\"Consejo de IB Sarea de Diciembre\"}]},{\"@type\":\"WebSite\",\"@id\":\"https:\\\/\\\/iraurgiberritzen.eus\\\/es\\\/#website\",\"url\":\"https:\\\/\\\/iraurgiberritzen.eus\\\/es\\\/\",\"name\":\"Iraurgi Berritzen\",\"description\":\"Urola Erdiko Garapen Agentzia\",\"publisher\":{\"@id\":\"https:\\\/\\\/iraurgiberritzen.eus\\\/es\\\/#organization\"},\"potentialAction\":[{\"@type\":\"SearchAction\",\"target\":{\"@type\":\"EntryPoint\",\"urlTemplate\":\"https:\\\/\\\/iraurgiberritzen.eus\\\/es\\\/?s={search_term_string}\"},\"query-input\":{\"@type\":\"PropertyValueSpecification\",\"valueRequired\":true,\"valueName\":\"search_term_string\"}}],\"inLanguage\":\"es\"},{\"@type\":\"Organization\",\"@id\":\"https:\\\/\\\/iraurgiberritzen.eus\\\/es\\\/#organization\",\"name\":\"Iraurgi Berritzen\",\"url\":\"https:\\\/\\\/iraurgiberritzen.eus\\\/es\\\/\",\"logo\":{\"@type\":\"ImageObject\",\"inLanguage\":\"es\",\"@id\":\"https:\\\/\\\/iraurgiberritzen.eus\\\/es\\\/#\\\/schema\\\/logo\\\/image\\\/\",\"url\":\"https:\\\/\\\/iraurgiberritzen.eus\\\/wp-content\\\/uploads\\\/2024\\\/02\\\/IRAURGI-BERRITZEN-logotipoa_2.png\",\"contentUrl\":\"https:\\\/\\\/iraurgiberritzen.eus\\\/wp-content\\\/uploads\\\/2024\\\/02\\\/IRAURGI-BERRITZEN-logotipoa_2.png\",\"width\":496,\"height\":190,\"caption\":\"Iraurgi Berritzen\"},\"image\":{\"@id\":\"https:\\\/\\\/iraurgiberritzen.eus\\\/es\\\/#\\\/schema\\\/logo\\\/image\\\/\"}},{\"@type\":\"Person\",\"@id\":\"https:\\\/\\\/iraurgiberritzen.eus\\\/es\\\/#\\\/schema\\\/person\\\/5ab41aaf388a9097177601ebf45738d2\",\"name\":\"kudeatzailea\",\"sameAs\":[\"https:\\\/\\\/iraurgiberritzen.eus\"]}]}<\/script>\n<!-- \/ Yoast SEO plugin. -->","yoast_head_json":{"title":"Consejo de IB Sarea de Diciembre - Iraurgi Berritzen","robots":{"index":"index","follow":"follow","max-snippet":"max-snippet:-1","max-image-preview":"max-image-preview:large","max-video-preview":"max-video-preview:-1"},"canonical":"https:\/\/iraurgiberritzen.eus\/es\/consejo-de-ib-sarea-de-diciembre\/","og_locale":"es_ES","og_type":"article","og_title":"Consejo de IB Sarea de Diciembre - Iraurgi Berritzen","og_description":"Los miembros del Consejo Gestor de Ezagutza Sarea se reunieron el 4 de diciembre con el objetivo de realizar la valoraci\u00f3n del plan de acci\u00f3n final de este a\u00f1o y consensuar la propuesta del plan de acci\u00f3n del a\u00f1o que viene. En el Consejo se analizaron los retos y el nivel del desarrollo de las [&hellip;]","og_url":"https:\/\/iraurgiberritzen.eus\/es\/consejo-de-ib-sarea-de-diciembre\/","og_site_name":"Iraurgi Berritzen","article_published_time":"2014-12-18T11:22:15+00:00","author":"kudeatzailea","twitter_card":"summary_large_image","twitter_misc":{"Escrito por":"kudeatzailea","Tiempo de lectura":"1 minuto"},"schema":{"@context":"https:\/\/schema.org","@graph":[{"@type":"Article","@id":"https:\/\/iraurgiberritzen.eus\/es\/consejo-de-ib-sarea-de-diciembre\/#article","isPartOf":{"@id":"https:\/\/iraurgiberritzen.eus\/es\/consejo-de-ib-sarea-de-diciembre\/"},"author":{"name":"kudeatzailea","@id":"https:\/\/iraurgiberritzen.eus\/es\/#\/schema\/person\/5ab41aaf388a9097177601ebf45738d2"},"headline":"Consejo de IB Sarea de Diciembre","datePublished":"2014-12-18T11:22:15+00:00","mainEntityOfPage":{"@id":"https:\/\/iraurgiberritzen.eus\/es\/consejo-de-ib-sarea-de-diciembre\/"},"wordCount":283,"publisher":{"@id":"https:\/\/iraurgiberritzen.eus\/es\/#organization"},"image":{"@id":"https:\/\/iraurgiberritzen.eus\/es\/consejo-de-ib-sarea-de-diciembre\/#primaryimage"},"thumbnailUrl":"https:\/\/iraurgiberritzen.eus\/wp-content\/uploads\/2023\/09\/4147ca3af8bf81f64b5d738c371bfecb.jpg","articleSection":["Noticias"],"inLanguage":"es"},{"@type":"WebPage","@id":"https:\/\/iraurgiberritzen.eus\/es\/consejo-de-ib-sarea-de-diciembre\/","url":"https:\/\/iraurgiberritzen.eus\/es\/consejo-de-ib-sarea-de-diciembre\/","name":"Consejo de IB Sarea de Diciembre - Iraurgi Berritzen","isPartOf":{"@id":"https:\/\/iraurgiberritzen.eus\/es\/#website"},"primaryImageOfPage":{"@id":"https:\/\/iraurgiberritzen.eus\/es\/consejo-de-ib-sarea-de-diciembre\/#primaryimage"},"image":{"@id":"https:\/\/iraurgiberritzen.eus\/es\/consejo-de-ib-sarea-de-diciembre\/#primaryimage"},"thumbnailUrl":"https:\/\/iraurgiberritzen.eus\/wp-content\/uploads\/2023\/09\/4147ca3af8bf81f64b5d738c371bfecb.jpg","datePublished":"2014-12-18T11:22:15+00:00","breadcrumb":{"@id":"https:\/\/iraurgiberritzen.eus\/es\/consejo-de-ib-sarea-de-diciembre\/#breadcrumb"},"inLanguage":"es","potentialAction":[{"@type":"ReadAction","target":["https:\/\/iraurgiberritzen.eus\/es\/consejo-de-ib-sarea-de-diciembre\/"]}]},{"@type":"ImageObject","inLanguage":"es","@id":"https:\/\/iraurgiberritzen.eus\/es\/consejo-de-ib-sarea-de-diciembre\/#primaryimage","url":"https:\/\/iraurgiberritzen.eus\/wp-content\/uploads\/2023\/09\/4147ca3af8bf81f64b5d738c371bfecb.jpg","contentUrl":"https:\/\/iraurgiberritzen.eus\/wp-content\/uploads\/2023\/09\/4147ca3af8bf81f64b5d738c371bfecb.jpg","width":600,"height":369},{"@type":"BreadcrumbList","@id":"https:\/\/iraurgiberritzen.eus\/es\/consejo-de-ib-sarea-de-diciembre\/#breadcrumb","itemListElement":[{"@type":"ListItem","position":1,"name":"Home","item":"https:\/\/iraurgiberritzen.eus\/es\/"},{"@type":"ListItem","position":2,"name":"Consejo de IB Sarea de Diciembre"}]},{"@type":"WebSite","@id":"https:\/\/iraurgiberritzen.eus\/es\/#website","url":"https:\/\/iraurgiberritzen.eus\/es\/","name":"Iraurgi Berritzen","description":"Urola Erdiko Garapen Agentzia","publisher":{"@id":"https:\/\/iraurgiberritzen.eus\/es\/#organization"},"potentialAction":[{"@type":"SearchAction","target":{"@type":"EntryPoint","urlTemplate":"https:\/\/iraurgiberritzen.eus\/es\/?s={search_term_string}"},"query-input":{"@type":"PropertyValueSpecification","valueRequired":true,"valueName":"search_term_string"}}],"inLanguage":"es"},{"@type":"Organization","@id":"https:\/\/iraurgiberritzen.eus\/es\/#organization","name":"Iraurgi Berritzen","url":"https:\/\/iraurgiberritzen.eus\/es\/","logo":{"@type":"ImageObject","inLanguage":"es","@id":"https:\/\/iraurgiberritzen.eus\/es\/#\/schema\/logo\/image\/","url":"https:\/\/iraurgiberritzen.eus\/wp-content\/uploads\/2024\/02\/IRAURGI-BERRITZEN-logotipoa_2.png","contentUrl":"https:\/\/iraurgiberritzen.eus\/wp-content\/uploads\/2024\/02\/IRAURGI-BERRITZEN-logotipoa_2.png","width":496,"height":190,"caption":"Iraurgi Berritzen"},"image":{"@id":"https:\/\/iraurgiberritzen.eus\/es\/#\/schema\/logo\/image\/"}},{"@type":"Person","@id":"https:\/\/iraurgiberritzen.eus\/es\/#\/schema\/person\/5ab41aaf388a9097177601ebf45738d2","name":"kudeatzailea","sameAs":["https:\/\/iraurgiberritzen.eus"]}]}},"_links":{"self":[{"href":"https:\/\/iraurgiberritzen.eus\/es\/wp-json\/wp\/v2\/posts\/11721","targetHints":{"allow":["GET"]}}],"collection":[{"href":"https:\/\/iraurgiberritzen.eus\/es\/wp-json\/wp\/v2\/posts"}],"about":[{"href":"https:\/\/iraurgiberritzen.eus\/es\/wp-json\/wp\/v2\/types\/post"}],"author":[{"embeddable":true,"href":"https:\/\/iraurgiberritzen.eus\/es\/wp-json\/wp\/v2\/users\/1"}],"replies":[{"embeddable":true,"href":"https:\/\/iraurgiberritzen.eus\/es\/wp-json\/wp\/v2\/comments?post=11721"}],"version-history":[{"count":0,"href":"https:\/\/iraurgiberritzen.eus\/es\/wp-json\/wp\/v2\/posts\/11721\/revisions"}],"wp:featuredmedia":[{"embeddable":true,"href":"https:\/\/iraurgiberritzen.eus\/es\/wp-json\/wp\/v2\/media\/18074"}],"wp:attachment":[{"href":"https:\/\/iraurgiberritzen.eus\/es\/wp-json\/wp\/v2\/media?parent=11721"}],"wp:term":[{"taxonomy":"category","embeddable":true,"href":"https:\/\/iraurgiberritzen.eus\/es\/wp-json\/wp\/v2\/categories?post=11721"},{"taxonomy":"post_tag","embeddable":true,"href":"https:\/\/iraurgiberritzen.eus\/es\/wp-json\/wp\/v2\/tags?post=11721"}],"curies":[{"name":"wp","href":"https:\/\/api.w.org\/{rel}","templated":true}]}}