{"id":11724,"date":"2014-04-09T00:00:00","date_gmt":"2014-04-08T22:00:00","guid":{"rendered":"https:\/\/iraurgiberritzen.eus\/se-abre-el-plazo-de-solicitud-de-subvenciones-de-2014-dfg\/"},"modified":"2014-04-09T00:00:00","modified_gmt":"2014-04-08T22:00:00","slug":"se-abre-el-plazo-de-solicitud-de-subvenciones-de-2014-dfg","status":"publish","type":"post","link":"https:\/\/iraurgiberritzen.eus\/es\/se-abre-el-plazo-de-solicitud-de-subvenciones-de-2014-dfg\/","title":{"rendered":"Se abre el plazo de solicitud de subvenciones de 2014 (DFG)"},"content":{"rendered":"<p><span style=\"font-family: Arial;\">La Diputaci\u00f3n Foral de Gipuzkoa abre en los siguientes d\u00edas y semanas el plazo de solicitud para las subvenciones del 2014. <\/span><\/p>\n<p style=\"text-align: justify;\"><span style=\"font-family: Arial;\">En consecuencia, desde Iraurgi Berritzen os comunicamos nuestra total predisposici\u00f3n para realizar tareas de intermediaci\u00f3n con las solicitudes de dichas subvenciones; tanto, para ofrecer la informaci\u00f3n requerida, como para ayudar en los pasos que ello conlleva.<\/span><\/p>\n<p style=\"text-align: justify;\"><span style=\"font-family: arial,helvetica,sans-serif;\"><span style=\"font-family: Arial;\">Las subvenciones del 2014 van dirigidas a distintas \u00e1reas: empresa, competitividad, internacionalizaci\u00f3n, talento, nuevas iniciativas etc. En el siguiente enlace, p\u00e1gina web sobre las ayudas del 2014, encontrar\u00e9is toda la informaci\u00f3n concerniente a dichas ayudas <\/span><a href=\"http:\/\/bidelaguna.gipuzkoa.net\/eu\/\" target=\"_blank\" rel=\"noopener\"><\/a><a> <\/a><a href=\"http:\/\/www.bidelaguna.net\/eu\" target=\"_blank\" rel=\"noopener\">http:\/\/bidelaguna.gipuzkoa.net\/eu\/<\/a>.<br \/><\/span><\/p>\n<p>&nbsp;<\/p>\n","protected":false},"excerpt":{"rendered":"<p>La Diputaci\u00f3n Foral de Gipuzkoa abre en los siguientes d\u00edas y semanas el plazo de solicitud para las subvenciones del 2014. En consecuencia, desde Iraurgi Berritzen os comunicamos nuestra total predisposici\u00f3n para realizar tareas de intermediaci\u00f3n con las solicitudes de dichas subvenciones; tanto, para ofrecer la informaci\u00f3n requerida, como para ayudar en los pasos que [&hellip;]<\/p>\n","protected":false},"author":1,"featured_media":18075,"comment_status":"","ping_status":"closed","sticky":false,"template":"","format":"standard","meta":{"_acf_changed":false,"footnotes":""},"categories":[4],"tags":[],"class_list":["post-11724","post","type-post","status-publish","format-standard","has-post-thumbnail","hentry","category-noticias"],"acf":[],"yoast_head":"<!-- This site is optimized with the Yoast SEO plugin v27.4 - https:\/\/yoast.com\/product\/yoast-seo-wordpress\/ -->\n<title>Se abre el plazo de solicitud de subvenciones de 2014 (DFG) - Iraurgi Berritzen<\/title>\n<meta name=\"robots\" content=\"index, follow, max-snippet:-1, max-image-preview:large, max-video-preview:-1\" \/>\n<link rel=\"canonical\" href=\"https:\/\/iraurgiberritzen.eus\/es\/se-abre-el-plazo-de-solicitud-de-subvenciones-de-2014-dfg\/\" \/>\n<meta property=\"og:locale\" content=\"es_ES\" \/>\n<meta property=\"og:type\" content=\"article\" \/>\n<meta property=\"og:title\" content=\"Se abre el plazo de solicitud de subvenciones de 2014 (DFG) - Iraurgi Berritzen\" \/>\n<meta property=\"og:description\" content=\"La Diputaci\u00f3n Foral de Gipuzkoa abre en los siguientes d\u00edas y semanas el plazo de solicitud para las subvenciones del 2014. En consecuencia, desde Iraurgi Berritzen os comunicamos nuestra total predisposici\u00f3n para realizar tareas de intermediaci\u00f3n con las solicitudes de dichas subvenciones; tanto, para ofrecer la informaci\u00f3n requerida, como para ayudar en los pasos que [&hellip;]\" \/>\n<meta property=\"og:url\" content=\"https:\/\/iraurgiberritzen.eus\/es\/se-abre-el-plazo-de-solicitud-de-subvenciones-de-2014-dfg\/\" \/>\n<meta property=\"og:site_name\" content=\"Iraurgi Berritzen\" \/>\n<meta property=\"article:published_time\" content=\"2014-04-08T22:00:00+00:00\" \/>\n<meta name=\"author\" content=\"kudeatzailea\" \/>\n<meta name=\"twitter:card\" content=\"summary_large_image\" \/>\n<meta name=\"twitter:label1\" content=\"Escrito por\" \/>\n\t<meta name=\"twitter:data1\" content=\"kudeatzailea\" \/>\n\t<meta name=\"twitter:label2\" content=\"Tiempo de lectura\" \/>\n\t<meta name=\"twitter:data2\" content=\"1 minuto\" \/>\n<script type=\"application\/ld+json\" class=\"yoast-schema-graph\">{\"@context\":\"https:\\\/\\\/schema.org\",\"@graph\":[{\"@type\":\"Article\",\"@id\":\"https:\\\/\\\/iraurgiberritzen.eus\\\/es\\\/se-abre-el-plazo-de-solicitud-de-subvenciones-de-2014-dfg\\\/#article\",\"isPartOf\":{\"@id\":\"https:\\\/\\\/iraurgiberritzen.eus\\\/es\\\/se-abre-el-plazo-de-solicitud-de-subvenciones-de-2014-dfg\\\/\"},\"author\":{\"name\":\"kudeatzailea\",\"@id\":\"https:\\\/\\\/iraurgiberritzen.eus\\\/es\\\/#\\\/schema\\\/person\\\/5ab41aaf388a9097177601ebf45738d2\"},\"headline\":\"Se abre el plazo de solicitud de subvenciones de 2014 (DFG)\",\"datePublished\":\"2014-04-08T22:00:00+00:00\",\"mainEntityOfPage\":{\"@id\":\"https:\\\/\\\/iraurgiberritzen.eus\\\/es\\\/se-abre-el-plazo-de-solicitud-de-subvenciones-de-2014-dfg\\\/\"},\"wordCount\":114,\"publisher\":{\"@id\":\"https:\\\/\\\/iraurgiberritzen.eus\\\/es\\\/#organization\"},\"image\":{\"@id\":\"https:\\\/\\\/iraurgiberritzen.eus\\\/es\\\/se-abre-el-plazo-de-solicitud-de-subvenciones-de-2014-dfg\\\/#primaryimage\"},\"thumbnailUrl\":\"https:\\\/\\\/iraurgiberritzen.eus\\\/wp-content\\\/uploads\\\/2023\\\/09\\\/954fb0ebf1d84fb921bfb0b6e045d57f.jpg\",\"articleSection\":[\"Noticias\"],\"inLanguage\":\"es\"},{\"@type\":\"WebPage\",\"@id\":\"https:\\\/\\\/iraurgiberritzen.eus\\\/es\\\/se-abre-el-plazo-de-solicitud-de-subvenciones-de-2014-dfg\\\/\",\"url\":\"https:\\\/\\\/iraurgiberritzen.eus\\\/es\\\/se-abre-el-plazo-de-solicitud-de-subvenciones-de-2014-dfg\\\/\",\"name\":\"Se abre el plazo de solicitud de subvenciones de 2014 (DFG) - Iraurgi Berritzen\",\"isPartOf\":{\"@id\":\"https:\\\/\\\/iraurgiberritzen.eus\\\/es\\\/#website\"},\"primaryImageOfPage\":{\"@id\":\"https:\\\/\\\/iraurgiberritzen.eus\\\/es\\\/se-abre-el-plazo-de-solicitud-de-subvenciones-de-2014-dfg\\\/#primaryimage\"},\"image\":{\"@id\":\"https:\\\/\\\/iraurgiberritzen.eus\\\/es\\\/se-abre-el-plazo-de-solicitud-de-subvenciones-de-2014-dfg\\\/#primaryimage\"},\"thumbnailUrl\":\"https:\\\/\\\/iraurgiberritzen.eus\\\/wp-content\\\/uploads\\\/2023\\\/09\\\/954fb0ebf1d84fb921bfb0b6e045d57f.jpg\",\"datePublished\":\"2014-04-08T22:00:00+00:00\",\"breadcrumb\":{\"@id\":\"https:\\\/\\\/iraurgiberritzen.eus\\\/es\\\/se-abre-el-plazo-de-solicitud-de-subvenciones-de-2014-dfg\\\/#breadcrumb\"},\"inLanguage\":\"es\",\"potentialAction\":[{\"@type\":\"ReadAction\",\"target\":[\"https:\\\/\\\/iraurgiberritzen.eus\\\/es\\\/se-abre-el-plazo-de-solicitud-de-subvenciones-de-2014-dfg\\\/\"]}]},{\"@type\":\"ImageObject\",\"inLanguage\":\"es\",\"@id\":\"https:\\\/\\\/iraurgiberritzen.eus\\\/es\\\/se-abre-el-plazo-de-solicitud-de-subvenciones-de-2014-dfg\\\/#primaryimage\",\"url\":\"https:\\\/\\\/iraurgiberritzen.eus\\\/wp-content\\\/uploads\\\/2023\\\/09\\\/954fb0ebf1d84fb921bfb0b6e045d57f.jpg\",\"contentUrl\":\"https:\\\/\\\/iraurgiberritzen.eus\\\/wp-content\\\/uploads\\\/2023\\\/09\\\/954fb0ebf1d84fb921bfb0b6e045d57f.jpg\",\"width\":400,\"height\":191},{\"@type\":\"BreadcrumbList\",\"@id\":\"https:\\\/\\\/iraurgiberritzen.eus\\\/es\\\/se-abre-el-plazo-de-solicitud-de-subvenciones-de-2014-dfg\\\/#breadcrumb\",\"itemListElement\":[{\"@type\":\"ListItem\",\"position\":1,\"name\":\"Home\",\"item\":\"https:\\\/\\\/iraurgiberritzen.eus\\\/es\\\/\"},{\"@type\":\"ListItem\",\"position\":2,\"name\":\"Se abre el plazo de solicitud de subvenciones de 2014 (DFG)\"}]},{\"@type\":\"WebSite\",\"@id\":\"https:\\\/\\\/iraurgiberritzen.eus\\\/es\\\/#website\",\"url\":\"https:\\\/\\\/iraurgiberritzen.eus\\\/es\\\/\",\"name\":\"Iraurgi Berritzen\",\"description\":\"Urola Erdiko Garapen Agentzia\",\"publisher\":{\"@id\":\"https:\\\/\\\/iraurgiberritzen.eus\\\/es\\\/#organization\"},\"potentialAction\":[{\"@type\":\"SearchAction\",\"target\":{\"@type\":\"EntryPoint\",\"urlTemplate\":\"https:\\\/\\\/iraurgiberritzen.eus\\\/es\\\/?s={search_term_string}\"},\"query-input\":{\"@type\":\"PropertyValueSpecification\",\"valueRequired\":true,\"valueName\":\"search_term_string\"}}],\"inLanguage\":\"es\"},{\"@type\":\"Organization\",\"@id\":\"https:\\\/\\\/iraurgiberritzen.eus\\\/es\\\/#organization\",\"name\":\"Iraurgi Berritzen\",\"url\":\"https:\\\/\\\/iraurgiberritzen.eus\\\/es\\\/\",\"logo\":{\"@type\":\"ImageObject\",\"inLanguage\":\"es\",\"@id\":\"https:\\\/\\\/iraurgiberritzen.eus\\\/es\\\/#\\\/schema\\\/logo\\\/image\\\/\",\"url\":\"https:\\\/\\\/iraurgiberritzen.eus\\\/wp-content\\\/uploads\\\/2024\\\/02\\\/IRAURGI-BERRITZEN-logotipoa_2.png\",\"contentUrl\":\"https:\\\/\\\/iraurgiberritzen.eus\\\/wp-content\\\/uploads\\\/2024\\\/02\\\/IRAURGI-BERRITZEN-logotipoa_2.png\",\"width\":496,\"height\":190,\"caption\":\"Iraurgi Berritzen\"},\"image\":{\"@id\":\"https:\\\/\\\/iraurgiberritzen.eus\\\/es\\\/#\\\/schema\\\/logo\\\/image\\\/\"}},{\"@type\":\"Person\",\"@id\":\"https:\\\/\\\/iraurgiberritzen.eus\\\/es\\\/#\\\/schema\\\/person\\\/5ab41aaf388a9097177601ebf45738d2\",\"name\":\"kudeatzailea\",\"sameAs\":[\"https:\\\/\\\/iraurgiberritzen.eus\"]}]}<\/script>\n<!-- \/ Yoast SEO plugin. -->","yoast_head_json":{"title":"Se abre el plazo de solicitud de subvenciones de 2014 (DFG) - Iraurgi Berritzen","robots":{"index":"index","follow":"follow","max-snippet":"max-snippet:-1","max-image-preview":"max-image-preview:large","max-video-preview":"max-video-preview:-1"},"canonical":"https:\/\/iraurgiberritzen.eus\/es\/se-abre-el-plazo-de-solicitud-de-subvenciones-de-2014-dfg\/","og_locale":"es_ES","og_type":"article","og_title":"Se abre el plazo de solicitud de subvenciones de 2014 (DFG) - Iraurgi Berritzen","og_description":"La Diputaci\u00f3n Foral de Gipuzkoa abre en los siguientes d\u00edas y semanas el plazo de solicitud para las subvenciones del 2014. En consecuencia, desde Iraurgi Berritzen os comunicamos nuestra total predisposici\u00f3n para realizar tareas de intermediaci\u00f3n con las solicitudes de dichas subvenciones; tanto, para ofrecer la informaci\u00f3n requerida, como para ayudar en los pasos que [&hellip;]","og_url":"https:\/\/iraurgiberritzen.eus\/es\/se-abre-el-plazo-de-solicitud-de-subvenciones-de-2014-dfg\/","og_site_name":"Iraurgi Berritzen","article_published_time":"2014-04-08T22:00:00+00:00","author":"kudeatzailea","twitter_card":"summary_large_image","twitter_misc":{"Escrito por":"kudeatzailea","Tiempo de lectura":"1 minuto"},"schema":{"@context":"https:\/\/schema.org","@graph":[{"@type":"Article","@id":"https:\/\/iraurgiberritzen.eus\/es\/se-abre-el-plazo-de-solicitud-de-subvenciones-de-2014-dfg\/#article","isPartOf":{"@id":"https:\/\/iraurgiberritzen.eus\/es\/se-abre-el-plazo-de-solicitud-de-subvenciones-de-2014-dfg\/"},"author":{"name":"kudeatzailea","@id":"https:\/\/iraurgiberritzen.eus\/es\/#\/schema\/person\/5ab41aaf388a9097177601ebf45738d2"},"headline":"Se abre el plazo de solicitud de subvenciones de 2014 (DFG)","datePublished":"2014-04-08T22:00:00+00:00","mainEntityOfPage":{"@id":"https:\/\/iraurgiberritzen.eus\/es\/se-abre-el-plazo-de-solicitud-de-subvenciones-de-2014-dfg\/"},"wordCount":114,"publisher":{"@id":"https:\/\/iraurgiberritzen.eus\/es\/#organization"},"image":{"@id":"https:\/\/iraurgiberritzen.eus\/es\/se-abre-el-plazo-de-solicitud-de-subvenciones-de-2014-dfg\/#primaryimage"},"thumbnailUrl":"https:\/\/iraurgiberritzen.eus\/wp-content\/uploads\/2023\/09\/954fb0ebf1d84fb921bfb0b6e045d57f.jpg","articleSection":["Noticias"],"inLanguage":"es"},{"@type":"WebPage","@id":"https:\/\/iraurgiberritzen.eus\/es\/se-abre-el-plazo-de-solicitud-de-subvenciones-de-2014-dfg\/","url":"https:\/\/iraurgiberritzen.eus\/es\/se-abre-el-plazo-de-solicitud-de-subvenciones-de-2014-dfg\/","name":"Se abre el plazo de solicitud de subvenciones de 2014 (DFG) - Iraurgi Berritzen","isPartOf":{"@id":"https:\/\/iraurgiberritzen.eus\/es\/#website"},"primaryImageOfPage":{"@id":"https:\/\/iraurgiberritzen.eus\/es\/se-abre-el-plazo-de-solicitud-de-subvenciones-de-2014-dfg\/#primaryimage"},"image":{"@id":"https:\/\/iraurgiberritzen.eus\/es\/se-abre-el-plazo-de-solicitud-de-subvenciones-de-2014-dfg\/#primaryimage"},"thumbnailUrl":"https:\/\/iraurgiberritzen.eus\/wp-content\/uploads\/2023\/09\/954fb0ebf1d84fb921bfb0b6e045d57f.jpg","datePublished":"2014-04-08T22:00:00+00:00","breadcrumb":{"@id":"https:\/\/iraurgiberritzen.eus\/es\/se-abre-el-plazo-de-solicitud-de-subvenciones-de-2014-dfg\/#breadcrumb"},"inLanguage":"es","potentialAction":[{"@type":"ReadAction","target":["https:\/\/iraurgiberritzen.eus\/es\/se-abre-el-plazo-de-solicitud-de-subvenciones-de-2014-dfg\/"]}]},{"@type":"ImageObject","inLanguage":"es","@id":"https:\/\/iraurgiberritzen.eus\/es\/se-abre-el-plazo-de-solicitud-de-subvenciones-de-2014-dfg\/#primaryimage","url":"https:\/\/iraurgiberritzen.eus\/wp-content\/uploads\/2023\/09\/954fb0ebf1d84fb921bfb0b6e045d57f.jpg","contentUrl":"https:\/\/iraurgiberritzen.eus\/wp-content\/uploads\/2023\/09\/954fb0ebf1d84fb921bfb0b6e045d57f.jpg","width":400,"height":191},{"@type":"BreadcrumbList","@id":"https:\/\/iraurgiberritzen.eus\/es\/se-abre-el-plazo-de-solicitud-de-subvenciones-de-2014-dfg\/#breadcrumb","itemListElement":[{"@type":"ListItem","position":1,"name":"Home","item":"https:\/\/iraurgiberritzen.eus\/es\/"},{"@type":"ListItem","position":2,"name":"Se abre el plazo de solicitud de subvenciones de 2014 (DFG)"}]},{"@type":"WebSite","@id":"https:\/\/iraurgiberritzen.eus\/es\/#website","url":"https:\/\/iraurgiberritzen.eus\/es\/","name":"Iraurgi Berritzen","description":"Urola Erdiko Garapen Agentzia","publisher":{"@id":"https:\/\/iraurgiberritzen.eus\/es\/#organization"},"potentialAction":[{"@type":"SearchAction","target":{"@type":"EntryPoint","urlTemplate":"https:\/\/iraurgiberritzen.eus\/es\/?s={search_term_string}"},"query-input":{"@type":"PropertyValueSpecification","valueRequired":true,"valueName":"search_term_string"}}],"inLanguage":"es"},{"@type":"Organization","@id":"https:\/\/iraurgiberritzen.eus\/es\/#organization","name":"Iraurgi Berritzen","url":"https:\/\/iraurgiberritzen.eus\/es\/","logo":{"@type":"ImageObject","inLanguage":"es","@id":"https:\/\/iraurgiberritzen.eus\/es\/#\/schema\/logo\/image\/","url":"https:\/\/iraurgiberritzen.eus\/wp-content\/uploads\/2024\/02\/IRAURGI-BERRITZEN-logotipoa_2.png","contentUrl":"https:\/\/iraurgiberritzen.eus\/wp-content\/uploads\/2024\/02\/IRAURGI-BERRITZEN-logotipoa_2.png","width":496,"height":190,"caption":"Iraurgi Berritzen"},"image":{"@id":"https:\/\/iraurgiberritzen.eus\/es\/#\/schema\/logo\/image\/"}},{"@type":"Person","@id":"https:\/\/iraurgiberritzen.eus\/es\/#\/schema\/person\/5ab41aaf388a9097177601ebf45738d2","name":"kudeatzailea","sameAs":["https:\/\/iraurgiberritzen.eus"]}]}},"_links":{"self":[{"href":"https:\/\/iraurgiberritzen.eus\/es\/wp-json\/wp\/v2\/posts\/11724","targetHints":{"allow":["GET"]}}],"collection":[{"href":"https:\/\/iraurgiberritzen.eus\/es\/wp-json\/wp\/v2\/posts"}],"about":[{"href":"https:\/\/iraurgiberritzen.eus\/es\/wp-json\/wp\/v2\/types\/post"}],"author":[{"embeddable":true,"href":"https:\/\/iraurgiberritzen.eus\/es\/wp-json\/wp\/v2\/users\/1"}],"replies":[{"embeddable":true,"href":"https:\/\/iraurgiberritzen.eus\/es\/wp-json\/wp\/v2\/comments?post=11724"}],"version-history":[{"count":0,"href":"https:\/\/iraurgiberritzen.eus\/es\/wp-json\/wp\/v2\/posts\/11724\/revisions"}],"wp:featuredmedia":[{"embeddable":true,"href":"https:\/\/iraurgiberritzen.eus\/es\/wp-json\/wp\/v2\/media\/18075"}],"wp:attachment":[{"href":"https:\/\/iraurgiberritzen.eus\/es\/wp-json\/wp\/v2\/media?parent=11724"}],"wp:term":[{"taxonomy":"category","embeddable":true,"href":"https:\/\/iraurgiberritzen.eus\/es\/wp-json\/wp\/v2\/categories?post=11724"},{"taxonomy":"post_tag","embeddable":true,"href":"https:\/\/iraurgiberritzen.eus\/es\/wp-json\/wp\/v2\/tags?post=11724"}],"curies":[{"name":"wp","href":"https:\/\/api.w.org\/{rel}","templated":true}]}}