{"id":11727,"date":"2014-04-08T00:00:00","date_gmt":"2014-04-07T22:00:00","guid":{"rendered":"https:\/\/iraurgiberritzen.eus\/colaboracion-entre-urola-erdia-y-goierri-innovacion-social-y-tecnologica-en-el-desarrollo-local\/"},"modified":"2014-04-08T00:00:00","modified_gmt":"2014-04-07T22:00:00","slug":"colaboracion-entre-urola-erdia-y-goierri-innovacion-social-y-tecnologica-en-el-desarrollo-local","status":"publish","type":"post","link":"https:\/\/iraurgiberritzen.eus\/es\/colaboracion-entre-urola-erdia-y-goierri-innovacion-social-y-tecnologica-en-el-desarrollo-local\/","title":{"rendered":"Colaboraci\u00f3n entre Urola Erdia y Goierri: Innovaci\u00f3n social y tecnol\u00f3gica en el desarrollo local"},"content":{"rendered":"<p style=\"text-align: justify;\"><span>Las comarcas de Urola Erdia y de Goierri, hemos impulsado un proceso de aprendizaje en cooperaci\u00f3n, para impulsar un modelo de desarrollo local basado en el equilibrio entre innovaci\u00f3n social y tecnol\u00f3gica.<\/span><\/p>\n<p style=\"text-align: justify;\"><span> El proyecto se ha desarrollado con la ayuda de la Diputaci\u00f3n Foral de Gipuzkoa, y la metodolog\u00eda se llevar\u00e1 a cabo en colaboraci\u00f3n con Orkestra.<\/span><\/p>\n<p style=\"text-align: justify;\"><span>Con este objetivo, hemos impulsado un proceso de aprendizaje para intercambiar la trayectoria que hemos seguido hasta ahora en ambas comarcas, aprender de las experiencias y dar nuevos pasos. <\/span><\/p>\n<p style=\"text-align: justify;\"><span>En el marco del proceso se han organizado 6 sesiones de trabajo, de Enero a Junio de 2014, con una agenda definida: <\/span><\/p>\n<ul>\n<li><span>Rol de las Agencias. <\/span><\/li>\n<li><span>Cooperaci\u00f3n entre las empresas. <\/span><\/li>\n<li><span>Papel de los pol\u00edticos.<\/span><\/li>\n<li><span>Diversificaci\u00f3n de mercados.<\/span><\/li>\n<li><span>Estrategia para la diversificaci\u00f3n de sectores.<\/span><\/li>\n<li><span>Educaci\u00f3n. <\/span><\/li>\n<\/ul>\n<p style=\"text-align: justify;\"><span>El proyecto ya se ha iniciado con las dos primeras sesiones: el pasado 29 de Enero, en la primera sesi\u00f3n que se organiz\u00f3 en Ordizia, tambi\u00e9n participaron los directores y presidentes de las agencias, y la segunda sesi\u00f3n tuvo lugar en Azpeitia, el pasado 21 de Febrero.<\/span><\/p>\n","protected":false},"excerpt":{"rendered":"<p>Las comarcas de Urola Erdia y de Goierri, hemos impulsado un proceso de aprendizaje en cooperaci\u00f3n, para impulsar un modelo de desarrollo local basado en el equilibrio entre innovaci\u00f3n social y tecnol\u00f3gica. El proyecto se ha desarrollado con la ayuda de la Diputaci\u00f3n Foral de Gipuzkoa, y la metodolog\u00eda se llevar\u00e1 a cabo en colaboraci\u00f3n [&hellip;]<\/p>\n","protected":false},"author":1,"featured_media":18076,"comment_status":"","ping_status":"closed","sticky":false,"template":"","format":"standard","meta":{"_acf_changed":false,"footnotes":""},"categories":[4],"tags":[],"class_list":["post-11727","post","type-post","status-publish","format-standard","has-post-thumbnail","hentry","category-noticias"],"acf":[],"yoast_head":"<!-- This site is optimized with the Yoast SEO plugin v27.4 - https:\/\/yoast.com\/product\/yoast-seo-wordpress\/ -->\n<title>Colaboraci\u00f3n entre Urola Erdia y Goierri: Innovaci\u00f3n social y tecnol\u00f3gica en el desarrollo local - Iraurgi Berritzen<\/title>\n<meta name=\"robots\" content=\"index, follow, max-snippet:-1, max-image-preview:large, max-video-preview:-1\" \/>\n<link rel=\"canonical\" href=\"https:\/\/iraurgiberritzen.eus\/es\/colaboracion-entre-urola-erdia-y-goierri-innovacion-social-y-tecnologica-en-el-desarrollo-local\/\" \/>\n<meta property=\"og:locale\" content=\"es_ES\" \/>\n<meta property=\"og:type\" content=\"article\" \/>\n<meta property=\"og:title\" content=\"Colaboraci\u00f3n entre Urola Erdia y Goierri: Innovaci\u00f3n social y tecnol\u00f3gica en el desarrollo local - Iraurgi Berritzen\" \/>\n<meta property=\"og:description\" content=\"Las comarcas de Urola Erdia y de Goierri, hemos impulsado un proceso de aprendizaje en cooperaci\u00f3n, para impulsar un modelo de desarrollo local basado en el equilibrio entre innovaci\u00f3n social y tecnol\u00f3gica. El proyecto se ha desarrollado con la ayuda de la Diputaci\u00f3n Foral de Gipuzkoa, y la metodolog\u00eda se llevar\u00e1 a cabo en colaboraci\u00f3n [&hellip;]\" \/>\n<meta property=\"og:url\" content=\"https:\/\/iraurgiberritzen.eus\/es\/colaboracion-entre-urola-erdia-y-goierri-innovacion-social-y-tecnologica-en-el-desarrollo-local\/\" \/>\n<meta property=\"og:site_name\" content=\"Iraurgi Berritzen\" \/>\n<meta property=\"article:published_time\" content=\"2014-04-07T22:00:00+00:00\" \/>\n<meta name=\"author\" content=\"kudeatzailea\" \/>\n<meta name=\"twitter:card\" content=\"summary_large_image\" \/>\n<meta name=\"twitter:label1\" content=\"Escrito por\" \/>\n\t<meta name=\"twitter:data1\" content=\"kudeatzailea\" \/>\n\t<meta name=\"twitter:label2\" content=\"Tiempo de lectura\" \/>\n\t<meta name=\"twitter:data2\" content=\"1 minuto\" \/>\n<script type=\"application\/ld+json\" class=\"yoast-schema-graph\">{\"@context\":\"https:\\\/\\\/schema.org\",\"@graph\":[{\"@type\":\"Article\",\"@id\":\"https:\\\/\\\/iraurgiberritzen.eus\\\/es\\\/colaboracion-entre-urola-erdia-y-goierri-innovacion-social-y-tecnologica-en-el-desarrollo-local\\\/#article\",\"isPartOf\":{\"@id\":\"https:\\\/\\\/iraurgiberritzen.eus\\\/es\\\/colaboracion-entre-urola-erdia-y-goierri-innovacion-social-y-tecnologica-en-el-desarrollo-local\\\/\"},\"author\":{\"name\":\"kudeatzailea\",\"@id\":\"https:\\\/\\\/iraurgiberritzen.eus\\\/es\\\/#\\\/schema\\\/person\\\/5ab41aaf388a9097177601ebf45738d2\"},\"headline\":\"Colaboraci\u00f3n entre Urola Erdia y Goierri: Innovaci\u00f3n social y tecnol\u00f3gica en el desarrollo local\",\"datePublished\":\"2014-04-07T22:00:00+00:00\",\"mainEntityOfPage\":{\"@id\":\"https:\\\/\\\/iraurgiberritzen.eus\\\/es\\\/colaboracion-entre-urola-erdia-y-goierri-innovacion-social-y-tecnologica-en-el-desarrollo-local\\\/\"},\"wordCount\":204,\"publisher\":{\"@id\":\"https:\\\/\\\/iraurgiberritzen.eus\\\/es\\\/#organization\"},\"image\":{\"@id\":\"https:\\\/\\\/iraurgiberritzen.eus\\\/es\\\/colaboracion-entre-urola-erdia-y-goierri-innovacion-social-y-tecnologica-en-el-desarrollo-local\\\/#primaryimage\"},\"thumbnailUrl\":\"https:\\\/\\\/iraurgiberritzen.eus\\\/wp-content\\\/uploads\\\/2023\\\/09\\\/339a0e1449b6b4062056bc300d87e893.jpg\",\"articleSection\":[\"Noticias\"],\"inLanguage\":\"es\"},{\"@type\":\"WebPage\",\"@id\":\"https:\\\/\\\/iraurgiberritzen.eus\\\/es\\\/colaboracion-entre-urola-erdia-y-goierri-innovacion-social-y-tecnologica-en-el-desarrollo-local\\\/\",\"url\":\"https:\\\/\\\/iraurgiberritzen.eus\\\/es\\\/colaboracion-entre-urola-erdia-y-goierri-innovacion-social-y-tecnologica-en-el-desarrollo-local\\\/\",\"name\":\"Colaboraci\u00f3n entre Urola Erdia y Goierri: Innovaci\u00f3n social y tecnol\u00f3gica en el desarrollo local - Iraurgi Berritzen\",\"isPartOf\":{\"@id\":\"https:\\\/\\\/iraurgiberritzen.eus\\\/es\\\/#website\"},\"primaryImageOfPage\":{\"@id\":\"https:\\\/\\\/iraurgiberritzen.eus\\\/es\\\/colaboracion-entre-urola-erdia-y-goierri-innovacion-social-y-tecnologica-en-el-desarrollo-local\\\/#primaryimage\"},\"image\":{\"@id\":\"https:\\\/\\\/iraurgiberritzen.eus\\\/es\\\/colaboracion-entre-urola-erdia-y-goierri-innovacion-social-y-tecnologica-en-el-desarrollo-local\\\/#primaryimage\"},\"thumbnailUrl\":\"https:\\\/\\\/iraurgiberritzen.eus\\\/wp-content\\\/uploads\\\/2023\\\/09\\\/339a0e1449b6b4062056bc300d87e893.jpg\",\"datePublished\":\"2014-04-07T22:00:00+00:00\",\"breadcrumb\":{\"@id\":\"https:\\\/\\\/iraurgiberritzen.eus\\\/es\\\/colaboracion-entre-urola-erdia-y-goierri-innovacion-social-y-tecnologica-en-el-desarrollo-local\\\/#breadcrumb\"},\"inLanguage\":\"es\",\"potentialAction\":[{\"@type\":\"ReadAction\",\"target\":[\"https:\\\/\\\/iraurgiberritzen.eus\\\/es\\\/colaboracion-entre-urola-erdia-y-goierri-innovacion-social-y-tecnologica-en-el-desarrollo-local\\\/\"]}]},{\"@type\":\"ImageObject\",\"inLanguage\":\"es\",\"@id\":\"https:\\\/\\\/iraurgiberritzen.eus\\\/es\\\/colaboracion-entre-urola-erdia-y-goierri-innovacion-social-y-tecnologica-en-el-desarrollo-local\\\/#primaryimage\",\"url\":\"https:\\\/\\\/iraurgiberritzen.eus\\\/wp-content\\\/uploads\\\/2023\\\/09\\\/339a0e1449b6b4062056bc300d87e893.jpg\",\"contentUrl\":\"https:\\\/\\\/iraurgiberritzen.eus\\\/wp-content\\\/uploads\\\/2023\\\/09\\\/339a0e1449b6b4062056bc300d87e893.jpg\",\"width\":600,\"height\":450},{\"@type\":\"BreadcrumbList\",\"@id\":\"https:\\\/\\\/iraurgiberritzen.eus\\\/es\\\/colaboracion-entre-urola-erdia-y-goierri-innovacion-social-y-tecnologica-en-el-desarrollo-local\\\/#breadcrumb\",\"itemListElement\":[{\"@type\":\"ListItem\",\"position\":1,\"name\":\"Home\",\"item\":\"https:\\\/\\\/iraurgiberritzen.eus\\\/es\\\/\"},{\"@type\":\"ListItem\",\"position\":2,\"name\":\"Colaboraci\u00f3n entre Urola Erdia y Goierri: Innovaci\u00f3n social y tecnol\u00f3gica en el desarrollo local\"}]},{\"@type\":\"WebSite\",\"@id\":\"https:\\\/\\\/iraurgiberritzen.eus\\\/es\\\/#website\",\"url\":\"https:\\\/\\\/iraurgiberritzen.eus\\\/es\\\/\",\"name\":\"Iraurgi Berritzen\",\"description\":\"Urola Erdiko Garapen Agentzia\",\"publisher\":{\"@id\":\"https:\\\/\\\/iraurgiberritzen.eus\\\/es\\\/#organization\"},\"potentialAction\":[{\"@type\":\"SearchAction\",\"target\":{\"@type\":\"EntryPoint\",\"urlTemplate\":\"https:\\\/\\\/iraurgiberritzen.eus\\\/es\\\/?s={search_term_string}\"},\"query-input\":{\"@type\":\"PropertyValueSpecification\",\"valueRequired\":true,\"valueName\":\"search_term_string\"}}],\"inLanguage\":\"es\"},{\"@type\":\"Organization\",\"@id\":\"https:\\\/\\\/iraurgiberritzen.eus\\\/es\\\/#organization\",\"name\":\"Iraurgi Berritzen\",\"url\":\"https:\\\/\\\/iraurgiberritzen.eus\\\/es\\\/\",\"logo\":{\"@type\":\"ImageObject\",\"inLanguage\":\"es\",\"@id\":\"https:\\\/\\\/iraurgiberritzen.eus\\\/es\\\/#\\\/schema\\\/logo\\\/image\\\/\",\"url\":\"https:\\\/\\\/iraurgiberritzen.eus\\\/wp-content\\\/uploads\\\/2024\\\/02\\\/IRAURGI-BERRITZEN-logotipoa_2.png\",\"contentUrl\":\"https:\\\/\\\/iraurgiberritzen.eus\\\/wp-content\\\/uploads\\\/2024\\\/02\\\/IRAURGI-BERRITZEN-logotipoa_2.png\",\"width\":496,\"height\":190,\"caption\":\"Iraurgi Berritzen\"},\"image\":{\"@id\":\"https:\\\/\\\/iraurgiberritzen.eus\\\/es\\\/#\\\/schema\\\/logo\\\/image\\\/\"}},{\"@type\":\"Person\",\"@id\":\"https:\\\/\\\/iraurgiberritzen.eus\\\/es\\\/#\\\/schema\\\/person\\\/5ab41aaf388a9097177601ebf45738d2\",\"name\":\"kudeatzailea\",\"sameAs\":[\"https:\\\/\\\/iraurgiberritzen.eus\"]}]}<\/script>\n<!-- \/ Yoast SEO plugin. -->","yoast_head_json":{"title":"Colaboraci\u00f3n entre Urola Erdia y Goierri: Innovaci\u00f3n social y tecnol\u00f3gica en el desarrollo local - Iraurgi Berritzen","robots":{"index":"index","follow":"follow","max-snippet":"max-snippet:-1","max-image-preview":"max-image-preview:large","max-video-preview":"max-video-preview:-1"},"canonical":"https:\/\/iraurgiberritzen.eus\/es\/colaboracion-entre-urola-erdia-y-goierri-innovacion-social-y-tecnologica-en-el-desarrollo-local\/","og_locale":"es_ES","og_type":"article","og_title":"Colaboraci\u00f3n entre Urola Erdia y Goierri: Innovaci\u00f3n social y tecnol\u00f3gica en el desarrollo local - Iraurgi Berritzen","og_description":"Las comarcas de Urola Erdia y de Goierri, hemos impulsado un proceso de aprendizaje en cooperaci\u00f3n, para impulsar un modelo de desarrollo local basado en el equilibrio entre innovaci\u00f3n social y tecnol\u00f3gica. El proyecto se ha desarrollado con la ayuda de la Diputaci\u00f3n Foral de Gipuzkoa, y la metodolog\u00eda se llevar\u00e1 a cabo en colaboraci\u00f3n [&hellip;]","og_url":"https:\/\/iraurgiberritzen.eus\/es\/colaboracion-entre-urola-erdia-y-goierri-innovacion-social-y-tecnologica-en-el-desarrollo-local\/","og_site_name":"Iraurgi Berritzen","article_published_time":"2014-04-07T22:00:00+00:00","author":"kudeatzailea","twitter_card":"summary_large_image","twitter_misc":{"Escrito por":"kudeatzailea","Tiempo de lectura":"1 minuto"},"schema":{"@context":"https:\/\/schema.org","@graph":[{"@type":"Article","@id":"https:\/\/iraurgiberritzen.eus\/es\/colaboracion-entre-urola-erdia-y-goierri-innovacion-social-y-tecnologica-en-el-desarrollo-local\/#article","isPartOf":{"@id":"https:\/\/iraurgiberritzen.eus\/es\/colaboracion-entre-urola-erdia-y-goierri-innovacion-social-y-tecnologica-en-el-desarrollo-local\/"},"author":{"name":"kudeatzailea","@id":"https:\/\/iraurgiberritzen.eus\/es\/#\/schema\/person\/5ab41aaf388a9097177601ebf45738d2"},"headline":"Colaboraci\u00f3n entre Urola Erdia y Goierri: Innovaci\u00f3n social y tecnol\u00f3gica en el desarrollo local","datePublished":"2014-04-07T22:00:00+00:00","mainEntityOfPage":{"@id":"https:\/\/iraurgiberritzen.eus\/es\/colaboracion-entre-urola-erdia-y-goierri-innovacion-social-y-tecnologica-en-el-desarrollo-local\/"},"wordCount":204,"publisher":{"@id":"https:\/\/iraurgiberritzen.eus\/es\/#organization"},"image":{"@id":"https:\/\/iraurgiberritzen.eus\/es\/colaboracion-entre-urola-erdia-y-goierri-innovacion-social-y-tecnologica-en-el-desarrollo-local\/#primaryimage"},"thumbnailUrl":"https:\/\/iraurgiberritzen.eus\/wp-content\/uploads\/2023\/09\/339a0e1449b6b4062056bc300d87e893.jpg","articleSection":["Noticias"],"inLanguage":"es"},{"@type":"WebPage","@id":"https:\/\/iraurgiberritzen.eus\/es\/colaboracion-entre-urola-erdia-y-goierri-innovacion-social-y-tecnologica-en-el-desarrollo-local\/","url":"https:\/\/iraurgiberritzen.eus\/es\/colaboracion-entre-urola-erdia-y-goierri-innovacion-social-y-tecnologica-en-el-desarrollo-local\/","name":"Colaboraci\u00f3n entre Urola Erdia y Goierri: Innovaci\u00f3n social y tecnol\u00f3gica en el desarrollo local - Iraurgi Berritzen","isPartOf":{"@id":"https:\/\/iraurgiberritzen.eus\/es\/#website"},"primaryImageOfPage":{"@id":"https:\/\/iraurgiberritzen.eus\/es\/colaboracion-entre-urola-erdia-y-goierri-innovacion-social-y-tecnologica-en-el-desarrollo-local\/#primaryimage"},"image":{"@id":"https:\/\/iraurgiberritzen.eus\/es\/colaboracion-entre-urola-erdia-y-goierri-innovacion-social-y-tecnologica-en-el-desarrollo-local\/#primaryimage"},"thumbnailUrl":"https:\/\/iraurgiberritzen.eus\/wp-content\/uploads\/2023\/09\/339a0e1449b6b4062056bc300d87e893.jpg","datePublished":"2014-04-07T22:00:00+00:00","breadcrumb":{"@id":"https:\/\/iraurgiberritzen.eus\/es\/colaboracion-entre-urola-erdia-y-goierri-innovacion-social-y-tecnologica-en-el-desarrollo-local\/#breadcrumb"},"inLanguage":"es","potentialAction":[{"@type":"ReadAction","target":["https:\/\/iraurgiberritzen.eus\/es\/colaboracion-entre-urola-erdia-y-goierri-innovacion-social-y-tecnologica-en-el-desarrollo-local\/"]}]},{"@type":"ImageObject","inLanguage":"es","@id":"https:\/\/iraurgiberritzen.eus\/es\/colaboracion-entre-urola-erdia-y-goierri-innovacion-social-y-tecnologica-en-el-desarrollo-local\/#primaryimage","url":"https:\/\/iraurgiberritzen.eus\/wp-content\/uploads\/2023\/09\/339a0e1449b6b4062056bc300d87e893.jpg","contentUrl":"https:\/\/iraurgiberritzen.eus\/wp-content\/uploads\/2023\/09\/339a0e1449b6b4062056bc300d87e893.jpg","width":600,"height":450},{"@type":"BreadcrumbList","@id":"https:\/\/iraurgiberritzen.eus\/es\/colaboracion-entre-urola-erdia-y-goierri-innovacion-social-y-tecnologica-en-el-desarrollo-local\/#breadcrumb","itemListElement":[{"@type":"ListItem","position":1,"name":"Home","item":"https:\/\/iraurgiberritzen.eus\/es\/"},{"@type":"ListItem","position":2,"name":"Colaboraci\u00f3n entre Urola Erdia y Goierri: Innovaci\u00f3n social y tecnol\u00f3gica en el desarrollo local"}]},{"@type":"WebSite","@id":"https:\/\/iraurgiberritzen.eus\/es\/#website","url":"https:\/\/iraurgiberritzen.eus\/es\/","name":"Iraurgi Berritzen","description":"Urola Erdiko Garapen Agentzia","publisher":{"@id":"https:\/\/iraurgiberritzen.eus\/es\/#organization"},"potentialAction":[{"@type":"SearchAction","target":{"@type":"EntryPoint","urlTemplate":"https:\/\/iraurgiberritzen.eus\/es\/?s={search_term_string}"},"query-input":{"@type":"PropertyValueSpecification","valueRequired":true,"valueName":"search_term_string"}}],"inLanguage":"es"},{"@type":"Organization","@id":"https:\/\/iraurgiberritzen.eus\/es\/#organization","name":"Iraurgi Berritzen","url":"https:\/\/iraurgiberritzen.eus\/es\/","logo":{"@type":"ImageObject","inLanguage":"es","@id":"https:\/\/iraurgiberritzen.eus\/es\/#\/schema\/logo\/image\/","url":"https:\/\/iraurgiberritzen.eus\/wp-content\/uploads\/2024\/02\/IRAURGI-BERRITZEN-logotipoa_2.png","contentUrl":"https:\/\/iraurgiberritzen.eus\/wp-content\/uploads\/2024\/02\/IRAURGI-BERRITZEN-logotipoa_2.png","width":496,"height":190,"caption":"Iraurgi Berritzen"},"image":{"@id":"https:\/\/iraurgiberritzen.eus\/es\/#\/schema\/logo\/image\/"}},{"@type":"Person","@id":"https:\/\/iraurgiberritzen.eus\/es\/#\/schema\/person\/5ab41aaf388a9097177601ebf45738d2","name":"kudeatzailea","sameAs":["https:\/\/iraurgiberritzen.eus"]}]}},"_links":{"self":[{"href":"https:\/\/iraurgiberritzen.eus\/es\/wp-json\/wp\/v2\/posts\/11727","targetHints":{"allow":["GET"]}}],"collection":[{"href":"https:\/\/iraurgiberritzen.eus\/es\/wp-json\/wp\/v2\/posts"}],"about":[{"href":"https:\/\/iraurgiberritzen.eus\/es\/wp-json\/wp\/v2\/types\/post"}],"author":[{"embeddable":true,"href":"https:\/\/iraurgiberritzen.eus\/es\/wp-json\/wp\/v2\/users\/1"}],"replies":[{"embeddable":true,"href":"https:\/\/iraurgiberritzen.eus\/es\/wp-json\/wp\/v2\/comments?post=11727"}],"version-history":[{"count":0,"href":"https:\/\/iraurgiberritzen.eus\/es\/wp-json\/wp\/v2\/posts\/11727\/revisions"}],"wp:featuredmedia":[{"embeddable":true,"href":"https:\/\/iraurgiberritzen.eus\/es\/wp-json\/wp\/v2\/media\/18076"}],"wp:attachment":[{"href":"https:\/\/iraurgiberritzen.eus\/es\/wp-json\/wp\/v2\/media?parent=11727"}],"wp:term":[{"taxonomy":"category","embeddable":true,"href":"https:\/\/iraurgiberritzen.eus\/es\/wp-json\/wp\/v2\/categories?post=11727"},{"taxonomy":"post_tag","embeddable":true,"href":"https:\/\/iraurgiberritzen.eus\/es\/wp-json\/wp\/v2\/tags?post=11727"}],"curies":[{"name":"wp","href":"https:\/\/api.w.org\/{rel}","templated":true}]}}