{"id":11730,"date":"2014-05-25T00:00:00","date_gmt":"2014-05-24T22:00:00","guid":{"rendered":"https:\/\/iraurgiberritzen.eus\/alumnos-y-representantes-economicos-diferentes-de-la-comarca-colaborando-en-el-marco-del-proyecto-elkarrekin-eraikitzen\/"},"modified":"2014-05-25T00:00:00","modified_gmt":"2014-05-24T22:00:00","slug":"alumnos-y-representantes-economicos-diferentes-de-la-comarca-colaborando-en-el-marco-del-proyecto-elkarrekin-eraikitzen","status":"publish","type":"post","link":"https:\/\/iraurgiberritzen.eus\/es\/alumnos-y-representantes-economicos-diferentes-de-la-comarca-colaborando-en-el-marco-del-proyecto-elkarrekin-eraikitzen\/","title":{"rendered":"Alumnos y representantes econ\u00f3micos diferentes de la comarca colaborando en el marco del proyecto ELKARREKIN ERAIKITZEN"},"content":{"rendered":"<p style=\"text-align: justify;\">El pasado viernes finaliz\u00f3 la primera fase del proyecto, donde <strong>15 profesores de los 5 centros de la comarca han compartido un proceso de formaci\u00f3n orientado ha trabajar con nuevas metodolog\u00edas de ense\u00f1anza,<\/strong> metodolog\u00edas como \u201cTeam Academy\u201d y Design Service\u201d.<\/p>\n<p style=\"text-align: justify;\">Han compartido un proceso de 4 sesiones, en el cual, han contrastado las diferentes perspectivas del proceso, lo que ha sido valorado de forma muy positiva. Cada uno aplicar\u00e1 las herramientas adquiridas, en el proyecto de definido desde la perspectiva de cada centro.<\/p>\n<p style=\"text-align: justify;\">En estos momentos <strong>cada uno esta trabajando sobre su propio proyecto<\/strong>. El cual, se esta desplegado en el marco correspondiente, decidido por cada centro, y el principal objetivo es que, los alumnos, organizados por equipos, trabajen sobre diferentes situaciones reales que hoy d\u00eda se est\u00e1n dando en los diferentes agentes que conforman el marco econ\u00f3mico de la comarca. El objetivo es que para finales de mayo el proyecto este finalizado.<\/p>\n<p style=\"text-align: justify;\">En el proyecto est\u00e1n participando <strong>15 profesores y m\u00e1s de 200 alumnos<\/strong>. Adem\u00e1s de estos, tambi\u00e9n est\u00e1n participando en el proceso, diferentes responsables de agentes econ\u00f3micos que conforman la comarca (<strong>Representantes de 17 empresas, de los ayuntamientos de azkoitia y azpeitia, de Iraurgi Berritzen, de Urkome, de los centros de salud, hoteles, carnicer\u00edas, comercios<\/strong>\u2026).<\/p>\n<p><strong>P\u00e1gina web del proyecto: <\/strong><\/p>\n<p style=\"text-align: justify;\"><span><span><span><span><strong><span><a href=\"http:\/\/elkarrekineraikitzen.wordpress.com\/hasiera\/\" target=\"_blank\" rel=\"noopener\">www.elkarrekineraikitzen.wordpress.com<\/a><\/span><\/strong><\/span><\/span><\/span><\/span><\/p>\n","protected":false},"excerpt":{"rendered":"<p>El pasado viernes finaliz\u00f3 la primera fase del proyecto, donde 15 profesores de los 5 centros de la comarca han compartido un proceso de formaci\u00f3n orientado ha trabajar con nuevas metodolog\u00edas de ense\u00f1anza, metodolog\u00edas como \u201cTeam Academy\u201d y Design Service\u201d. Han compartido un proceso de 4 sesiones, en el cual, han contrastado las diferentes perspectivas [&hellip;]<\/p>\n","protected":false},"author":1,"featured_media":18077,"comment_status":"closed","ping_status":"closed","sticky":false,"template":"","format":"standard","meta":{"_acf_changed":false,"footnotes":""},"categories":[4],"tags":[],"class_list":["post-11730","post","type-post","status-publish","format-standard","has-post-thumbnail","hentry","category-noticias"],"acf":[],"yoast_head":"<!-- This site is optimized with the Yoast SEO plugin v27.4 - https:\/\/yoast.com\/product\/yoast-seo-wordpress\/ -->\n<title>Alumnos y representantes econ\u00f3micos diferentes de la comarca colaborando en el marco del proyecto ELKARREKIN ERAIKITZEN - Iraurgi Berritzen<\/title>\n<meta name=\"robots\" content=\"index, follow, max-snippet:-1, max-image-preview:large, max-video-preview:-1\" \/>\n<link rel=\"canonical\" href=\"https:\/\/iraurgiberritzen.eus\/es\/alumnos-y-representantes-economicos-diferentes-de-la-comarca-colaborando-en-el-marco-del-proyecto-elkarrekin-eraikitzen\/\" \/>\n<meta property=\"og:locale\" content=\"es_ES\" \/>\n<meta property=\"og:type\" content=\"article\" \/>\n<meta property=\"og:title\" content=\"Alumnos y representantes econ\u00f3micos diferentes de la comarca colaborando en el marco del proyecto ELKARREKIN ERAIKITZEN - Iraurgi Berritzen\" \/>\n<meta property=\"og:description\" content=\"El pasado viernes finaliz\u00f3 la primera fase del proyecto, donde 15 profesores de los 5 centros de la comarca han compartido un proceso de formaci\u00f3n orientado ha trabajar con nuevas metodolog\u00edas de ense\u00f1anza, metodolog\u00edas como \u201cTeam Academy\u201d y Design Service\u201d. Han compartido un proceso de 4 sesiones, en el cual, han contrastado las diferentes perspectivas [&hellip;]\" \/>\n<meta property=\"og:url\" content=\"https:\/\/iraurgiberritzen.eus\/es\/alumnos-y-representantes-economicos-diferentes-de-la-comarca-colaborando-en-el-marco-del-proyecto-elkarrekin-eraikitzen\/\" \/>\n<meta property=\"og:site_name\" content=\"Iraurgi Berritzen\" \/>\n<meta property=\"article:published_time\" content=\"2014-05-24T22:00:00+00:00\" \/>\n<meta name=\"author\" content=\"kudeatzailea\" \/>\n<meta name=\"twitter:card\" content=\"summary_large_image\" \/>\n<meta name=\"twitter:label1\" content=\"Escrito por\" \/>\n\t<meta name=\"twitter:data1\" content=\"kudeatzailea\" \/>\n\t<meta name=\"twitter:label2\" content=\"Tiempo de lectura\" \/>\n\t<meta name=\"twitter:data2\" content=\"1 minuto\" \/>\n<script type=\"application\/ld+json\" class=\"yoast-schema-graph\">{\"@context\":\"https:\\\/\\\/schema.org\",\"@graph\":[{\"@type\":\"Article\",\"@id\":\"https:\\\/\\\/iraurgiberritzen.eus\\\/es\\\/alumnos-y-representantes-economicos-diferentes-de-la-comarca-colaborando-en-el-marco-del-proyecto-elkarrekin-eraikitzen\\\/#article\",\"isPartOf\":{\"@id\":\"https:\\\/\\\/iraurgiberritzen.eus\\\/es\\\/alumnos-y-representantes-economicos-diferentes-de-la-comarca-colaborando-en-el-marco-del-proyecto-elkarrekin-eraikitzen\\\/\"},\"author\":{\"name\":\"kudeatzailea\",\"@id\":\"https:\\\/\\\/iraurgiberritzen.eus\\\/es\\\/#\\\/schema\\\/person\\\/5ab41aaf388a9097177601ebf45738d2\"},\"headline\":\"Alumnos y representantes econ\u00f3micos diferentes de la comarca colaborando en el marco del proyecto ELKARREKIN ERAIKITZEN\",\"datePublished\":\"2014-05-24T22:00:00+00:00\",\"mainEntityOfPage\":{\"@id\":\"https:\\\/\\\/iraurgiberritzen.eus\\\/es\\\/alumnos-y-representantes-economicos-diferentes-de-la-comarca-colaborando-en-el-marco-del-proyecto-elkarrekin-eraikitzen\\\/\"},\"wordCount\":241,\"publisher\":{\"@id\":\"https:\\\/\\\/iraurgiberritzen.eus\\\/es\\\/#organization\"},\"image\":{\"@id\":\"https:\\\/\\\/iraurgiberritzen.eus\\\/es\\\/alumnos-y-representantes-economicos-diferentes-de-la-comarca-colaborando-en-el-marco-del-proyecto-elkarrekin-eraikitzen\\\/#primaryimage\"},\"thumbnailUrl\":\"https:\\\/\\\/iraurgiberritzen.eus\\\/wp-content\\\/uploads\\\/2023\\\/09\\\/83c2446a0896df0a1f4af01c940ae1d9.jpg\",\"articleSection\":[\"Noticias\"],\"inLanguage\":\"es\"},{\"@type\":\"WebPage\",\"@id\":\"https:\\\/\\\/iraurgiberritzen.eus\\\/es\\\/alumnos-y-representantes-economicos-diferentes-de-la-comarca-colaborando-en-el-marco-del-proyecto-elkarrekin-eraikitzen\\\/\",\"url\":\"https:\\\/\\\/iraurgiberritzen.eus\\\/es\\\/alumnos-y-representantes-economicos-diferentes-de-la-comarca-colaborando-en-el-marco-del-proyecto-elkarrekin-eraikitzen\\\/\",\"name\":\"Alumnos y representantes econ\u00f3micos diferentes de la comarca colaborando en el marco del proyecto ELKARREKIN ERAIKITZEN - Iraurgi Berritzen\",\"isPartOf\":{\"@id\":\"https:\\\/\\\/iraurgiberritzen.eus\\\/es\\\/#website\"},\"primaryImageOfPage\":{\"@id\":\"https:\\\/\\\/iraurgiberritzen.eus\\\/es\\\/alumnos-y-representantes-economicos-diferentes-de-la-comarca-colaborando-en-el-marco-del-proyecto-elkarrekin-eraikitzen\\\/#primaryimage\"},\"image\":{\"@id\":\"https:\\\/\\\/iraurgiberritzen.eus\\\/es\\\/alumnos-y-representantes-economicos-diferentes-de-la-comarca-colaborando-en-el-marco-del-proyecto-elkarrekin-eraikitzen\\\/#primaryimage\"},\"thumbnailUrl\":\"https:\\\/\\\/iraurgiberritzen.eus\\\/wp-content\\\/uploads\\\/2023\\\/09\\\/83c2446a0896df0a1f4af01c940ae1d9.jpg\",\"datePublished\":\"2014-05-24T22:00:00+00:00\",\"breadcrumb\":{\"@id\":\"https:\\\/\\\/iraurgiberritzen.eus\\\/es\\\/alumnos-y-representantes-economicos-diferentes-de-la-comarca-colaborando-en-el-marco-del-proyecto-elkarrekin-eraikitzen\\\/#breadcrumb\"},\"inLanguage\":\"es\",\"potentialAction\":[{\"@type\":\"ReadAction\",\"target\":[\"https:\\\/\\\/iraurgiberritzen.eus\\\/es\\\/alumnos-y-representantes-economicos-diferentes-de-la-comarca-colaborando-en-el-marco-del-proyecto-elkarrekin-eraikitzen\\\/\"]}]},{\"@type\":\"ImageObject\",\"inLanguage\":\"es\",\"@id\":\"https:\\\/\\\/iraurgiberritzen.eus\\\/es\\\/alumnos-y-representantes-economicos-diferentes-de-la-comarca-colaborando-en-el-marco-del-proyecto-elkarrekin-eraikitzen\\\/#primaryimage\",\"url\":\"https:\\\/\\\/iraurgiberritzen.eus\\\/wp-content\\\/uploads\\\/2023\\\/09\\\/83c2446a0896df0a1f4af01c940ae1d9.jpg\",\"contentUrl\":\"https:\\\/\\\/iraurgiberritzen.eus\\\/wp-content\\\/uploads\\\/2023\\\/09\\\/83c2446a0896df0a1f4af01c940ae1d9.jpg\",\"width\":600,\"height\":450},{\"@type\":\"BreadcrumbList\",\"@id\":\"https:\\\/\\\/iraurgiberritzen.eus\\\/es\\\/alumnos-y-representantes-economicos-diferentes-de-la-comarca-colaborando-en-el-marco-del-proyecto-elkarrekin-eraikitzen\\\/#breadcrumb\",\"itemListElement\":[{\"@type\":\"ListItem\",\"position\":1,\"name\":\"Home\",\"item\":\"https:\\\/\\\/iraurgiberritzen.eus\\\/es\\\/\"},{\"@type\":\"ListItem\",\"position\":2,\"name\":\"Alumnos y representantes econ\u00f3micos diferentes de la comarca colaborando en el marco del proyecto ELKARREKIN ERAIKITZEN\"}]},{\"@type\":\"WebSite\",\"@id\":\"https:\\\/\\\/iraurgiberritzen.eus\\\/es\\\/#website\",\"url\":\"https:\\\/\\\/iraurgiberritzen.eus\\\/es\\\/\",\"name\":\"Iraurgi Berritzen\",\"description\":\"Urola Erdiko Garapen Agentzia\",\"publisher\":{\"@id\":\"https:\\\/\\\/iraurgiberritzen.eus\\\/es\\\/#organization\"},\"potentialAction\":[{\"@type\":\"SearchAction\",\"target\":{\"@type\":\"EntryPoint\",\"urlTemplate\":\"https:\\\/\\\/iraurgiberritzen.eus\\\/es\\\/?s={search_term_string}\"},\"query-input\":{\"@type\":\"PropertyValueSpecification\",\"valueRequired\":true,\"valueName\":\"search_term_string\"}}],\"inLanguage\":\"es\"},{\"@type\":\"Organization\",\"@id\":\"https:\\\/\\\/iraurgiberritzen.eus\\\/es\\\/#organization\",\"name\":\"Iraurgi Berritzen\",\"url\":\"https:\\\/\\\/iraurgiberritzen.eus\\\/es\\\/\",\"logo\":{\"@type\":\"ImageObject\",\"inLanguage\":\"es\",\"@id\":\"https:\\\/\\\/iraurgiberritzen.eus\\\/es\\\/#\\\/schema\\\/logo\\\/image\\\/\",\"url\":\"https:\\\/\\\/iraurgiberritzen.eus\\\/wp-content\\\/uploads\\\/2024\\\/02\\\/IRAURGI-BERRITZEN-logotipoa_2.png\",\"contentUrl\":\"https:\\\/\\\/iraurgiberritzen.eus\\\/wp-content\\\/uploads\\\/2024\\\/02\\\/IRAURGI-BERRITZEN-logotipoa_2.png\",\"width\":496,\"height\":190,\"caption\":\"Iraurgi Berritzen\"},\"image\":{\"@id\":\"https:\\\/\\\/iraurgiberritzen.eus\\\/es\\\/#\\\/schema\\\/logo\\\/image\\\/\"}},{\"@type\":\"Person\",\"@id\":\"https:\\\/\\\/iraurgiberritzen.eus\\\/es\\\/#\\\/schema\\\/person\\\/5ab41aaf388a9097177601ebf45738d2\",\"name\":\"kudeatzailea\",\"sameAs\":[\"https:\\\/\\\/iraurgiberritzen.eus\"]}]}<\/script>\n<!-- \/ Yoast SEO plugin. -->","yoast_head_json":{"title":"Alumnos y representantes econ\u00f3micos diferentes de la comarca colaborando en el marco del proyecto ELKARREKIN ERAIKITZEN - Iraurgi Berritzen","robots":{"index":"index","follow":"follow","max-snippet":"max-snippet:-1","max-image-preview":"max-image-preview:large","max-video-preview":"max-video-preview:-1"},"canonical":"https:\/\/iraurgiberritzen.eus\/es\/alumnos-y-representantes-economicos-diferentes-de-la-comarca-colaborando-en-el-marco-del-proyecto-elkarrekin-eraikitzen\/","og_locale":"es_ES","og_type":"article","og_title":"Alumnos y representantes econ\u00f3micos diferentes de la comarca colaborando en el marco del proyecto ELKARREKIN ERAIKITZEN - Iraurgi Berritzen","og_description":"El pasado viernes finaliz\u00f3 la primera fase del proyecto, donde 15 profesores de los 5 centros de la comarca han compartido un proceso de formaci\u00f3n orientado ha trabajar con nuevas metodolog\u00edas de ense\u00f1anza, metodolog\u00edas como \u201cTeam Academy\u201d y Design Service\u201d. Han compartido un proceso de 4 sesiones, en el cual, han contrastado las diferentes perspectivas [&hellip;]","og_url":"https:\/\/iraurgiberritzen.eus\/es\/alumnos-y-representantes-economicos-diferentes-de-la-comarca-colaborando-en-el-marco-del-proyecto-elkarrekin-eraikitzen\/","og_site_name":"Iraurgi Berritzen","article_published_time":"2014-05-24T22:00:00+00:00","author":"kudeatzailea","twitter_card":"summary_large_image","twitter_misc":{"Escrito por":"kudeatzailea","Tiempo de lectura":"1 minuto"},"schema":{"@context":"https:\/\/schema.org","@graph":[{"@type":"Article","@id":"https:\/\/iraurgiberritzen.eus\/es\/alumnos-y-representantes-economicos-diferentes-de-la-comarca-colaborando-en-el-marco-del-proyecto-elkarrekin-eraikitzen\/#article","isPartOf":{"@id":"https:\/\/iraurgiberritzen.eus\/es\/alumnos-y-representantes-economicos-diferentes-de-la-comarca-colaborando-en-el-marco-del-proyecto-elkarrekin-eraikitzen\/"},"author":{"name":"kudeatzailea","@id":"https:\/\/iraurgiberritzen.eus\/es\/#\/schema\/person\/5ab41aaf388a9097177601ebf45738d2"},"headline":"Alumnos y representantes econ\u00f3micos diferentes de la comarca colaborando en el marco del proyecto ELKARREKIN ERAIKITZEN","datePublished":"2014-05-24T22:00:00+00:00","mainEntityOfPage":{"@id":"https:\/\/iraurgiberritzen.eus\/es\/alumnos-y-representantes-economicos-diferentes-de-la-comarca-colaborando-en-el-marco-del-proyecto-elkarrekin-eraikitzen\/"},"wordCount":241,"publisher":{"@id":"https:\/\/iraurgiberritzen.eus\/es\/#organization"},"image":{"@id":"https:\/\/iraurgiberritzen.eus\/es\/alumnos-y-representantes-economicos-diferentes-de-la-comarca-colaborando-en-el-marco-del-proyecto-elkarrekin-eraikitzen\/#primaryimage"},"thumbnailUrl":"https:\/\/iraurgiberritzen.eus\/wp-content\/uploads\/2023\/09\/83c2446a0896df0a1f4af01c940ae1d9.jpg","articleSection":["Noticias"],"inLanguage":"es"},{"@type":"WebPage","@id":"https:\/\/iraurgiberritzen.eus\/es\/alumnos-y-representantes-economicos-diferentes-de-la-comarca-colaborando-en-el-marco-del-proyecto-elkarrekin-eraikitzen\/","url":"https:\/\/iraurgiberritzen.eus\/es\/alumnos-y-representantes-economicos-diferentes-de-la-comarca-colaborando-en-el-marco-del-proyecto-elkarrekin-eraikitzen\/","name":"Alumnos y representantes econ\u00f3micos diferentes de la comarca colaborando en el marco del proyecto ELKARREKIN ERAIKITZEN - Iraurgi Berritzen","isPartOf":{"@id":"https:\/\/iraurgiberritzen.eus\/es\/#website"},"primaryImageOfPage":{"@id":"https:\/\/iraurgiberritzen.eus\/es\/alumnos-y-representantes-economicos-diferentes-de-la-comarca-colaborando-en-el-marco-del-proyecto-elkarrekin-eraikitzen\/#primaryimage"},"image":{"@id":"https:\/\/iraurgiberritzen.eus\/es\/alumnos-y-representantes-economicos-diferentes-de-la-comarca-colaborando-en-el-marco-del-proyecto-elkarrekin-eraikitzen\/#primaryimage"},"thumbnailUrl":"https:\/\/iraurgiberritzen.eus\/wp-content\/uploads\/2023\/09\/83c2446a0896df0a1f4af01c940ae1d9.jpg","datePublished":"2014-05-24T22:00:00+00:00","breadcrumb":{"@id":"https:\/\/iraurgiberritzen.eus\/es\/alumnos-y-representantes-economicos-diferentes-de-la-comarca-colaborando-en-el-marco-del-proyecto-elkarrekin-eraikitzen\/#breadcrumb"},"inLanguage":"es","potentialAction":[{"@type":"ReadAction","target":["https:\/\/iraurgiberritzen.eus\/es\/alumnos-y-representantes-economicos-diferentes-de-la-comarca-colaborando-en-el-marco-del-proyecto-elkarrekin-eraikitzen\/"]}]},{"@type":"ImageObject","inLanguage":"es","@id":"https:\/\/iraurgiberritzen.eus\/es\/alumnos-y-representantes-economicos-diferentes-de-la-comarca-colaborando-en-el-marco-del-proyecto-elkarrekin-eraikitzen\/#primaryimage","url":"https:\/\/iraurgiberritzen.eus\/wp-content\/uploads\/2023\/09\/83c2446a0896df0a1f4af01c940ae1d9.jpg","contentUrl":"https:\/\/iraurgiberritzen.eus\/wp-content\/uploads\/2023\/09\/83c2446a0896df0a1f4af01c940ae1d9.jpg","width":600,"height":450},{"@type":"BreadcrumbList","@id":"https:\/\/iraurgiberritzen.eus\/es\/alumnos-y-representantes-economicos-diferentes-de-la-comarca-colaborando-en-el-marco-del-proyecto-elkarrekin-eraikitzen\/#breadcrumb","itemListElement":[{"@type":"ListItem","position":1,"name":"Home","item":"https:\/\/iraurgiberritzen.eus\/es\/"},{"@type":"ListItem","position":2,"name":"Alumnos y representantes econ\u00f3micos diferentes de la comarca colaborando en el marco del proyecto ELKARREKIN ERAIKITZEN"}]},{"@type":"WebSite","@id":"https:\/\/iraurgiberritzen.eus\/es\/#website","url":"https:\/\/iraurgiberritzen.eus\/es\/","name":"Iraurgi Berritzen","description":"Urola Erdiko Garapen Agentzia","publisher":{"@id":"https:\/\/iraurgiberritzen.eus\/es\/#organization"},"potentialAction":[{"@type":"SearchAction","target":{"@type":"EntryPoint","urlTemplate":"https:\/\/iraurgiberritzen.eus\/es\/?s={search_term_string}"},"query-input":{"@type":"PropertyValueSpecification","valueRequired":true,"valueName":"search_term_string"}}],"inLanguage":"es"},{"@type":"Organization","@id":"https:\/\/iraurgiberritzen.eus\/es\/#organization","name":"Iraurgi Berritzen","url":"https:\/\/iraurgiberritzen.eus\/es\/","logo":{"@type":"ImageObject","inLanguage":"es","@id":"https:\/\/iraurgiberritzen.eus\/es\/#\/schema\/logo\/image\/","url":"https:\/\/iraurgiberritzen.eus\/wp-content\/uploads\/2024\/02\/IRAURGI-BERRITZEN-logotipoa_2.png","contentUrl":"https:\/\/iraurgiberritzen.eus\/wp-content\/uploads\/2024\/02\/IRAURGI-BERRITZEN-logotipoa_2.png","width":496,"height":190,"caption":"Iraurgi Berritzen"},"image":{"@id":"https:\/\/iraurgiberritzen.eus\/es\/#\/schema\/logo\/image\/"}},{"@type":"Person","@id":"https:\/\/iraurgiberritzen.eus\/es\/#\/schema\/person\/5ab41aaf388a9097177601ebf45738d2","name":"kudeatzailea","sameAs":["https:\/\/iraurgiberritzen.eus"]}]}},"_links":{"self":[{"href":"https:\/\/iraurgiberritzen.eus\/es\/wp-json\/wp\/v2\/posts\/11730","targetHints":{"allow":["GET"]}}],"collection":[{"href":"https:\/\/iraurgiberritzen.eus\/es\/wp-json\/wp\/v2\/posts"}],"about":[{"href":"https:\/\/iraurgiberritzen.eus\/es\/wp-json\/wp\/v2\/types\/post"}],"author":[{"embeddable":true,"href":"https:\/\/iraurgiberritzen.eus\/es\/wp-json\/wp\/v2\/users\/1"}],"replies":[{"embeddable":true,"href":"https:\/\/iraurgiberritzen.eus\/es\/wp-json\/wp\/v2\/comments?post=11730"}],"version-history":[{"count":0,"href":"https:\/\/iraurgiberritzen.eus\/es\/wp-json\/wp\/v2\/posts\/11730\/revisions"}],"wp:featuredmedia":[{"embeddable":true,"href":"https:\/\/iraurgiberritzen.eus\/es\/wp-json\/wp\/v2\/media\/18077"}],"wp:attachment":[{"href":"https:\/\/iraurgiberritzen.eus\/es\/wp-json\/wp\/v2\/media?parent=11730"}],"wp:term":[{"taxonomy":"category","embeddable":true,"href":"https:\/\/iraurgiberritzen.eus\/es\/wp-json\/wp\/v2\/categories?post=11730"},{"taxonomy":"post_tag","embeddable":true,"href":"https:\/\/iraurgiberritzen.eus\/es\/wp-json\/wp\/v2\/tags?post=11730"}],"curies":[{"name":"wp","href":"https:\/\/api.w.org\/{rel}","templated":true}]}}