{"id":11733,"date":"2014-03-20T00:00:00","date_gmt":"2014-03-19T22:00:00","guid":{"rendered":"https:\/\/iraurgiberritzen.eus\/iraurgi-berritzen-participa-en-gipuzkoa-sarean-en-colaboracion-con-otras-comarcas\/"},"modified":"2014-03-20T00:00:00","modified_gmt":"2014-03-19T22:00:00","slug":"iraurgi-berritzen-participa-en-gipuzkoa-sarean-en-colaboracion-con-otras-comarcas","status":"publish","type":"post","link":"https:\/\/iraurgiberritzen.eus\/es\/iraurgi-berritzen-participa-en-gipuzkoa-sarean-en-colaboracion-con-otras-comarcas\/","title":{"rendered":"Iraurgi Berritzen, participa en Gipuzkoa Sarean en colaboraci\u00f3n con otras comarcas"},"content":{"rendered":"<p style=\"text-align: justify;\">La Diputaci\u00f3n Foral de Gipuzkoa, desde la Direcci\u00f3n de Desarrollo Territorial, ha invitado a los representantes de las once comarcas de Gipuzkoa, al proceso de construcci\u00f3n de un nuevo modelo de desarrollo territorial.<\/p>\n<p style=\"text-align: justify;\">Desde el pasado mes de Septiembre, Iraurgi Berritzen est\u00e1 participando en la Mesa de las Comarcas, en el marco del proyecto Gipuzkoa Sarean.<strong>El objetivo del proyecto es construir un nuevo modelo de relaciones que posibilite impulsar de una nueva forma el desarrollo territorial en Gipuzkoa:<\/strong><\/p>\n<ol>\n<li>Crear \u00e1mbitos de cooperaci\u00f3n entre responsables pol\u00edticos y t\u00e9cnicos de comarcas y de la diputaci\u00f3n.<\/li>\n<li>Desarrollar un nueva forma de trabajar m\u00e1s participativa en departamentos de la diputaci\u00f3n respecto a las comarcas.<\/li>\n<li>Lograr alinear las pol\u00edticas y estrategias de la DFG y de las comarcas.<\/li>\n<li>Impulsar modelos de relaci\u00f3n participativos en las comarcas.<\/li>\n<li>Acercar diferentes realidades de instituciones y comarcas de Gipuzkoa.<\/li>\n<\/ol>\n<p style=\"text-align: justify;\">En este sentido, <strong>los t\u00e9cnicos de IB Ezagutza Sarea, estamos participando en el Proceso de Formaci\u00f3n<\/strong> -sesiones de trabajo mensuales que se est\u00e1n organizando en diferentes lugares-. Hemos analizado el modelo de desarrollo que actualmente se est\u00e1 impulsando desde las agencias, y las l\u00edneas necesarias a desarrollar para impulsar el nuevo modelo: reconocimiento de la comarca, redefinici\u00f3n del rol de las agencias, diferentes modelos de redes de cooperaci\u00f3n entre agentes, mejorar los patrones de comunicaci\u00f3n entre ayuntamientos e instituciones\u2026 El pr\u00f3ximo paso ser\u00e1 desarrollar en cada comarca un proyecto concreto que integre uno o varios de estos objetivos, para avanzar pasos en el desarrollo de este modelo.<\/p>\n<p style=\"text-align: justify;\">Con este objetivo, tambi\u00e9n se ha definido el <strong>perfil y rol de facilitador<\/strong> necesarios para impulsar estos procesos y se han organizado sesiones de formaci\u00f3n para sus competencias. El pasado 31 de Marzo tuvo lugar la \u00faltima sesi\u00f3n de formaci\u00f3n en Azkoitia, en la Palacio Intsausti, donde participaron dos t\u00e9cnicos de cada agencia.<\/p>\n","protected":false},"excerpt":{"rendered":"<p>La Diputaci\u00f3n Foral de Gipuzkoa, desde la Direcci\u00f3n de Desarrollo Territorial, ha invitado a los representantes de las once comarcas de Gipuzkoa, al proceso de construcci\u00f3n de un nuevo modelo de desarrollo territorial. Desde el pasado mes de Septiembre, Iraurgi Berritzen est\u00e1 participando en la Mesa de las Comarcas, en el marco del proyecto Gipuzkoa [&hellip;]<\/p>\n","protected":false},"author":1,"featured_media":18078,"comment_status":"","ping_status":"closed","sticky":false,"template":"","format":"standard","meta":{"_acf_changed":false,"footnotes":""},"categories":[4],"tags":[],"class_list":["post-11733","post","type-post","status-publish","format-standard","has-post-thumbnail","hentry","category-noticias"],"acf":[],"yoast_head":"<!-- This site is optimized with the Yoast SEO plugin v27.4 - https:\/\/yoast.com\/product\/yoast-seo-wordpress\/ -->\n<title>Iraurgi Berritzen, participa en Gipuzkoa Sarean en colaboraci\u00f3n con otras comarcas - Iraurgi Berritzen<\/title>\n<meta name=\"robots\" content=\"index, follow, max-snippet:-1, max-image-preview:large, max-video-preview:-1\" \/>\n<link rel=\"canonical\" href=\"https:\/\/iraurgiberritzen.eus\/es\/iraurgi-berritzen-participa-en-gipuzkoa-sarean-en-colaboracion-con-otras-comarcas\/\" \/>\n<meta property=\"og:locale\" content=\"es_ES\" \/>\n<meta property=\"og:type\" content=\"article\" \/>\n<meta property=\"og:title\" content=\"Iraurgi Berritzen, participa en Gipuzkoa Sarean en colaboraci\u00f3n con otras comarcas - Iraurgi Berritzen\" \/>\n<meta property=\"og:description\" content=\"La Diputaci\u00f3n Foral de Gipuzkoa, desde la Direcci\u00f3n de Desarrollo Territorial, ha invitado a los representantes de las once comarcas de Gipuzkoa, al proceso de construcci\u00f3n de un nuevo modelo de desarrollo territorial. Desde el pasado mes de Septiembre, Iraurgi Berritzen est\u00e1 participando en la Mesa de las Comarcas, en el marco del proyecto Gipuzkoa [&hellip;]\" \/>\n<meta property=\"og:url\" content=\"https:\/\/iraurgiberritzen.eus\/es\/iraurgi-berritzen-participa-en-gipuzkoa-sarean-en-colaboracion-con-otras-comarcas\/\" \/>\n<meta property=\"og:site_name\" content=\"Iraurgi Berritzen\" \/>\n<meta property=\"article:published_time\" content=\"2014-03-19T22:00:00+00:00\" \/>\n<meta name=\"author\" content=\"kudeatzailea\" \/>\n<meta name=\"twitter:card\" content=\"summary_large_image\" \/>\n<meta name=\"twitter:label1\" content=\"Escrito por\" \/>\n\t<meta name=\"twitter:data1\" content=\"kudeatzailea\" \/>\n\t<meta name=\"twitter:label2\" content=\"Tiempo de lectura\" \/>\n\t<meta name=\"twitter:data2\" content=\"2 minutos\" \/>\n<script type=\"application\/ld+json\" class=\"yoast-schema-graph\">{\"@context\":\"https:\\\/\\\/schema.org\",\"@graph\":[{\"@type\":\"Article\",\"@id\":\"https:\\\/\\\/iraurgiberritzen.eus\\\/es\\\/iraurgi-berritzen-participa-en-gipuzkoa-sarean-en-colaboracion-con-otras-comarcas\\\/#article\",\"isPartOf\":{\"@id\":\"https:\\\/\\\/iraurgiberritzen.eus\\\/es\\\/iraurgi-berritzen-participa-en-gipuzkoa-sarean-en-colaboracion-con-otras-comarcas\\\/\"},\"author\":{\"name\":\"kudeatzailea\",\"@id\":\"https:\\\/\\\/iraurgiberritzen.eus\\\/es\\\/#\\\/schema\\\/person\\\/5ab41aaf388a9097177601ebf45738d2\"},\"headline\":\"Iraurgi Berritzen, participa en Gipuzkoa Sarean en colaboraci\u00f3n con otras comarcas\",\"datePublished\":\"2014-03-19T22:00:00+00:00\",\"mainEntityOfPage\":{\"@id\":\"https:\\\/\\\/iraurgiberritzen.eus\\\/es\\\/iraurgi-berritzen-participa-en-gipuzkoa-sarean-en-colaboracion-con-otras-comarcas\\\/\"},\"wordCount\":336,\"publisher\":{\"@id\":\"https:\\\/\\\/iraurgiberritzen.eus\\\/es\\\/#organization\"},\"image\":{\"@id\":\"https:\\\/\\\/iraurgiberritzen.eus\\\/es\\\/iraurgi-berritzen-participa-en-gipuzkoa-sarean-en-colaboracion-con-otras-comarcas\\\/#primaryimage\"},\"thumbnailUrl\":\"https:\\\/\\\/iraurgiberritzen.eus\\\/wp-content\\\/uploads\\\/2023\\\/09\\\/00d9b1e39f02d57be65ad2a9a6eaa3b8.jpg\",\"articleSection\":[\"Noticias\"],\"inLanguage\":\"es\"},{\"@type\":\"WebPage\",\"@id\":\"https:\\\/\\\/iraurgiberritzen.eus\\\/es\\\/iraurgi-berritzen-participa-en-gipuzkoa-sarean-en-colaboracion-con-otras-comarcas\\\/\",\"url\":\"https:\\\/\\\/iraurgiberritzen.eus\\\/es\\\/iraurgi-berritzen-participa-en-gipuzkoa-sarean-en-colaboracion-con-otras-comarcas\\\/\",\"name\":\"Iraurgi Berritzen, participa en Gipuzkoa Sarean en colaboraci\u00f3n con otras comarcas - Iraurgi Berritzen\",\"isPartOf\":{\"@id\":\"https:\\\/\\\/iraurgiberritzen.eus\\\/es\\\/#website\"},\"primaryImageOfPage\":{\"@id\":\"https:\\\/\\\/iraurgiberritzen.eus\\\/es\\\/iraurgi-berritzen-participa-en-gipuzkoa-sarean-en-colaboracion-con-otras-comarcas\\\/#primaryimage\"},\"image\":{\"@id\":\"https:\\\/\\\/iraurgiberritzen.eus\\\/es\\\/iraurgi-berritzen-participa-en-gipuzkoa-sarean-en-colaboracion-con-otras-comarcas\\\/#primaryimage\"},\"thumbnailUrl\":\"https:\\\/\\\/iraurgiberritzen.eus\\\/wp-content\\\/uploads\\\/2023\\\/09\\\/00d9b1e39f02d57be65ad2a9a6eaa3b8.jpg\",\"datePublished\":\"2014-03-19T22:00:00+00:00\",\"breadcrumb\":{\"@id\":\"https:\\\/\\\/iraurgiberritzen.eus\\\/es\\\/iraurgi-berritzen-participa-en-gipuzkoa-sarean-en-colaboracion-con-otras-comarcas\\\/#breadcrumb\"},\"inLanguage\":\"es\",\"potentialAction\":[{\"@type\":\"ReadAction\",\"target\":[\"https:\\\/\\\/iraurgiberritzen.eus\\\/es\\\/iraurgi-berritzen-participa-en-gipuzkoa-sarean-en-colaboracion-con-otras-comarcas\\\/\"]}]},{\"@type\":\"ImageObject\",\"inLanguage\":\"es\",\"@id\":\"https:\\\/\\\/iraurgiberritzen.eus\\\/es\\\/iraurgi-berritzen-participa-en-gipuzkoa-sarean-en-colaboracion-con-otras-comarcas\\\/#primaryimage\",\"url\":\"https:\\\/\\\/iraurgiberritzen.eus\\\/wp-content\\\/uploads\\\/2023\\\/09\\\/00d9b1e39f02d57be65ad2a9a6eaa3b8.jpg\",\"contentUrl\":\"https:\\\/\\\/iraurgiberritzen.eus\\\/wp-content\\\/uploads\\\/2023\\\/09\\\/00d9b1e39f02d57be65ad2a9a6eaa3b8.jpg\",\"width\":600,\"height\":405},{\"@type\":\"BreadcrumbList\",\"@id\":\"https:\\\/\\\/iraurgiberritzen.eus\\\/es\\\/iraurgi-berritzen-participa-en-gipuzkoa-sarean-en-colaboracion-con-otras-comarcas\\\/#breadcrumb\",\"itemListElement\":[{\"@type\":\"ListItem\",\"position\":1,\"name\":\"Home\",\"item\":\"https:\\\/\\\/iraurgiberritzen.eus\\\/es\\\/\"},{\"@type\":\"ListItem\",\"position\":2,\"name\":\"Iraurgi Berritzen, participa en Gipuzkoa Sarean en colaboraci\u00f3n con otras comarcas\"}]},{\"@type\":\"WebSite\",\"@id\":\"https:\\\/\\\/iraurgiberritzen.eus\\\/es\\\/#website\",\"url\":\"https:\\\/\\\/iraurgiberritzen.eus\\\/es\\\/\",\"name\":\"Iraurgi Berritzen\",\"description\":\"Urola Erdiko Garapen Agentzia\",\"publisher\":{\"@id\":\"https:\\\/\\\/iraurgiberritzen.eus\\\/es\\\/#organization\"},\"potentialAction\":[{\"@type\":\"SearchAction\",\"target\":{\"@type\":\"EntryPoint\",\"urlTemplate\":\"https:\\\/\\\/iraurgiberritzen.eus\\\/es\\\/?s={search_term_string}\"},\"query-input\":{\"@type\":\"PropertyValueSpecification\",\"valueRequired\":true,\"valueName\":\"search_term_string\"}}],\"inLanguage\":\"es\"},{\"@type\":\"Organization\",\"@id\":\"https:\\\/\\\/iraurgiberritzen.eus\\\/es\\\/#organization\",\"name\":\"Iraurgi Berritzen\",\"url\":\"https:\\\/\\\/iraurgiberritzen.eus\\\/es\\\/\",\"logo\":{\"@type\":\"ImageObject\",\"inLanguage\":\"es\",\"@id\":\"https:\\\/\\\/iraurgiberritzen.eus\\\/es\\\/#\\\/schema\\\/logo\\\/image\\\/\",\"url\":\"https:\\\/\\\/iraurgiberritzen.eus\\\/wp-content\\\/uploads\\\/2024\\\/02\\\/IRAURGI-BERRITZEN-logotipoa_2.png\",\"contentUrl\":\"https:\\\/\\\/iraurgiberritzen.eus\\\/wp-content\\\/uploads\\\/2024\\\/02\\\/IRAURGI-BERRITZEN-logotipoa_2.png\",\"width\":496,\"height\":190,\"caption\":\"Iraurgi Berritzen\"},\"image\":{\"@id\":\"https:\\\/\\\/iraurgiberritzen.eus\\\/es\\\/#\\\/schema\\\/logo\\\/image\\\/\"}},{\"@type\":\"Person\",\"@id\":\"https:\\\/\\\/iraurgiberritzen.eus\\\/es\\\/#\\\/schema\\\/person\\\/5ab41aaf388a9097177601ebf45738d2\",\"name\":\"kudeatzailea\",\"sameAs\":[\"https:\\\/\\\/iraurgiberritzen.eus\"]}]}<\/script>\n<!-- \/ Yoast SEO plugin. -->","yoast_head_json":{"title":"Iraurgi Berritzen, participa en Gipuzkoa Sarean en colaboraci\u00f3n con otras comarcas - Iraurgi Berritzen","robots":{"index":"index","follow":"follow","max-snippet":"max-snippet:-1","max-image-preview":"max-image-preview:large","max-video-preview":"max-video-preview:-1"},"canonical":"https:\/\/iraurgiberritzen.eus\/es\/iraurgi-berritzen-participa-en-gipuzkoa-sarean-en-colaboracion-con-otras-comarcas\/","og_locale":"es_ES","og_type":"article","og_title":"Iraurgi Berritzen, participa en Gipuzkoa Sarean en colaboraci\u00f3n con otras comarcas - Iraurgi Berritzen","og_description":"La Diputaci\u00f3n Foral de Gipuzkoa, desde la Direcci\u00f3n de Desarrollo Territorial, ha invitado a los representantes de las once comarcas de Gipuzkoa, al proceso de construcci\u00f3n de un nuevo modelo de desarrollo territorial. Desde el pasado mes de Septiembre, Iraurgi Berritzen est\u00e1 participando en la Mesa de las Comarcas, en el marco del proyecto Gipuzkoa [&hellip;]","og_url":"https:\/\/iraurgiberritzen.eus\/es\/iraurgi-berritzen-participa-en-gipuzkoa-sarean-en-colaboracion-con-otras-comarcas\/","og_site_name":"Iraurgi Berritzen","article_published_time":"2014-03-19T22:00:00+00:00","author":"kudeatzailea","twitter_card":"summary_large_image","twitter_misc":{"Escrito por":"kudeatzailea","Tiempo de lectura":"2 minutos"},"schema":{"@context":"https:\/\/schema.org","@graph":[{"@type":"Article","@id":"https:\/\/iraurgiberritzen.eus\/es\/iraurgi-berritzen-participa-en-gipuzkoa-sarean-en-colaboracion-con-otras-comarcas\/#article","isPartOf":{"@id":"https:\/\/iraurgiberritzen.eus\/es\/iraurgi-berritzen-participa-en-gipuzkoa-sarean-en-colaboracion-con-otras-comarcas\/"},"author":{"name":"kudeatzailea","@id":"https:\/\/iraurgiberritzen.eus\/es\/#\/schema\/person\/5ab41aaf388a9097177601ebf45738d2"},"headline":"Iraurgi Berritzen, participa en Gipuzkoa Sarean en colaboraci\u00f3n con otras comarcas","datePublished":"2014-03-19T22:00:00+00:00","mainEntityOfPage":{"@id":"https:\/\/iraurgiberritzen.eus\/es\/iraurgi-berritzen-participa-en-gipuzkoa-sarean-en-colaboracion-con-otras-comarcas\/"},"wordCount":336,"publisher":{"@id":"https:\/\/iraurgiberritzen.eus\/es\/#organization"},"image":{"@id":"https:\/\/iraurgiberritzen.eus\/es\/iraurgi-berritzen-participa-en-gipuzkoa-sarean-en-colaboracion-con-otras-comarcas\/#primaryimage"},"thumbnailUrl":"https:\/\/iraurgiberritzen.eus\/wp-content\/uploads\/2023\/09\/00d9b1e39f02d57be65ad2a9a6eaa3b8.jpg","articleSection":["Noticias"],"inLanguage":"es"},{"@type":"WebPage","@id":"https:\/\/iraurgiberritzen.eus\/es\/iraurgi-berritzen-participa-en-gipuzkoa-sarean-en-colaboracion-con-otras-comarcas\/","url":"https:\/\/iraurgiberritzen.eus\/es\/iraurgi-berritzen-participa-en-gipuzkoa-sarean-en-colaboracion-con-otras-comarcas\/","name":"Iraurgi Berritzen, participa en Gipuzkoa Sarean en colaboraci\u00f3n con otras comarcas - Iraurgi Berritzen","isPartOf":{"@id":"https:\/\/iraurgiberritzen.eus\/es\/#website"},"primaryImageOfPage":{"@id":"https:\/\/iraurgiberritzen.eus\/es\/iraurgi-berritzen-participa-en-gipuzkoa-sarean-en-colaboracion-con-otras-comarcas\/#primaryimage"},"image":{"@id":"https:\/\/iraurgiberritzen.eus\/es\/iraurgi-berritzen-participa-en-gipuzkoa-sarean-en-colaboracion-con-otras-comarcas\/#primaryimage"},"thumbnailUrl":"https:\/\/iraurgiberritzen.eus\/wp-content\/uploads\/2023\/09\/00d9b1e39f02d57be65ad2a9a6eaa3b8.jpg","datePublished":"2014-03-19T22:00:00+00:00","breadcrumb":{"@id":"https:\/\/iraurgiberritzen.eus\/es\/iraurgi-berritzen-participa-en-gipuzkoa-sarean-en-colaboracion-con-otras-comarcas\/#breadcrumb"},"inLanguage":"es","potentialAction":[{"@type":"ReadAction","target":["https:\/\/iraurgiberritzen.eus\/es\/iraurgi-berritzen-participa-en-gipuzkoa-sarean-en-colaboracion-con-otras-comarcas\/"]}]},{"@type":"ImageObject","inLanguage":"es","@id":"https:\/\/iraurgiberritzen.eus\/es\/iraurgi-berritzen-participa-en-gipuzkoa-sarean-en-colaboracion-con-otras-comarcas\/#primaryimage","url":"https:\/\/iraurgiberritzen.eus\/wp-content\/uploads\/2023\/09\/00d9b1e39f02d57be65ad2a9a6eaa3b8.jpg","contentUrl":"https:\/\/iraurgiberritzen.eus\/wp-content\/uploads\/2023\/09\/00d9b1e39f02d57be65ad2a9a6eaa3b8.jpg","width":600,"height":405},{"@type":"BreadcrumbList","@id":"https:\/\/iraurgiberritzen.eus\/es\/iraurgi-berritzen-participa-en-gipuzkoa-sarean-en-colaboracion-con-otras-comarcas\/#breadcrumb","itemListElement":[{"@type":"ListItem","position":1,"name":"Home","item":"https:\/\/iraurgiberritzen.eus\/es\/"},{"@type":"ListItem","position":2,"name":"Iraurgi Berritzen, participa en Gipuzkoa Sarean en colaboraci\u00f3n con otras comarcas"}]},{"@type":"WebSite","@id":"https:\/\/iraurgiberritzen.eus\/es\/#website","url":"https:\/\/iraurgiberritzen.eus\/es\/","name":"Iraurgi Berritzen","description":"Urola Erdiko Garapen Agentzia","publisher":{"@id":"https:\/\/iraurgiberritzen.eus\/es\/#organization"},"potentialAction":[{"@type":"SearchAction","target":{"@type":"EntryPoint","urlTemplate":"https:\/\/iraurgiberritzen.eus\/es\/?s={search_term_string}"},"query-input":{"@type":"PropertyValueSpecification","valueRequired":true,"valueName":"search_term_string"}}],"inLanguage":"es"},{"@type":"Organization","@id":"https:\/\/iraurgiberritzen.eus\/es\/#organization","name":"Iraurgi Berritzen","url":"https:\/\/iraurgiberritzen.eus\/es\/","logo":{"@type":"ImageObject","inLanguage":"es","@id":"https:\/\/iraurgiberritzen.eus\/es\/#\/schema\/logo\/image\/","url":"https:\/\/iraurgiberritzen.eus\/wp-content\/uploads\/2024\/02\/IRAURGI-BERRITZEN-logotipoa_2.png","contentUrl":"https:\/\/iraurgiberritzen.eus\/wp-content\/uploads\/2024\/02\/IRAURGI-BERRITZEN-logotipoa_2.png","width":496,"height":190,"caption":"Iraurgi Berritzen"},"image":{"@id":"https:\/\/iraurgiberritzen.eus\/es\/#\/schema\/logo\/image\/"}},{"@type":"Person","@id":"https:\/\/iraurgiberritzen.eus\/es\/#\/schema\/person\/5ab41aaf388a9097177601ebf45738d2","name":"kudeatzailea","sameAs":["https:\/\/iraurgiberritzen.eus"]}]}},"_links":{"self":[{"href":"https:\/\/iraurgiberritzen.eus\/es\/wp-json\/wp\/v2\/posts\/11733","targetHints":{"allow":["GET"]}}],"collection":[{"href":"https:\/\/iraurgiberritzen.eus\/es\/wp-json\/wp\/v2\/posts"}],"about":[{"href":"https:\/\/iraurgiberritzen.eus\/es\/wp-json\/wp\/v2\/types\/post"}],"author":[{"embeddable":true,"href":"https:\/\/iraurgiberritzen.eus\/es\/wp-json\/wp\/v2\/users\/1"}],"replies":[{"embeddable":true,"href":"https:\/\/iraurgiberritzen.eus\/es\/wp-json\/wp\/v2\/comments?post=11733"}],"version-history":[{"count":0,"href":"https:\/\/iraurgiberritzen.eus\/es\/wp-json\/wp\/v2\/posts\/11733\/revisions"}],"wp:featuredmedia":[{"embeddable":true,"href":"https:\/\/iraurgiberritzen.eus\/es\/wp-json\/wp\/v2\/media\/18078"}],"wp:attachment":[{"href":"https:\/\/iraurgiberritzen.eus\/es\/wp-json\/wp\/v2\/media?parent=11733"}],"wp:term":[{"taxonomy":"category","embeddable":true,"href":"https:\/\/iraurgiberritzen.eus\/es\/wp-json\/wp\/v2\/categories?post=11733"},{"taxonomy":"post_tag","embeddable":true,"href":"https:\/\/iraurgiberritzen.eus\/es\/wp-json\/wp\/v2\/tags?post=11733"}],"curies":[{"name":"wp","href":"https:\/\/api.w.org\/{rel}","templated":true}]}}