{"id":11742,"date":"2014-07-02T00:00:00","date_gmt":"2014-07-01T22:00:00","guid":{"rendered":"https:\/\/iraurgiberritzen.eus\/los-miembros-del-consejo-gestor-de-ezagutza-sarea-se-reunieron-el-8-de-mayo\/"},"modified":"2014-07-02T00:00:00","modified_gmt":"2014-07-01T22:00:00","slug":"los-miembros-del-consejo-gestor-de-ezagutza-sarea-se-reunieron-el-8-de-mayo","status":"publish","type":"post","link":"https:\/\/iraurgiberritzen.eus\/es\/los-miembros-del-consejo-gestor-de-ezagutza-sarea-se-reunieron-el-8-de-mayo\/","title":{"rendered":"Los miembros del Consejo Gestor de Ezagutza Sarea se reunieron el 8 de Mayo"},"content":{"rendered":"<p style=\"text-align: justify;\">Se reunieron los miembros del Consejo Gestor para hacer el seguimiento de las l\u00edneas de trabajo y los proyectos en curso de los \u00faltimos meses y, contrastar, debatir y tomar decisiones correspondientes a futuros proyectos.<\/p>\n<p>Entre los diversos proyectos en los que est\u00e1n involucrados en estos momentos, merece especial menci\u00f3n seg\u00fan palabras de los participantes y diferentes representantes de Centros Formativos de Urola Erdia, el proyecto piloto <a href=\"http:\/\/elkarrekineraikitzen.wordpress.com\/\" target=\"_blank\" rel=\"noopener\">\u201cElkarrekin Eraikitzen 2013-2014&#8243;<\/a> proiektu pilotua.<\/p>\n<p style=\"text-align: justify;\">Adem\u00e1s de ello, se realiz\u00f3 el relebo de Ainhoa Lopez por Urrategi Alberdi como miembro representante del Consejo Gestor en el \u00e1mbito de Garapen Gunea.<\/p>\n<p style=\"text-align: justify;\">&nbsp;<\/p>\n","protected":false},"excerpt":{"rendered":"<p>Se reunieron los miembros del Consejo Gestor para hacer el seguimiento de las l\u00edneas de trabajo y los proyectos en curso de los \u00faltimos meses y, contrastar, debatir y tomar decisiones correspondientes a futuros proyectos. Entre los diversos proyectos en los que est\u00e1n involucrados en estos momentos, merece especial menci\u00f3n seg\u00fan palabras de los participantes [&hellip;]<\/p>\n","protected":false},"author":1,"featured_media":18061,"comment_status":"","ping_status":"closed","sticky":false,"template":"","format":"standard","meta":{"_acf_changed":false,"footnotes":""},"categories":[4],"tags":[],"class_list":["post-11742","post","type-post","status-publish","format-standard","has-post-thumbnail","hentry","category-noticias"],"acf":[],"yoast_head":"<!-- This site is optimized with the Yoast SEO plugin v27.4 - https:\/\/yoast.com\/product\/yoast-seo-wordpress\/ -->\n<title>Los miembros del Consejo Gestor de Ezagutza Sarea se reunieron el 8 de Mayo - Iraurgi Berritzen<\/title>\n<meta name=\"robots\" content=\"index, follow, max-snippet:-1, max-image-preview:large, max-video-preview:-1\" \/>\n<link rel=\"canonical\" href=\"https:\/\/iraurgiberritzen.eus\/es\/los-miembros-del-consejo-gestor-de-ezagutza-sarea-se-reunieron-el-8-de-mayo\/\" \/>\n<meta property=\"og:locale\" content=\"es_ES\" \/>\n<meta property=\"og:type\" content=\"article\" \/>\n<meta property=\"og:title\" content=\"Los miembros del Consejo Gestor de Ezagutza Sarea se reunieron el 8 de Mayo - Iraurgi Berritzen\" \/>\n<meta property=\"og:description\" content=\"Se reunieron los miembros del Consejo Gestor para hacer el seguimiento de las l\u00edneas de trabajo y los proyectos en curso de los \u00faltimos meses y, contrastar, debatir y tomar decisiones correspondientes a futuros proyectos. Entre los diversos proyectos en los que est\u00e1n involucrados en estos momentos, merece especial menci\u00f3n seg\u00fan palabras de los participantes [&hellip;]\" \/>\n<meta property=\"og:url\" content=\"https:\/\/iraurgiberritzen.eus\/es\/los-miembros-del-consejo-gestor-de-ezagutza-sarea-se-reunieron-el-8-de-mayo\/\" \/>\n<meta property=\"og:site_name\" content=\"Iraurgi Berritzen\" \/>\n<meta property=\"article:published_time\" content=\"2014-07-01T22:00:00+00:00\" \/>\n<meta name=\"author\" content=\"kudeatzailea\" \/>\n<meta name=\"twitter:card\" content=\"summary_large_image\" \/>\n<meta name=\"twitter:label1\" content=\"Escrito por\" \/>\n\t<meta name=\"twitter:data1\" content=\"kudeatzailea\" \/>\n\t<meta name=\"twitter:label2\" content=\"Tiempo de lectura\" \/>\n\t<meta name=\"twitter:data2\" content=\"1 minuto\" \/>\n<script type=\"application\/ld+json\" class=\"yoast-schema-graph\">{\"@context\":\"https:\\\/\\\/schema.org\",\"@graph\":[{\"@type\":\"Article\",\"@id\":\"https:\\\/\\\/iraurgiberritzen.eus\\\/es\\\/los-miembros-del-consejo-gestor-de-ezagutza-sarea-se-reunieron-el-8-de-mayo\\\/#article\",\"isPartOf\":{\"@id\":\"https:\\\/\\\/iraurgiberritzen.eus\\\/es\\\/los-miembros-del-consejo-gestor-de-ezagutza-sarea-se-reunieron-el-8-de-mayo\\\/\"},\"author\":{\"name\":\"kudeatzailea\",\"@id\":\"https:\\\/\\\/iraurgiberritzen.eus\\\/es\\\/#\\\/schema\\\/person\\\/5ab41aaf388a9097177601ebf45738d2\"},\"headline\":\"Los miembros del Consejo Gestor de Ezagutza Sarea se reunieron el 8 de Mayo\",\"datePublished\":\"2014-07-01T22:00:00+00:00\",\"mainEntityOfPage\":{\"@id\":\"https:\\\/\\\/iraurgiberritzen.eus\\\/es\\\/los-miembros-del-consejo-gestor-de-ezagutza-sarea-se-reunieron-el-8-de-mayo\\\/\"},\"wordCount\":116,\"publisher\":{\"@id\":\"https:\\\/\\\/iraurgiberritzen.eus\\\/es\\\/#organization\"},\"image\":{\"@id\":\"https:\\\/\\\/iraurgiberritzen.eus\\\/es\\\/los-miembros-del-consejo-gestor-de-ezagutza-sarea-se-reunieron-el-8-de-mayo\\\/#primaryimage\"},\"thumbnailUrl\":\"https:\\\/\\\/iraurgiberritzen.eus\\\/wp-content\\\/uploads\\\/2023\\\/09\\\/d6e7bc44feb1613d041d5385e5745b10.jpg\",\"articleSection\":[\"Noticias\"],\"inLanguage\":\"es\"},{\"@type\":\"WebPage\",\"@id\":\"https:\\\/\\\/iraurgiberritzen.eus\\\/es\\\/los-miembros-del-consejo-gestor-de-ezagutza-sarea-se-reunieron-el-8-de-mayo\\\/\",\"url\":\"https:\\\/\\\/iraurgiberritzen.eus\\\/es\\\/los-miembros-del-consejo-gestor-de-ezagutza-sarea-se-reunieron-el-8-de-mayo\\\/\",\"name\":\"Los miembros del Consejo Gestor de Ezagutza Sarea se reunieron el 8 de Mayo - Iraurgi Berritzen\",\"isPartOf\":{\"@id\":\"https:\\\/\\\/iraurgiberritzen.eus\\\/es\\\/#website\"},\"primaryImageOfPage\":{\"@id\":\"https:\\\/\\\/iraurgiberritzen.eus\\\/es\\\/los-miembros-del-consejo-gestor-de-ezagutza-sarea-se-reunieron-el-8-de-mayo\\\/#primaryimage\"},\"image\":{\"@id\":\"https:\\\/\\\/iraurgiberritzen.eus\\\/es\\\/los-miembros-del-consejo-gestor-de-ezagutza-sarea-se-reunieron-el-8-de-mayo\\\/#primaryimage\"},\"thumbnailUrl\":\"https:\\\/\\\/iraurgiberritzen.eus\\\/wp-content\\\/uploads\\\/2023\\\/09\\\/d6e7bc44feb1613d041d5385e5745b10.jpg\",\"datePublished\":\"2014-07-01T22:00:00+00:00\",\"breadcrumb\":{\"@id\":\"https:\\\/\\\/iraurgiberritzen.eus\\\/es\\\/los-miembros-del-consejo-gestor-de-ezagutza-sarea-se-reunieron-el-8-de-mayo\\\/#breadcrumb\"},\"inLanguage\":\"es\",\"potentialAction\":[{\"@type\":\"ReadAction\",\"target\":[\"https:\\\/\\\/iraurgiberritzen.eus\\\/es\\\/los-miembros-del-consejo-gestor-de-ezagutza-sarea-se-reunieron-el-8-de-mayo\\\/\"]}]},{\"@type\":\"ImageObject\",\"inLanguage\":\"es\",\"@id\":\"https:\\\/\\\/iraurgiberritzen.eus\\\/es\\\/los-miembros-del-consejo-gestor-de-ezagutza-sarea-se-reunieron-el-8-de-mayo\\\/#primaryimage\",\"url\":\"https:\\\/\\\/iraurgiberritzen.eus\\\/wp-content\\\/uploads\\\/2023\\\/09\\\/d6e7bc44feb1613d041d5385e5745b10.jpg\",\"contentUrl\":\"https:\\\/\\\/iraurgiberritzen.eus\\\/wp-content\\\/uploads\\\/2023\\\/09\\\/d6e7bc44feb1613d041d5385e5745b10.jpg\",\"width\":600,\"height\":450},{\"@type\":\"BreadcrumbList\",\"@id\":\"https:\\\/\\\/iraurgiberritzen.eus\\\/es\\\/los-miembros-del-consejo-gestor-de-ezagutza-sarea-se-reunieron-el-8-de-mayo\\\/#breadcrumb\",\"itemListElement\":[{\"@type\":\"ListItem\",\"position\":1,\"name\":\"Home\",\"item\":\"https:\\\/\\\/iraurgiberritzen.eus\\\/es\\\/\"},{\"@type\":\"ListItem\",\"position\":2,\"name\":\"Los miembros del Consejo Gestor de Ezagutza Sarea se reunieron el 8 de Mayo\"}]},{\"@type\":\"WebSite\",\"@id\":\"https:\\\/\\\/iraurgiberritzen.eus\\\/es\\\/#website\",\"url\":\"https:\\\/\\\/iraurgiberritzen.eus\\\/es\\\/\",\"name\":\"Iraurgi Berritzen\",\"description\":\"Urola Erdiko Garapen Agentzia\",\"publisher\":{\"@id\":\"https:\\\/\\\/iraurgiberritzen.eus\\\/es\\\/#organization\"},\"potentialAction\":[{\"@type\":\"SearchAction\",\"target\":{\"@type\":\"EntryPoint\",\"urlTemplate\":\"https:\\\/\\\/iraurgiberritzen.eus\\\/es\\\/?s={search_term_string}\"},\"query-input\":{\"@type\":\"PropertyValueSpecification\",\"valueRequired\":true,\"valueName\":\"search_term_string\"}}],\"inLanguage\":\"es\"},{\"@type\":\"Organization\",\"@id\":\"https:\\\/\\\/iraurgiberritzen.eus\\\/es\\\/#organization\",\"name\":\"Iraurgi Berritzen\",\"url\":\"https:\\\/\\\/iraurgiberritzen.eus\\\/es\\\/\",\"logo\":{\"@type\":\"ImageObject\",\"inLanguage\":\"es\",\"@id\":\"https:\\\/\\\/iraurgiberritzen.eus\\\/es\\\/#\\\/schema\\\/logo\\\/image\\\/\",\"url\":\"https:\\\/\\\/iraurgiberritzen.eus\\\/wp-content\\\/uploads\\\/2024\\\/02\\\/IRAURGI-BERRITZEN-logotipoa_2.png\",\"contentUrl\":\"https:\\\/\\\/iraurgiberritzen.eus\\\/wp-content\\\/uploads\\\/2024\\\/02\\\/IRAURGI-BERRITZEN-logotipoa_2.png\",\"width\":496,\"height\":190,\"caption\":\"Iraurgi Berritzen\"},\"image\":{\"@id\":\"https:\\\/\\\/iraurgiberritzen.eus\\\/es\\\/#\\\/schema\\\/logo\\\/image\\\/\"}},{\"@type\":\"Person\",\"@id\":\"https:\\\/\\\/iraurgiberritzen.eus\\\/es\\\/#\\\/schema\\\/person\\\/5ab41aaf388a9097177601ebf45738d2\",\"name\":\"kudeatzailea\",\"sameAs\":[\"https:\\\/\\\/iraurgiberritzen.eus\"]}]}<\/script>\n<!-- \/ Yoast SEO plugin. -->","yoast_head_json":{"title":"Los miembros del Consejo Gestor de Ezagutza Sarea se reunieron el 8 de Mayo - Iraurgi Berritzen","robots":{"index":"index","follow":"follow","max-snippet":"max-snippet:-1","max-image-preview":"max-image-preview:large","max-video-preview":"max-video-preview:-1"},"canonical":"https:\/\/iraurgiberritzen.eus\/es\/los-miembros-del-consejo-gestor-de-ezagutza-sarea-se-reunieron-el-8-de-mayo\/","og_locale":"es_ES","og_type":"article","og_title":"Los miembros del Consejo Gestor de Ezagutza Sarea se reunieron el 8 de Mayo - Iraurgi Berritzen","og_description":"Se reunieron los miembros del Consejo Gestor para hacer el seguimiento de las l\u00edneas de trabajo y los proyectos en curso de los \u00faltimos meses y, contrastar, debatir y tomar decisiones correspondientes a futuros proyectos. Entre los diversos proyectos en los que est\u00e1n involucrados en estos momentos, merece especial menci\u00f3n seg\u00fan palabras de los participantes [&hellip;]","og_url":"https:\/\/iraurgiberritzen.eus\/es\/los-miembros-del-consejo-gestor-de-ezagutza-sarea-se-reunieron-el-8-de-mayo\/","og_site_name":"Iraurgi Berritzen","article_published_time":"2014-07-01T22:00:00+00:00","author":"kudeatzailea","twitter_card":"summary_large_image","twitter_misc":{"Escrito por":"kudeatzailea","Tiempo de lectura":"1 minuto"},"schema":{"@context":"https:\/\/schema.org","@graph":[{"@type":"Article","@id":"https:\/\/iraurgiberritzen.eus\/es\/los-miembros-del-consejo-gestor-de-ezagutza-sarea-se-reunieron-el-8-de-mayo\/#article","isPartOf":{"@id":"https:\/\/iraurgiberritzen.eus\/es\/los-miembros-del-consejo-gestor-de-ezagutza-sarea-se-reunieron-el-8-de-mayo\/"},"author":{"name":"kudeatzailea","@id":"https:\/\/iraurgiberritzen.eus\/es\/#\/schema\/person\/5ab41aaf388a9097177601ebf45738d2"},"headline":"Los miembros del Consejo Gestor de Ezagutza Sarea se reunieron el 8 de Mayo","datePublished":"2014-07-01T22:00:00+00:00","mainEntityOfPage":{"@id":"https:\/\/iraurgiberritzen.eus\/es\/los-miembros-del-consejo-gestor-de-ezagutza-sarea-se-reunieron-el-8-de-mayo\/"},"wordCount":116,"publisher":{"@id":"https:\/\/iraurgiberritzen.eus\/es\/#organization"},"image":{"@id":"https:\/\/iraurgiberritzen.eus\/es\/los-miembros-del-consejo-gestor-de-ezagutza-sarea-se-reunieron-el-8-de-mayo\/#primaryimage"},"thumbnailUrl":"https:\/\/iraurgiberritzen.eus\/wp-content\/uploads\/2023\/09\/d6e7bc44feb1613d041d5385e5745b10.jpg","articleSection":["Noticias"],"inLanguage":"es"},{"@type":"WebPage","@id":"https:\/\/iraurgiberritzen.eus\/es\/los-miembros-del-consejo-gestor-de-ezagutza-sarea-se-reunieron-el-8-de-mayo\/","url":"https:\/\/iraurgiberritzen.eus\/es\/los-miembros-del-consejo-gestor-de-ezagutza-sarea-se-reunieron-el-8-de-mayo\/","name":"Los miembros del Consejo Gestor de Ezagutza Sarea se reunieron el 8 de Mayo - Iraurgi Berritzen","isPartOf":{"@id":"https:\/\/iraurgiberritzen.eus\/es\/#website"},"primaryImageOfPage":{"@id":"https:\/\/iraurgiberritzen.eus\/es\/los-miembros-del-consejo-gestor-de-ezagutza-sarea-se-reunieron-el-8-de-mayo\/#primaryimage"},"image":{"@id":"https:\/\/iraurgiberritzen.eus\/es\/los-miembros-del-consejo-gestor-de-ezagutza-sarea-se-reunieron-el-8-de-mayo\/#primaryimage"},"thumbnailUrl":"https:\/\/iraurgiberritzen.eus\/wp-content\/uploads\/2023\/09\/d6e7bc44feb1613d041d5385e5745b10.jpg","datePublished":"2014-07-01T22:00:00+00:00","breadcrumb":{"@id":"https:\/\/iraurgiberritzen.eus\/es\/los-miembros-del-consejo-gestor-de-ezagutza-sarea-se-reunieron-el-8-de-mayo\/#breadcrumb"},"inLanguage":"es","potentialAction":[{"@type":"ReadAction","target":["https:\/\/iraurgiberritzen.eus\/es\/los-miembros-del-consejo-gestor-de-ezagutza-sarea-se-reunieron-el-8-de-mayo\/"]}]},{"@type":"ImageObject","inLanguage":"es","@id":"https:\/\/iraurgiberritzen.eus\/es\/los-miembros-del-consejo-gestor-de-ezagutza-sarea-se-reunieron-el-8-de-mayo\/#primaryimage","url":"https:\/\/iraurgiberritzen.eus\/wp-content\/uploads\/2023\/09\/d6e7bc44feb1613d041d5385e5745b10.jpg","contentUrl":"https:\/\/iraurgiberritzen.eus\/wp-content\/uploads\/2023\/09\/d6e7bc44feb1613d041d5385e5745b10.jpg","width":600,"height":450},{"@type":"BreadcrumbList","@id":"https:\/\/iraurgiberritzen.eus\/es\/los-miembros-del-consejo-gestor-de-ezagutza-sarea-se-reunieron-el-8-de-mayo\/#breadcrumb","itemListElement":[{"@type":"ListItem","position":1,"name":"Home","item":"https:\/\/iraurgiberritzen.eus\/es\/"},{"@type":"ListItem","position":2,"name":"Los miembros del Consejo Gestor de Ezagutza Sarea se reunieron el 8 de Mayo"}]},{"@type":"WebSite","@id":"https:\/\/iraurgiberritzen.eus\/es\/#website","url":"https:\/\/iraurgiberritzen.eus\/es\/","name":"Iraurgi Berritzen","description":"Urola Erdiko Garapen Agentzia","publisher":{"@id":"https:\/\/iraurgiberritzen.eus\/es\/#organization"},"potentialAction":[{"@type":"SearchAction","target":{"@type":"EntryPoint","urlTemplate":"https:\/\/iraurgiberritzen.eus\/es\/?s={search_term_string}"},"query-input":{"@type":"PropertyValueSpecification","valueRequired":true,"valueName":"search_term_string"}}],"inLanguage":"es"},{"@type":"Organization","@id":"https:\/\/iraurgiberritzen.eus\/es\/#organization","name":"Iraurgi Berritzen","url":"https:\/\/iraurgiberritzen.eus\/es\/","logo":{"@type":"ImageObject","inLanguage":"es","@id":"https:\/\/iraurgiberritzen.eus\/es\/#\/schema\/logo\/image\/","url":"https:\/\/iraurgiberritzen.eus\/wp-content\/uploads\/2024\/02\/IRAURGI-BERRITZEN-logotipoa_2.png","contentUrl":"https:\/\/iraurgiberritzen.eus\/wp-content\/uploads\/2024\/02\/IRAURGI-BERRITZEN-logotipoa_2.png","width":496,"height":190,"caption":"Iraurgi Berritzen"},"image":{"@id":"https:\/\/iraurgiberritzen.eus\/es\/#\/schema\/logo\/image\/"}},{"@type":"Person","@id":"https:\/\/iraurgiberritzen.eus\/es\/#\/schema\/person\/5ab41aaf388a9097177601ebf45738d2","name":"kudeatzailea","sameAs":["https:\/\/iraurgiberritzen.eus"]}]}},"_links":{"self":[{"href":"https:\/\/iraurgiberritzen.eus\/es\/wp-json\/wp\/v2\/posts\/11742","targetHints":{"allow":["GET"]}}],"collection":[{"href":"https:\/\/iraurgiberritzen.eus\/es\/wp-json\/wp\/v2\/posts"}],"about":[{"href":"https:\/\/iraurgiberritzen.eus\/es\/wp-json\/wp\/v2\/types\/post"}],"author":[{"embeddable":true,"href":"https:\/\/iraurgiberritzen.eus\/es\/wp-json\/wp\/v2\/users\/1"}],"replies":[{"embeddable":true,"href":"https:\/\/iraurgiberritzen.eus\/es\/wp-json\/wp\/v2\/comments?post=11742"}],"version-history":[{"count":0,"href":"https:\/\/iraurgiberritzen.eus\/es\/wp-json\/wp\/v2\/posts\/11742\/revisions"}],"wp:featuredmedia":[{"embeddable":true,"href":"https:\/\/iraurgiberritzen.eus\/es\/wp-json\/wp\/v2\/media\/18061"}],"wp:attachment":[{"href":"https:\/\/iraurgiberritzen.eus\/es\/wp-json\/wp\/v2\/media?parent=11742"}],"wp:term":[{"taxonomy":"category","embeddable":true,"href":"https:\/\/iraurgiberritzen.eus\/es\/wp-json\/wp\/v2\/categories?post=11742"},{"taxonomy":"post_tag","embeddable":true,"href":"https:\/\/iraurgiberritzen.eus\/es\/wp-json\/wp\/v2\/tags?post=11742"}],"curies":[{"name":"wp","href":"https:\/\/api.w.org\/{rel}","templated":true}]}}