{"id":11744,"date":"2014-07-07T00:00:00","date_gmt":"2014-07-06T22:00:00","guid":{"rendered":"https:\/\/iraurgiberritzen.eus\/mec-2014-subvenciones-del-gobierno-vasco\/"},"modified":"2014-07-07T00:00:00","modified_gmt":"2014-07-06T22:00:00","slug":"mec-2014-subvenciones-del-gobierno-vasco","status":"publish","type":"post","link":"https:\/\/iraurgiberritzen.eus\/es\/mec-2014-subvenciones-del-gobierno-vasco\/","title":{"rendered":"MEC 2014 &#8211; Subvenciones del Gobierno Vasco"},"content":{"rendered":"<p style=\"text-align: justify;\">Se informa a todos aquellos establecimientos cuya actividad principal sea la comercial y hayan realizado obras de modernizaci\u00f3n bien en sus instalaciones as\u00ed como en equipamiento comercial, pueden acceder a las ayudas del Gobierno Vasco, denominado Modernizaci\u00f3n de Establecimientos Comerciales (MEC) 2014.<\/p>\n<p style=\"text-align: justify;\">El plazo de presentaci\u00f3n se abre el 8 de Julio y finaliza el 5 de septiembre, salvo agotamiento de fondos.<\/p>\n<p style=\"text-align: justify;\">Para la obtenci\u00f3n de la ayuda es imprescindible que se encuentre ejerciendo la misma actividad comercial un m\u00ednimo de un a\u00f1o en el momento de presentaci\u00f3n de la solicitud.<\/p>\n<p style=\"text-align: justify;\">Son conceptos subvencionables, las inversiones dirigidas a la reforma y modernizaci\u00f3n del local, el mobiliario y los equipamientos necesarios para el desarrollo de la actividad comercial. Tambi\u00e9n se subvencionan, las inversiones en balanzas electr\u00f3nicas, equipos inform\u00e1ticos, aplicaciones y complementos de los mismos.<\/p>\n<p style=\"text-align: justify;\">Los proyectos de reforma y modernizaci\u00f3n del establecimiento deber\u00e1n tener un importe m\u00ednimo de inversi\u00f3n de 3.000 \u20ac y en el caso de balanzas electr\u00f3nicas, equipos inform\u00e1ticos y complementos la inversi\u00f3n m\u00ednima ser\u00e1 de 900 \u20ac, sin IVA. Siempre y cuando la actividad principal sea la comercial.<\/p>\n<p>M\u00e1s informaci\u00f3n: <a href=\"http:\/\/www.euskadi.net\/comercio\" target=\"_blank\" rel=\"noopener\">www.euskadi.net\/comercio<\/a> y\/o en Iraurgi Berritzenen, 943851100 (Alazne Larra\u00f1aga \/ Ainhoa Salegi).<\/p>\n","protected":false},"excerpt":{"rendered":"<p>Se informa a todos aquellos establecimientos cuya actividad principal sea la comercial y hayan realizado obras de modernizaci\u00f3n bien en sus instalaciones as\u00ed como en equipamiento comercial, pueden acceder a las ayudas del Gobierno Vasco, denominado Modernizaci\u00f3n de Establecimientos Comerciales (MEC) 2014. El plazo de presentaci\u00f3n se abre el 8 de Julio y finaliza el [&hellip;]<\/p>\n","protected":false},"author":1,"featured_media":0,"comment_status":"","ping_status":"closed","sticky":false,"template":"","format":"standard","meta":{"_acf_changed":false,"footnotes":""},"categories":[4],"tags":[],"class_list":["post-11744","post","type-post","status-publish","format-standard","hentry","category-noticias"],"acf":[],"yoast_head":"<!-- This site is optimized with the Yoast SEO plugin v27.4 - https:\/\/yoast.com\/product\/yoast-seo-wordpress\/ -->\n<title>MEC 2014 - Subvenciones del Gobierno Vasco - Iraurgi Berritzen<\/title>\n<meta name=\"robots\" content=\"index, follow, max-snippet:-1, max-image-preview:large, max-video-preview:-1\" \/>\n<link rel=\"canonical\" href=\"https:\/\/iraurgiberritzen.eus\/es\/mec-2014-subvenciones-del-gobierno-vasco\/\" \/>\n<meta property=\"og:locale\" content=\"es_ES\" \/>\n<meta property=\"og:type\" content=\"article\" \/>\n<meta property=\"og:title\" content=\"MEC 2014 - Subvenciones del Gobierno Vasco - Iraurgi Berritzen\" \/>\n<meta property=\"og:description\" content=\"Se informa a todos aquellos establecimientos cuya actividad principal sea la comercial y hayan realizado obras de modernizaci\u00f3n bien en sus instalaciones as\u00ed como en equipamiento comercial, pueden acceder a las ayudas del Gobierno Vasco, denominado Modernizaci\u00f3n de Establecimientos Comerciales (MEC) 2014. El plazo de presentaci\u00f3n se abre el 8 de Julio y finaliza el [&hellip;]\" \/>\n<meta property=\"og:url\" content=\"https:\/\/iraurgiberritzen.eus\/es\/mec-2014-subvenciones-del-gobierno-vasco\/\" \/>\n<meta property=\"og:site_name\" content=\"Iraurgi Berritzen\" \/>\n<meta property=\"article:published_time\" content=\"2014-07-06T22:00:00+00:00\" \/>\n<meta name=\"author\" content=\"kudeatzailea\" \/>\n<meta name=\"twitter:card\" content=\"summary_large_image\" \/>\n<meta name=\"twitter:label1\" content=\"Escrito por\" \/>\n\t<meta name=\"twitter:data1\" content=\"kudeatzailea\" \/>\n\t<meta name=\"twitter:label2\" content=\"Tiempo de lectura\" \/>\n\t<meta name=\"twitter:data2\" content=\"1 minuto\" \/>\n<script type=\"application\/ld+json\" class=\"yoast-schema-graph\">{\"@context\":\"https:\\\/\\\/schema.org\",\"@graph\":[{\"@type\":\"Article\",\"@id\":\"https:\\\/\\\/iraurgiberritzen.eus\\\/es\\\/mec-2014-subvenciones-del-gobierno-vasco\\\/#article\",\"isPartOf\":{\"@id\":\"https:\\\/\\\/iraurgiberritzen.eus\\\/es\\\/mec-2014-subvenciones-del-gobierno-vasco\\\/\"},\"author\":{\"name\":\"kudeatzailea\",\"@id\":\"https:\\\/\\\/iraurgiberritzen.eus\\\/es\\\/#\\\/schema\\\/person\\\/5ab41aaf388a9097177601ebf45738d2\"},\"headline\":\"MEC 2014 &#8211; Subvenciones del Gobierno Vasco\",\"datePublished\":\"2014-07-06T22:00:00+00:00\",\"mainEntityOfPage\":{\"@id\":\"https:\\\/\\\/iraurgiberritzen.eus\\\/es\\\/mec-2014-subvenciones-del-gobierno-vasco\\\/\"},\"wordCount\":216,\"publisher\":{\"@id\":\"https:\\\/\\\/iraurgiberritzen.eus\\\/es\\\/#organization\"},\"articleSection\":[\"Noticias\"],\"inLanguage\":\"es\"},{\"@type\":\"WebPage\",\"@id\":\"https:\\\/\\\/iraurgiberritzen.eus\\\/es\\\/mec-2014-subvenciones-del-gobierno-vasco\\\/\",\"url\":\"https:\\\/\\\/iraurgiberritzen.eus\\\/es\\\/mec-2014-subvenciones-del-gobierno-vasco\\\/\",\"name\":\"MEC 2014 - Subvenciones del Gobierno Vasco - Iraurgi Berritzen\",\"isPartOf\":{\"@id\":\"https:\\\/\\\/iraurgiberritzen.eus\\\/es\\\/#website\"},\"datePublished\":\"2014-07-06T22:00:00+00:00\",\"breadcrumb\":{\"@id\":\"https:\\\/\\\/iraurgiberritzen.eus\\\/es\\\/mec-2014-subvenciones-del-gobierno-vasco\\\/#breadcrumb\"},\"inLanguage\":\"es\",\"potentialAction\":[{\"@type\":\"ReadAction\",\"target\":[\"https:\\\/\\\/iraurgiberritzen.eus\\\/es\\\/mec-2014-subvenciones-del-gobierno-vasco\\\/\"]}]},{\"@type\":\"BreadcrumbList\",\"@id\":\"https:\\\/\\\/iraurgiberritzen.eus\\\/es\\\/mec-2014-subvenciones-del-gobierno-vasco\\\/#breadcrumb\",\"itemListElement\":[{\"@type\":\"ListItem\",\"position\":1,\"name\":\"Home\",\"item\":\"https:\\\/\\\/iraurgiberritzen.eus\\\/es\\\/\"},{\"@type\":\"ListItem\",\"position\":2,\"name\":\"MEC 2014 &#8211; Subvenciones del Gobierno Vasco\"}]},{\"@type\":\"WebSite\",\"@id\":\"https:\\\/\\\/iraurgiberritzen.eus\\\/es\\\/#website\",\"url\":\"https:\\\/\\\/iraurgiberritzen.eus\\\/es\\\/\",\"name\":\"Iraurgi Berritzen\",\"description\":\"Urola Erdiko Garapen Agentzia\",\"publisher\":{\"@id\":\"https:\\\/\\\/iraurgiberritzen.eus\\\/es\\\/#organization\"},\"potentialAction\":[{\"@type\":\"SearchAction\",\"target\":{\"@type\":\"EntryPoint\",\"urlTemplate\":\"https:\\\/\\\/iraurgiberritzen.eus\\\/es\\\/?s={search_term_string}\"},\"query-input\":{\"@type\":\"PropertyValueSpecification\",\"valueRequired\":true,\"valueName\":\"search_term_string\"}}],\"inLanguage\":\"es\"},{\"@type\":\"Organization\",\"@id\":\"https:\\\/\\\/iraurgiberritzen.eus\\\/es\\\/#organization\",\"name\":\"Iraurgi Berritzen\",\"url\":\"https:\\\/\\\/iraurgiberritzen.eus\\\/es\\\/\",\"logo\":{\"@type\":\"ImageObject\",\"inLanguage\":\"es\",\"@id\":\"https:\\\/\\\/iraurgiberritzen.eus\\\/es\\\/#\\\/schema\\\/logo\\\/image\\\/\",\"url\":\"https:\\\/\\\/iraurgiberritzen.eus\\\/wp-content\\\/uploads\\\/2024\\\/02\\\/IRAURGI-BERRITZEN-logotipoa_2.png\",\"contentUrl\":\"https:\\\/\\\/iraurgiberritzen.eus\\\/wp-content\\\/uploads\\\/2024\\\/02\\\/IRAURGI-BERRITZEN-logotipoa_2.png\",\"width\":496,\"height\":190,\"caption\":\"Iraurgi Berritzen\"},\"image\":{\"@id\":\"https:\\\/\\\/iraurgiberritzen.eus\\\/es\\\/#\\\/schema\\\/logo\\\/image\\\/\"}},{\"@type\":\"Person\",\"@id\":\"https:\\\/\\\/iraurgiberritzen.eus\\\/es\\\/#\\\/schema\\\/person\\\/5ab41aaf388a9097177601ebf45738d2\",\"name\":\"kudeatzailea\",\"sameAs\":[\"https:\\\/\\\/iraurgiberritzen.eus\"]}]}<\/script>\n<!-- \/ Yoast SEO plugin. -->","yoast_head_json":{"title":"MEC 2014 - Subvenciones del Gobierno Vasco - Iraurgi Berritzen","robots":{"index":"index","follow":"follow","max-snippet":"max-snippet:-1","max-image-preview":"max-image-preview:large","max-video-preview":"max-video-preview:-1"},"canonical":"https:\/\/iraurgiberritzen.eus\/es\/mec-2014-subvenciones-del-gobierno-vasco\/","og_locale":"es_ES","og_type":"article","og_title":"MEC 2014 - Subvenciones del Gobierno Vasco - Iraurgi Berritzen","og_description":"Se informa a todos aquellos establecimientos cuya actividad principal sea la comercial y hayan realizado obras de modernizaci\u00f3n bien en sus instalaciones as\u00ed como en equipamiento comercial, pueden acceder a las ayudas del Gobierno Vasco, denominado Modernizaci\u00f3n de Establecimientos Comerciales (MEC) 2014. El plazo de presentaci\u00f3n se abre el 8 de Julio y finaliza el [&hellip;]","og_url":"https:\/\/iraurgiberritzen.eus\/es\/mec-2014-subvenciones-del-gobierno-vasco\/","og_site_name":"Iraurgi Berritzen","article_published_time":"2014-07-06T22:00:00+00:00","author":"kudeatzailea","twitter_card":"summary_large_image","twitter_misc":{"Escrito por":"kudeatzailea","Tiempo de lectura":"1 minuto"},"schema":{"@context":"https:\/\/schema.org","@graph":[{"@type":"Article","@id":"https:\/\/iraurgiberritzen.eus\/es\/mec-2014-subvenciones-del-gobierno-vasco\/#article","isPartOf":{"@id":"https:\/\/iraurgiberritzen.eus\/es\/mec-2014-subvenciones-del-gobierno-vasco\/"},"author":{"name":"kudeatzailea","@id":"https:\/\/iraurgiberritzen.eus\/es\/#\/schema\/person\/5ab41aaf388a9097177601ebf45738d2"},"headline":"MEC 2014 &#8211; Subvenciones del Gobierno Vasco","datePublished":"2014-07-06T22:00:00+00:00","mainEntityOfPage":{"@id":"https:\/\/iraurgiberritzen.eus\/es\/mec-2014-subvenciones-del-gobierno-vasco\/"},"wordCount":216,"publisher":{"@id":"https:\/\/iraurgiberritzen.eus\/es\/#organization"},"articleSection":["Noticias"],"inLanguage":"es"},{"@type":"WebPage","@id":"https:\/\/iraurgiberritzen.eus\/es\/mec-2014-subvenciones-del-gobierno-vasco\/","url":"https:\/\/iraurgiberritzen.eus\/es\/mec-2014-subvenciones-del-gobierno-vasco\/","name":"MEC 2014 - Subvenciones del Gobierno Vasco - Iraurgi Berritzen","isPartOf":{"@id":"https:\/\/iraurgiberritzen.eus\/es\/#website"},"datePublished":"2014-07-06T22:00:00+00:00","breadcrumb":{"@id":"https:\/\/iraurgiberritzen.eus\/es\/mec-2014-subvenciones-del-gobierno-vasco\/#breadcrumb"},"inLanguage":"es","potentialAction":[{"@type":"ReadAction","target":["https:\/\/iraurgiberritzen.eus\/es\/mec-2014-subvenciones-del-gobierno-vasco\/"]}]},{"@type":"BreadcrumbList","@id":"https:\/\/iraurgiberritzen.eus\/es\/mec-2014-subvenciones-del-gobierno-vasco\/#breadcrumb","itemListElement":[{"@type":"ListItem","position":1,"name":"Home","item":"https:\/\/iraurgiberritzen.eus\/es\/"},{"@type":"ListItem","position":2,"name":"MEC 2014 &#8211; Subvenciones del Gobierno Vasco"}]},{"@type":"WebSite","@id":"https:\/\/iraurgiberritzen.eus\/es\/#website","url":"https:\/\/iraurgiberritzen.eus\/es\/","name":"Iraurgi Berritzen","description":"Urola Erdiko Garapen Agentzia","publisher":{"@id":"https:\/\/iraurgiberritzen.eus\/es\/#organization"},"potentialAction":[{"@type":"SearchAction","target":{"@type":"EntryPoint","urlTemplate":"https:\/\/iraurgiberritzen.eus\/es\/?s={search_term_string}"},"query-input":{"@type":"PropertyValueSpecification","valueRequired":true,"valueName":"search_term_string"}}],"inLanguage":"es"},{"@type":"Organization","@id":"https:\/\/iraurgiberritzen.eus\/es\/#organization","name":"Iraurgi Berritzen","url":"https:\/\/iraurgiberritzen.eus\/es\/","logo":{"@type":"ImageObject","inLanguage":"es","@id":"https:\/\/iraurgiberritzen.eus\/es\/#\/schema\/logo\/image\/","url":"https:\/\/iraurgiberritzen.eus\/wp-content\/uploads\/2024\/02\/IRAURGI-BERRITZEN-logotipoa_2.png","contentUrl":"https:\/\/iraurgiberritzen.eus\/wp-content\/uploads\/2024\/02\/IRAURGI-BERRITZEN-logotipoa_2.png","width":496,"height":190,"caption":"Iraurgi Berritzen"},"image":{"@id":"https:\/\/iraurgiberritzen.eus\/es\/#\/schema\/logo\/image\/"}},{"@type":"Person","@id":"https:\/\/iraurgiberritzen.eus\/es\/#\/schema\/person\/5ab41aaf388a9097177601ebf45738d2","name":"kudeatzailea","sameAs":["https:\/\/iraurgiberritzen.eus"]}]}},"_links":{"self":[{"href":"https:\/\/iraurgiberritzen.eus\/es\/wp-json\/wp\/v2\/posts\/11744","targetHints":{"allow":["GET"]}}],"collection":[{"href":"https:\/\/iraurgiberritzen.eus\/es\/wp-json\/wp\/v2\/posts"}],"about":[{"href":"https:\/\/iraurgiberritzen.eus\/es\/wp-json\/wp\/v2\/types\/post"}],"author":[{"embeddable":true,"href":"https:\/\/iraurgiberritzen.eus\/es\/wp-json\/wp\/v2\/users\/1"}],"replies":[{"embeddable":true,"href":"https:\/\/iraurgiberritzen.eus\/es\/wp-json\/wp\/v2\/comments?post=11744"}],"version-history":[{"count":0,"href":"https:\/\/iraurgiberritzen.eus\/es\/wp-json\/wp\/v2\/posts\/11744\/revisions"}],"wp:attachment":[{"href":"https:\/\/iraurgiberritzen.eus\/es\/wp-json\/wp\/v2\/media?parent=11744"}],"wp:term":[{"taxonomy":"category","embeddable":true,"href":"https:\/\/iraurgiberritzen.eus\/es\/wp-json\/wp\/v2\/categories?post=11744"},{"taxonomy":"post_tag","embeddable":true,"href":"https:\/\/iraurgiberritzen.eus\/es\/wp-json\/wp\/v2\/tags?post=11744"}],"curies":[{"name":"wp","href":"https:\/\/api.w.org\/{rel}","templated":true}]}}