{"id":11747,"date":"2015-01-22T11:37:26","date_gmt":"2015-01-22T09:37:26","guid":{"rendered":"https:\/\/iraurgiberritzen.eus\/el-proyecto-europeo-agripir-celebra-su-seminario-final-en-bidart\/"},"modified":"2015-01-22T11:37:26","modified_gmt":"2015-01-22T09:37:26","slug":"el-proyecto-europeo-agripir-celebra-su-seminario-final-en-bidart","status":"publish","type":"post","link":"https:\/\/iraurgiberritzen.eus\/es\/el-proyecto-europeo-agripir-celebra-su-seminario-final-en-bidart\/","title":{"rendered":"El Proyecto europeo Agripir celebra su Seminario Final en Bidart"},"content":{"rendered":"<p style=\"text-align: justify;\">El pasado Diciembre se dio fin al Proyecto Europeo AGRIPIR puesto en marcha en Abril del 2012. Este proyecto re\u00fane a trece socios vascos, catalanes y franceses, provenientes de diferentes esferas y cabe destacar la participaci\u00f3n de m\u00e1s de 230 personas y 110 entidades en la din\u00e1mica de la red.<\/p>\n<p><br style=\"text-align: justify;\" \/><\/p>\n<p style=\"text-align: justify;\">En estos 36 meses se han organizado m\u00e1s de 10 jornadas en ambos lados de los Pirineos, donde han participado agentes de distinta tipolog\u00eda como pueden ser, las asociaciones de agricultores, los centros tecnol\u00f3gicos, empresas peque\u00f1as y de mediano tama\u00f1o o las agencias de desarrollo.<\/p>\n<p style=\"text-align: justify;\">Los objetivos principales de este proyecto han sido identificar las necesidades comunes de los agricultores de ambos lados del Pirineo y crear un espacio donde los mencionados agentes han podido intercambiar sus experiencias con la finalidad de revalorizar la agricultura de monta\u00f1a.<\/p>\n<p style=\"text-align: justify;\">En concreto, la red de intercambio y experimentaci\u00f3n que se ha configurado durante estos 3 a\u00f1os, ha desarrollado el proyecto piloto AGRIPIR, que consiste en el desarrollo de un sistema innovador de vallado virtual con el objetivo de reemplazar las barreras f\u00edsicas actuales que existen en los estivos.<\/p>\n<p style=\"text-align: justify;\">En el proyecto piloto e-Pasto se han desarrollado dos fases de experimentaci\u00f3n: La primera de ellas se llev\u00f3 a cabo en el a\u00f1o 2013, en Prat d&#8217;Albis (Ari\u00e8ge) y se equiparon con dispositivos de geolocalizaci\u00f3n un total de 30 animales (vacas, ovejas, caballos). El verano de 2014, se desarroll\u00f3 la segunda fase de experimentaci\u00f3n en los estivos de Prat d&#8217;Albis, Bethmale y en Beizama, adem\u00e1s de los ensayos de interacci\u00f3n que se llevaron a cabo en el Instituto Vasco de Investigaci\u00f3n y Desarrollo Agrario Neiker-Tecnalia.<br \/>Sin embargo, la red AGRIPIR tambi\u00e9n ha dado lugar a la creaci\u00f3n de nuevos grupos de trabajo donde se trabaja en numerosos proyectos. He aqu\u00ed los m\u00e1s importantes:<\/p>\n<ul>\n<li style=\"text-align: justify;\">Power Box: desarrollar un kit energ\u00e9tico que garantice la autonom\u00eda energ\u00e9tica de los ganaderos de monta\u00f1a en zonas de dif\u00edcil acceso para la realizaci\u00f3n de sus tareas cotidianas.<\/li>\n<li style=\"text-align: justify;\">Mastech: desarrollo de tecnolog\u00edas basadas en resonancia magn\u00e9tica nuclear, termograf\u00eda, prote\u00f3mica (estudio de las prote\u00ednas) y medidas basadas en comportamiento y fisiolog\u00eda para la detecci\u00f3n precoz de procesos de mamitis (una de las enfermedades m\u00e1s frecuentes de las que afectan a la industria l\u00e1ctea mundial).<\/li>\n<li style=\"text-align: justify;\">Live-Pre Life: mejora de la coexistencia de grandes depredadores y ganado en \u00e1reas de monta\u00f1a, mediante el desarrollo de cercados inteligentes, m\u00e9todos de detecci\u00f3n precoz de ataques y sistemas activos para ahuyentar a lobos u otros animales potencialmente peligrosos.<\/li>\n<li style=\"text-align: justify;\">Cowmon: desarrollo de un sistema abierto y de bajo coste con autonom\u00eda ilimitada para monitorizar continuamente la actividad del ganado en \u00e1reas extensas y proporcionar nuevos servicios relacionados con el bienestar animal o la productividad de las explotaciones.<\/li>\n<\/ul>\n<p style=\"text-align: justify;\">A continuaci\u00f3n pod\u00e9is disponer del v\u00eddeo que resume el Proyecto AGRIPIR.<\/p>\n<p style=\"text-align: justify;\">{vimeo}114223048{\/vimeo}<\/p>\n","protected":false},"excerpt":{"rendered":"<p>El pasado Diciembre se dio fin al Proyecto Europeo AGRIPIR puesto en marcha en Abril del 2012. Este proyecto re\u00fane a trece socios vascos, catalanes y franceses, provenientes de diferentes esferas y cabe destacar la participaci\u00f3n de m\u00e1s de 230 personas y 110 entidades en la din\u00e1mica de la red. En estos 36 meses se [&hellip;]<\/p>\n","protected":false},"author":1,"featured_media":18062,"comment_status":"","ping_status":"closed","sticky":false,"template":"","format":"standard","meta":{"_acf_changed":false,"footnotes":""},"categories":[4],"tags":[],"class_list":["post-11747","post","type-post","status-publish","format-standard","has-post-thumbnail","hentry","category-noticias"],"acf":[],"yoast_head":"<!-- This site is optimized with the Yoast SEO plugin v27.4 - https:\/\/yoast.com\/product\/yoast-seo-wordpress\/ -->\n<title>El Proyecto europeo Agripir celebra su Seminario Final en Bidart - Iraurgi Berritzen<\/title>\n<meta name=\"robots\" content=\"index, follow, max-snippet:-1, max-image-preview:large, max-video-preview:-1\" \/>\n<link rel=\"canonical\" href=\"https:\/\/iraurgiberritzen.eus\/es\/el-proyecto-europeo-agripir-celebra-su-seminario-final-en-bidart\/\" \/>\n<meta property=\"og:locale\" content=\"es_ES\" \/>\n<meta property=\"og:type\" content=\"article\" \/>\n<meta property=\"og:title\" content=\"El Proyecto europeo Agripir celebra su Seminario Final en Bidart - Iraurgi Berritzen\" \/>\n<meta property=\"og:description\" content=\"El pasado Diciembre se dio fin al Proyecto Europeo AGRIPIR puesto en marcha en Abril del 2012. Este proyecto re\u00fane a trece socios vascos, catalanes y franceses, provenientes de diferentes esferas y cabe destacar la participaci\u00f3n de m\u00e1s de 230 personas y 110 entidades en la din\u00e1mica de la red. En estos 36 meses se [&hellip;]\" \/>\n<meta property=\"og:url\" content=\"https:\/\/iraurgiberritzen.eus\/es\/el-proyecto-europeo-agripir-celebra-su-seminario-final-en-bidart\/\" \/>\n<meta property=\"og:site_name\" content=\"Iraurgi Berritzen\" \/>\n<meta property=\"article:published_time\" content=\"2015-01-22T09:37:26+00:00\" \/>\n<meta name=\"author\" content=\"kudeatzailea\" \/>\n<meta name=\"twitter:card\" content=\"summary_large_image\" \/>\n<meta name=\"twitter:label1\" content=\"Escrito por\" \/>\n\t<meta name=\"twitter:data1\" content=\"kudeatzailea\" \/>\n\t<meta name=\"twitter:label2\" content=\"Tiempo de lectura\" \/>\n\t<meta name=\"twitter:data2\" content=\"2 minutos\" \/>\n<script type=\"application\/ld+json\" class=\"yoast-schema-graph\">{\"@context\":\"https:\\\/\\\/schema.org\",\"@graph\":[{\"@type\":\"Article\",\"@id\":\"https:\\\/\\\/iraurgiberritzen.eus\\\/es\\\/el-proyecto-europeo-agripir-celebra-su-seminario-final-en-bidart\\\/#article\",\"isPartOf\":{\"@id\":\"https:\\\/\\\/iraurgiberritzen.eus\\\/es\\\/el-proyecto-europeo-agripir-celebra-su-seminario-final-en-bidart\\\/\"},\"author\":{\"name\":\"kudeatzailea\",\"@id\":\"https:\\\/\\\/iraurgiberritzen.eus\\\/es\\\/#\\\/schema\\\/person\\\/5ab41aaf388a9097177601ebf45738d2\"},\"headline\":\"El Proyecto europeo Agripir celebra su Seminario Final en Bidart\",\"datePublished\":\"2015-01-22T09:37:26+00:00\",\"mainEntityOfPage\":{\"@id\":\"https:\\\/\\\/iraurgiberritzen.eus\\\/es\\\/el-proyecto-europeo-agripir-celebra-su-seminario-final-en-bidart\\\/\"},\"wordCount\":510,\"publisher\":{\"@id\":\"https:\\\/\\\/iraurgiberritzen.eus\\\/es\\\/#organization\"},\"image\":{\"@id\":\"https:\\\/\\\/iraurgiberritzen.eus\\\/es\\\/el-proyecto-europeo-agripir-celebra-su-seminario-final-en-bidart\\\/#primaryimage\"},\"thumbnailUrl\":\"https:\\\/\\\/iraurgiberritzen.eus\\\/wp-content\\\/uploads\\\/2023\\\/09\\\/4047dc2f08c422a43c6430815243ead6.jpg\",\"articleSection\":[\"Noticias\"],\"inLanguage\":\"es\"},{\"@type\":\"WebPage\",\"@id\":\"https:\\\/\\\/iraurgiberritzen.eus\\\/es\\\/el-proyecto-europeo-agripir-celebra-su-seminario-final-en-bidart\\\/\",\"url\":\"https:\\\/\\\/iraurgiberritzen.eus\\\/es\\\/el-proyecto-europeo-agripir-celebra-su-seminario-final-en-bidart\\\/\",\"name\":\"El Proyecto europeo Agripir celebra su Seminario Final en Bidart - Iraurgi Berritzen\",\"isPartOf\":{\"@id\":\"https:\\\/\\\/iraurgiberritzen.eus\\\/es\\\/#website\"},\"primaryImageOfPage\":{\"@id\":\"https:\\\/\\\/iraurgiberritzen.eus\\\/es\\\/el-proyecto-europeo-agripir-celebra-su-seminario-final-en-bidart\\\/#primaryimage\"},\"image\":{\"@id\":\"https:\\\/\\\/iraurgiberritzen.eus\\\/es\\\/el-proyecto-europeo-agripir-celebra-su-seminario-final-en-bidart\\\/#primaryimage\"},\"thumbnailUrl\":\"https:\\\/\\\/iraurgiberritzen.eus\\\/wp-content\\\/uploads\\\/2023\\\/09\\\/4047dc2f08c422a43c6430815243ead6.jpg\",\"datePublished\":\"2015-01-22T09:37:26+00:00\",\"breadcrumb\":{\"@id\":\"https:\\\/\\\/iraurgiberritzen.eus\\\/es\\\/el-proyecto-europeo-agripir-celebra-su-seminario-final-en-bidart\\\/#breadcrumb\"},\"inLanguage\":\"es\",\"potentialAction\":[{\"@type\":\"ReadAction\",\"target\":[\"https:\\\/\\\/iraurgiberritzen.eus\\\/es\\\/el-proyecto-europeo-agripir-celebra-su-seminario-final-en-bidart\\\/\"]}]},{\"@type\":\"ImageObject\",\"inLanguage\":\"es\",\"@id\":\"https:\\\/\\\/iraurgiberritzen.eus\\\/es\\\/el-proyecto-europeo-agripir-celebra-su-seminario-final-en-bidart\\\/#primaryimage\",\"url\":\"https:\\\/\\\/iraurgiberritzen.eus\\\/wp-content\\\/uploads\\\/2023\\\/09\\\/4047dc2f08c422a43c6430815243ead6.jpg\",\"contentUrl\":\"https:\\\/\\\/iraurgiberritzen.eus\\\/wp-content\\\/uploads\\\/2023\\\/09\\\/4047dc2f08c422a43c6430815243ead6.jpg\",\"width\":600,\"height\":369},{\"@type\":\"BreadcrumbList\",\"@id\":\"https:\\\/\\\/iraurgiberritzen.eus\\\/es\\\/el-proyecto-europeo-agripir-celebra-su-seminario-final-en-bidart\\\/#breadcrumb\",\"itemListElement\":[{\"@type\":\"ListItem\",\"position\":1,\"name\":\"Home\",\"item\":\"https:\\\/\\\/iraurgiberritzen.eus\\\/es\\\/\"},{\"@type\":\"ListItem\",\"position\":2,\"name\":\"El Proyecto europeo Agripir celebra su Seminario Final en Bidart\"}]},{\"@type\":\"WebSite\",\"@id\":\"https:\\\/\\\/iraurgiberritzen.eus\\\/es\\\/#website\",\"url\":\"https:\\\/\\\/iraurgiberritzen.eus\\\/es\\\/\",\"name\":\"Iraurgi Berritzen\",\"description\":\"Urola Erdiko Garapen Agentzia\",\"publisher\":{\"@id\":\"https:\\\/\\\/iraurgiberritzen.eus\\\/es\\\/#organization\"},\"potentialAction\":[{\"@type\":\"SearchAction\",\"target\":{\"@type\":\"EntryPoint\",\"urlTemplate\":\"https:\\\/\\\/iraurgiberritzen.eus\\\/es\\\/?s={search_term_string}\"},\"query-input\":{\"@type\":\"PropertyValueSpecification\",\"valueRequired\":true,\"valueName\":\"search_term_string\"}}],\"inLanguage\":\"es\"},{\"@type\":\"Organization\",\"@id\":\"https:\\\/\\\/iraurgiberritzen.eus\\\/es\\\/#organization\",\"name\":\"Iraurgi Berritzen\",\"url\":\"https:\\\/\\\/iraurgiberritzen.eus\\\/es\\\/\",\"logo\":{\"@type\":\"ImageObject\",\"inLanguage\":\"es\",\"@id\":\"https:\\\/\\\/iraurgiberritzen.eus\\\/es\\\/#\\\/schema\\\/logo\\\/image\\\/\",\"url\":\"https:\\\/\\\/iraurgiberritzen.eus\\\/wp-content\\\/uploads\\\/2024\\\/02\\\/IRAURGI-BERRITZEN-logotipoa_2.png\",\"contentUrl\":\"https:\\\/\\\/iraurgiberritzen.eus\\\/wp-content\\\/uploads\\\/2024\\\/02\\\/IRAURGI-BERRITZEN-logotipoa_2.png\",\"width\":496,\"height\":190,\"caption\":\"Iraurgi Berritzen\"},\"image\":{\"@id\":\"https:\\\/\\\/iraurgiberritzen.eus\\\/es\\\/#\\\/schema\\\/logo\\\/image\\\/\"}},{\"@type\":\"Person\",\"@id\":\"https:\\\/\\\/iraurgiberritzen.eus\\\/es\\\/#\\\/schema\\\/person\\\/5ab41aaf388a9097177601ebf45738d2\",\"name\":\"kudeatzailea\",\"sameAs\":[\"https:\\\/\\\/iraurgiberritzen.eus\"]}]}<\/script>\n<!-- \/ Yoast SEO plugin. -->","yoast_head_json":{"title":"El Proyecto europeo Agripir celebra su Seminario Final en Bidart - Iraurgi Berritzen","robots":{"index":"index","follow":"follow","max-snippet":"max-snippet:-1","max-image-preview":"max-image-preview:large","max-video-preview":"max-video-preview:-1"},"canonical":"https:\/\/iraurgiberritzen.eus\/es\/el-proyecto-europeo-agripir-celebra-su-seminario-final-en-bidart\/","og_locale":"es_ES","og_type":"article","og_title":"El Proyecto europeo Agripir celebra su Seminario Final en Bidart - Iraurgi Berritzen","og_description":"El pasado Diciembre se dio fin al Proyecto Europeo AGRIPIR puesto en marcha en Abril del 2012. Este proyecto re\u00fane a trece socios vascos, catalanes y franceses, provenientes de diferentes esferas y cabe destacar la participaci\u00f3n de m\u00e1s de 230 personas y 110 entidades en la din\u00e1mica de la red. En estos 36 meses se [&hellip;]","og_url":"https:\/\/iraurgiberritzen.eus\/es\/el-proyecto-europeo-agripir-celebra-su-seminario-final-en-bidart\/","og_site_name":"Iraurgi Berritzen","article_published_time":"2015-01-22T09:37:26+00:00","author":"kudeatzailea","twitter_card":"summary_large_image","twitter_misc":{"Escrito por":"kudeatzailea","Tiempo de lectura":"2 minutos"},"schema":{"@context":"https:\/\/schema.org","@graph":[{"@type":"Article","@id":"https:\/\/iraurgiberritzen.eus\/es\/el-proyecto-europeo-agripir-celebra-su-seminario-final-en-bidart\/#article","isPartOf":{"@id":"https:\/\/iraurgiberritzen.eus\/es\/el-proyecto-europeo-agripir-celebra-su-seminario-final-en-bidart\/"},"author":{"name":"kudeatzailea","@id":"https:\/\/iraurgiberritzen.eus\/es\/#\/schema\/person\/5ab41aaf388a9097177601ebf45738d2"},"headline":"El Proyecto europeo Agripir celebra su Seminario Final en Bidart","datePublished":"2015-01-22T09:37:26+00:00","mainEntityOfPage":{"@id":"https:\/\/iraurgiberritzen.eus\/es\/el-proyecto-europeo-agripir-celebra-su-seminario-final-en-bidart\/"},"wordCount":510,"publisher":{"@id":"https:\/\/iraurgiberritzen.eus\/es\/#organization"},"image":{"@id":"https:\/\/iraurgiberritzen.eus\/es\/el-proyecto-europeo-agripir-celebra-su-seminario-final-en-bidart\/#primaryimage"},"thumbnailUrl":"https:\/\/iraurgiberritzen.eus\/wp-content\/uploads\/2023\/09\/4047dc2f08c422a43c6430815243ead6.jpg","articleSection":["Noticias"],"inLanguage":"es"},{"@type":"WebPage","@id":"https:\/\/iraurgiberritzen.eus\/es\/el-proyecto-europeo-agripir-celebra-su-seminario-final-en-bidart\/","url":"https:\/\/iraurgiberritzen.eus\/es\/el-proyecto-europeo-agripir-celebra-su-seminario-final-en-bidart\/","name":"El Proyecto europeo Agripir celebra su Seminario Final en Bidart - Iraurgi Berritzen","isPartOf":{"@id":"https:\/\/iraurgiberritzen.eus\/es\/#website"},"primaryImageOfPage":{"@id":"https:\/\/iraurgiberritzen.eus\/es\/el-proyecto-europeo-agripir-celebra-su-seminario-final-en-bidart\/#primaryimage"},"image":{"@id":"https:\/\/iraurgiberritzen.eus\/es\/el-proyecto-europeo-agripir-celebra-su-seminario-final-en-bidart\/#primaryimage"},"thumbnailUrl":"https:\/\/iraurgiberritzen.eus\/wp-content\/uploads\/2023\/09\/4047dc2f08c422a43c6430815243ead6.jpg","datePublished":"2015-01-22T09:37:26+00:00","breadcrumb":{"@id":"https:\/\/iraurgiberritzen.eus\/es\/el-proyecto-europeo-agripir-celebra-su-seminario-final-en-bidart\/#breadcrumb"},"inLanguage":"es","potentialAction":[{"@type":"ReadAction","target":["https:\/\/iraurgiberritzen.eus\/es\/el-proyecto-europeo-agripir-celebra-su-seminario-final-en-bidart\/"]}]},{"@type":"ImageObject","inLanguage":"es","@id":"https:\/\/iraurgiberritzen.eus\/es\/el-proyecto-europeo-agripir-celebra-su-seminario-final-en-bidart\/#primaryimage","url":"https:\/\/iraurgiberritzen.eus\/wp-content\/uploads\/2023\/09\/4047dc2f08c422a43c6430815243ead6.jpg","contentUrl":"https:\/\/iraurgiberritzen.eus\/wp-content\/uploads\/2023\/09\/4047dc2f08c422a43c6430815243ead6.jpg","width":600,"height":369},{"@type":"BreadcrumbList","@id":"https:\/\/iraurgiberritzen.eus\/es\/el-proyecto-europeo-agripir-celebra-su-seminario-final-en-bidart\/#breadcrumb","itemListElement":[{"@type":"ListItem","position":1,"name":"Home","item":"https:\/\/iraurgiberritzen.eus\/es\/"},{"@type":"ListItem","position":2,"name":"El Proyecto europeo Agripir celebra su Seminario Final en Bidart"}]},{"@type":"WebSite","@id":"https:\/\/iraurgiberritzen.eus\/es\/#website","url":"https:\/\/iraurgiberritzen.eus\/es\/","name":"Iraurgi Berritzen","description":"Urola Erdiko Garapen Agentzia","publisher":{"@id":"https:\/\/iraurgiberritzen.eus\/es\/#organization"},"potentialAction":[{"@type":"SearchAction","target":{"@type":"EntryPoint","urlTemplate":"https:\/\/iraurgiberritzen.eus\/es\/?s={search_term_string}"},"query-input":{"@type":"PropertyValueSpecification","valueRequired":true,"valueName":"search_term_string"}}],"inLanguage":"es"},{"@type":"Organization","@id":"https:\/\/iraurgiberritzen.eus\/es\/#organization","name":"Iraurgi Berritzen","url":"https:\/\/iraurgiberritzen.eus\/es\/","logo":{"@type":"ImageObject","inLanguage":"es","@id":"https:\/\/iraurgiberritzen.eus\/es\/#\/schema\/logo\/image\/","url":"https:\/\/iraurgiberritzen.eus\/wp-content\/uploads\/2024\/02\/IRAURGI-BERRITZEN-logotipoa_2.png","contentUrl":"https:\/\/iraurgiberritzen.eus\/wp-content\/uploads\/2024\/02\/IRAURGI-BERRITZEN-logotipoa_2.png","width":496,"height":190,"caption":"Iraurgi Berritzen"},"image":{"@id":"https:\/\/iraurgiberritzen.eus\/es\/#\/schema\/logo\/image\/"}},{"@type":"Person","@id":"https:\/\/iraurgiberritzen.eus\/es\/#\/schema\/person\/5ab41aaf388a9097177601ebf45738d2","name":"kudeatzailea","sameAs":["https:\/\/iraurgiberritzen.eus"]}]}},"_links":{"self":[{"href":"https:\/\/iraurgiberritzen.eus\/es\/wp-json\/wp\/v2\/posts\/11747","targetHints":{"allow":["GET"]}}],"collection":[{"href":"https:\/\/iraurgiberritzen.eus\/es\/wp-json\/wp\/v2\/posts"}],"about":[{"href":"https:\/\/iraurgiberritzen.eus\/es\/wp-json\/wp\/v2\/types\/post"}],"author":[{"embeddable":true,"href":"https:\/\/iraurgiberritzen.eus\/es\/wp-json\/wp\/v2\/users\/1"}],"replies":[{"embeddable":true,"href":"https:\/\/iraurgiberritzen.eus\/es\/wp-json\/wp\/v2\/comments?post=11747"}],"version-history":[{"count":0,"href":"https:\/\/iraurgiberritzen.eus\/es\/wp-json\/wp\/v2\/posts\/11747\/revisions"}],"wp:featuredmedia":[{"embeddable":true,"href":"https:\/\/iraurgiberritzen.eus\/es\/wp-json\/wp\/v2\/media\/18062"}],"wp:attachment":[{"href":"https:\/\/iraurgiberritzen.eus\/es\/wp-json\/wp\/v2\/media?parent=11747"}],"wp:term":[{"taxonomy":"category","embeddable":true,"href":"https:\/\/iraurgiberritzen.eus\/es\/wp-json\/wp\/v2\/categories?post=11747"},{"taxonomy":"post_tag","embeddable":true,"href":"https:\/\/iraurgiberritzen.eus\/es\/wp-json\/wp\/v2\/tags?post=11747"}],"curies":[{"name":"wp","href":"https:\/\/api.w.org\/{rel}","templated":true}]}}