{"id":11749,"date":"2014-03-18T00:00:00","date_gmt":"2014-03-17T22:00:00","guid":{"rendered":"https:\/\/iraurgiberritzen.eus\/consolidando-procesos-estrategicos-con-pequenas-empresas-de-la-red-iraurgi-berritzen\/"},"modified":"2014-03-18T00:00:00","modified_gmt":"2014-03-17T22:00:00","slug":"consolidando-procesos-estrategicos-con-pequenas-empresas-de-la-red-iraurgi-berritzen","status":"publish","type":"post","link":"https:\/\/iraurgiberritzen.eus\/es\/consolidando-procesos-estrategicos-con-pequenas-empresas-de-la-red-iraurgi-berritzen\/","title":{"rendered":"Consolidando procesos estrat\u00e9gicos con peque\u00f1as empresas de la red Iraurgi Berritzen"},"content":{"rendered":"<p style=\"text-align: justify;\">El <strong>18 de marzo<\/strong>, se reuni\u00f3 un grupo de <strong>8 empresas<\/strong> en el marco de la red de colaboraci\u00f3n Iraurgi Berritzen en el Palacio Intxausti, con la idea de <strong>debatir, contrastar y proponer aportaciones a la propuesta de proyecto sobre la que estamos trabajando<\/strong>. Estos \u00faltimos meses, se han realizado diferentes contrastes de gesti\u00f3n, de las cuales se han podido identificar algunas \u00e1reas de mejora que puedan existir en este \u00e1mbito. Ello, ha dado la posibilidad de poder definir una propuesta de proyecto compartido, y a la vez individual, adquiriendo con ello compromisos en cuanto a su desarrollo.<\/p>\n<p style=\"text-align: justify;\">En la reuni\u00f3n, hubo oportunidad de debatir sobre los diferentes enfoques del concepto de la estrategia, de la mano de Alberto Etxeandia, de HOBEST. Tambi\u00e9n se pudo conocer una muy bonita experiencia de una nueva forma de trabajar sobre el proceso estrat\u00e9gico de la mano de Xabier Goenaga, director general de SAKANA S.COOP.<\/p>\n<p style=\"text-align: justify;\"><em><strong>PARTICIPANTES<\/strong><\/em>: IKASI GROUP, SISTEMAS ESSELLE S.L., T. MECANICOS MURUA S.L., MECANIZADOS GURRUTXAGA S.L., EKINTZA LANTEGIA S.A, KIMU BAT, TALLERES ARRIETA S.A. eta ALBERDI MEKANIZATUAK S.L.<\/p>\n<p style=\"text-align: justify;\"><strong>Aplicaci\u00f3n del proyecto<\/strong><\/p>\n<p style=\"text-align: justify;\">Estos d\u00edas, las empresas que han decidido seguir adelante con el proyecto (5 o 6 empresas), se van a poner en marcha y el objetivo es la de que cada uno defina su proyecto estrat\u00e9gico a trav\u00e9s de la acci\u00f3n. Entendiendo el proceso estrat\u00e9gico como un proceso participativo.<\/p>\n","protected":false},"excerpt":{"rendered":"<p>El 18 de marzo, se reuni\u00f3 un grupo de 8 empresas en el marco de la red de colaboraci\u00f3n Iraurgi Berritzen en el Palacio Intxausti, con la idea de debatir, contrastar y proponer aportaciones a la propuesta de proyecto sobre la que estamos trabajando. Estos \u00faltimos meses, se han realizado diferentes contrastes de gesti\u00f3n, de [&hellip;]<\/p>\n","protected":false},"author":1,"featured_media":0,"comment_status":"","ping_status":"closed","sticky":false,"template":"","format":"standard","meta":{"_acf_changed":false,"footnotes":""},"categories":[4],"tags":[],"class_list":["post-11749","post","type-post","status-publish","format-standard","hentry","category-noticias"],"acf":[],"yoast_head":"<!-- This site is optimized with the Yoast SEO plugin v27.4 - https:\/\/yoast.com\/product\/yoast-seo-wordpress\/ -->\n<title>Consolidando procesos estrat\u00e9gicos con peque\u00f1as empresas de la red Iraurgi Berritzen - Iraurgi Berritzen<\/title>\n<meta name=\"robots\" content=\"index, follow, max-snippet:-1, max-image-preview:large, max-video-preview:-1\" \/>\n<link rel=\"canonical\" href=\"https:\/\/iraurgiberritzen.eus\/es\/consolidando-procesos-estrategicos-con-pequenas-empresas-de-la-red-iraurgi-berritzen\/\" \/>\n<meta property=\"og:locale\" content=\"es_ES\" \/>\n<meta property=\"og:type\" content=\"article\" \/>\n<meta property=\"og:title\" content=\"Consolidando procesos estrat\u00e9gicos con peque\u00f1as empresas de la red Iraurgi Berritzen - Iraurgi Berritzen\" \/>\n<meta property=\"og:description\" content=\"El 18 de marzo, se reuni\u00f3 un grupo de 8 empresas en el marco de la red de colaboraci\u00f3n Iraurgi Berritzen en el Palacio Intxausti, con la idea de debatir, contrastar y proponer aportaciones a la propuesta de proyecto sobre la que estamos trabajando. Estos \u00faltimos meses, se han realizado diferentes contrastes de gesti\u00f3n, de [&hellip;]\" \/>\n<meta property=\"og:url\" content=\"https:\/\/iraurgiberritzen.eus\/es\/consolidando-procesos-estrategicos-con-pequenas-empresas-de-la-red-iraurgi-berritzen\/\" \/>\n<meta property=\"og:site_name\" content=\"Iraurgi Berritzen\" \/>\n<meta property=\"article:published_time\" content=\"2014-03-17T22:00:00+00:00\" \/>\n<meta name=\"author\" content=\"kudeatzailea\" \/>\n<meta name=\"twitter:card\" content=\"summary_large_image\" \/>\n<meta name=\"twitter:label1\" content=\"Escrito por\" \/>\n\t<meta name=\"twitter:data1\" content=\"kudeatzailea\" \/>\n\t<meta name=\"twitter:label2\" content=\"Tiempo de lectura\" \/>\n\t<meta name=\"twitter:data2\" content=\"1 minuto\" \/>\n<script type=\"application\/ld+json\" class=\"yoast-schema-graph\">{\"@context\":\"https:\\\/\\\/schema.org\",\"@graph\":[{\"@type\":\"Article\",\"@id\":\"https:\\\/\\\/iraurgiberritzen.eus\\\/es\\\/consolidando-procesos-estrategicos-con-pequenas-empresas-de-la-red-iraurgi-berritzen\\\/#article\",\"isPartOf\":{\"@id\":\"https:\\\/\\\/iraurgiberritzen.eus\\\/es\\\/consolidando-procesos-estrategicos-con-pequenas-empresas-de-la-red-iraurgi-berritzen\\\/\"},\"author\":{\"name\":\"kudeatzailea\",\"@id\":\"https:\\\/\\\/iraurgiberritzen.eus\\\/es\\\/#\\\/schema\\\/person\\\/5ab41aaf388a9097177601ebf45738d2\"},\"headline\":\"Consolidando procesos estrat\u00e9gicos con peque\u00f1as empresas de la red Iraurgi Berritzen\",\"datePublished\":\"2014-03-17T22:00:00+00:00\",\"mainEntityOfPage\":{\"@id\":\"https:\\\/\\\/iraurgiberritzen.eus\\\/es\\\/consolidando-procesos-estrategicos-con-pequenas-empresas-de-la-red-iraurgi-berritzen\\\/\"},\"wordCount\":254,\"publisher\":{\"@id\":\"https:\\\/\\\/iraurgiberritzen.eus\\\/es\\\/#organization\"},\"articleSection\":[\"Noticias\"],\"inLanguage\":\"es\"},{\"@type\":\"WebPage\",\"@id\":\"https:\\\/\\\/iraurgiberritzen.eus\\\/es\\\/consolidando-procesos-estrategicos-con-pequenas-empresas-de-la-red-iraurgi-berritzen\\\/\",\"url\":\"https:\\\/\\\/iraurgiberritzen.eus\\\/es\\\/consolidando-procesos-estrategicos-con-pequenas-empresas-de-la-red-iraurgi-berritzen\\\/\",\"name\":\"Consolidando procesos estrat\u00e9gicos con peque\u00f1as empresas de la red Iraurgi Berritzen - Iraurgi Berritzen\",\"isPartOf\":{\"@id\":\"https:\\\/\\\/iraurgiberritzen.eus\\\/es\\\/#website\"},\"datePublished\":\"2014-03-17T22:00:00+00:00\",\"breadcrumb\":{\"@id\":\"https:\\\/\\\/iraurgiberritzen.eus\\\/es\\\/consolidando-procesos-estrategicos-con-pequenas-empresas-de-la-red-iraurgi-berritzen\\\/#breadcrumb\"},\"inLanguage\":\"es\",\"potentialAction\":[{\"@type\":\"ReadAction\",\"target\":[\"https:\\\/\\\/iraurgiberritzen.eus\\\/es\\\/consolidando-procesos-estrategicos-con-pequenas-empresas-de-la-red-iraurgi-berritzen\\\/\"]}]},{\"@type\":\"BreadcrumbList\",\"@id\":\"https:\\\/\\\/iraurgiberritzen.eus\\\/es\\\/consolidando-procesos-estrategicos-con-pequenas-empresas-de-la-red-iraurgi-berritzen\\\/#breadcrumb\",\"itemListElement\":[{\"@type\":\"ListItem\",\"position\":1,\"name\":\"Home\",\"item\":\"https:\\\/\\\/iraurgiberritzen.eus\\\/es\\\/\"},{\"@type\":\"ListItem\",\"position\":2,\"name\":\"Consolidando procesos estrat\u00e9gicos con peque\u00f1as empresas de la red Iraurgi Berritzen\"}]},{\"@type\":\"WebSite\",\"@id\":\"https:\\\/\\\/iraurgiberritzen.eus\\\/es\\\/#website\",\"url\":\"https:\\\/\\\/iraurgiberritzen.eus\\\/es\\\/\",\"name\":\"Iraurgi Berritzen\",\"description\":\"Urola Erdiko Garapen Agentzia\",\"publisher\":{\"@id\":\"https:\\\/\\\/iraurgiberritzen.eus\\\/es\\\/#organization\"},\"potentialAction\":[{\"@type\":\"SearchAction\",\"target\":{\"@type\":\"EntryPoint\",\"urlTemplate\":\"https:\\\/\\\/iraurgiberritzen.eus\\\/es\\\/?s={search_term_string}\"},\"query-input\":{\"@type\":\"PropertyValueSpecification\",\"valueRequired\":true,\"valueName\":\"search_term_string\"}}],\"inLanguage\":\"es\"},{\"@type\":\"Organization\",\"@id\":\"https:\\\/\\\/iraurgiberritzen.eus\\\/es\\\/#organization\",\"name\":\"Iraurgi Berritzen\",\"url\":\"https:\\\/\\\/iraurgiberritzen.eus\\\/es\\\/\",\"logo\":{\"@type\":\"ImageObject\",\"inLanguage\":\"es\",\"@id\":\"https:\\\/\\\/iraurgiberritzen.eus\\\/es\\\/#\\\/schema\\\/logo\\\/image\\\/\",\"url\":\"https:\\\/\\\/iraurgiberritzen.eus\\\/wp-content\\\/uploads\\\/2024\\\/02\\\/IRAURGI-BERRITZEN-logotipoa_2.png\",\"contentUrl\":\"https:\\\/\\\/iraurgiberritzen.eus\\\/wp-content\\\/uploads\\\/2024\\\/02\\\/IRAURGI-BERRITZEN-logotipoa_2.png\",\"width\":496,\"height\":190,\"caption\":\"Iraurgi Berritzen\"},\"image\":{\"@id\":\"https:\\\/\\\/iraurgiberritzen.eus\\\/es\\\/#\\\/schema\\\/logo\\\/image\\\/\"}},{\"@type\":\"Person\",\"@id\":\"https:\\\/\\\/iraurgiberritzen.eus\\\/es\\\/#\\\/schema\\\/person\\\/5ab41aaf388a9097177601ebf45738d2\",\"name\":\"kudeatzailea\",\"sameAs\":[\"https:\\\/\\\/iraurgiberritzen.eus\"]}]}<\/script>\n<!-- \/ Yoast SEO plugin. -->","yoast_head_json":{"title":"Consolidando procesos estrat\u00e9gicos con peque\u00f1as empresas de la red Iraurgi Berritzen - Iraurgi Berritzen","robots":{"index":"index","follow":"follow","max-snippet":"max-snippet:-1","max-image-preview":"max-image-preview:large","max-video-preview":"max-video-preview:-1"},"canonical":"https:\/\/iraurgiberritzen.eus\/es\/consolidando-procesos-estrategicos-con-pequenas-empresas-de-la-red-iraurgi-berritzen\/","og_locale":"es_ES","og_type":"article","og_title":"Consolidando procesos estrat\u00e9gicos con peque\u00f1as empresas de la red Iraurgi Berritzen - Iraurgi Berritzen","og_description":"El 18 de marzo, se reuni\u00f3 un grupo de 8 empresas en el marco de la red de colaboraci\u00f3n Iraurgi Berritzen en el Palacio Intxausti, con la idea de debatir, contrastar y proponer aportaciones a la propuesta de proyecto sobre la que estamos trabajando. Estos \u00faltimos meses, se han realizado diferentes contrastes de gesti\u00f3n, de [&hellip;]","og_url":"https:\/\/iraurgiberritzen.eus\/es\/consolidando-procesos-estrategicos-con-pequenas-empresas-de-la-red-iraurgi-berritzen\/","og_site_name":"Iraurgi Berritzen","article_published_time":"2014-03-17T22:00:00+00:00","author":"kudeatzailea","twitter_card":"summary_large_image","twitter_misc":{"Escrito por":"kudeatzailea","Tiempo de lectura":"1 minuto"},"schema":{"@context":"https:\/\/schema.org","@graph":[{"@type":"Article","@id":"https:\/\/iraurgiberritzen.eus\/es\/consolidando-procesos-estrategicos-con-pequenas-empresas-de-la-red-iraurgi-berritzen\/#article","isPartOf":{"@id":"https:\/\/iraurgiberritzen.eus\/es\/consolidando-procesos-estrategicos-con-pequenas-empresas-de-la-red-iraurgi-berritzen\/"},"author":{"name":"kudeatzailea","@id":"https:\/\/iraurgiberritzen.eus\/es\/#\/schema\/person\/5ab41aaf388a9097177601ebf45738d2"},"headline":"Consolidando procesos estrat\u00e9gicos con peque\u00f1as empresas de la red Iraurgi Berritzen","datePublished":"2014-03-17T22:00:00+00:00","mainEntityOfPage":{"@id":"https:\/\/iraurgiberritzen.eus\/es\/consolidando-procesos-estrategicos-con-pequenas-empresas-de-la-red-iraurgi-berritzen\/"},"wordCount":254,"publisher":{"@id":"https:\/\/iraurgiberritzen.eus\/es\/#organization"},"articleSection":["Noticias"],"inLanguage":"es"},{"@type":"WebPage","@id":"https:\/\/iraurgiberritzen.eus\/es\/consolidando-procesos-estrategicos-con-pequenas-empresas-de-la-red-iraurgi-berritzen\/","url":"https:\/\/iraurgiberritzen.eus\/es\/consolidando-procesos-estrategicos-con-pequenas-empresas-de-la-red-iraurgi-berritzen\/","name":"Consolidando procesos estrat\u00e9gicos con peque\u00f1as empresas de la red Iraurgi Berritzen - Iraurgi Berritzen","isPartOf":{"@id":"https:\/\/iraurgiberritzen.eus\/es\/#website"},"datePublished":"2014-03-17T22:00:00+00:00","breadcrumb":{"@id":"https:\/\/iraurgiberritzen.eus\/es\/consolidando-procesos-estrategicos-con-pequenas-empresas-de-la-red-iraurgi-berritzen\/#breadcrumb"},"inLanguage":"es","potentialAction":[{"@type":"ReadAction","target":["https:\/\/iraurgiberritzen.eus\/es\/consolidando-procesos-estrategicos-con-pequenas-empresas-de-la-red-iraurgi-berritzen\/"]}]},{"@type":"BreadcrumbList","@id":"https:\/\/iraurgiberritzen.eus\/es\/consolidando-procesos-estrategicos-con-pequenas-empresas-de-la-red-iraurgi-berritzen\/#breadcrumb","itemListElement":[{"@type":"ListItem","position":1,"name":"Home","item":"https:\/\/iraurgiberritzen.eus\/es\/"},{"@type":"ListItem","position":2,"name":"Consolidando procesos estrat\u00e9gicos con peque\u00f1as empresas de la red Iraurgi Berritzen"}]},{"@type":"WebSite","@id":"https:\/\/iraurgiberritzen.eus\/es\/#website","url":"https:\/\/iraurgiberritzen.eus\/es\/","name":"Iraurgi Berritzen","description":"Urola Erdiko Garapen Agentzia","publisher":{"@id":"https:\/\/iraurgiberritzen.eus\/es\/#organization"},"potentialAction":[{"@type":"SearchAction","target":{"@type":"EntryPoint","urlTemplate":"https:\/\/iraurgiberritzen.eus\/es\/?s={search_term_string}"},"query-input":{"@type":"PropertyValueSpecification","valueRequired":true,"valueName":"search_term_string"}}],"inLanguage":"es"},{"@type":"Organization","@id":"https:\/\/iraurgiberritzen.eus\/es\/#organization","name":"Iraurgi Berritzen","url":"https:\/\/iraurgiberritzen.eus\/es\/","logo":{"@type":"ImageObject","inLanguage":"es","@id":"https:\/\/iraurgiberritzen.eus\/es\/#\/schema\/logo\/image\/","url":"https:\/\/iraurgiberritzen.eus\/wp-content\/uploads\/2024\/02\/IRAURGI-BERRITZEN-logotipoa_2.png","contentUrl":"https:\/\/iraurgiberritzen.eus\/wp-content\/uploads\/2024\/02\/IRAURGI-BERRITZEN-logotipoa_2.png","width":496,"height":190,"caption":"Iraurgi Berritzen"},"image":{"@id":"https:\/\/iraurgiberritzen.eus\/es\/#\/schema\/logo\/image\/"}},{"@type":"Person","@id":"https:\/\/iraurgiberritzen.eus\/es\/#\/schema\/person\/5ab41aaf388a9097177601ebf45738d2","name":"kudeatzailea","sameAs":["https:\/\/iraurgiberritzen.eus"]}]}},"_links":{"self":[{"href":"https:\/\/iraurgiberritzen.eus\/es\/wp-json\/wp\/v2\/posts\/11749","targetHints":{"allow":["GET"]}}],"collection":[{"href":"https:\/\/iraurgiberritzen.eus\/es\/wp-json\/wp\/v2\/posts"}],"about":[{"href":"https:\/\/iraurgiberritzen.eus\/es\/wp-json\/wp\/v2\/types\/post"}],"author":[{"embeddable":true,"href":"https:\/\/iraurgiberritzen.eus\/es\/wp-json\/wp\/v2\/users\/1"}],"replies":[{"embeddable":true,"href":"https:\/\/iraurgiberritzen.eus\/es\/wp-json\/wp\/v2\/comments?post=11749"}],"version-history":[{"count":0,"href":"https:\/\/iraurgiberritzen.eus\/es\/wp-json\/wp\/v2\/posts\/11749\/revisions"}],"wp:attachment":[{"href":"https:\/\/iraurgiberritzen.eus\/es\/wp-json\/wp\/v2\/media?parent=11749"}],"wp:term":[{"taxonomy":"category","embeddable":true,"href":"https:\/\/iraurgiberritzen.eus\/es\/wp-json\/wp\/v2\/categories?post=11749"},{"taxonomy":"post_tag","embeddable":true,"href":"https:\/\/iraurgiberritzen.eus\/es\/wp-json\/wp\/v2\/tags?post=11749"}],"curies":[{"name":"wp","href":"https:\/\/api.w.org\/{rel}","templated":true}]}}