{"id":11752,"date":"2014-03-14T00:00:00","date_gmt":"2014-03-13T22:00:00","guid":{"rendered":"https:\/\/iraurgiberritzen.eus\/los-ayuntamientos-y-representantes-politicos-acuerdan-una-estrategia-para-la-promocion-economica-de-urola-erdia\/"},"modified":"2014-03-14T00:00:00","modified_gmt":"2014-03-13T22:00:00","slug":"los-ayuntamientos-y-representantes-politicos-acuerdan-una-estrategia-para-la-promocion-economica-de-urola-erdia","status":"publish","type":"post","link":"https:\/\/iraurgiberritzen.eus\/es\/los-ayuntamientos-y-representantes-politicos-acuerdan-una-estrategia-para-la-promocion-economica-de-urola-erdia\/","title":{"rendered":"Los ayuntamientos y representantes pol\u00edticos acuerdan una estrategia para la promoci\u00f3n econ\u00f3mica de Urola Erdia"},"content":{"rendered":"<p style=\"text-align: justify;\"><span style=\"font-family: Arial;\">Los Ayuntamientos de Azpeitia y Azkoitia y varios representantes pol\u00edticos (Bildu, EAJ, Hamaikabat, y PSE-EE) han consensuado un acuerpo pol\u00edtico para garantizar las bases de la actividad econ\u00f3mica de la comarca de cara al futuro. Los alcaldes de Azpeitia y Azkoitia, Eneko Etxeberria (Bildu) y Pello Bastarrika (Bildu), comunicaron la noticia en la rueda de prensa emitida el viernes pasado 14 de Marzo de 2014. Adem\u00e1s de los alcaldes, participaron en el comunicado, el concejal Aitor Aranguren de Hamaikabat, Mikel Zubizarrreta, concejal de PNV de Azkoitia e Itziar Abarisketa, coordinadora de Garapen Gunea en Iraurgi Berritzen.<\/span><\/p>\n<p style=\"text-align: justify;\"><span style=\"font-family: Arial;\">Los firmantes del acuerdo, han situado estos dos logros principales en un nivel pol\u00edtico. Etxeberria ha indicado que por un lado, han conseguido concretar las principales \u00e1reas estrat\u00e9gicas para el desarrollo econ\u00f3mico de la comarca, y por otro, han logrado dar una garant\u00eda pol\u00edtica a este proceso de cara al futuro. El acuerdo, como viene recogido en el mismo, garantiza que el pacto vaya mas all\u00e1 de las legislaturas y los cambios de representantes pol\u00edticos, ya que en cada cambio de legislatura se transferir\u00e1n los compromisos y obligaciones. Etxeberria ha felicitado a Iraurgi Berritzen y Garapen Gunea por el trabajo realizado en alcanzar este acuerdo.<\/span><\/p>\n<p style=\"text-align: justify;\"><span style=\"font-family: Arial;\">Itziar Abarisketa ha situado este acuerdo como en el \u00e1mbito de la red de colaboraci\u00f3n desarrollado entre distintos agentes comarcales. Ha indicado que el objetivo de esta red de colaboraci\u00f3n es \u201ccrear e impulsar procesos estrat\u00e9gicos e innovadores para el desarrollo de la comarca\u201d, partiendo siempre, de la iniciativa de los propios agentes y de la cooperaci\u00f3n entre \u00e9stos. Abarisketa cree que as\u00ed como se est\u00e1n desarrollando proyectos con empresas, centros educativos y dem\u00e1s agentes, es estrat\u00e9gico impulsar acuerdos y cooperaci\u00f3n entre las instituciones y representantes pol\u00edticos, para avanzar pasos en distintos \u00e1mbitos de desarrollo territorial.<\/span><\/p>\n<p style=\"text-align: justify;\"><span style=\"font-family: Arial;\">para encauzar el desarrollo de la comarca en las distintas \u00e1reas, es imprescindible desarrollar acuerdos y trabajos colectivos junto con las instituciones y representantes pol\u00edticos. Se ha tomado <\/span><\/p>\n<p style=\"text-align: justify;\"><span style=\"font-family: Arial;\">Este acuerdo se ha tomado como punto de partida \u201cde un proceso al que se le dar\u00e1 continuidad tanto a nivel pol\u00edtico como t\u00e9cnico\u201d. En consecuencia, muestra total confianza en que dicho acuerdo, har\u00e1 posible desarrollar a futuro, proyectos que respondan a las necesidades de nuestro entorno de forma continuada.<\/span><\/p>\n<p style=\"text-align: justify;\"><span style=\"font-family: Arial;\">Aitor Gorrotxategi ha informado sobre la situaci\u00f3n econ\u00f3mica comarcal actual y ha manifestado la necesidad del acuerdo para dar respuesta a la crisis que tan fuertemente a afectado a la comarca. Ha recordado que hasta la fecha, la estructura econ\u00f3mica comarcal se ha basado mayoritariamente en sectores industriales maduros (madera y mueble, construcci\u00f3n, acer\u00eda\u2026) y el efecto devastador que la actual crisis est\u00e1 teniendo en ella: \u201chan cerrado las grandes empresas y tractoras, est\u00e1n cerrando las empresas peque\u00f1as proveedoras y en consecuencia, la tasa de desempleo est\u00e1 aumentando\u201d. Ha anotado Gorrotxategi, \u201cla tasa de Octubre (16,23%) en Urola Erdia, ha alcanzado el nivel de la CAPV (16,9%) y superado la de Guip\u00fazcoa (14,7%)\u201d. <\/span><\/p>\n<p style=\"text-align: justify;\"><strong><span style=\"font-family: Arial;\">L\u00edneas estrat\u00e9gicas<\/span><\/strong><\/p>\n<p style=\"text-align: justify;\"><span style=\"font-family: Arial;\">Teniendo claros los objetivos y queriendo apoyar a los habitantes y empresas comarcales a afrontar esta dura situaci\u00f3n econ\u00f3mica, se han acordado varias medidas para impulsar y proteger la actividad econ\u00f3mica comarcal del presente y futuro, es decir, las principales l\u00edneas de trabajo de la Estrategia de Diversificaci\u00f3n. Estas l\u00edneas se han concretado con la ayuda de Iraurgi Berritzen:<\/span><\/p>\n<ul style=\"text-align: justify;\">\n<li><strong><span style=\"font-family: Arial;\">Ayudar a impulsar la diversificaci\u00f3n del tejido econ\u00f3mico de Urola Erdia<\/span><\/strong><span style=\"font-family: Arial;\">, en los procesos de adaptaci\u00f3n hacia nuevos sectores y tendencias a las empresas de la comarca. El objetivo ser\u00e1 impulsar procesos de innovaci\u00f3n en las empresas de la comarca, para, partiendo del conocimiento existente, ofrecer nuevos servicios y productos. Para ello, se ofrecer\u00e1 servicio individualizado a las empresas.<\/span><\/li>\n<li><strong><span style=\"font-family: Arial;\">Apuesta por la cooperaci\u00f3n entre las empresas de la comarca<\/span><\/strong><span style=\"font-family: Arial;\">, con el objetivo de que aprendan compartiendo sus experiencias y conocimientos.<\/span><\/li>\n<li><strong><span style=\"font-family: Arial;\">Ayudar a impulsar procesos de internacionalizaci\u00f3n<\/span><\/strong><span style=\"font-family: Arial;\"> <strong>de las empresas<\/strong> mediante jornadas informativas, consejos de expertos y formaci\u00f3n.<\/span><\/li>\n<li><strong><span style=\"font-family: Arial;\">Formaci\u00f3n: compromiso con el desarrollo y adecuaci\u00f3n de las capacidades de las personas de la comarca<\/span><\/strong><span style=\"font-family: Arial;\">, ya que es imprescindible la capacitaci\u00f3n de las personas para impulsar procesos de diversificaci\u00f3n en las empresas.<\/span><\/li>\n<li><strong><span style=\"font-family: Arial;\">Reforzar la participaci\u00f3n y cooperaci\u00f3n de los agentes comarcales<\/span><\/strong><span style=\"font-family: Arial;\"> para desarrollar proyectos estrat\u00e9gicos colectivos.<\/span><\/li>\n<li><strong><span style=\"font-family: Arial;\">Se consolidar\u00e1 el servicio de asesoramiento a empresas con dificultades jur\u00eddico-econ\u00f3mica<\/span><\/strong><span style=\"font-family: Arial;\">s.<\/span><\/li>\n<li><strong><span style=\"font-family: Arial;\">Promoci\u00f3n del emprendizaje<\/span><\/strong><span style=\"font-family: Arial;\">: se impulsar\u00e1 promocionar de forma activa el emprendizaje, a trav\u00e9s de un plan de acci\u00f3n adaptado a colectivos y situaciones diferentes. <\/span><\/li>\n<li><strong><span style=\"font-family: Arial;\">Alianzas para desarrollar esta Estrategia de Diversificaci\u00f3n<\/span><\/strong><span style=\"font-family: Arial;\">, tanto a nivel comarcal, como fuera de la comarca.<\/span><\/li>\n<li><strong><span style=\"font-family: Arial;\">Adecuar los recursos necesarios para la ejecuci\u00f3n de esta estrategia<\/span><\/strong><span style=\"font-family: Arial;\">, tanto el equipo t\u00e9cnico como los recursos tecnol\u00f3gicos.<\/span><\/li>\n<\/ul>\n<p style=\"text-align: justify;\"><strong><span style=\"font-family: Arial;\">Compromisos concretos<\/span><\/strong><\/p>\n<p style=\"text-align: justify;\"><span style=\"font-family: Arial;\">Los representantes de los Ayuntamientos de Azkoitia y Azpeitia, as\u00ed como los partidos pol\u00edticos han acordado desarrollar todas las medidas mencionadas, y se han comprometido a defender y priorizar el proceso, as\u00ed lo ha explicado Pello Bastarrika.<\/span><\/p>\n<ol style=\"text-align: justify;\">\n<li><span style=\"font-family: Arial;\">Realizar el <strong>seguimiento de este proceso<\/strong> a lo largo de esta legislatura, tanto desde el gobierno, como desde el grupo de la oposici\u00f3n. Para ello, se les convocar\u00e1 a participar en las reuniones de Garapen Gunea.<\/span><\/li>\n<li><strong><span style=\"font-family: Arial;\">Transmitir<\/span><\/strong><span style=\"font-family: Arial;\"> la estrategia de diversificaci\u00f3n <strong>a los grupos pol\u00edticos<\/strong> de cada ayuntamiento.<\/span><\/li>\n<li><span style=\"font-family: Arial;\">Comunicar este proceso antes de que acabe la legislatura, <strong>a los nuevos candidatos de alcald\u00eda para las pr\u00f3ximas elecciones <\/strong>y participar en las reuniones de Garapen Gunea.<\/span><\/li>\n<li><span style=\"font-family: Arial;\">Sean los que sean los resultados de las elecciones, <strong>dedicar tiempo y voluntad para realizar la transferencia de este proceso<\/strong>, para que no se ralentice por el cambio de legislatura.<\/span><\/li>\n<li><strong><span style=\"font-family: Arial;\">Crear un nuevo grupo permanente<\/span><\/strong><span style=\"font-family: Arial;\"> m\u00e1s all\u00e1 de las elecciones, <strong>entre los partidos pol\u00edticos de la comarca<\/strong> (compuesto por representantes activos y no activos), que trabaje con el objetivo de la cooperaci\u00f3n para el desarrollo de la comarca basado en el modelo de Think Tank.<\/span><\/li>\n<\/ol>\n<p style=\"text-align: justify;\"><span style=\"font-family: Arial;\">Aunque la Estrategia para el Desarrollo Econ\u00f3mico de Urola Erdia se haya acordado entre los partidos pol\u00edticos que han tomado parte en el proceso de la Estrategia de Diversificaci\u00f3n, el acuerdo est\u00e1 abierto a todos los representantes pol\u00edticos que quieran adherirse.<\/span><\/p>\n","protected":false},"excerpt":{"rendered":"<p>Los Ayuntamientos de Azpeitia y Azkoitia y varios representantes pol\u00edticos (Bildu, EAJ, Hamaikabat, y PSE-EE) han consensuado un acuerpo pol\u00edtico para garantizar las bases de la actividad econ\u00f3mica de la comarca de cara al futuro. Los alcaldes de Azpeitia y Azkoitia, Eneko Etxeberria (Bildu) y Pello Bastarrika (Bildu), comunicaron la noticia en la rueda de [&hellip;]<\/p>\n","protected":false},"author":1,"featured_media":18063,"comment_status":"","ping_status":"closed","sticky":false,"template":"","format":"standard","meta":{"_acf_changed":false,"footnotes":""},"categories":[4],"tags":[],"class_list":["post-11752","post","type-post","status-publish","format-standard","has-post-thumbnail","hentry","category-noticias"],"acf":[],"yoast_head":"<!-- This site is optimized with the Yoast SEO plugin v27.4 - https:\/\/yoast.com\/product\/yoast-seo-wordpress\/ -->\n<title>Los ayuntamientos y representantes pol\u00edticos acuerdan una estrategia para la promoci\u00f3n econ\u00f3mica de Urola Erdia - Iraurgi Berritzen<\/title>\n<meta name=\"robots\" content=\"index, follow, max-snippet:-1, max-image-preview:large, max-video-preview:-1\" \/>\n<link rel=\"canonical\" href=\"https:\/\/iraurgiberritzen.eus\/es\/los-ayuntamientos-y-representantes-politicos-acuerdan-una-estrategia-para-la-promocion-economica-de-urola-erdia\/\" \/>\n<meta property=\"og:locale\" content=\"es_ES\" \/>\n<meta property=\"og:type\" content=\"article\" \/>\n<meta property=\"og:title\" content=\"Los ayuntamientos y representantes pol\u00edticos acuerdan una estrategia para la promoci\u00f3n econ\u00f3mica de Urola Erdia - Iraurgi Berritzen\" \/>\n<meta property=\"og:description\" content=\"Los Ayuntamientos de Azpeitia y Azkoitia y varios representantes pol\u00edticos (Bildu, EAJ, Hamaikabat, y PSE-EE) han consensuado un acuerpo pol\u00edtico para garantizar las bases de la actividad econ\u00f3mica de la comarca de cara al futuro. Los alcaldes de Azpeitia y Azkoitia, Eneko Etxeberria (Bildu) y Pello Bastarrika (Bildu), comunicaron la noticia en la rueda de [&hellip;]\" \/>\n<meta property=\"og:url\" content=\"https:\/\/iraurgiberritzen.eus\/es\/los-ayuntamientos-y-representantes-politicos-acuerdan-una-estrategia-para-la-promocion-economica-de-urola-erdia\/\" \/>\n<meta property=\"og:site_name\" content=\"Iraurgi Berritzen\" \/>\n<meta property=\"article:published_time\" content=\"2014-03-13T22:00:00+00:00\" \/>\n<meta name=\"author\" content=\"kudeatzailea\" \/>\n<meta name=\"twitter:card\" content=\"summary_large_image\" \/>\n<meta name=\"twitter:label1\" content=\"Escrito por\" \/>\n\t<meta name=\"twitter:data1\" content=\"kudeatzailea\" \/>\n\t<meta name=\"twitter:label2\" content=\"Tiempo de lectura\" \/>\n\t<meta name=\"twitter:data2\" content=\"5 minutos\" \/>\n<script type=\"application\/ld+json\" class=\"yoast-schema-graph\">{\"@context\":\"https:\\\/\\\/schema.org\",\"@graph\":[{\"@type\":\"Article\",\"@id\":\"https:\\\/\\\/iraurgiberritzen.eus\\\/es\\\/los-ayuntamientos-y-representantes-politicos-acuerdan-una-estrategia-para-la-promocion-economica-de-urola-erdia\\\/#article\",\"isPartOf\":{\"@id\":\"https:\\\/\\\/iraurgiberritzen.eus\\\/es\\\/los-ayuntamientos-y-representantes-politicos-acuerdan-una-estrategia-para-la-promocion-economica-de-urola-erdia\\\/\"},\"author\":{\"name\":\"kudeatzailea\",\"@id\":\"https:\\\/\\\/iraurgiberritzen.eus\\\/es\\\/#\\\/schema\\\/person\\\/5ab41aaf388a9097177601ebf45738d2\"},\"headline\":\"Los ayuntamientos y representantes pol\u00edticos acuerdan una estrategia para la promoci\u00f3n econ\u00f3mica de Urola Erdia\",\"datePublished\":\"2014-03-13T22:00:00+00:00\",\"mainEntityOfPage\":{\"@id\":\"https:\\\/\\\/iraurgiberritzen.eus\\\/es\\\/los-ayuntamientos-y-representantes-politicos-acuerdan-una-estrategia-para-la-promocion-economica-de-urola-erdia\\\/\"},\"wordCount\":1081,\"publisher\":{\"@id\":\"https:\\\/\\\/iraurgiberritzen.eus\\\/es\\\/#organization\"},\"image\":{\"@id\":\"https:\\\/\\\/iraurgiberritzen.eus\\\/es\\\/los-ayuntamientos-y-representantes-politicos-acuerdan-una-estrategia-para-la-promocion-economica-de-urola-erdia\\\/#primaryimage\"},\"thumbnailUrl\":\"https:\\\/\\\/iraurgiberritzen.eus\\\/wp-content\\\/uploads\\\/2023\\\/09\\\/0c758c944f0062609b2677e28107bc5e.jpg\",\"articleSection\":[\"Noticias\"],\"inLanguage\":\"es\"},{\"@type\":\"WebPage\",\"@id\":\"https:\\\/\\\/iraurgiberritzen.eus\\\/es\\\/los-ayuntamientos-y-representantes-politicos-acuerdan-una-estrategia-para-la-promocion-economica-de-urola-erdia\\\/\",\"url\":\"https:\\\/\\\/iraurgiberritzen.eus\\\/es\\\/los-ayuntamientos-y-representantes-politicos-acuerdan-una-estrategia-para-la-promocion-economica-de-urola-erdia\\\/\",\"name\":\"Los ayuntamientos y representantes pol\u00edticos acuerdan una estrategia para la promoci\u00f3n econ\u00f3mica de Urola Erdia - Iraurgi Berritzen\",\"isPartOf\":{\"@id\":\"https:\\\/\\\/iraurgiberritzen.eus\\\/es\\\/#website\"},\"primaryImageOfPage\":{\"@id\":\"https:\\\/\\\/iraurgiberritzen.eus\\\/es\\\/los-ayuntamientos-y-representantes-politicos-acuerdan-una-estrategia-para-la-promocion-economica-de-urola-erdia\\\/#primaryimage\"},\"image\":{\"@id\":\"https:\\\/\\\/iraurgiberritzen.eus\\\/es\\\/los-ayuntamientos-y-representantes-politicos-acuerdan-una-estrategia-para-la-promocion-economica-de-urola-erdia\\\/#primaryimage\"},\"thumbnailUrl\":\"https:\\\/\\\/iraurgiberritzen.eus\\\/wp-content\\\/uploads\\\/2023\\\/09\\\/0c758c944f0062609b2677e28107bc5e.jpg\",\"datePublished\":\"2014-03-13T22:00:00+00:00\",\"breadcrumb\":{\"@id\":\"https:\\\/\\\/iraurgiberritzen.eus\\\/es\\\/los-ayuntamientos-y-representantes-politicos-acuerdan-una-estrategia-para-la-promocion-economica-de-urola-erdia\\\/#breadcrumb\"},\"inLanguage\":\"es\",\"potentialAction\":[{\"@type\":\"ReadAction\",\"target\":[\"https:\\\/\\\/iraurgiberritzen.eus\\\/es\\\/los-ayuntamientos-y-representantes-politicos-acuerdan-una-estrategia-para-la-promocion-economica-de-urola-erdia\\\/\"]}]},{\"@type\":\"ImageObject\",\"inLanguage\":\"es\",\"@id\":\"https:\\\/\\\/iraurgiberritzen.eus\\\/es\\\/los-ayuntamientos-y-representantes-politicos-acuerdan-una-estrategia-para-la-promocion-economica-de-urola-erdia\\\/#primaryimage\",\"url\":\"https:\\\/\\\/iraurgiberritzen.eus\\\/wp-content\\\/uploads\\\/2023\\\/09\\\/0c758c944f0062609b2677e28107bc5e.jpg\",\"contentUrl\":\"https:\\\/\\\/iraurgiberritzen.eus\\\/wp-content\\\/uploads\\\/2023\\\/09\\\/0c758c944f0062609b2677e28107bc5e.jpg\",\"width\":600,\"height\":450},{\"@type\":\"BreadcrumbList\",\"@id\":\"https:\\\/\\\/iraurgiberritzen.eus\\\/es\\\/los-ayuntamientos-y-representantes-politicos-acuerdan-una-estrategia-para-la-promocion-economica-de-urola-erdia\\\/#breadcrumb\",\"itemListElement\":[{\"@type\":\"ListItem\",\"position\":1,\"name\":\"Home\",\"item\":\"https:\\\/\\\/iraurgiberritzen.eus\\\/es\\\/\"},{\"@type\":\"ListItem\",\"position\":2,\"name\":\"Los ayuntamientos y representantes pol\u00edticos acuerdan una estrategia para la promoci\u00f3n econ\u00f3mica de Urola Erdia\"}]},{\"@type\":\"WebSite\",\"@id\":\"https:\\\/\\\/iraurgiberritzen.eus\\\/es\\\/#website\",\"url\":\"https:\\\/\\\/iraurgiberritzen.eus\\\/es\\\/\",\"name\":\"Iraurgi Berritzen\",\"description\":\"Urola Erdiko Garapen Agentzia\",\"publisher\":{\"@id\":\"https:\\\/\\\/iraurgiberritzen.eus\\\/es\\\/#organization\"},\"potentialAction\":[{\"@type\":\"SearchAction\",\"target\":{\"@type\":\"EntryPoint\",\"urlTemplate\":\"https:\\\/\\\/iraurgiberritzen.eus\\\/es\\\/?s={search_term_string}\"},\"query-input\":{\"@type\":\"PropertyValueSpecification\",\"valueRequired\":true,\"valueName\":\"search_term_string\"}}],\"inLanguage\":\"es\"},{\"@type\":\"Organization\",\"@id\":\"https:\\\/\\\/iraurgiberritzen.eus\\\/es\\\/#organization\",\"name\":\"Iraurgi Berritzen\",\"url\":\"https:\\\/\\\/iraurgiberritzen.eus\\\/es\\\/\",\"logo\":{\"@type\":\"ImageObject\",\"inLanguage\":\"es\",\"@id\":\"https:\\\/\\\/iraurgiberritzen.eus\\\/es\\\/#\\\/schema\\\/logo\\\/image\\\/\",\"url\":\"https:\\\/\\\/iraurgiberritzen.eus\\\/wp-content\\\/uploads\\\/2024\\\/02\\\/IRAURGI-BERRITZEN-logotipoa_2.png\",\"contentUrl\":\"https:\\\/\\\/iraurgiberritzen.eus\\\/wp-content\\\/uploads\\\/2024\\\/02\\\/IRAURGI-BERRITZEN-logotipoa_2.png\",\"width\":496,\"height\":190,\"caption\":\"Iraurgi Berritzen\"},\"image\":{\"@id\":\"https:\\\/\\\/iraurgiberritzen.eus\\\/es\\\/#\\\/schema\\\/logo\\\/image\\\/\"}},{\"@type\":\"Person\",\"@id\":\"https:\\\/\\\/iraurgiberritzen.eus\\\/es\\\/#\\\/schema\\\/person\\\/5ab41aaf388a9097177601ebf45738d2\",\"name\":\"kudeatzailea\",\"sameAs\":[\"https:\\\/\\\/iraurgiberritzen.eus\"]}]}<\/script>\n<!-- \/ Yoast SEO plugin. -->","yoast_head_json":{"title":"Los ayuntamientos y representantes pol\u00edticos acuerdan una estrategia para la promoci\u00f3n econ\u00f3mica de Urola Erdia - Iraurgi Berritzen","robots":{"index":"index","follow":"follow","max-snippet":"max-snippet:-1","max-image-preview":"max-image-preview:large","max-video-preview":"max-video-preview:-1"},"canonical":"https:\/\/iraurgiberritzen.eus\/es\/los-ayuntamientos-y-representantes-politicos-acuerdan-una-estrategia-para-la-promocion-economica-de-urola-erdia\/","og_locale":"es_ES","og_type":"article","og_title":"Los ayuntamientos y representantes pol\u00edticos acuerdan una estrategia para la promoci\u00f3n econ\u00f3mica de Urola Erdia - Iraurgi Berritzen","og_description":"Los Ayuntamientos de Azpeitia y Azkoitia y varios representantes pol\u00edticos (Bildu, EAJ, Hamaikabat, y PSE-EE) han consensuado un acuerpo pol\u00edtico para garantizar las bases de la actividad econ\u00f3mica de la comarca de cara al futuro. Los alcaldes de Azpeitia y Azkoitia, Eneko Etxeberria (Bildu) y Pello Bastarrika (Bildu), comunicaron la noticia en la rueda de [&hellip;]","og_url":"https:\/\/iraurgiberritzen.eus\/es\/los-ayuntamientos-y-representantes-politicos-acuerdan-una-estrategia-para-la-promocion-economica-de-urola-erdia\/","og_site_name":"Iraurgi Berritzen","article_published_time":"2014-03-13T22:00:00+00:00","author":"kudeatzailea","twitter_card":"summary_large_image","twitter_misc":{"Escrito por":"kudeatzailea","Tiempo de lectura":"5 minutos"},"schema":{"@context":"https:\/\/schema.org","@graph":[{"@type":"Article","@id":"https:\/\/iraurgiberritzen.eus\/es\/los-ayuntamientos-y-representantes-politicos-acuerdan-una-estrategia-para-la-promocion-economica-de-urola-erdia\/#article","isPartOf":{"@id":"https:\/\/iraurgiberritzen.eus\/es\/los-ayuntamientos-y-representantes-politicos-acuerdan-una-estrategia-para-la-promocion-economica-de-urola-erdia\/"},"author":{"name":"kudeatzailea","@id":"https:\/\/iraurgiberritzen.eus\/es\/#\/schema\/person\/5ab41aaf388a9097177601ebf45738d2"},"headline":"Los ayuntamientos y representantes pol\u00edticos acuerdan una estrategia para la promoci\u00f3n econ\u00f3mica de Urola Erdia","datePublished":"2014-03-13T22:00:00+00:00","mainEntityOfPage":{"@id":"https:\/\/iraurgiberritzen.eus\/es\/los-ayuntamientos-y-representantes-politicos-acuerdan-una-estrategia-para-la-promocion-economica-de-urola-erdia\/"},"wordCount":1081,"publisher":{"@id":"https:\/\/iraurgiberritzen.eus\/es\/#organization"},"image":{"@id":"https:\/\/iraurgiberritzen.eus\/es\/los-ayuntamientos-y-representantes-politicos-acuerdan-una-estrategia-para-la-promocion-economica-de-urola-erdia\/#primaryimage"},"thumbnailUrl":"https:\/\/iraurgiberritzen.eus\/wp-content\/uploads\/2023\/09\/0c758c944f0062609b2677e28107bc5e.jpg","articleSection":["Noticias"],"inLanguage":"es"},{"@type":"WebPage","@id":"https:\/\/iraurgiberritzen.eus\/es\/los-ayuntamientos-y-representantes-politicos-acuerdan-una-estrategia-para-la-promocion-economica-de-urola-erdia\/","url":"https:\/\/iraurgiberritzen.eus\/es\/los-ayuntamientos-y-representantes-politicos-acuerdan-una-estrategia-para-la-promocion-economica-de-urola-erdia\/","name":"Los ayuntamientos y representantes pol\u00edticos acuerdan una estrategia para la promoci\u00f3n econ\u00f3mica de Urola Erdia - Iraurgi Berritzen","isPartOf":{"@id":"https:\/\/iraurgiberritzen.eus\/es\/#website"},"primaryImageOfPage":{"@id":"https:\/\/iraurgiberritzen.eus\/es\/los-ayuntamientos-y-representantes-politicos-acuerdan-una-estrategia-para-la-promocion-economica-de-urola-erdia\/#primaryimage"},"image":{"@id":"https:\/\/iraurgiberritzen.eus\/es\/los-ayuntamientos-y-representantes-politicos-acuerdan-una-estrategia-para-la-promocion-economica-de-urola-erdia\/#primaryimage"},"thumbnailUrl":"https:\/\/iraurgiberritzen.eus\/wp-content\/uploads\/2023\/09\/0c758c944f0062609b2677e28107bc5e.jpg","datePublished":"2014-03-13T22:00:00+00:00","breadcrumb":{"@id":"https:\/\/iraurgiberritzen.eus\/es\/los-ayuntamientos-y-representantes-politicos-acuerdan-una-estrategia-para-la-promocion-economica-de-urola-erdia\/#breadcrumb"},"inLanguage":"es","potentialAction":[{"@type":"ReadAction","target":["https:\/\/iraurgiberritzen.eus\/es\/los-ayuntamientos-y-representantes-politicos-acuerdan-una-estrategia-para-la-promocion-economica-de-urola-erdia\/"]}]},{"@type":"ImageObject","inLanguage":"es","@id":"https:\/\/iraurgiberritzen.eus\/es\/los-ayuntamientos-y-representantes-politicos-acuerdan-una-estrategia-para-la-promocion-economica-de-urola-erdia\/#primaryimage","url":"https:\/\/iraurgiberritzen.eus\/wp-content\/uploads\/2023\/09\/0c758c944f0062609b2677e28107bc5e.jpg","contentUrl":"https:\/\/iraurgiberritzen.eus\/wp-content\/uploads\/2023\/09\/0c758c944f0062609b2677e28107bc5e.jpg","width":600,"height":450},{"@type":"BreadcrumbList","@id":"https:\/\/iraurgiberritzen.eus\/es\/los-ayuntamientos-y-representantes-politicos-acuerdan-una-estrategia-para-la-promocion-economica-de-urola-erdia\/#breadcrumb","itemListElement":[{"@type":"ListItem","position":1,"name":"Home","item":"https:\/\/iraurgiberritzen.eus\/es\/"},{"@type":"ListItem","position":2,"name":"Los ayuntamientos y representantes pol\u00edticos acuerdan una estrategia para la promoci\u00f3n econ\u00f3mica de Urola Erdia"}]},{"@type":"WebSite","@id":"https:\/\/iraurgiberritzen.eus\/es\/#website","url":"https:\/\/iraurgiberritzen.eus\/es\/","name":"Iraurgi Berritzen","description":"Urola Erdiko Garapen Agentzia","publisher":{"@id":"https:\/\/iraurgiberritzen.eus\/es\/#organization"},"potentialAction":[{"@type":"SearchAction","target":{"@type":"EntryPoint","urlTemplate":"https:\/\/iraurgiberritzen.eus\/es\/?s={search_term_string}"},"query-input":{"@type":"PropertyValueSpecification","valueRequired":true,"valueName":"search_term_string"}}],"inLanguage":"es"},{"@type":"Organization","@id":"https:\/\/iraurgiberritzen.eus\/es\/#organization","name":"Iraurgi Berritzen","url":"https:\/\/iraurgiberritzen.eus\/es\/","logo":{"@type":"ImageObject","inLanguage":"es","@id":"https:\/\/iraurgiberritzen.eus\/es\/#\/schema\/logo\/image\/","url":"https:\/\/iraurgiberritzen.eus\/wp-content\/uploads\/2024\/02\/IRAURGI-BERRITZEN-logotipoa_2.png","contentUrl":"https:\/\/iraurgiberritzen.eus\/wp-content\/uploads\/2024\/02\/IRAURGI-BERRITZEN-logotipoa_2.png","width":496,"height":190,"caption":"Iraurgi Berritzen"},"image":{"@id":"https:\/\/iraurgiberritzen.eus\/es\/#\/schema\/logo\/image\/"}},{"@type":"Person","@id":"https:\/\/iraurgiberritzen.eus\/es\/#\/schema\/person\/5ab41aaf388a9097177601ebf45738d2","name":"kudeatzailea","sameAs":["https:\/\/iraurgiberritzen.eus"]}]}},"_links":{"self":[{"href":"https:\/\/iraurgiberritzen.eus\/es\/wp-json\/wp\/v2\/posts\/11752","targetHints":{"allow":["GET"]}}],"collection":[{"href":"https:\/\/iraurgiberritzen.eus\/es\/wp-json\/wp\/v2\/posts"}],"about":[{"href":"https:\/\/iraurgiberritzen.eus\/es\/wp-json\/wp\/v2\/types\/post"}],"author":[{"embeddable":true,"href":"https:\/\/iraurgiberritzen.eus\/es\/wp-json\/wp\/v2\/users\/1"}],"replies":[{"embeddable":true,"href":"https:\/\/iraurgiberritzen.eus\/es\/wp-json\/wp\/v2\/comments?post=11752"}],"version-history":[{"count":0,"href":"https:\/\/iraurgiberritzen.eus\/es\/wp-json\/wp\/v2\/posts\/11752\/revisions"}],"wp:featuredmedia":[{"embeddable":true,"href":"https:\/\/iraurgiberritzen.eus\/es\/wp-json\/wp\/v2\/media\/18063"}],"wp:attachment":[{"href":"https:\/\/iraurgiberritzen.eus\/es\/wp-json\/wp\/v2\/media?parent=11752"}],"wp:term":[{"taxonomy":"category","embeddable":true,"href":"https:\/\/iraurgiberritzen.eus\/es\/wp-json\/wp\/v2\/categories?post=11752"},{"taxonomy":"post_tag","embeddable":true,"href":"https:\/\/iraurgiberritzen.eus\/es\/wp-json\/wp\/v2\/tags?post=11752"}],"curies":[{"name":"wp","href":"https:\/\/api.w.org\/{rel}","templated":true}]}}