{"id":11754,"date":"2014-02-10T00:00:00","date_gmt":"2014-02-09T22:00:00","guid":{"rendered":"https:\/\/iraurgiberritzen.eus\/iraurgi-berritzen-ofrece-sus-servicios-desde-febrero-en-azpeitia-y-azkoitia\/"},"modified":"2014-02-10T00:00:00","modified_gmt":"2014-02-09T22:00:00","slug":"iraurgi-berritzen-ofrece-sus-servicios-desde-febrero-en-azpeitia-y-azkoitia","status":"publish","type":"post","link":"https:\/\/iraurgiberritzen.eus\/es\/iraurgi-berritzen-ofrece-sus-servicios-desde-febrero-en-azpeitia-y-azkoitia\/","title":{"rendered":"Iraurgi Berritzen, ofrece sus servicios desde Febrero en Azpeitia y Azkoitia"},"content":{"rendered":"<p><span style=\"font-family: Arial;\">Desde mediados de Febrero de 2014, Iraurgi Berritzen ha comenzado a compartir sus servicios tanto en Azpeitia como en Azkoitia con el objetivo de estar m\u00e1s cerca de los ciudadanos.<\/span><\/p>\n<p><span style=\"font-family: Arial;\">Por tanto, las diferentes actividades y reuniones de trabajo, que se organizan en el \u00e1mbito de la red de Ezagutza Sarea tambi\u00e9n se han comenzado a organizar en ambas localidades. As\u00ed, algunos grupos de trabajo mantendr\u00e1n en Azkoitia su luga<\/span><\/p>\n<p style=\"text-align: justify;\"><span style=\"font-family: Arial;\"><span style=\"font-family: Arial;\">A continuaci\u00f3n, las direcciones y tel\u00e9fonos de las dos oficinas:<\/span><\/span><\/p>\n<p style=\"text-align: justify;\"><span style=\"font-family: Arial;\"><strong><span style=\"font-family: Arial;\"><img loading=\"lazy\" decoding=\"async\" style=\"margin: 5px; float: left;\" src=\"images\/iraurgiberritzen\/berriak\/2014\/Sindikatu_zaharra.jpg\" alt=\"Sindikatu zaharra\" width=\"137\" height=\"157\" \/><\/span><\/strong><\/span><\/p>\n<p style=\"text-align: justify;\">&nbsp;<\/p>\n<p style=\"text-align: justify;\"><span style=\"font-family: Arial;\"><strong><span style=\"font-family: Arial;\"><br \/>Oficina de Azpeitia:<\/span><\/strong><br \/><span style=\"font-family: Arial;\">Sindikatu Zaharra<br \/>Enparan Kalea 1-3<br \/>20730 Azpeitia \u2013 Gipuzkoa<br \/><\/span><span style=\"font-family: Arial; color: #030303;\">Tel: +[34] 943 02 60 69 <\/span><\/span><\/p>\n<p style=\"text-align: justify;\">&nbsp;<\/p>\n<p style=\"text-align: justify;\">&nbsp;<\/p>\n<p style=\"text-align: left;\"><strong><span style=\"font-family: Arial;\"><img loading=\"lazy\" decoding=\"async\" style=\"margin: 5px; float: left;\" src=\"images\/iraurgiberritzen\/berriak\/2014\/Intsausti_Jauregia.jpg\" alt=\"Intsausti Jauregia\" width=\"168\" height=\"126\" \/><\/span><\/strong><\/p>\n<p style=\"text-align: left;\"><strong><span style=\"font-family: Arial;\"><br \/>Oficina de Azkoitia:<\/span><\/strong><br \/><span style=\"font-family: Arial;\">Intsausti Jauregia<br \/>Julio Urkijo etorbidea, 25<br \/>20720 Azkoitia &#8211; Gipuzkoa<br \/><\/span><span style=\"font-family: Arial; color: #030303;\">Tel: +[34] 943 85 11 00<\/span><\/p>\n<p style=\"text-align: justify;\">&nbsp;<\/p>\n<p style=\"text-align: justify;\">&nbsp;<\/p>\n<p>&nbsp;<\/p>\n","protected":false},"excerpt":{"rendered":"<p>Desde mediados de Febrero de 2014, Iraurgi Berritzen ha comenzado a compartir sus servicios tanto en Azpeitia como en Azkoitia con el objetivo de estar m\u00e1s cerca de los ciudadanos. Por tanto, las diferentes actividades y reuniones de trabajo, que se organizan en el \u00e1mbito de la red de Ezagutza Sarea tambi\u00e9n se han comenzado [&hellip;]<\/p>\n","protected":false},"author":1,"featured_media":0,"comment_status":"","ping_status":"closed","sticky":false,"template":"","format":"standard","meta":{"_acf_changed":false,"footnotes":""},"categories":[4],"tags":[],"class_list":["post-11754","post","type-post","status-publish","format-standard","hentry","category-noticias"],"acf":[],"yoast_head":"<!-- This site is optimized with the Yoast SEO plugin v27.4 - https:\/\/yoast.com\/product\/yoast-seo-wordpress\/ -->\n<title>Iraurgi Berritzen, ofrece sus servicios desde Febrero en Azpeitia y Azkoitia - Iraurgi Berritzen<\/title>\n<meta name=\"robots\" content=\"index, follow, max-snippet:-1, max-image-preview:large, max-video-preview:-1\" \/>\n<link rel=\"canonical\" href=\"https:\/\/iraurgiberritzen.eus\/es\/iraurgi-berritzen-ofrece-sus-servicios-desde-febrero-en-azpeitia-y-azkoitia\/\" \/>\n<meta property=\"og:locale\" content=\"es_ES\" \/>\n<meta property=\"og:type\" content=\"article\" \/>\n<meta property=\"og:title\" content=\"Iraurgi Berritzen, ofrece sus servicios desde Febrero en Azpeitia y Azkoitia - Iraurgi Berritzen\" \/>\n<meta property=\"og:description\" content=\"Desde mediados de Febrero de 2014, Iraurgi Berritzen ha comenzado a compartir sus servicios tanto en Azpeitia como en Azkoitia con el objetivo de estar m\u00e1s cerca de los ciudadanos. Por tanto, las diferentes actividades y reuniones de trabajo, que se organizan en el \u00e1mbito de la red de Ezagutza Sarea tambi\u00e9n se han comenzado [&hellip;]\" \/>\n<meta property=\"og:url\" content=\"https:\/\/iraurgiberritzen.eus\/es\/iraurgi-berritzen-ofrece-sus-servicios-desde-febrero-en-azpeitia-y-azkoitia\/\" \/>\n<meta property=\"og:site_name\" content=\"Iraurgi Berritzen\" \/>\n<meta property=\"article:published_time\" content=\"2014-02-09T22:00:00+00:00\" \/>\n<meta name=\"author\" content=\"kudeatzailea\" \/>\n<meta name=\"twitter:card\" content=\"summary_large_image\" \/>\n<meta name=\"twitter:label1\" content=\"Escrito por\" \/>\n\t<meta name=\"twitter:data1\" content=\"kudeatzailea\" \/>\n\t<meta name=\"twitter:label2\" content=\"Tiempo de lectura\" \/>\n\t<meta name=\"twitter:data2\" content=\"1 minuto\" \/>\n<script type=\"application\/ld+json\" class=\"yoast-schema-graph\">{\"@context\":\"https:\\\/\\\/schema.org\",\"@graph\":[{\"@type\":\"Article\",\"@id\":\"https:\\\/\\\/iraurgiberritzen.eus\\\/es\\\/iraurgi-berritzen-ofrece-sus-servicios-desde-febrero-en-azpeitia-y-azkoitia\\\/#article\",\"isPartOf\":{\"@id\":\"https:\\\/\\\/iraurgiberritzen.eus\\\/es\\\/iraurgi-berritzen-ofrece-sus-servicios-desde-febrero-en-azpeitia-y-azkoitia\\\/\"},\"author\":{\"name\":\"kudeatzailea\",\"@id\":\"https:\\\/\\\/iraurgiberritzen.eus\\\/es\\\/#\\\/schema\\\/person\\\/5ab41aaf388a9097177601ebf45738d2\"},\"headline\":\"Iraurgi Berritzen, ofrece sus servicios desde Febrero en Azpeitia y Azkoitia\",\"datePublished\":\"2014-02-09T22:00:00+00:00\",\"mainEntityOfPage\":{\"@id\":\"https:\\\/\\\/iraurgiberritzen.eus\\\/es\\\/iraurgi-berritzen-ofrece-sus-servicios-desde-febrero-en-azpeitia-y-azkoitia\\\/\"},\"wordCount\":122,\"publisher\":{\"@id\":\"https:\\\/\\\/iraurgiberritzen.eus\\\/es\\\/#organization\"},\"articleSection\":[\"Noticias\"],\"inLanguage\":\"es\"},{\"@type\":\"WebPage\",\"@id\":\"https:\\\/\\\/iraurgiberritzen.eus\\\/es\\\/iraurgi-berritzen-ofrece-sus-servicios-desde-febrero-en-azpeitia-y-azkoitia\\\/\",\"url\":\"https:\\\/\\\/iraurgiberritzen.eus\\\/es\\\/iraurgi-berritzen-ofrece-sus-servicios-desde-febrero-en-azpeitia-y-azkoitia\\\/\",\"name\":\"Iraurgi Berritzen, ofrece sus servicios desde Febrero en Azpeitia y Azkoitia - Iraurgi Berritzen\",\"isPartOf\":{\"@id\":\"https:\\\/\\\/iraurgiberritzen.eus\\\/es\\\/#website\"},\"datePublished\":\"2014-02-09T22:00:00+00:00\",\"breadcrumb\":{\"@id\":\"https:\\\/\\\/iraurgiberritzen.eus\\\/es\\\/iraurgi-berritzen-ofrece-sus-servicios-desde-febrero-en-azpeitia-y-azkoitia\\\/#breadcrumb\"},\"inLanguage\":\"es\",\"potentialAction\":[{\"@type\":\"ReadAction\",\"target\":[\"https:\\\/\\\/iraurgiberritzen.eus\\\/es\\\/iraurgi-berritzen-ofrece-sus-servicios-desde-febrero-en-azpeitia-y-azkoitia\\\/\"]}]},{\"@type\":\"BreadcrumbList\",\"@id\":\"https:\\\/\\\/iraurgiberritzen.eus\\\/es\\\/iraurgi-berritzen-ofrece-sus-servicios-desde-febrero-en-azpeitia-y-azkoitia\\\/#breadcrumb\",\"itemListElement\":[{\"@type\":\"ListItem\",\"position\":1,\"name\":\"Home\",\"item\":\"https:\\\/\\\/iraurgiberritzen.eus\\\/es\\\/\"},{\"@type\":\"ListItem\",\"position\":2,\"name\":\"Iraurgi Berritzen, ofrece sus servicios desde Febrero en Azpeitia y Azkoitia\"}]},{\"@type\":\"WebSite\",\"@id\":\"https:\\\/\\\/iraurgiberritzen.eus\\\/es\\\/#website\",\"url\":\"https:\\\/\\\/iraurgiberritzen.eus\\\/es\\\/\",\"name\":\"Iraurgi Berritzen\",\"description\":\"Urola Erdiko Garapen Agentzia\",\"publisher\":{\"@id\":\"https:\\\/\\\/iraurgiberritzen.eus\\\/es\\\/#organization\"},\"potentialAction\":[{\"@type\":\"SearchAction\",\"target\":{\"@type\":\"EntryPoint\",\"urlTemplate\":\"https:\\\/\\\/iraurgiberritzen.eus\\\/es\\\/?s={search_term_string}\"},\"query-input\":{\"@type\":\"PropertyValueSpecification\",\"valueRequired\":true,\"valueName\":\"search_term_string\"}}],\"inLanguage\":\"es\"},{\"@type\":\"Organization\",\"@id\":\"https:\\\/\\\/iraurgiberritzen.eus\\\/es\\\/#organization\",\"name\":\"Iraurgi Berritzen\",\"url\":\"https:\\\/\\\/iraurgiberritzen.eus\\\/es\\\/\",\"logo\":{\"@type\":\"ImageObject\",\"inLanguage\":\"es\",\"@id\":\"https:\\\/\\\/iraurgiberritzen.eus\\\/es\\\/#\\\/schema\\\/logo\\\/image\\\/\",\"url\":\"https:\\\/\\\/iraurgiberritzen.eus\\\/wp-content\\\/uploads\\\/2024\\\/02\\\/IRAURGI-BERRITZEN-logotipoa_2.png\",\"contentUrl\":\"https:\\\/\\\/iraurgiberritzen.eus\\\/wp-content\\\/uploads\\\/2024\\\/02\\\/IRAURGI-BERRITZEN-logotipoa_2.png\",\"width\":496,\"height\":190,\"caption\":\"Iraurgi Berritzen\"},\"image\":{\"@id\":\"https:\\\/\\\/iraurgiberritzen.eus\\\/es\\\/#\\\/schema\\\/logo\\\/image\\\/\"}},{\"@type\":\"Person\",\"@id\":\"https:\\\/\\\/iraurgiberritzen.eus\\\/es\\\/#\\\/schema\\\/person\\\/5ab41aaf388a9097177601ebf45738d2\",\"name\":\"kudeatzailea\",\"sameAs\":[\"https:\\\/\\\/iraurgiberritzen.eus\"]}]}<\/script>\n<!-- \/ Yoast SEO plugin. -->","yoast_head_json":{"title":"Iraurgi Berritzen, ofrece sus servicios desde Febrero en Azpeitia y Azkoitia - Iraurgi Berritzen","robots":{"index":"index","follow":"follow","max-snippet":"max-snippet:-1","max-image-preview":"max-image-preview:large","max-video-preview":"max-video-preview:-1"},"canonical":"https:\/\/iraurgiberritzen.eus\/es\/iraurgi-berritzen-ofrece-sus-servicios-desde-febrero-en-azpeitia-y-azkoitia\/","og_locale":"es_ES","og_type":"article","og_title":"Iraurgi Berritzen, ofrece sus servicios desde Febrero en Azpeitia y Azkoitia - Iraurgi Berritzen","og_description":"Desde mediados de Febrero de 2014, Iraurgi Berritzen ha comenzado a compartir sus servicios tanto en Azpeitia como en Azkoitia con el objetivo de estar m\u00e1s cerca de los ciudadanos. Por tanto, las diferentes actividades y reuniones de trabajo, que se organizan en el \u00e1mbito de la red de Ezagutza Sarea tambi\u00e9n se han comenzado [&hellip;]","og_url":"https:\/\/iraurgiberritzen.eus\/es\/iraurgi-berritzen-ofrece-sus-servicios-desde-febrero-en-azpeitia-y-azkoitia\/","og_site_name":"Iraurgi Berritzen","article_published_time":"2014-02-09T22:00:00+00:00","author":"kudeatzailea","twitter_card":"summary_large_image","twitter_misc":{"Escrito por":"kudeatzailea","Tiempo de lectura":"1 minuto"},"schema":{"@context":"https:\/\/schema.org","@graph":[{"@type":"Article","@id":"https:\/\/iraurgiberritzen.eus\/es\/iraurgi-berritzen-ofrece-sus-servicios-desde-febrero-en-azpeitia-y-azkoitia\/#article","isPartOf":{"@id":"https:\/\/iraurgiberritzen.eus\/es\/iraurgi-berritzen-ofrece-sus-servicios-desde-febrero-en-azpeitia-y-azkoitia\/"},"author":{"name":"kudeatzailea","@id":"https:\/\/iraurgiberritzen.eus\/es\/#\/schema\/person\/5ab41aaf388a9097177601ebf45738d2"},"headline":"Iraurgi Berritzen, ofrece sus servicios desde Febrero en Azpeitia y Azkoitia","datePublished":"2014-02-09T22:00:00+00:00","mainEntityOfPage":{"@id":"https:\/\/iraurgiberritzen.eus\/es\/iraurgi-berritzen-ofrece-sus-servicios-desde-febrero-en-azpeitia-y-azkoitia\/"},"wordCount":122,"publisher":{"@id":"https:\/\/iraurgiberritzen.eus\/es\/#organization"},"articleSection":["Noticias"],"inLanguage":"es"},{"@type":"WebPage","@id":"https:\/\/iraurgiberritzen.eus\/es\/iraurgi-berritzen-ofrece-sus-servicios-desde-febrero-en-azpeitia-y-azkoitia\/","url":"https:\/\/iraurgiberritzen.eus\/es\/iraurgi-berritzen-ofrece-sus-servicios-desde-febrero-en-azpeitia-y-azkoitia\/","name":"Iraurgi Berritzen, ofrece sus servicios desde Febrero en Azpeitia y Azkoitia - Iraurgi Berritzen","isPartOf":{"@id":"https:\/\/iraurgiberritzen.eus\/es\/#website"},"datePublished":"2014-02-09T22:00:00+00:00","breadcrumb":{"@id":"https:\/\/iraurgiberritzen.eus\/es\/iraurgi-berritzen-ofrece-sus-servicios-desde-febrero-en-azpeitia-y-azkoitia\/#breadcrumb"},"inLanguage":"es","potentialAction":[{"@type":"ReadAction","target":["https:\/\/iraurgiberritzen.eus\/es\/iraurgi-berritzen-ofrece-sus-servicios-desde-febrero-en-azpeitia-y-azkoitia\/"]}]},{"@type":"BreadcrumbList","@id":"https:\/\/iraurgiberritzen.eus\/es\/iraurgi-berritzen-ofrece-sus-servicios-desde-febrero-en-azpeitia-y-azkoitia\/#breadcrumb","itemListElement":[{"@type":"ListItem","position":1,"name":"Home","item":"https:\/\/iraurgiberritzen.eus\/es\/"},{"@type":"ListItem","position":2,"name":"Iraurgi Berritzen, ofrece sus servicios desde Febrero en Azpeitia y Azkoitia"}]},{"@type":"WebSite","@id":"https:\/\/iraurgiberritzen.eus\/es\/#website","url":"https:\/\/iraurgiberritzen.eus\/es\/","name":"Iraurgi Berritzen","description":"Urola Erdiko Garapen Agentzia","publisher":{"@id":"https:\/\/iraurgiberritzen.eus\/es\/#organization"},"potentialAction":[{"@type":"SearchAction","target":{"@type":"EntryPoint","urlTemplate":"https:\/\/iraurgiberritzen.eus\/es\/?s={search_term_string}"},"query-input":{"@type":"PropertyValueSpecification","valueRequired":true,"valueName":"search_term_string"}}],"inLanguage":"es"},{"@type":"Organization","@id":"https:\/\/iraurgiberritzen.eus\/es\/#organization","name":"Iraurgi Berritzen","url":"https:\/\/iraurgiberritzen.eus\/es\/","logo":{"@type":"ImageObject","inLanguage":"es","@id":"https:\/\/iraurgiberritzen.eus\/es\/#\/schema\/logo\/image\/","url":"https:\/\/iraurgiberritzen.eus\/wp-content\/uploads\/2024\/02\/IRAURGI-BERRITZEN-logotipoa_2.png","contentUrl":"https:\/\/iraurgiberritzen.eus\/wp-content\/uploads\/2024\/02\/IRAURGI-BERRITZEN-logotipoa_2.png","width":496,"height":190,"caption":"Iraurgi Berritzen"},"image":{"@id":"https:\/\/iraurgiberritzen.eus\/es\/#\/schema\/logo\/image\/"}},{"@type":"Person","@id":"https:\/\/iraurgiberritzen.eus\/es\/#\/schema\/person\/5ab41aaf388a9097177601ebf45738d2","name":"kudeatzailea","sameAs":["https:\/\/iraurgiberritzen.eus"]}]}},"_links":{"self":[{"href":"https:\/\/iraurgiberritzen.eus\/es\/wp-json\/wp\/v2\/posts\/11754","targetHints":{"allow":["GET"]}}],"collection":[{"href":"https:\/\/iraurgiberritzen.eus\/es\/wp-json\/wp\/v2\/posts"}],"about":[{"href":"https:\/\/iraurgiberritzen.eus\/es\/wp-json\/wp\/v2\/types\/post"}],"author":[{"embeddable":true,"href":"https:\/\/iraurgiberritzen.eus\/es\/wp-json\/wp\/v2\/users\/1"}],"replies":[{"embeddable":true,"href":"https:\/\/iraurgiberritzen.eus\/es\/wp-json\/wp\/v2\/comments?post=11754"}],"version-history":[{"count":0,"href":"https:\/\/iraurgiberritzen.eus\/es\/wp-json\/wp\/v2\/posts\/11754\/revisions"}],"wp:attachment":[{"href":"https:\/\/iraurgiberritzen.eus\/es\/wp-json\/wp\/v2\/media?parent=11754"}],"wp:term":[{"taxonomy":"category","embeddable":true,"href":"https:\/\/iraurgiberritzen.eus\/es\/wp-json\/wp\/v2\/categories?post=11754"},{"taxonomy":"post_tag","embeddable":true,"href":"https:\/\/iraurgiberritzen.eus\/es\/wp-json\/wp\/v2\/tags?post=11754"}],"curies":[{"name":"wp","href":"https:\/\/api.w.org\/{rel}","templated":true}]}}