{"id":11757,"date":"2016-02-26T11:07:49","date_gmt":"2016-02-26T09:07:49","guid":{"rendered":"https:\/\/iraurgiberritzen.eus\/garapen-lanza-el-proyecto-hazilan-con-el-objetivo-de-crear-5-000-empleos-para-jovenes-en-euskadi\/"},"modified":"2016-02-26T11:07:49","modified_gmt":"2016-02-26T09:07:49","slug":"garapen-lanza-el-proyecto-hazilan-con-el-objetivo-de-crear-5-000-empleos-para-jovenes-en-euskadi","status":"publish","type":"post","link":"https:\/\/iraurgiberritzen.eus\/es\/garapen-lanza-el-proyecto-hazilan-con-el-objetivo-de-crear-5-000-empleos-para-jovenes-en-euskadi\/","title":{"rendered":"Garapen lanza el Proyecto Hazilan con el objetivo de crear 5.000 empleos para j\u00f3venes en Euskadi"},"content":{"rendered":"<p style=\"text-align: justify;\"><strong>Garapen<\/strong> (Asociaci\u00f3n Vasca de Agencias de Desarrollo), junto con las veinte agencias de desarrollo comarcal implicadas en el proyecto, entre las cuales se encuentra la Agencia de Desarrollo iraurgi Lantzen, y en colaboraci\u00f3n con el Gobierno Vasco y el Fondo Social Europeo, ponen en marcha el proyecto de inserci\u00f3n laboral <strong>Hazilan<\/strong> con el objetivo de crear 5.000 empleos para j\u00f3venes, en el per\u00edodo 2016-2021, de los cuales el 55% estar\u00e1n dirigidos a mujeres.<strong><br \/><\/strong><\/p>\n<p style=\"text-align: justify;\"><strong>Hazilan<\/strong> es un proyecto de <strong>inserci\u00f3n laboral<\/strong> dirigido a personas<strong> j\u00f3venes cualificadas<\/strong> (titulaci\u00f3n universitaria o ciclo superior de FP) <strong>de entre 20 y 35 a\u00f1os<\/strong>, que se encuentren en situaci\u00f3n de desempleo. Este colectivo, pese a su alto grado de preparaci\u00f3n, tiene especiales dificultades de acceso al mercado laboral por su falta de experiencia asociada a su perfil profesional y por la carencia de competencias y habilidades transversales demandadas por las empresas. El principal objetivo de <strong>Hazilan<\/strong> es la <strong>inserci\u00f3n laboral<\/strong> mediante un acompa\u00f1amiento personalizado. Gracias al programa <strong>HAZILAN<\/strong> las agencias de desarrollo dentificar\u00e1n <strong>empresas con proyectos de futuro,<\/strong> y dotar\u00e1n a las personas j\u00f3venes de los <strong>recursos necesarios para acceder a un empleo<\/strong> potenciando y ayudando a gestionar sus capacidades.<\/p>\n<p style=\"text-align: justify;\"><strong>Hazilan<\/strong> trabaja partiendo de las <strong>necesidades reales<\/strong> de las empresas. A lo largo de estos a\u00f1os, las agencias de desarrollo han constatado que las empresas necesitan y demandan personas con iniciativa, creativas, autosuficientes, que sepan comunicar, trabajar en equipo y gestionar sus tareas de acuerdo con los objetivos y resultados esperados. Todas estas competencias y capacidades resultan cruciales, pero en muchos casos no se adquieren en las aulas de un centro educativo. <strong>Hazilan<\/strong> integra la adquisici\u00f3n de estas competencias con la experiencia concreta en el \u00e1mbito laboral o el proyecto que la empresa est\u00e1 interesada en desarrollar.<\/p>\n<p style=\"text-align: justify;\"><strong>Hazilan<\/strong> plantea una <strong>metodolog\u00eda innovadora basada en un itinerario personalizado<\/strong> y adaptado a las caracter\u00edsticas personales de las personas participantes y a los proyectos profesionales demandados por las empresas. El proyecto est\u00e1 basado en distintos recursos.<\/p>\n<p style=\"text-align: justify;\"><strong>En una primera fase<\/strong>, se dirigen a la <strong>activaci\u00f3n de las personas<\/strong> cualificadas y a prepararlas para el proyecto. El objetivo es activar personas a trabes de una formaci\u00f3n personalizada el acompa\u00f1amiento de un\/coach, trabajando desde factores sicol\u00f3gicos y emocionales a las competencias necesarias para el desarrollo profesional.<\/p>\n<p style=\"text-align: justify;\"><strong>Contin\u00faan, en funci\u00f3n del proyecto, a trav\u00e9s de aprendizaje especializado, pr\u00e1cticas o la participaci\u00f3n en proyectos empresariales<\/strong>.<\/p>\n<p style=\"text-align: justify;\">M\u00e1s informaci\u00f3n acerca de este proyecto en el siguiente <a href=\"images\/iraurgiberritzen\/berriak\/2016\/Proyecto_HAZILAN.pdf\" target=\"_blank\" rel=\"noopener\">link<\/a> o en su p\u00e1gina web: <a href=\"http:\/\/www.hazilan.eus\">www.hazilan.eus<\/a><\/p>\n<p style=\"text-align: justify;\">Este proyecto se pondr\u00e1 en marcha en breve en Urola Erdia, d\u00e1ndose a conocer en los medios de comunicaci\u00f3n de la comarca.<\/p>\n<p style=\"text-align: center;\"><img loading=\"lazy\" decoding=\"async\" src=\"images\/Hazilan.png\" alt=\"Hazilan.png\" width=\"499\" height=\"88\" \/><\/p>\n","protected":false},"excerpt":{"rendered":"<p>Garapen (Asociaci\u00f3n Vasca de Agencias de Desarrollo), junto con las veinte agencias de desarrollo comarcal implicadas en el proyecto, entre las cuales se encuentra la Agencia de Desarrollo iraurgi Lantzen, y en colaboraci\u00f3n con el Gobierno Vasco y el Fondo Social Europeo, ponen en marcha el proyecto de inserci\u00f3n laboral Hazilan con el objetivo de [&hellip;]<\/p>\n","protected":false},"author":1,"featured_media":18064,"comment_status":"","ping_status":"closed","sticky":false,"template":"","format":"standard","meta":{"_acf_changed":false,"footnotes":""},"categories":[4],"tags":[],"class_list":["post-11757","post","type-post","status-publish","format-standard","has-post-thumbnail","hentry","category-noticias"],"acf":[],"yoast_head":"<!-- This site is optimized with the Yoast SEO plugin v27.4 - https:\/\/yoast.com\/product\/yoast-seo-wordpress\/ -->\n<title>Garapen lanza el Proyecto Hazilan con el objetivo de crear 5.000 empleos para j\u00f3venes en Euskadi - Iraurgi Berritzen<\/title>\n<meta name=\"robots\" content=\"index, follow, max-snippet:-1, max-image-preview:large, max-video-preview:-1\" \/>\n<link rel=\"canonical\" href=\"https:\/\/iraurgiberritzen.eus\/es\/garapen-lanza-el-proyecto-hazilan-con-el-objetivo-de-crear-5-000-empleos-para-jovenes-en-euskadi\/\" \/>\n<meta property=\"og:locale\" content=\"es_ES\" \/>\n<meta property=\"og:type\" content=\"article\" \/>\n<meta property=\"og:title\" content=\"Garapen lanza el Proyecto Hazilan con el objetivo de crear 5.000 empleos para j\u00f3venes en Euskadi - Iraurgi Berritzen\" \/>\n<meta property=\"og:description\" content=\"Garapen (Asociaci\u00f3n Vasca de Agencias de Desarrollo), junto con las veinte agencias de desarrollo comarcal implicadas en el proyecto, entre las cuales se encuentra la Agencia de Desarrollo iraurgi Lantzen, y en colaboraci\u00f3n con el Gobierno Vasco y el Fondo Social Europeo, ponen en marcha el proyecto de inserci\u00f3n laboral Hazilan con el objetivo de [&hellip;]\" \/>\n<meta property=\"og:url\" content=\"https:\/\/iraurgiberritzen.eus\/es\/garapen-lanza-el-proyecto-hazilan-con-el-objetivo-de-crear-5-000-empleos-para-jovenes-en-euskadi\/\" \/>\n<meta property=\"og:site_name\" content=\"Iraurgi Berritzen\" \/>\n<meta property=\"article:published_time\" content=\"2016-02-26T09:07:49+00:00\" \/>\n<meta name=\"author\" content=\"kudeatzailea\" \/>\n<meta name=\"twitter:card\" content=\"summary_large_image\" \/>\n<meta name=\"twitter:label1\" content=\"Escrito por\" \/>\n\t<meta name=\"twitter:data1\" content=\"kudeatzailea\" \/>\n\t<meta name=\"twitter:label2\" content=\"Tiempo de lectura\" \/>\n\t<meta name=\"twitter:data2\" content=\"2 minutos\" \/>\n<script type=\"application\/ld+json\" class=\"yoast-schema-graph\">{\"@context\":\"https:\\\/\\\/schema.org\",\"@graph\":[{\"@type\":\"Article\",\"@id\":\"https:\\\/\\\/iraurgiberritzen.eus\\\/es\\\/garapen-lanza-el-proyecto-hazilan-con-el-objetivo-de-crear-5-000-empleos-para-jovenes-en-euskadi\\\/#article\",\"isPartOf\":{\"@id\":\"https:\\\/\\\/iraurgiberritzen.eus\\\/es\\\/garapen-lanza-el-proyecto-hazilan-con-el-objetivo-de-crear-5-000-empleos-para-jovenes-en-euskadi\\\/\"},\"author\":{\"name\":\"kudeatzailea\",\"@id\":\"https:\\\/\\\/iraurgiberritzen.eus\\\/es\\\/#\\\/schema\\\/person\\\/5ab41aaf388a9097177601ebf45738d2\"},\"headline\":\"Garapen lanza el Proyecto Hazilan con el objetivo de crear 5.000 empleos para j\u00f3venes en Euskadi\",\"datePublished\":\"2016-02-26T09:07:49+00:00\",\"mainEntityOfPage\":{\"@id\":\"https:\\\/\\\/iraurgiberritzen.eus\\\/es\\\/garapen-lanza-el-proyecto-hazilan-con-el-objetivo-de-crear-5-000-empleos-para-jovenes-en-euskadi\\\/\"},\"wordCount\":480,\"publisher\":{\"@id\":\"https:\\\/\\\/iraurgiberritzen.eus\\\/es\\\/#organization\"},\"image\":{\"@id\":\"https:\\\/\\\/iraurgiberritzen.eus\\\/es\\\/garapen-lanza-el-proyecto-hazilan-con-el-objetivo-de-crear-5-000-empleos-para-jovenes-en-euskadi\\\/#primaryimage\"},\"thumbnailUrl\":\"https:\\\/\\\/iraurgiberritzen.eus\\\/wp-content\\\/uploads\\\/2023\\\/09\\\/1ba6f013b03d3119f460bad3db0fbe5d.jpg\",\"articleSection\":[\"Noticias\"],\"inLanguage\":\"es\"},{\"@type\":\"WebPage\",\"@id\":\"https:\\\/\\\/iraurgiberritzen.eus\\\/es\\\/garapen-lanza-el-proyecto-hazilan-con-el-objetivo-de-crear-5-000-empleos-para-jovenes-en-euskadi\\\/\",\"url\":\"https:\\\/\\\/iraurgiberritzen.eus\\\/es\\\/garapen-lanza-el-proyecto-hazilan-con-el-objetivo-de-crear-5-000-empleos-para-jovenes-en-euskadi\\\/\",\"name\":\"Garapen lanza el Proyecto Hazilan con el objetivo de crear 5.000 empleos para j\u00f3venes en Euskadi - Iraurgi Berritzen\",\"isPartOf\":{\"@id\":\"https:\\\/\\\/iraurgiberritzen.eus\\\/es\\\/#website\"},\"primaryImageOfPage\":{\"@id\":\"https:\\\/\\\/iraurgiberritzen.eus\\\/es\\\/garapen-lanza-el-proyecto-hazilan-con-el-objetivo-de-crear-5-000-empleos-para-jovenes-en-euskadi\\\/#primaryimage\"},\"image\":{\"@id\":\"https:\\\/\\\/iraurgiberritzen.eus\\\/es\\\/garapen-lanza-el-proyecto-hazilan-con-el-objetivo-de-crear-5-000-empleos-para-jovenes-en-euskadi\\\/#primaryimage\"},\"thumbnailUrl\":\"https:\\\/\\\/iraurgiberritzen.eus\\\/wp-content\\\/uploads\\\/2023\\\/09\\\/1ba6f013b03d3119f460bad3db0fbe5d.jpg\",\"datePublished\":\"2016-02-26T09:07:49+00:00\",\"breadcrumb\":{\"@id\":\"https:\\\/\\\/iraurgiberritzen.eus\\\/es\\\/garapen-lanza-el-proyecto-hazilan-con-el-objetivo-de-crear-5-000-empleos-para-jovenes-en-euskadi\\\/#breadcrumb\"},\"inLanguage\":\"es\",\"potentialAction\":[{\"@type\":\"ReadAction\",\"target\":[\"https:\\\/\\\/iraurgiberritzen.eus\\\/es\\\/garapen-lanza-el-proyecto-hazilan-con-el-objetivo-de-crear-5-000-empleos-para-jovenes-en-euskadi\\\/\"]}]},{\"@type\":\"ImageObject\",\"inLanguage\":\"es\",\"@id\":\"https:\\\/\\\/iraurgiberritzen.eus\\\/es\\\/garapen-lanza-el-proyecto-hazilan-con-el-objetivo-de-crear-5-000-empleos-para-jovenes-en-euskadi\\\/#primaryimage\",\"url\":\"https:\\\/\\\/iraurgiberritzen.eus\\\/wp-content\\\/uploads\\\/2023\\\/09\\\/1ba6f013b03d3119f460bad3db0fbe5d.jpg\",\"contentUrl\":\"https:\\\/\\\/iraurgiberritzen.eus\\\/wp-content\\\/uploads\\\/2023\\\/09\\\/1ba6f013b03d3119f460bad3db0fbe5d.jpg\",\"width\":600,\"height\":386},{\"@type\":\"BreadcrumbList\",\"@id\":\"https:\\\/\\\/iraurgiberritzen.eus\\\/es\\\/garapen-lanza-el-proyecto-hazilan-con-el-objetivo-de-crear-5-000-empleos-para-jovenes-en-euskadi\\\/#breadcrumb\",\"itemListElement\":[{\"@type\":\"ListItem\",\"position\":1,\"name\":\"Home\",\"item\":\"https:\\\/\\\/iraurgiberritzen.eus\\\/es\\\/\"},{\"@type\":\"ListItem\",\"position\":2,\"name\":\"Garapen lanza el Proyecto Hazilan con el objetivo de crear 5.000 empleos para j\u00f3venes en Euskadi\"}]},{\"@type\":\"WebSite\",\"@id\":\"https:\\\/\\\/iraurgiberritzen.eus\\\/es\\\/#website\",\"url\":\"https:\\\/\\\/iraurgiberritzen.eus\\\/es\\\/\",\"name\":\"Iraurgi Berritzen\",\"description\":\"Urola Erdiko Garapen Agentzia\",\"publisher\":{\"@id\":\"https:\\\/\\\/iraurgiberritzen.eus\\\/es\\\/#organization\"},\"potentialAction\":[{\"@type\":\"SearchAction\",\"target\":{\"@type\":\"EntryPoint\",\"urlTemplate\":\"https:\\\/\\\/iraurgiberritzen.eus\\\/es\\\/?s={search_term_string}\"},\"query-input\":{\"@type\":\"PropertyValueSpecification\",\"valueRequired\":true,\"valueName\":\"search_term_string\"}}],\"inLanguage\":\"es\"},{\"@type\":\"Organization\",\"@id\":\"https:\\\/\\\/iraurgiberritzen.eus\\\/es\\\/#organization\",\"name\":\"Iraurgi Berritzen\",\"url\":\"https:\\\/\\\/iraurgiberritzen.eus\\\/es\\\/\",\"logo\":{\"@type\":\"ImageObject\",\"inLanguage\":\"es\",\"@id\":\"https:\\\/\\\/iraurgiberritzen.eus\\\/es\\\/#\\\/schema\\\/logo\\\/image\\\/\",\"url\":\"https:\\\/\\\/iraurgiberritzen.eus\\\/wp-content\\\/uploads\\\/2024\\\/02\\\/IRAURGI-BERRITZEN-logotipoa_2.png\",\"contentUrl\":\"https:\\\/\\\/iraurgiberritzen.eus\\\/wp-content\\\/uploads\\\/2024\\\/02\\\/IRAURGI-BERRITZEN-logotipoa_2.png\",\"width\":496,\"height\":190,\"caption\":\"Iraurgi Berritzen\"},\"image\":{\"@id\":\"https:\\\/\\\/iraurgiberritzen.eus\\\/es\\\/#\\\/schema\\\/logo\\\/image\\\/\"}},{\"@type\":\"Person\",\"@id\":\"https:\\\/\\\/iraurgiberritzen.eus\\\/es\\\/#\\\/schema\\\/person\\\/5ab41aaf388a9097177601ebf45738d2\",\"name\":\"kudeatzailea\",\"sameAs\":[\"https:\\\/\\\/iraurgiberritzen.eus\"]}]}<\/script>\n<!-- \/ Yoast SEO plugin. -->","yoast_head_json":{"title":"Garapen lanza el Proyecto Hazilan con el objetivo de crear 5.000 empleos para j\u00f3venes en Euskadi - Iraurgi Berritzen","robots":{"index":"index","follow":"follow","max-snippet":"max-snippet:-1","max-image-preview":"max-image-preview:large","max-video-preview":"max-video-preview:-1"},"canonical":"https:\/\/iraurgiberritzen.eus\/es\/garapen-lanza-el-proyecto-hazilan-con-el-objetivo-de-crear-5-000-empleos-para-jovenes-en-euskadi\/","og_locale":"es_ES","og_type":"article","og_title":"Garapen lanza el Proyecto Hazilan con el objetivo de crear 5.000 empleos para j\u00f3venes en Euskadi - Iraurgi Berritzen","og_description":"Garapen (Asociaci\u00f3n Vasca de Agencias de Desarrollo), junto con las veinte agencias de desarrollo comarcal implicadas en el proyecto, entre las cuales se encuentra la Agencia de Desarrollo iraurgi Lantzen, y en colaboraci\u00f3n con el Gobierno Vasco y el Fondo Social Europeo, ponen en marcha el proyecto de inserci\u00f3n laboral Hazilan con el objetivo de [&hellip;]","og_url":"https:\/\/iraurgiberritzen.eus\/es\/garapen-lanza-el-proyecto-hazilan-con-el-objetivo-de-crear-5-000-empleos-para-jovenes-en-euskadi\/","og_site_name":"Iraurgi Berritzen","article_published_time":"2016-02-26T09:07:49+00:00","author":"kudeatzailea","twitter_card":"summary_large_image","twitter_misc":{"Escrito por":"kudeatzailea","Tiempo de lectura":"2 minutos"},"schema":{"@context":"https:\/\/schema.org","@graph":[{"@type":"Article","@id":"https:\/\/iraurgiberritzen.eus\/es\/garapen-lanza-el-proyecto-hazilan-con-el-objetivo-de-crear-5-000-empleos-para-jovenes-en-euskadi\/#article","isPartOf":{"@id":"https:\/\/iraurgiberritzen.eus\/es\/garapen-lanza-el-proyecto-hazilan-con-el-objetivo-de-crear-5-000-empleos-para-jovenes-en-euskadi\/"},"author":{"name":"kudeatzailea","@id":"https:\/\/iraurgiberritzen.eus\/es\/#\/schema\/person\/5ab41aaf388a9097177601ebf45738d2"},"headline":"Garapen lanza el Proyecto Hazilan con el objetivo de crear 5.000 empleos para j\u00f3venes en Euskadi","datePublished":"2016-02-26T09:07:49+00:00","mainEntityOfPage":{"@id":"https:\/\/iraurgiberritzen.eus\/es\/garapen-lanza-el-proyecto-hazilan-con-el-objetivo-de-crear-5-000-empleos-para-jovenes-en-euskadi\/"},"wordCount":480,"publisher":{"@id":"https:\/\/iraurgiberritzen.eus\/es\/#organization"},"image":{"@id":"https:\/\/iraurgiberritzen.eus\/es\/garapen-lanza-el-proyecto-hazilan-con-el-objetivo-de-crear-5-000-empleos-para-jovenes-en-euskadi\/#primaryimage"},"thumbnailUrl":"https:\/\/iraurgiberritzen.eus\/wp-content\/uploads\/2023\/09\/1ba6f013b03d3119f460bad3db0fbe5d.jpg","articleSection":["Noticias"],"inLanguage":"es"},{"@type":"WebPage","@id":"https:\/\/iraurgiberritzen.eus\/es\/garapen-lanza-el-proyecto-hazilan-con-el-objetivo-de-crear-5-000-empleos-para-jovenes-en-euskadi\/","url":"https:\/\/iraurgiberritzen.eus\/es\/garapen-lanza-el-proyecto-hazilan-con-el-objetivo-de-crear-5-000-empleos-para-jovenes-en-euskadi\/","name":"Garapen lanza el Proyecto Hazilan con el objetivo de crear 5.000 empleos para j\u00f3venes en Euskadi - Iraurgi Berritzen","isPartOf":{"@id":"https:\/\/iraurgiberritzen.eus\/es\/#website"},"primaryImageOfPage":{"@id":"https:\/\/iraurgiberritzen.eus\/es\/garapen-lanza-el-proyecto-hazilan-con-el-objetivo-de-crear-5-000-empleos-para-jovenes-en-euskadi\/#primaryimage"},"image":{"@id":"https:\/\/iraurgiberritzen.eus\/es\/garapen-lanza-el-proyecto-hazilan-con-el-objetivo-de-crear-5-000-empleos-para-jovenes-en-euskadi\/#primaryimage"},"thumbnailUrl":"https:\/\/iraurgiberritzen.eus\/wp-content\/uploads\/2023\/09\/1ba6f013b03d3119f460bad3db0fbe5d.jpg","datePublished":"2016-02-26T09:07:49+00:00","breadcrumb":{"@id":"https:\/\/iraurgiberritzen.eus\/es\/garapen-lanza-el-proyecto-hazilan-con-el-objetivo-de-crear-5-000-empleos-para-jovenes-en-euskadi\/#breadcrumb"},"inLanguage":"es","potentialAction":[{"@type":"ReadAction","target":["https:\/\/iraurgiberritzen.eus\/es\/garapen-lanza-el-proyecto-hazilan-con-el-objetivo-de-crear-5-000-empleos-para-jovenes-en-euskadi\/"]}]},{"@type":"ImageObject","inLanguage":"es","@id":"https:\/\/iraurgiberritzen.eus\/es\/garapen-lanza-el-proyecto-hazilan-con-el-objetivo-de-crear-5-000-empleos-para-jovenes-en-euskadi\/#primaryimage","url":"https:\/\/iraurgiberritzen.eus\/wp-content\/uploads\/2023\/09\/1ba6f013b03d3119f460bad3db0fbe5d.jpg","contentUrl":"https:\/\/iraurgiberritzen.eus\/wp-content\/uploads\/2023\/09\/1ba6f013b03d3119f460bad3db0fbe5d.jpg","width":600,"height":386},{"@type":"BreadcrumbList","@id":"https:\/\/iraurgiberritzen.eus\/es\/garapen-lanza-el-proyecto-hazilan-con-el-objetivo-de-crear-5-000-empleos-para-jovenes-en-euskadi\/#breadcrumb","itemListElement":[{"@type":"ListItem","position":1,"name":"Home","item":"https:\/\/iraurgiberritzen.eus\/es\/"},{"@type":"ListItem","position":2,"name":"Garapen lanza el Proyecto Hazilan con el objetivo de crear 5.000 empleos para j\u00f3venes en Euskadi"}]},{"@type":"WebSite","@id":"https:\/\/iraurgiberritzen.eus\/es\/#website","url":"https:\/\/iraurgiberritzen.eus\/es\/","name":"Iraurgi Berritzen","description":"Urola Erdiko Garapen Agentzia","publisher":{"@id":"https:\/\/iraurgiberritzen.eus\/es\/#organization"},"potentialAction":[{"@type":"SearchAction","target":{"@type":"EntryPoint","urlTemplate":"https:\/\/iraurgiberritzen.eus\/es\/?s={search_term_string}"},"query-input":{"@type":"PropertyValueSpecification","valueRequired":true,"valueName":"search_term_string"}}],"inLanguage":"es"},{"@type":"Organization","@id":"https:\/\/iraurgiberritzen.eus\/es\/#organization","name":"Iraurgi Berritzen","url":"https:\/\/iraurgiberritzen.eus\/es\/","logo":{"@type":"ImageObject","inLanguage":"es","@id":"https:\/\/iraurgiberritzen.eus\/es\/#\/schema\/logo\/image\/","url":"https:\/\/iraurgiberritzen.eus\/wp-content\/uploads\/2024\/02\/IRAURGI-BERRITZEN-logotipoa_2.png","contentUrl":"https:\/\/iraurgiberritzen.eus\/wp-content\/uploads\/2024\/02\/IRAURGI-BERRITZEN-logotipoa_2.png","width":496,"height":190,"caption":"Iraurgi Berritzen"},"image":{"@id":"https:\/\/iraurgiberritzen.eus\/es\/#\/schema\/logo\/image\/"}},{"@type":"Person","@id":"https:\/\/iraurgiberritzen.eus\/es\/#\/schema\/person\/5ab41aaf388a9097177601ebf45738d2","name":"kudeatzailea","sameAs":["https:\/\/iraurgiberritzen.eus"]}]}},"_links":{"self":[{"href":"https:\/\/iraurgiberritzen.eus\/es\/wp-json\/wp\/v2\/posts\/11757","targetHints":{"allow":["GET"]}}],"collection":[{"href":"https:\/\/iraurgiberritzen.eus\/es\/wp-json\/wp\/v2\/posts"}],"about":[{"href":"https:\/\/iraurgiberritzen.eus\/es\/wp-json\/wp\/v2\/types\/post"}],"author":[{"embeddable":true,"href":"https:\/\/iraurgiberritzen.eus\/es\/wp-json\/wp\/v2\/users\/1"}],"replies":[{"embeddable":true,"href":"https:\/\/iraurgiberritzen.eus\/es\/wp-json\/wp\/v2\/comments?post=11757"}],"version-history":[{"count":0,"href":"https:\/\/iraurgiberritzen.eus\/es\/wp-json\/wp\/v2\/posts\/11757\/revisions"}],"wp:featuredmedia":[{"embeddable":true,"href":"https:\/\/iraurgiberritzen.eus\/es\/wp-json\/wp\/v2\/media\/18064"}],"wp:attachment":[{"href":"https:\/\/iraurgiberritzen.eus\/es\/wp-json\/wp\/v2\/media?parent=11757"}],"wp:term":[{"taxonomy":"category","embeddable":true,"href":"https:\/\/iraurgiberritzen.eus\/es\/wp-json\/wp\/v2\/categories?post=11757"},{"taxonomy":"post_tag","embeddable":true,"href":"https:\/\/iraurgiberritzen.eus\/es\/wp-json\/wp\/v2\/tags?post=11757"}],"curies":[{"name":"wp","href":"https:\/\/api.w.org\/{rel}","templated":true}]}}