{"id":11760,"date":"2014-02-01T00:00:00","date_gmt":"2014-01-31T22:00:00","guid":{"rendered":"https:\/\/iraurgiberritzen.eus\/proyecto-bisit-ekin\/"},"modified":"2014-02-01T00:00:00","modified_gmt":"2014-01-31T22:00:00","slug":"proyecto-bisit-ekin","status":"publish","type":"post","link":"https:\/\/iraurgiberritzen.eus\/es\/proyecto-bisit-ekin\/","title":{"rendered":"Proyecto Bisit Ekin"},"content":{"rendered":"<p style=\"text-align: justify;\"><span style=\"font-size: 10pt; font-family: Times;\">El objetivo de este proyecto es ejecutar proyectos de colaboraci\u00f3n que den valor a\u00f1adido estrat\u00e9gico a las empresas de la comarca, con el apoyo de expertos en tecnolog\u00eda: para la diversificaci\u00f3n de productos o mercados, tanto para innovar procesos productivos como para fomentar el intraemprendimiento con nuevas actividades de negocio. El \u00faltimo objetivo es fortalecer la situaci\u00f3n econ\u00f3mica de la comarca, para ejercer un efecto positivo en las condiciones socioecon\u00f3micas y en la calidad de vida de la ciudadan\u00eda. <\/span><\/p>\n<p style=\"text-align: justify;\"><span style=\"font-size: 10pt; font-family: Times;\">Actualmente, 12 empresas han identificado \u00e1reas y grupos de inter\u00e9s para la colaboraci\u00f3n. Sectores: m\u00e1quina-herramienta, calderer\u00eda, equipamiento para hosteler\u00eda, mec\u00e1nica del metal e hidr\u00e1ulica.<\/span><\/p>\n<p style=\"text-align: justify;\"><span style=\"font-size: 10pt; font-family: Times;\">Este proyecto est\u00e1 situado en el Programa para la Promoci\u00f3n de Gipuzkoa, que tiene el objetivo de crear contextos para la colaboraci\u00f3n en la sociedad y el territorio. <\/span><\/p>\n<p>&nbsp;<\/p>\n<p>&nbsp;<\/p>\n<table style=\"margin-left: auto; margin-right: auto;\">\n<tbody>\n<tr>\n<td style=\"text-align: center;\">&nbsp;<img loading=\"lazy\" decoding=\"async\" src=\"images\/LOGOAK\/Instituzioak\/logo_DFG.png\" alt=\"logo DFG\" width=\"214\" height=\"51\" \/><\/td>\n<td><span style=\"font-size: 10pt;\"><img loading=\"lazy\" decoding=\"async\" src=\"http:\/\/www.loiolaberrikuntza.org\/images\/stories\/Logo_INTERREG_2.jpg\" alt=\"Logo_INTERREG_2\" width=\"115\" height=\"74\" \/><\/span><\/td>\n<\/tr>\n<\/tbody>\n<\/table>\n","protected":false},"excerpt":{"rendered":"<p>El objetivo de este proyecto es ejecutar proyectos de colaboraci\u00f3n que den valor a\u00f1adido estrat\u00e9gico a las empresas de la comarca, con el apoyo de expertos en tecnolog\u00eda: para la diversificaci\u00f3n de productos o mercados, tanto para innovar procesos productivos como para fomentar el intraemprendimiento con nuevas actividades de negocio. El \u00faltimo objetivo es fortalecer [&hellip;]<\/p>\n","protected":false},"author":1,"featured_media":18065,"comment_status":"","ping_status":"closed","sticky":false,"template":"","format":"standard","meta":{"_acf_changed":false,"footnotes":""},"categories":[4],"tags":[],"class_list":["post-11760","post","type-post","status-publish","format-standard","has-post-thumbnail","hentry","category-noticias"],"acf":[],"yoast_head":"<!-- This site is optimized with the Yoast SEO plugin v27.4 - https:\/\/yoast.com\/product\/yoast-seo-wordpress\/ -->\n<title>Proyecto Bisit Ekin - Iraurgi Berritzen<\/title>\n<meta name=\"robots\" content=\"index, follow, max-snippet:-1, max-image-preview:large, max-video-preview:-1\" \/>\n<link rel=\"canonical\" href=\"https:\/\/iraurgiberritzen.eus\/es\/proyecto-bisit-ekin\/\" \/>\n<meta property=\"og:locale\" content=\"es_ES\" \/>\n<meta property=\"og:type\" content=\"article\" \/>\n<meta property=\"og:title\" content=\"Proyecto Bisit Ekin - Iraurgi Berritzen\" \/>\n<meta property=\"og:description\" content=\"El objetivo de este proyecto es ejecutar proyectos de colaboraci\u00f3n que den valor a\u00f1adido estrat\u00e9gico a las empresas de la comarca, con el apoyo de expertos en tecnolog\u00eda: para la diversificaci\u00f3n de productos o mercados, tanto para innovar procesos productivos como para fomentar el intraemprendimiento con nuevas actividades de negocio. El \u00faltimo objetivo es fortalecer [&hellip;]\" \/>\n<meta property=\"og:url\" content=\"https:\/\/iraurgiberritzen.eus\/es\/proyecto-bisit-ekin\/\" \/>\n<meta property=\"og:site_name\" content=\"Iraurgi Berritzen\" \/>\n<meta property=\"article:published_time\" content=\"2014-01-31T22:00:00+00:00\" \/>\n<meta property=\"og:image\" content=\"http:\/\/www.loiolaberrikuntza.org\/images\/stories\/Logo_INTERREG_2.jpg\" \/>\n<meta name=\"author\" content=\"kudeatzailea\" \/>\n<meta name=\"twitter:card\" content=\"summary_large_image\" \/>\n<meta name=\"twitter:label1\" content=\"Escrito por\" \/>\n\t<meta name=\"twitter:data1\" content=\"kudeatzailea\" \/>\n\t<meta name=\"twitter:label2\" content=\"Tiempo de lectura\" \/>\n\t<meta name=\"twitter:data2\" content=\"1 minuto\" \/>\n<script type=\"application\/ld+json\" class=\"yoast-schema-graph\">{\"@context\":\"https:\\\/\\\/schema.org\",\"@graph\":[{\"@type\":\"Article\",\"@id\":\"https:\\\/\\\/iraurgiberritzen.eus\\\/es\\\/proyecto-bisit-ekin\\\/#article\",\"isPartOf\":{\"@id\":\"https:\\\/\\\/iraurgiberritzen.eus\\\/es\\\/proyecto-bisit-ekin\\\/\"},\"author\":{\"name\":\"kudeatzailea\",\"@id\":\"https:\\\/\\\/iraurgiberritzen.eus\\\/es\\\/#\\\/schema\\\/person\\\/5ab41aaf388a9097177601ebf45738d2\"},\"headline\":\"Proyecto Bisit Ekin\",\"datePublished\":\"2014-01-31T22:00:00+00:00\",\"mainEntityOfPage\":{\"@id\":\"https:\\\/\\\/iraurgiberritzen.eus\\\/es\\\/proyecto-bisit-ekin\\\/\"},\"wordCount\":154,\"publisher\":{\"@id\":\"https:\\\/\\\/iraurgiberritzen.eus\\\/es\\\/#organization\"},\"image\":{\"@id\":\"https:\\\/\\\/iraurgiberritzen.eus\\\/es\\\/proyecto-bisit-ekin\\\/#primaryimage\"},\"thumbnailUrl\":\"https:\\\/\\\/iraurgiberritzen.eus\\\/wp-content\\\/uploads\\\/2023\\\/09\\\/910084c4eb3461ee8947cd42bdd4b146.jpg\",\"articleSection\":[\"Noticias\"],\"inLanguage\":\"es\"},{\"@type\":\"WebPage\",\"@id\":\"https:\\\/\\\/iraurgiberritzen.eus\\\/es\\\/proyecto-bisit-ekin\\\/\",\"url\":\"https:\\\/\\\/iraurgiberritzen.eus\\\/es\\\/proyecto-bisit-ekin\\\/\",\"name\":\"Proyecto Bisit Ekin - Iraurgi Berritzen\",\"isPartOf\":{\"@id\":\"https:\\\/\\\/iraurgiberritzen.eus\\\/es\\\/#website\"},\"primaryImageOfPage\":{\"@id\":\"https:\\\/\\\/iraurgiberritzen.eus\\\/es\\\/proyecto-bisit-ekin\\\/#primaryimage\"},\"image\":{\"@id\":\"https:\\\/\\\/iraurgiberritzen.eus\\\/es\\\/proyecto-bisit-ekin\\\/#primaryimage\"},\"thumbnailUrl\":\"https:\\\/\\\/iraurgiberritzen.eus\\\/wp-content\\\/uploads\\\/2023\\\/09\\\/910084c4eb3461ee8947cd42bdd4b146.jpg\",\"datePublished\":\"2014-01-31T22:00:00+00:00\",\"breadcrumb\":{\"@id\":\"https:\\\/\\\/iraurgiberritzen.eus\\\/es\\\/proyecto-bisit-ekin\\\/#breadcrumb\"},\"inLanguage\":\"es\",\"potentialAction\":[{\"@type\":\"ReadAction\",\"target\":[\"https:\\\/\\\/iraurgiberritzen.eus\\\/es\\\/proyecto-bisit-ekin\\\/\"]}]},{\"@type\":\"ImageObject\",\"inLanguage\":\"es\",\"@id\":\"https:\\\/\\\/iraurgiberritzen.eus\\\/es\\\/proyecto-bisit-ekin\\\/#primaryimage\",\"url\":\"https:\\\/\\\/iraurgiberritzen.eus\\\/wp-content\\\/uploads\\\/2023\\\/09\\\/910084c4eb3461ee8947cd42bdd4b146.jpg\",\"contentUrl\":\"https:\\\/\\\/iraurgiberritzen.eus\\\/wp-content\\\/uploads\\\/2023\\\/09\\\/910084c4eb3461ee8947cd42bdd4b146.jpg\",\"width\":600,\"height\":450},{\"@type\":\"BreadcrumbList\",\"@id\":\"https:\\\/\\\/iraurgiberritzen.eus\\\/es\\\/proyecto-bisit-ekin\\\/#breadcrumb\",\"itemListElement\":[{\"@type\":\"ListItem\",\"position\":1,\"name\":\"Home\",\"item\":\"https:\\\/\\\/iraurgiberritzen.eus\\\/es\\\/\"},{\"@type\":\"ListItem\",\"position\":2,\"name\":\"Proyecto Bisit Ekin\"}]},{\"@type\":\"WebSite\",\"@id\":\"https:\\\/\\\/iraurgiberritzen.eus\\\/es\\\/#website\",\"url\":\"https:\\\/\\\/iraurgiberritzen.eus\\\/es\\\/\",\"name\":\"Iraurgi Berritzen\",\"description\":\"Urola Erdiko Garapen Agentzia\",\"publisher\":{\"@id\":\"https:\\\/\\\/iraurgiberritzen.eus\\\/es\\\/#organization\"},\"potentialAction\":[{\"@type\":\"SearchAction\",\"target\":{\"@type\":\"EntryPoint\",\"urlTemplate\":\"https:\\\/\\\/iraurgiberritzen.eus\\\/es\\\/?s={search_term_string}\"},\"query-input\":{\"@type\":\"PropertyValueSpecification\",\"valueRequired\":true,\"valueName\":\"search_term_string\"}}],\"inLanguage\":\"es\"},{\"@type\":\"Organization\",\"@id\":\"https:\\\/\\\/iraurgiberritzen.eus\\\/es\\\/#organization\",\"name\":\"Iraurgi Berritzen\",\"url\":\"https:\\\/\\\/iraurgiberritzen.eus\\\/es\\\/\",\"logo\":{\"@type\":\"ImageObject\",\"inLanguage\":\"es\",\"@id\":\"https:\\\/\\\/iraurgiberritzen.eus\\\/es\\\/#\\\/schema\\\/logo\\\/image\\\/\",\"url\":\"https:\\\/\\\/iraurgiberritzen.eus\\\/wp-content\\\/uploads\\\/2024\\\/02\\\/IRAURGI-BERRITZEN-logotipoa_2.png\",\"contentUrl\":\"https:\\\/\\\/iraurgiberritzen.eus\\\/wp-content\\\/uploads\\\/2024\\\/02\\\/IRAURGI-BERRITZEN-logotipoa_2.png\",\"width\":496,\"height\":190,\"caption\":\"Iraurgi Berritzen\"},\"image\":{\"@id\":\"https:\\\/\\\/iraurgiberritzen.eus\\\/es\\\/#\\\/schema\\\/logo\\\/image\\\/\"}},{\"@type\":\"Person\",\"@id\":\"https:\\\/\\\/iraurgiberritzen.eus\\\/es\\\/#\\\/schema\\\/person\\\/5ab41aaf388a9097177601ebf45738d2\",\"name\":\"kudeatzailea\",\"sameAs\":[\"https:\\\/\\\/iraurgiberritzen.eus\"]}]}<\/script>\n<!-- \/ Yoast SEO plugin. -->","yoast_head_json":{"title":"Proyecto Bisit Ekin - Iraurgi Berritzen","robots":{"index":"index","follow":"follow","max-snippet":"max-snippet:-1","max-image-preview":"max-image-preview:large","max-video-preview":"max-video-preview:-1"},"canonical":"https:\/\/iraurgiberritzen.eus\/es\/proyecto-bisit-ekin\/","og_locale":"es_ES","og_type":"article","og_title":"Proyecto Bisit Ekin - Iraurgi Berritzen","og_description":"El objetivo de este proyecto es ejecutar proyectos de colaboraci\u00f3n que den valor a\u00f1adido estrat\u00e9gico a las empresas de la comarca, con el apoyo de expertos en tecnolog\u00eda: para la diversificaci\u00f3n de productos o mercados, tanto para innovar procesos productivos como para fomentar el intraemprendimiento con nuevas actividades de negocio. El \u00faltimo objetivo es fortalecer [&hellip;]","og_url":"https:\/\/iraurgiberritzen.eus\/es\/proyecto-bisit-ekin\/","og_site_name":"Iraurgi Berritzen","article_published_time":"2014-01-31T22:00:00+00:00","og_image":[{"url":"http:\/\/www.loiolaberrikuntza.org\/images\/stories\/Logo_INTERREG_2.jpg","type":"","width":"","height":""}],"author":"kudeatzailea","twitter_card":"summary_large_image","twitter_misc":{"Escrito por":"kudeatzailea","Tiempo de lectura":"1 minuto"},"schema":{"@context":"https:\/\/schema.org","@graph":[{"@type":"Article","@id":"https:\/\/iraurgiberritzen.eus\/es\/proyecto-bisit-ekin\/#article","isPartOf":{"@id":"https:\/\/iraurgiberritzen.eus\/es\/proyecto-bisit-ekin\/"},"author":{"name":"kudeatzailea","@id":"https:\/\/iraurgiberritzen.eus\/es\/#\/schema\/person\/5ab41aaf388a9097177601ebf45738d2"},"headline":"Proyecto Bisit Ekin","datePublished":"2014-01-31T22:00:00+00:00","mainEntityOfPage":{"@id":"https:\/\/iraurgiberritzen.eus\/es\/proyecto-bisit-ekin\/"},"wordCount":154,"publisher":{"@id":"https:\/\/iraurgiberritzen.eus\/es\/#organization"},"image":{"@id":"https:\/\/iraurgiberritzen.eus\/es\/proyecto-bisit-ekin\/#primaryimage"},"thumbnailUrl":"https:\/\/iraurgiberritzen.eus\/wp-content\/uploads\/2023\/09\/910084c4eb3461ee8947cd42bdd4b146.jpg","articleSection":["Noticias"],"inLanguage":"es"},{"@type":"WebPage","@id":"https:\/\/iraurgiberritzen.eus\/es\/proyecto-bisit-ekin\/","url":"https:\/\/iraurgiberritzen.eus\/es\/proyecto-bisit-ekin\/","name":"Proyecto Bisit Ekin - Iraurgi Berritzen","isPartOf":{"@id":"https:\/\/iraurgiberritzen.eus\/es\/#website"},"primaryImageOfPage":{"@id":"https:\/\/iraurgiberritzen.eus\/es\/proyecto-bisit-ekin\/#primaryimage"},"image":{"@id":"https:\/\/iraurgiberritzen.eus\/es\/proyecto-bisit-ekin\/#primaryimage"},"thumbnailUrl":"https:\/\/iraurgiberritzen.eus\/wp-content\/uploads\/2023\/09\/910084c4eb3461ee8947cd42bdd4b146.jpg","datePublished":"2014-01-31T22:00:00+00:00","breadcrumb":{"@id":"https:\/\/iraurgiberritzen.eus\/es\/proyecto-bisit-ekin\/#breadcrumb"},"inLanguage":"es","potentialAction":[{"@type":"ReadAction","target":["https:\/\/iraurgiberritzen.eus\/es\/proyecto-bisit-ekin\/"]}]},{"@type":"ImageObject","inLanguage":"es","@id":"https:\/\/iraurgiberritzen.eus\/es\/proyecto-bisit-ekin\/#primaryimage","url":"https:\/\/iraurgiberritzen.eus\/wp-content\/uploads\/2023\/09\/910084c4eb3461ee8947cd42bdd4b146.jpg","contentUrl":"https:\/\/iraurgiberritzen.eus\/wp-content\/uploads\/2023\/09\/910084c4eb3461ee8947cd42bdd4b146.jpg","width":600,"height":450},{"@type":"BreadcrumbList","@id":"https:\/\/iraurgiberritzen.eus\/es\/proyecto-bisit-ekin\/#breadcrumb","itemListElement":[{"@type":"ListItem","position":1,"name":"Home","item":"https:\/\/iraurgiberritzen.eus\/es\/"},{"@type":"ListItem","position":2,"name":"Proyecto Bisit Ekin"}]},{"@type":"WebSite","@id":"https:\/\/iraurgiberritzen.eus\/es\/#website","url":"https:\/\/iraurgiberritzen.eus\/es\/","name":"Iraurgi Berritzen","description":"Urola Erdiko Garapen Agentzia","publisher":{"@id":"https:\/\/iraurgiberritzen.eus\/es\/#organization"},"potentialAction":[{"@type":"SearchAction","target":{"@type":"EntryPoint","urlTemplate":"https:\/\/iraurgiberritzen.eus\/es\/?s={search_term_string}"},"query-input":{"@type":"PropertyValueSpecification","valueRequired":true,"valueName":"search_term_string"}}],"inLanguage":"es"},{"@type":"Organization","@id":"https:\/\/iraurgiberritzen.eus\/es\/#organization","name":"Iraurgi Berritzen","url":"https:\/\/iraurgiberritzen.eus\/es\/","logo":{"@type":"ImageObject","inLanguage":"es","@id":"https:\/\/iraurgiberritzen.eus\/es\/#\/schema\/logo\/image\/","url":"https:\/\/iraurgiberritzen.eus\/wp-content\/uploads\/2024\/02\/IRAURGI-BERRITZEN-logotipoa_2.png","contentUrl":"https:\/\/iraurgiberritzen.eus\/wp-content\/uploads\/2024\/02\/IRAURGI-BERRITZEN-logotipoa_2.png","width":496,"height":190,"caption":"Iraurgi Berritzen"},"image":{"@id":"https:\/\/iraurgiberritzen.eus\/es\/#\/schema\/logo\/image\/"}},{"@type":"Person","@id":"https:\/\/iraurgiberritzen.eus\/es\/#\/schema\/person\/5ab41aaf388a9097177601ebf45738d2","name":"kudeatzailea","sameAs":["https:\/\/iraurgiberritzen.eus"]}]}},"_links":{"self":[{"href":"https:\/\/iraurgiberritzen.eus\/es\/wp-json\/wp\/v2\/posts\/11760","targetHints":{"allow":["GET"]}}],"collection":[{"href":"https:\/\/iraurgiberritzen.eus\/es\/wp-json\/wp\/v2\/posts"}],"about":[{"href":"https:\/\/iraurgiberritzen.eus\/es\/wp-json\/wp\/v2\/types\/post"}],"author":[{"embeddable":true,"href":"https:\/\/iraurgiberritzen.eus\/es\/wp-json\/wp\/v2\/users\/1"}],"replies":[{"embeddable":true,"href":"https:\/\/iraurgiberritzen.eus\/es\/wp-json\/wp\/v2\/comments?post=11760"}],"version-history":[{"count":0,"href":"https:\/\/iraurgiberritzen.eus\/es\/wp-json\/wp\/v2\/posts\/11760\/revisions"}],"wp:featuredmedia":[{"embeddable":true,"href":"https:\/\/iraurgiberritzen.eus\/es\/wp-json\/wp\/v2\/media\/18065"}],"wp:attachment":[{"href":"https:\/\/iraurgiberritzen.eus\/es\/wp-json\/wp\/v2\/media?parent=11760"}],"wp:term":[{"taxonomy":"category","embeddable":true,"href":"https:\/\/iraurgiberritzen.eus\/es\/wp-json\/wp\/v2\/categories?post=11760"},{"taxonomy":"post_tag","embeddable":true,"href":"https:\/\/iraurgiberritzen.eus\/es\/wp-json\/wp\/v2\/tags?post=11760"}],"curies":[{"name":"wp","href":"https:\/\/api.w.org\/{rel}","templated":true}]}}