{"id":11762,"date":"2014-07-01T00:00:00","date_gmt":"2014-06-30T22:00:00","guid":{"rendered":"https:\/\/iraurgiberritzen.eus\/convocatoria-de-subvenciones-para-promover-la-generacion-de-empleo\/"},"modified":"2014-07-01T00:00:00","modified_gmt":"2014-06-30T22:00:00","slug":"convocatoria-de-subvenciones-para-promover-la-generacion-de-empleo","status":"publish","type":"post","link":"https:\/\/iraurgiberritzen.eus\/es\/convocatoria-de-subvenciones-para-promover-la-generacion-de-empleo\/","title":{"rendered":"Convocatoria de subvenciones para promover la generaci\u00f3n de empleo"},"content":{"rendered":"<p style=\"text-align: justify;\">Iraurgi Berritzen acaba de abrir el plazo para la solicitud de ayudas para la promoci\u00f3n del empredizaje. Dichas subvenciones est\u00e1n dirigidas a los ciudadanos de Azpeitia y Azcoitia que est\u00e9n interesados en crear nuevas empresas, especialmente en econom\u00eda social y en actividades de car\u00e1cter estrat\u00e9gico o innovadores.<\/p>\n<p style=\"text-align: justify;\">El plazo de presentaci\u00f3n de las solicitudes finalizar\u00e1 el 1 de diciembre del 2014.<\/p>\n<p>En los siguientes enlaces se puede disponer de las bases reguladoras generales y de un resumen para la concesi\u00f3n de dichas subvenciones:<\/p>\n<p style=\"text-align: justify;\"><a href=\"images\/iraurgiberritzen\/Diru_laguntzak\/Iraurgi_Lantzen_2014ko_diru_languntzen_GAO.pdf\" target=\"_blank\" rel=\"noopener\"><span class=\"jce_file\"><\/span><\/a><a href=\"images\/iraurgiberritzen\/Diru_laguntzak\/Iraurgi_Lantzen_2014ko_diru_languntzen_GAO.pdf\" target=\"_blank\" rel=\"noopener\">Bases generales<\/a><\/p>\n<p style=\"text-align: justify;\"><a href=\"images\/iraurgiberritzen\/Diru_laguntzak\/IL_2014ko_diru_laguntzen_laburpena.pdf\" target=\"_blank\" rel=\"noopener\"><span class=\"jce_file\"><\/span><\/a><a href=\"images\/iraurgiberritzen\/Diru_laguntzak\/ENPLEGU_SUSTAPENA_LABURPENA_ES.pdf\">Resumen<\/a><\/p>\n","protected":false},"excerpt":{"rendered":"<p>Iraurgi Berritzen acaba de abrir el plazo para la solicitud de ayudas para la promoci\u00f3n del empredizaje. Dichas subvenciones est\u00e1n dirigidas a los ciudadanos de Azpeitia y Azcoitia que est\u00e9n interesados en crear nuevas empresas, especialmente en econom\u00eda social y en actividades de car\u00e1cter estrat\u00e9gico o innovadores. El plazo de presentaci\u00f3n de las solicitudes finalizar\u00e1 [&hellip;]<\/p>\n","protected":false},"author":1,"featured_media":0,"comment_status":"","ping_status":"closed","sticky":false,"template":"","format":"standard","meta":{"_acf_changed":false,"footnotes":""},"categories":[4],"tags":[],"class_list":["post-11762","post","type-post","status-publish","format-standard","hentry","category-noticias"],"acf":[],"yoast_head":"<!-- This site is optimized with the Yoast SEO plugin v27.4 - https:\/\/yoast.com\/product\/yoast-seo-wordpress\/ -->\n<title>Convocatoria de subvenciones para promover la generaci\u00f3n de empleo - Iraurgi Berritzen<\/title>\n<meta name=\"robots\" content=\"index, follow, max-snippet:-1, max-image-preview:large, max-video-preview:-1\" \/>\n<link rel=\"canonical\" href=\"https:\/\/iraurgiberritzen.eus\/es\/convocatoria-de-subvenciones-para-promover-la-generacion-de-empleo\/\" \/>\n<meta property=\"og:locale\" content=\"es_ES\" \/>\n<meta property=\"og:type\" content=\"article\" \/>\n<meta property=\"og:title\" content=\"Convocatoria de subvenciones para promover la generaci\u00f3n de empleo - Iraurgi Berritzen\" \/>\n<meta property=\"og:description\" content=\"Iraurgi Berritzen acaba de abrir el plazo para la solicitud de ayudas para la promoci\u00f3n del empredizaje. Dichas subvenciones est\u00e1n dirigidas a los ciudadanos de Azpeitia y Azcoitia que est\u00e9n interesados en crear nuevas empresas, especialmente en econom\u00eda social y en actividades de car\u00e1cter estrat\u00e9gico o innovadores. El plazo de presentaci\u00f3n de las solicitudes finalizar\u00e1 [&hellip;]\" \/>\n<meta property=\"og:url\" content=\"https:\/\/iraurgiberritzen.eus\/es\/convocatoria-de-subvenciones-para-promover-la-generacion-de-empleo\/\" \/>\n<meta property=\"og:site_name\" content=\"Iraurgi Berritzen\" \/>\n<meta property=\"article:published_time\" content=\"2014-06-30T22:00:00+00:00\" \/>\n<meta name=\"author\" content=\"kudeatzailea\" \/>\n<meta name=\"twitter:card\" content=\"summary_large_image\" \/>\n<meta name=\"twitter:label1\" content=\"Escrito por\" \/>\n\t<meta name=\"twitter:data1\" content=\"kudeatzailea\" \/>\n<script type=\"application\/ld+json\" class=\"yoast-schema-graph\">{\"@context\":\"https:\\\/\\\/schema.org\",\"@graph\":[{\"@type\":\"Article\",\"@id\":\"https:\\\/\\\/iraurgiberritzen.eus\\\/es\\\/convocatoria-de-subvenciones-para-promover-la-generacion-de-empleo\\\/#article\",\"isPartOf\":{\"@id\":\"https:\\\/\\\/iraurgiberritzen.eus\\\/es\\\/convocatoria-de-subvenciones-para-promover-la-generacion-de-empleo\\\/\"},\"author\":{\"name\":\"kudeatzailea\",\"@id\":\"https:\\\/\\\/iraurgiberritzen.eus\\\/es\\\/#\\\/schema\\\/person\\\/5ab41aaf388a9097177601ebf45738d2\"},\"headline\":\"Convocatoria de subvenciones para promover la generaci\u00f3n de empleo\",\"datePublished\":\"2014-06-30T22:00:00+00:00\",\"mainEntityOfPage\":{\"@id\":\"https:\\\/\\\/iraurgiberritzen.eus\\\/es\\\/convocatoria-de-subvenciones-para-promover-la-generacion-de-empleo\\\/\"},\"wordCount\":102,\"publisher\":{\"@id\":\"https:\\\/\\\/iraurgiberritzen.eus\\\/es\\\/#organization\"},\"articleSection\":[\"Noticias\"],\"inLanguage\":\"es\"},{\"@type\":\"WebPage\",\"@id\":\"https:\\\/\\\/iraurgiberritzen.eus\\\/es\\\/convocatoria-de-subvenciones-para-promover-la-generacion-de-empleo\\\/\",\"url\":\"https:\\\/\\\/iraurgiberritzen.eus\\\/es\\\/convocatoria-de-subvenciones-para-promover-la-generacion-de-empleo\\\/\",\"name\":\"Convocatoria de subvenciones para promover la generaci\u00f3n de empleo - Iraurgi Berritzen\",\"isPartOf\":{\"@id\":\"https:\\\/\\\/iraurgiberritzen.eus\\\/es\\\/#website\"},\"datePublished\":\"2014-06-30T22:00:00+00:00\",\"breadcrumb\":{\"@id\":\"https:\\\/\\\/iraurgiberritzen.eus\\\/es\\\/convocatoria-de-subvenciones-para-promover-la-generacion-de-empleo\\\/#breadcrumb\"},\"inLanguage\":\"es\",\"potentialAction\":[{\"@type\":\"ReadAction\",\"target\":[\"https:\\\/\\\/iraurgiberritzen.eus\\\/es\\\/convocatoria-de-subvenciones-para-promover-la-generacion-de-empleo\\\/\"]}]},{\"@type\":\"BreadcrumbList\",\"@id\":\"https:\\\/\\\/iraurgiberritzen.eus\\\/es\\\/convocatoria-de-subvenciones-para-promover-la-generacion-de-empleo\\\/#breadcrumb\",\"itemListElement\":[{\"@type\":\"ListItem\",\"position\":1,\"name\":\"Home\",\"item\":\"https:\\\/\\\/iraurgiberritzen.eus\\\/es\\\/\"},{\"@type\":\"ListItem\",\"position\":2,\"name\":\"Convocatoria de subvenciones para promover la generaci\u00f3n de empleo\"}]},{\"@type\":\"WebSite\",\"@id\":\"https:\\\/\\\/iraurgiberritzen.eus\\\/es\\\/#website\",\"url\":\"https:\\\/\\\/iraurgiberritzen.eus\\\/es\\\/\",\"name\":\"Iraurgi Berritzen\",\"description\":\"Urola Erdiko Garapen Agentzia\",\"publisher\":{\"@id\":\"https:\\\/\\\/iraurgiberritzen.eus\\\/es\\\/#organization\"},\"potentialAction\":[{\"@type\":\"SearchAction\",\"target\":{\"@type\":\"EntryPoint\",\"urlTemplate\":\"https:\\\/\\\/iraurgiberritzen.eus\\\/es\\\/?s={search_term_string}\"},\"query-input\":{\"@type\":\"PropertyValueSpecification\",\"valueRequired\":true,\"valueName\":\"search_term_string\"}}],\"inLanguage\":\"es\"},{\"@type\":\"Organization\",\"@id\":\"https:\\\/\\\/iraurgiberritzen.eus\\\/es\\\/#organization\",\"name\":\"Iraurgi Berritzen\",\"url\":\"https:\\\/\\\/iraurgiberritzen.eus\\\/es\\\/\",\"logo\":{\"@type\":\"ImageObject\",\"inLanguage\":\"es\",\"@id\":\"https:\\\/\\\/iraurgiberritzen.eus\\\/es\\\/#\\\/schema\\\/logo\\\/image\\\/\",\"url\":\"https:\\\/\\\/iraurgiberritzen.eus\\\/wp-content\\\/uploads\\\/2024\\\/02\\\/IRAURGI-BERRITZEN-logotipoa_2.png\",\"contentUrl\":\"https:\\\/\\\/iraurgiberritzen.eus\\\/wp-content\\\/uploads\\\/2024\\\/02\\\/IRAURGI-BERRITZEN-logotipoa_2.png\",\"width\":496,\"height\":190,\"caption\":\"Iraurgi Berritzen\"},\"image\":{\"@id\":\"https:\\\/\\\/iraurgiberritzen.eus\\\/es\\\/#\\\/schema\\\/logo\\\/image\\\/\"}},{\"@type\":\"Person\",\"@id\":\"https:\\\/\\\/iraurgiberritzen.eus\\\/es\\\/#\\\/schema\\\/person\\\/5ab41aaf388a9097177601ebf45738d2\",\"name\":\"kudeatzailea\",\"sameAs\":[\"https:\\\/\\\/iraurgiberritzen.eus\"]}]}<\/script>\n<!-- \/ Yoast SEO plugin. -->","yoast_head_json":{"title":"Convocatoria de subvenciones para promover la generaci\u00f3n de empleo - Iraurgi Berritzen","robots":{"index":"index","follow":"follow","max-snippet":"max-snippet:-1","max-image-preview":"max-image-preview:large","max-video-preview":"max-video-preview:-1"},"canonical":"https:\/\/iraurgiberritzen.eus\/es\/convocatoria-de-subvenciones-para-promover-la-generacion-de-empleo\/","og_locale":"es_ES","og_type":"article","og_title":"Convocatoria de subvenciones para promover la generaci\u00f3n de empleo - Iraurgi Berritzen","og_description":"Iraurgi Berritzen acaba de abrir el plazo para la solicitud de ayudas para la promoci\u00f3n del empredizaje. Dichas subvenciones est\u00e1n dirigidas a los ciudadanos de Azpeitia y Azcoitia que est\u00e9n interesados en crear nuevas empresas, especialmente en econom\u00eda social y en actividades de car\u00e1cter estrat\u00e9gico o innovadores. El plazo de presentaci\u00f3n de las solicitudes finalizar\u00e1 [&hellip;]","og_url":"https:\/\/iraurgiberritzen.eus\/es\/convocatoria-de-subvenciones-para-promover-la-generacion-de-empleo\/","og_site_name":"Iraurgi Berritzen","article_published_time":"2014-06-30T22:00:00+00:00","author":"kudeatzailea","twitter_card":"summary_large_image","twitter_misc":{"Escrito por":"kudeatzailea"},"schema":{"@context":"https:\/\/schema.org","@graph":[{"@type":"Article","@id":"https:\/\/iraurgiberritzen.eus\/es\/convocatoria-de-subvenciones-para-promover-la-generacion-de-empleo\/#article","isPartOf":{"@id":"https:\/\/iraurgiberritzen.eus\/es\/convocatoria-de-subvenciones-para-promover-la-generacion-de-empleo\/"},"author":{"name":"kudeatzailea","@id":"https:\/\/iraurgiberritzen.eus\/es\/#\/schema\/person\/5ab41aaf388a9097177601ebf45738d2"},"headline":"Convocatoria de subvenciones para promover la generaci\u00f3n de empleo","datePublished":"2014-06-30T22:00:00+00:00","mainEntityOfPage":{"@id":"https:\/\/iraurgiberritzen.eus\/es\/convocatoria-de-subvenciones-para-promover-la-generacion-de-empleo\/"},"wordCount":102,"publisher":{"@id":"https:\/\/iraurgiberritzen.eus\/es\/#organization"},"articleSection":["Noticias"],"inLanguage":"es"},{"@type":"WebPage","@id":"https:\/\/iraurgiberritzen.eus\/es\/convocatoria-de-subvenciones-para-promover-la-generacion-de-empleo\/","url":"https:\/\/iraurgiberritzen.eus\/es\/convocatoria-de-subvenciones-para-promover-la-generacion-de-empleo\/","name":"Convocatoria de subvenciones para promover la generaci\u00f3n de empleo - Iraurgi Berritzen","isPartOf":{"@id":"https:\/\/iraurgiberritzen.eus\/es\/#website"},"datePublished":"2014-06-30T22:00:00+00:00","breadcrumb":{"@id":"https:\/\/iraurgiberritzen.eus\/es\/convocatoria-de-subvenciones-para-promover-la-generacion-de-empleo\/#breadcrumb"},"inLanguage":"es","potentialAction":[{"@type":"ReadAction","target":["https:\/\/iraurgiberritzen.eus\/es\/convocatoria-de-subvenciones-para-promover-la-generacion-de-empleo\/"]}]},{"@type":"BreadcrumbList","@id":"https:\/\/iraurgiberritzen.eus\/es\/convocatoria-de-subvenciones-para-promover-la-generacion-de-empleo\/#breadcrumb","itemListElement":[{"@type":"ListItem","position":1,"name":"Home","item":"https:\/\/iraurgiberritzen.eus\/es\/"},{"@type":"ListItem","position":2,"name":"Convocatoria de subvenciones para promover la generaci\u00f3n de empleo"}]},{"@type":"WebSite","@id":"https:\/\/iraurgiberritzen.eus\/es\/#website","url":"https:\/\/iraurgiberritzen.eus\/es\/","name":"Iraurgi Berritzen","description":"Urola Erdiko Garapen Agentzia","publisher":{"@id":"https:\/\/iraurgiberritzen.eus\/es\/#organization"},"potentialAction":[{"@type":"SearchAction","target":{"@type":"EntryPoint","urlTemplate":"https:\/\/iraurgiberritzen.eus\/es\/?s={search_term_string}"},"query-input":{"@type":"PropertyValueSpecification","valueRequired":true,"valueName":"search_term_string"}}],"inLanguage":"es"},{"@type":"Organization","@id":"https:\/\/iraurgiberritzen.eus\/es\/#organization","name":"Iraurgi Berritzen","url":"https:\/\/iraurgiberritzen.eus\/es\/","logo":{"@type":"ImageObject","inLanguage":"es","@id":"https:\/\/iraurgiberritzen.eus\/es\/#\/schema\/logo\/image\/","url":"https:\/\/iraurgiberritzen.eus\/wp-content\/uploads\/2024\/02\/IRAURGI-BERRITZEN-logotipoa_2.png","contentUrl":"https:\/\/iraurgiberritzen.eus\/wp-content\/uploads\/2024\/02\/IRAURGI-BERRITZEN-logotipoa_2.png","width":496,"height":190,"caption":"Iraurgi Berritzen"},"image":{"@id":"https:\/\/iraurgiberritzen.eus\/es\/#\/schema\/logo\/image\/"}},{"@type":"Person","@id":"https:\/\/iraurgiberritzen.eus\/es\/#\/schema\/person\/5ab41aaf388a9097177601ebf45738d2","name":"kudeatzailea","sameAs":["https:\/\/iraurgiberritzen.eus"]}]}},"_links":{"self":[{"href":"https:\/\/iraurgiberritzen.eus\/es\/wp-json\/wp\/v2\/posts\/11762","targetHints":{"allow":["GET"]}}],"collection":[{"href":"https:\/\/iraurgiberritzen.eus\/es\/wp-json\/wp\/v2\/posts"}],"about":[{"href":"https:\/\/iraurgiberritzen.eus\/es\/wp-json\/wp\/v2\/types\/post"}],"author":[{"embeddable":true,"href":"https:\/\/iraurgiberritzen.eus\/es\/wp-json\/wp\/v2\/users\/1"}],"replies":[{"embeddable":true,"href":"https:\/\/iraurgiberritzen.eus\/es\/wp-json\/wp\/v2\/comments?post=11762"}],"version-history":[{"count":0,"href":"https:\/\/iraurgiberritzen.eus\/es\/wp-json\/wp\/v2\/posts\/11762\/revisions"}],"wp:attachment":[{"href":"https:\/\/iraurgiberritzen.eus\/es\/wp-json\/wp\/v2\/media?parent=11762"}],"wp:term":[{"taxonomy":"category","embeddable":true,"href":"https:\/\/iraurgiberritzen.eus\/es\/wp-json\/wp\/v2\/categories?post=11762"},{"taxonomy":"post_tag","embeddable":true,"href":"https:\/\/iraurgiberritzen.eus\/es\/wp-json\/wp\/v2\/tags?post=11762"}],"curies":[{"name":"wp","href":"https:\/\/api.w.org\/{rel}","templated":true}]}}