{"id":11768,"date":"2014-07-08T10:44:07","date_gmt":"2014-07-08T08:44:07","guid":{"rendered":"https:\/\/iraurgiberritzen.eus\/iraurgi-berritzen-y-tecnalia-han-suscrito-un-convenio-de-colaboracion\/"},"modified":"2014-07-08T10:44:07","modified_gmt":"2014-07-08T08:44:07","slug":"iraurgi-berritzen-y-tecnalia-han-suscrito-un-convenio-de-colaboracion","status":"publish","type":"post","link":"https:\/\/iraurgiberritzen.eus\/es\/iraurgi-berritzen-y-tecnalia-han-suscrito-un-convenio-de-colaboracion\/","title":{"rendered":"IRAURGI BERRITZEN y TECNALIA han suscrito un convenio de colaboraci\u00f3n"},"content":{"rendered":"<p style=\"text-align: justify;\">Iraurgi Berritzen y otras agencias de desarrollo han firmado un convenio de colaboraci\u00f3n con el centro de investigaci\u00f3n TECNALIA, con el objetivo de impulsar las capacidades tecnol\u00f3gicas del tejido empresarial del valle del Urola. El acuerdo fue suscrito el mi\u00e9rcoles, y en el acto participaron, entre otros, Joseba Jauregizar, director general de Tecnalia, Eneko Etxeberria, presidente de Iraurgi Lantzen y alcalde de Azpeitia, y Jexus Agirre, director de Iraurgi Berritzen.<\/p>\n<p style=\"text-align: justify;\">El objetivo principal del convenio consiste en dar la respuesta m\u00e1s adecuada a las necesidades reales de las empresas de la comarca, y poner a disposici\u00f3n de las empresas las capacidades tecnol\u00f3gicas de la Red Vasca de Ciencia, Tecnolog\u00eda e Innovaci\u00f3n, para que utilicen esas capacidades para obtener valor. Para ello, es fundamental que los centros de investigaci\u00f3n y las agencias de desarrollo unan sus capacidades y colaboren.<\/p>\n<p style=\"text-align: justify;\">Est\u00e1 previsto que la colaboraci\u00f3n tenga una duraci\u00f3n de dos a\u00f1os, y se usar\u00e1 una metodolog\u00eda concreta, denominada \u00abOpportunity Map\u00bb. El proceso se desarrollar\u00e1 en cuatro fases: en primer lugar, se analizar\u00e1n las capacidades de la comarca, para establecer prioridades acerca de cada una de ellas, y para saber que red de producci\u00f3n tiene cada una; en segundo lugar, se reunir\u00e1 a las empresas con inter\u00e9s en participar en el proceso; en tercer lugar, se identificar\u00e1n y desarrollar\u00e1n nuevas oportunidades de negocio; y por \u00faltimo, se implantar\u00e1 la nueva actividad econ\u00f3mica.<\/p>\n<p style=\"text-align: justify;\"><strong>Contexto econ\u00f3mico<\/strong><\/p>\n<p style=\"text-align: justify;\">Seg\u00fan datos de Eustat, en 2013 hab\u00eda 180.000 establecimientos empresariales en Euskadi, de los que 62.000 se hallaban en Gipuzkoa. Esa cantidad era un 14% menor que la registrada en 2008; precisamente ese a\u00f1o empez\u00f3 la crisis y ese a\u00f1o lleg\u00f3 el tejido empresarial a su nivel m\u00e1s alto en Gipuzkoa, gracias al \u00e9xito de los sectores industriales y a las actividades comerciales con el extranjero.<\/p>\n<p style=\"text-align: justify;\">Actualmente, la crisis tiene un impacto muy duro en nuestro pueblo. Los \u00faltimos datos indican que la tasa de desempleo es del 13,9% en Azpeitia y del 12,9% en Azkoitia, por lo que los conocimientos y las actividades de investigaci\u00f3n ser\u00e1n muy beneficiosas. \u00abQueremos traer conocimiento tecnol\u00f3gico, tecnolog\u00eda, a nuestro valle\u00bb ha declarado Eneko Etxeberria, \u00abpara que cualquier proyecto tenga al alcance todos los conocimientos que necesita, junto a las herramientas que ya tenemos en marcha. Por ello, adem\u00e1s de la labor que se llevar\u00e1 a cabo para dar a conocer el convenio de colaboraci\u00f3n, cualquier persona tendr\u00e1 abiertas las puertas de nuestras oficinas, para solicitar asesoramiento sobre este asunto\u00bb.<\/p>\n","protected":false},"excerpt":{"rendered":"<p>Iraurgi Berritzen y otras agencias de desarrollo han firmado un convenio de colaboraci\u00f3n con el centro de investigaci\u00f3n TECNALIA, con el objetivo de impulsar las capacidades tecnol\u00f3gicas del tejido empresarial del valle del Urola. El acuerdo fue suscrito el mi\u00e9rcoles, y en el acto participaron, entre otros, Joseba Jauregizar, director general de Tecnalia, Eneko Etxeberria, [&hellip;]<\/p>\n","protected":false},"author":1,"featured_media":18067,"comment_status":"","ping_status":"closed","sticky":false,"template":"","format":"standard","meta":{"_acf_changed":false,"footnotes":""},"categories":[4],"tags":[],"class_list":["post-11768","post","type-post","status-publish","format-standard","has-post-thumbnail","hentry","category-noticias"],"acf":[],"yoast_head":"<!-- This site is optimized with the Yoast SEO plugin v27.4 - https:\/\/yoast.com\/product\/yoast-seo-wordpress\/ -->\n<title>IRAURGI BERRITZEN y TECNALIA han suscrito un convenio de colaboraci\u00f3n - Iraurgi Berritzen<\/title>\n<meta name=\"robots\" content=\"index, follow, max-snippet:-1, max-image-preview:large, max-video-preview:-1\" \/>\n<link rel=\"canonical\" href=\"https:\/\/iraurgiberritzen.eus\/es\/iraurgi-berritzen-y-tecnalia-han-suscrito-un-convenio-de-colaboracion\/\" \/>\n<meta property=\"og:locale\" content=\"es_ES\" \/>\n<meta property=\"og:type\" content=\"article\" \/>\n<meta property=\"og:title\" content=\"IRAURGI BERRITZEN y TECNALIA han suscrito un convenio de colaboraci\u00f3n - Iraurgi Berritzen\" \/>\n<meta property=\"og:description\" content=\"Iraurgi Berritzen y otras agencias de desarrollo han firmado un convenio de colaboraci\u00f3n con el centro de investigaci\u00f3n TECNALIA, con el objetivo de impulsar las capacidades tecnol\u00f3gicas del tejido empresarial del valle del Urola. El acuerdo fue suscrito el mi\u00e9rcoles, y en el acto participaron, entre otros, Joseba Jauregizar, director general de Tecnalia, Eneko Etxeberria, [&hellip;]\" \/>\n<meta property=\"og:url\" content=\"https:\/\/iraurgiberritzen.eus\/es\/iraurgi-berritzen-y-tecnalia-han-suscrito-un-convenio-de-colaboracion\/\" \/>\n<meta property=\"og:site_name\" content=\"Iraurgi Berritzen\" \/>\n<meta property=\"article:published_time\" content=\"2014-07-08T08:44:07+00:00\" \/>\n<meta name=\"author\" content=\"kudeatzailea\" \/>\n<meta name=\"twitter:card\" content=\"summary_large_image\" \/>\n<meta name=\"twitter:label1\" content=\"Escrito por\" \/>\n\t<meta name=\"twitter:data1\" content=\"kudeatzailea\" \/>\n\t<meta name=\"twitter:label2\" content=\"Tiempo de lectura\" \/>\n\t<meta name=\"twitter:data2\" content=\"2 minutos\" \/>\n<script type=\"application\/ld+json\" class=\"yoast-schema-graph\">{\"@context\":\"https:\\\/\\\/schema.org\",\"@graph\":[{\"@type\":\"Article\",\"@id\":\"https:\\\/\\\/iraurgiberritzen.eus\\\/es\\\/iraurgi-berritzen-y-tecnalia-han-suscrito-un-convenio-de-colaboracion\\\/#article\",\"isPartOf\":{\"@id\":\"https:\\\/\\\/iraurgiberritzen.eus\\\/es\\\/iraurgi-berritzen-y-tecnalia-han-suscrito-un-convenio-de-colaboracion\\\/\"},\"author\":{\"name\":\"kudeatzailea\",\"@id\":\"https:\\\/\\\/iraurgiberritzen.eus\\\/es\\\/#\\\/schema\\\/person\\\/5ab41aaf388a9097177601ebf45738d2\"},\"headline\":\"IRAURGI BERRITZEN y TECNALIA han suscrito un convenio de colaboraci\u00f3n\",\"datePublished\":\"2014-07-08T08:44:07+00:00\",\"mainEntityOfPage\":{\"@id\":\"https:\\\/\\\/iraurgiberritzen.eus\\\/es\\\/iraurgi-berritzen-y-tecnalia-han-suscrito-un-convenio-de-colaboracion\\\/\"},\"wordCount\":443,\"publisher\":{\"@id\":\"https:\\\/\\\/iraurgiberritzen.eus\\\/es\\\/#organization\"},\"image\":{\"@id\":\"https:\\\/\\\/iraurgiberritzen.eus\\\/es\\\/iraurgi-berritzen-y-tecnalia-han-suscrito-un-convenio-de-colaboracion\\\/#primaryimage\"},\"thumbnailUrl\":\"https:\\\/\\\/iraurgiberritzen.eus\\\/wp-content\\\/uploads\\\/2023\\\/09\\\/171fc14b49a79ea979710de5b3402b30.jpg\",\"articleSection\":[\"Noticias\"],\"inLanguage\":\"es\"},{\"@type\":\"WebPage\",\"@id\":\"https:\\\/\\\/iraurgiberritzen.eus\\\/es\\\/iraurgi-berritzen-y-tecnalia-han-suscrito-un-convenio-de-colaboracion\\\/\",\"url\":\"https:\\\/\\\/iraurgiberritzen.eus\\\/es\\\/iraurgi-berritzen-y-tecnalia-han-suscrito-un-convenio-de-colaboracion\\\/\",\"name\":\"IRAURGI BERRITZEN y TECNALIA han suscrito un convenio de colaboraci\u00f3n - Iraurgi Berritzen\",\"isPartOf\":{\"@id\":\"https:\\\/\\\/iraurgiberritzen.eus\\\/es\\\/#website\"},\"primaryImageOfPage\":{\"@id\":\"https:\\\/\\\/iraurgiberritzen.eus\\\/es\\\/iraurgi-berritzen-y-tecnalia-han-suscrito-un-convenio-de-colaboracion\\\/#primaryimage\"},\"image\":{\"@id\":\"https:\\\/\\\/iraurgiberritzen.eus\\\/es\\\/iraurgi-berritzen-y-tecnalia-han-suscrito-un-convenio-de-colaboracion\\\/#primaryimage\"},\"thumbnailUrl\":\"https:\\\/\\\/iraurgiberritzen.eus\\\/wp-content\\\/uploads\\\/2023\\\/09\\\/171fc14b49a79ea979710de5b3402b30.jpg\",\"datePublished\":\"2014-07-08T08:44:07+00:00\",\"breadcrumb\":{\"@id\":\"https:\\\/\\\/iraurgiberritzen.eus\\\/es\\\/iraurgi-berritzen-y-tecnalia-han-suscrito-un-convenio-de-colaboracion\\\/#breadcrumb\"},\"inLanguage\":\"es\",\"potentialAction\":[{\"@type\":\"ReadAction\",\"target\":[\"https:\\\/\\\/iraurgiberritzen.eus\\\/es\\\/iraurgi-berritzen-y-tecnalia-han-suscrito-un-convenio-de-colaboracion\\\/\"]}]},{\"@type\":\"ImageObject\",\"inLanguage\":\"es\",\"@id\":\"https:\\\/\\\/iraurgiberritzen.eus\\\/es\\\/iraurgi-berritzen-y-tecnalia-han-suscrito-un-convenio-de-colaboracion\\\/#primaryimage\",\"url\":\"https:\\\/\\\/iraurgiberritzen.eus\\\/wp-content\\\/uploads\\\/2023\\\/09\\\/171fc14b49a79ea979710de5b3402b30.jpg\",\"contentUrl\":\"https:\\\/\\\/iraurgiberritzen.eus\\\/wp-content\\\/uploads\\\/2023\\\/09\\\/171fc14b49a79ea979710de5b3402b30.jpg\",\"width\":600,\"height\":338},{\"@type\":\"BreadcrumbList\",\"@id\":\"https:\\\/\\\/iraurgiberritzen.eus\\\/es\\\/iraurgi-berritzen-y-tecnalia-han-suscrito-un-convenio-de-colaboracion\\\/#breadcrumb\",\"itemListElement\":[{\"@type\":\"ListItem\",\"position\":1,\"name\":\"Home\",\"item\":\"https:\\\/\\\/iraurgiberritzen.eus\\\/es\\\/\"},{\"@type\":\"ListItem\",\"position\":2,\"name\":\"IRAURGI BERRITZEN y TECNALIA han suscrito un convenio de colaboraci\u00f3n\"}]},{\"@type\":\"WebSite\",\"@id\":\"https:\\\/\\\/iraurgiberritzen.eus\\\/es\\\/#website\",\"url\":\"https:\\\/\\\/iraurgiberritzen.eus\\\/es\\\/\",\"name\":\"Iraurgi Berritzen\",\"description\":\"Urola Erdiko Garapen Agentzia\",\"publisher\":{\"@id\":\"https:\\\/\\\/iraurgiberritzen.eus\\\/es\\\/#organization\"},\"potentialAction\":[{\"@type\":\"SearchAction\",\"target\":{\"@type\":\"EntryPoint\",\"urlTemplate\":\"https:\\\/\\\/iraurgiberritzen.eus\\\/es\\\/?s={search_term_string}\"},\"query-input\":{\"@type\":\"PropertyValueSpecification\",\"valueRequired\":true,\"valueName\":\"search_term_string\"}}],\"inLanguage\":\"es\"},{\"@type\":\"Organization\",\"@id\":\"https:\\\/\\\/iraurgiberritzen.eus\\\/es\\\/#organization\",\"name\":\"Iraurgi Berritzen\",\"url\":\"https:\\\/\\\/iraurgiberritzen.eus\\\/es\\\/\",\"logo\":{\"@type\":\"ImageObject\",\"inLanguage\":\"es\",\"@id\":\"https:\\\/\\\/iraurgiberritzen.eus\\\/es\\\/#\\\/schema\\\/logo\\\/image\\\/\",\"url\":\"https:\\\/\\\/iraurgiberritzen.eus\\\/wp-content\\\/uploads\\\/2024\\\/02\\\/IRAURGI-BERRITZEN-logotipoa_2.png\",\"contentUrl\":\"https:\\\/\\\/iraurgiberritzen.eus\\\/wp-content\\\/uploads\\\/2024\\\/02\\\/IRAURGI-BERRITZEN-logotipoa_2.png\",\"width\":496,\"height\":190,\"caption\":\"Iraurgi Berritzen\"},\"image\":{\"@id\":\"https:\\\/\\\/iraurgiberritzen.eus\\\/es\\\/#\\\/schema\\\/logo\\\/image\\\/\"}},{\"@type\":\"Person\",\"@id\":\"https:\\\/\\\/iraurgiberritzen.eus\\\/es\\\/#\\\/schema\\\/person\\\/5ab41aaf388a9097177601ebf45738d2\",\"name\":\"kudeatzailea\",\"sameAs\":[\"https:\\\/\\\/iraurgiberritzen.eus\"]}]}<\/script>\n<!-- \/ Yoast SEO plugin. -->","yoast_head_json":{"title":"IRAURGI BERRITZEN y TECNALIA han suscrito un convenio de colaboraci\u00f3n - Iraurgi Berritzen","robots":{"index":"index","follow":"follow","max-snippet":"max-snippet:-1","max-image-preview":"max-image-preview:large","max-video-preview":"max-video-preview:-1"},"canonical":"https:\/\/iraurgiberritzen.eus\/es\/iraurgi-berritzen-y-tecnalia-han-suscrito-un-convenio-de-colaboracion\/","og_locale":"es_ES","og_type":"article","og_title":"IRAURGI BERRITZEN y TECNALIA han suscrito un convenio de colaboraci\u00f3n - Iraurgi Berritzen","og_description":"Iraurgi Berritzen y otras agencias de desarrollo han firmado un convenio de colaboraci\u00f3n con el centro de investigaci\u00f3n TECNALIA, con el objetivo de impulsar las capacidades tecnol\u00f3gicas del tejido empresarial del valle del Urola. El acuerdo fue suscrito el mi\u00e9rcoles, y en el acto participaron, entre otros, Joseba Jauregizar, director general de Tecnalia, Eneko Etxeberria, [&hellip;]","og_url":"https:\/\/iraurgiberritzen.eus\/es\/iraurgi-berritzen-y-tecnalia-han-suscrito-un-convenio-de-colaboracion\/","og_site_name":"Iraurgi Berritzen","article_published_time":"2014-07-08T08:44:07+00:00","author":"kudeatzailea","twitter_card":"summary_large_image","twitter_misc":{"Escrito por":"kudeatzailea","Tiempo de lectura":"2 minutos"},"schema":{"@context":"https:\/\/schema.org","@graph":[{"@type":"Article","@id":"https:\/\/iraurgiberritzen.eus\/es\/iraurgi-berritzen-y-tecnalia-han-suscrito-un-convenio-de-colaboracion\/#article","isPartOf":{"@id":"https:\/\/iraurgiberritzen.eus\/es\/iraurgi-berritzen-y-tecnalia-han-suscrito-un-convenio-de-colaboracion\/"},"author":{"name":"kudeatzailea","@id":"https:\/\/iraurgiberritzen.eus\/es\/#\/schema\/person\/5ab41aaf388a9097177601ebf45738d2"},"headline":"IRAURGI BERRITZEN y TECNALIA han suscrito un convenio de colaboraci\u00f3n","datePublished":"2014-07-08T08:44:07+00:00","mainEntityOfPage":{"@id":"https:\/\/iraurgiberritzen.eus\/es\/iraurgi-berritzen-y-tecnalia-han-suscrito-un-convenio-de-colaboracion\/"},"wordCount":443,"publisher":{"@id":"https:\/\/iraurgiberritzen.eus\/es\/#organization"},"image":{"@id":"https:\/\/iraurgiberritzen.eus\/es\/iraurgi-berritzen-y-tecnalia-han-suscrito-un-convenio-de-colaboracion\/#primaryimage"},"thumbnailUrl":"https:\/\/iraurgiberritzen.eus\/wp-content\/uploads\/2023\/09\/171fc14b49a79ea979710de5b3402b30.jpg","articleSection":["Noticias"],"inLanguage":"es"},{"@type":"WebPage","@id":"https:\/\/iraurgiberritzen.eus\/es\/iraurgi-berritzen-y-tecnalia-han-suscrito-un-convenio-de-colaboracion\/","url":"https:\/\/iraurgiberritzen.eus\/es\/iraurgi-berritzen-y-tecnalia-han-suscrito-un-convenio-de-colaboracion\/","name":"IRAURGI BERRITZEN y TECNALIA han suscrito un convenio de colaboraci\u00f3n - Iraurgi Berritzen","isPartOf":{"@id":"https:\/\/iraurgiberritzen.eus\/es\/#website"},"primaryImageOfPage":{"@id":"https:\/\/iraurgiberritzen.eus\/es\/iraurgi-berritzen-y-tecnalia-han-suscrito-un-convenio-de-colaboracion\/#primaryimage"},"image":{"@id":"https:\/\/iraurgiberritzen.eus\/es\/iraurgi-berritzen-y-tecnalia-han-suscrito-un-convenio-de-colaboracion\/#primaryimage"},"thumbnailUrl":"https:\/\/iraurgiberritzen.eus\/wp-content\/uploads\/2023\/09\/171fc14b49a79ea979710de5b3402b30.jpg","datePublished":"2014-07-08T08:44:07+00:00","breadcrumb":{"@id":"https:\/\/iraurgiberritzen.eus\/es\/iraurgi-berritzen-y-tecnalia-han-suscrito-un-convenio-de-colaboracion\/#breadcrumb"},"inLanguage":"es","potentialAction":[{"@type":"ReadAction","target":["https:\/\/iraurgiberritzen.eus\/es\/iraurgi-berritzen-y-tecnalia-han-suscrito-un-convenio-de-colaboracion\/"]}]},{"@type":"ImageObject","inLanguage":"es","@id":"https:\/\/iraurgiberritzen.eus\/es\/iraurgi-berritzen-y-tecnalia-han-suscrito-un-convenio-de-colaboracion\/#primaryimage","url":"https:\/\/iraurgiberritzen.eus\/wp-content\/uploads\/2023\/09\/171fc14b49a79ea979710de5b3402b30.jpg","contentUrl":"https:\/\/iraurgiberritzen.eus\/wp-content\/uploads\/2023\/09\/171fc14b49a79ea979710de5b3402b30.jpg","width":600,"height":338},{"@type":"BreadcrumbList","@id":"https:\/\/iraurgiberritzen.eus\/es\/iraurgi-berritzen-y-tecnalia-han-suscrito-un-convenio-de-colaboracion\/#breadcrumb","itemListElement":[{"@type":"ListItem","position":1,"name":"Home","item":"https:\/\/iraurgiberritzen.eus\/es\/"},{"@type":"ListItem","position":2,"name":"IRAURGI BERRITZEN y TECNALIA han suscrito un convenio de colaboraci\u00f3n"}]},{"@type":"WebSite","@id":"https:\/\/iraurgiberritzen.eus\/es\/#website","url":"https:\/\/iraurgiberritzen.eus\/es\/","name":"Iraurgi Berritzen","description":"Urola Erdiko Garapen Agentzia","publisher":{"@id":"https:\/\/iraurgiberritzen.eus\/es\/#organization"},"potentialAction":[{"@type":"SearchAction","target":{"@type":"EntryPoint","urlTemplate":"https:\/\/iraurgiberritzen.eus\/es\/?s={search_term_string}"},"query-input":{"@type":"PropertyValueSpecification","valueRequired":true,"valueName":"search_term_string"}}],"inLanguage":"es"},{"@type":"Organization","@id":"https:\/\/iraurgiberritzen.eus\/es\/#organization","name":"Iraurgi Berritzen","url":"https:\/\/iraurgiberritzen.eus\/es\/","logo":{"@type":"ImageObject","inLanguage":"es","@id":"https:\/\/iraurgiberritzen.eus\/es\/#\/schema\/logo\/image\/","url":"https:\/\/iraurgiberritzen.eus\/wp-content\/uploads\/2024\/02\/IRAURGI-BERRITZEN-logotipoa_2.png","contentUrl":"https:\/\/iraurgiberritzen.eus\/wp-content\/uploads\/2024\/02\/IRAURGI-BERRITZEN-logotipoa_2.png","width":496,"height":190,"caption":"Iraurgi Berritzen"},"image":{"@id":"https:\/\/iraurgiberritzen.eus\/es\/#\/schema\/logo\/image\/"}},{"@type":"Person","@id":"https:\/\/iraurgiberritzen.eus\/es\/#\/schema\/person\/5ab41aaf388a9097177601ebf45738d2","name":"kudeatzailea","sameAs":["https:\/\/iraurgiberritzen.eus"]}]}},"_links":{"self":[{"href":"https:\/\/iraurgiberritzen.eus\/es\/wp-json\/wp\/v2\/posts\/11768","targetHints":{"allow":["GET"]}}],"collection":[{"href":"https:\/\/iraurgiberritzen.eus\/es\/wp-json\/wp\/v2\/posts"}],"about":[{"href":"https:\/\/iraurgiberritzen.eus\/es\/wp-json\/wp\/v2\/types\/post"}],"author":[{"embeddable":true,"href":"https:\/\/iraurgiberritzen.eus\/es\/wp-json\/wp\/v2\/users\/1"}],"replies":[{"embeddable":true,"href":"https:\/\/iraurgiberritzen.eus\/es\/wp-json\/wp\/v2\/comments?post=11768"}],"version-history":[{"count":0,"href":"https:\/\/iraurgiberritzen.eus\/es\/wp-json\/wp\/v2\/posts\/11768\/revisions"}],"wp:featuredmedia":[{"embeddable":true,"href":"https:\/\/iraurgiberritzen.eus\/es\/wp-json\/wp\/v2\/media\/18067"}],"wp:attachment":[{"href":"https:\/\/iraurgiberritzen.eus\/es\/wp-json\/wp\/v2\/media?parent=11768"}],"wp:term":[{"taxonomy":"category","embeddable":true,"href":"https:\/\/iraurgiberritzen.eus\/es\/wp-json\/wp\/v2\/categories?post=11768"},{"taxonomy":"post_tag","embeddable":true,"href":"https:\/\/iraurgiberritzen.eus\/es\/wp-json\/wp\/v2\/tags?post=11768"}],"curies":[{"name":"wp","href":"https:\/\/api.w.org\/{rel}","templated":true}]}}