{"id":11771,"date":"2014-07-08T10:48:25","date_gmt":"2014-07-08T08:48:25","guid":{"rendered":"https:\/\/iraurgiberritzen.eus\/formacion-operativa-basica-de-internacionalizacion\/"},"modified":"2014-07-08T10:48:25","modified_gmt":"2014-07-08T08:48:25","slug":"formacion-operativa-basica-de-internacionalizacion","status":"publish","type":"post","link":"https:\/\/iraurgiberritzen.eus\/es\/formacion-operativa-basica-de-internacionalizacion\/","title":{"rendered":"Formaci\u00f3n operativa b\u00e1sica de internacionalizaci\u00f3n"},"content":{"rendered":"<p style=\"text-align: justify;\">El pasado d\u00eda 3 de Julio, de la mano de la C\u00e1mara de Comercio de Gipuzkoa, y dirigido a las empresas de la comarca, se llev\u00f3 a cabo una sesi\u00f3n de formaci\u00f3n en torno a la operativa b\u00e1sica de la Internacionalizaci\u00f3n.<\/p>\n<p style=\"text-align: justify;\">En la sesi\u00f3n formativa, se trabajaran muchos temas, entre otros, se hablo sobre la estrategia de la Internacionalizaci\u00f3n y sus fases, la planificaci\u00f3n, de los mercados, de la normativa y de las obligaciones, en la parte de la ma\u00f1ana.<\/p>\n<p style=\"text-align: justify;\">A la tarde, se habl\u00f3 sobre Aduanas, documentaci\u00f3n, transporte y de las ayudas que hay para la Internacionalizaci\u00f3n.<\/p>\n<p style=\"text-align: justify;\">El ponente, Aitor Mart\u00ednez, dio mensajes claros con respecto a la Internacionalizaci\u00f3n, dejando claro que es necesario la implicaci\u00f3n de la Direcci\u00f3n, y el disponer de recursos, y que los resultados rara vez se recogen a corto plazo.<\/p>\n","protected":false},"excerpt":{"rendered":"<p>El pasado d\u00eda 3 de Julio, de la mano de la C\u00e1mara de Comercio de Gipuzkoa, y dirigido a las empresas de la comarca, se llev\u00f3 a cabo una sesi\u00f3n de formaci\u00f3n en torno a la operativa b\u00e1sica de la Internacionalizaci\u00f3n. En la sesi\u00f3n formativa, se trabajaran muchos temas, entre otros, se hablo sobre la [&hellip;]<\/p>\n","protected":false},"author":1,"featured_media":18068,"comment_status":"","ping_status":"closed","sticky":false,"template":"","format":"standard","meta":{"_acf_changed":false,"footnotes":""},"categories":[4],"tags":[],"class_list":["post-11771","post","type-post","status-publish","format-standard","has-post-thumbnail","hentry","category-noticias"],"acf":[],"yoast_head":"<!-- This site is optimized with the Yoast SEO plugin v27.4 - https:\/\/yoast.com\/product\/yoast-seo-wordpress\/ -->\n<title>Formaci\u00f3n operativa b\u00e1sica de internacionalizaci\u00f3n - Iraurgi Berritzen<\/title>\n<meta name=\"robots\" content=\"index, follow, max-snippet:-1, max-image-preview:large, max-video-preview:-1\" \/>\n<link rel=\"canonical\" href=\"https:\/\/iraurgiberritzen.eus\/es\/formacion-operativa-basica-de-internacionalizacion\/\" \/>\n<meta property=\"og:locale\" content=\"es_ES\" \/>\n<meta property=\"og:type\" content=\"article\" \/>\n<meta property=\"og:title\" content=\"Formaci\u00f3n operativa b\u00e1sica de internacionalizaci\u00f3n - Iraurgi Berritzen\" \/>\n<meta property=\"og:description\" content=\"El pasado d\u00eda 3 de Julio, de la mano de la C\u00e1mara de Comercio de Gipuzkoa, y dirigido a las empresas de la comarca, se llev\u00f3 a cabo una sesi\u00f3n de formaci\u00f3n en torno a la operativa b\u00e1sica de la Internacionalizaci\u00f3n. En la sesi\u00f3n formativa, se trabajaran muchos temas, entre otros, se hablo sobre la [&hellip;]\" \/>\n<meta property=\"og:url\" content=\"https:\/\/iraurgiberritzen.eus\/es\/formacion-operativa-basica-de-internacionalizacion\/\" \/>\n<meta property=\"og:site_name\" content=\"Iraurgi Berritzen\" \/>\n<meta property=\"article:published_time\" content=\"2014-07-08T08:48:25+00:00\" \/>\n<meta name=\"author\" content=\"kudeatzailea\" \/>\n<meta name=\"twitter:card\" content=\"summary_large_image\" \/>\n<meta name=\"twitter:label1\" content=\"Escrito por\" \/>\n\t<meta name=\"twitter:data1\" content=\"kudeatzailea\" \/>\n\t<meta name=\"twitter:label2\" content=\"Tiempo de lectura\" \/>\n\t<meta name=\"twitter:data2\" content=\"1 minuto\" \/>\n<script type=\"application\/ld+json\" class=\"yoast-schema-graph\">{\"@context\":\"https:\\\/\\\/schema.org\",\"@graph\":[{\"@type\":\"Article\",\"@id\":\"https:\\\/\\\/iraurgiberritzen.eus\\\/es\\\/formacion-operativa-basica-de-internacionalizacion\\\/#article\",\"isPartOf\":{\"@id\":\"https:\\\/\\\/iraurgiberritzen.eus\\\/es\\\/formacion-operativa-basica-de-internacionalizacion\\\/\"},\"author\":{\"name\":\"kudeatzailea\",\"@id\":\"https:\\\/\\\/iraurgiberritzen.eus\\\/es\\\/#\\\/schema\\\/person\\\/5ab41aaf388a9097177601ebf45738d2\"},\"headline\":\"Formaci\u00f3n operativa b\u00e1sica de internacionalizaci\u00f3n\",\"datePublished\":\"2014-07-08T08:48:25+00:00\",\"mainEntityOfPage\":{\"@id\":\"https:\\\/\\\/iraurgiberritzen.eus\\\/es\\\/formacion-operativa-basica-de-internacionalizacion\\\/\"},\"wordCount\":159,\"publisher\":{\"@id\":\"https:\\\/\\\/iraurgiberritzen.eus\\\/es\\\/#organization\"},\"image\":{\"@id\":\"https:\\\/\\\/iraurgiberritzen.eus\\\/es\\\/formacion-operativa-basica-de-internacionalizacion\\\/#primaryimage\"},\"thumbnailUrl\":\"https:\\\/\\\/iraurgiberritzen.eus\\\/wp-content\\\/uploads\\\/2023\\\/09\\\/29766e2a37e979b18d18c428ff9c5aba.jpg\",\"articleSection\":[\"Noticias\"],\"inLanguage\":\"es\"},{\"@type\":\"WebPage\",\"@id\":\"https:\\\/\\\/iraurgiberritzen.eus\\\/es\\\/formacion-operativa-basica-de-internacionalizacion\\\/\",\"url\":\"https:\\\/\\\/iraurgiberritzen.eus\\\/es\\\/formacion-operativa-basica-de-internacionalizacion\\\/\",\"name\":\"Formaci\u00f3n operativa b\u00e1sica de internacionalizaci\u00f3n - Iraurgi Berritzen\",\"isPartOf\":{\"@id\":\"https:\\\/\\\/iraurgiberritzen.eus\\\/es\\\/#website\"},\"primaryImageOfPage\":{\"@id\":\"https:\\\/\\\/iraurgiberritzen.eus\\\/es\\\/formacion-operativa-basica-de-internacionalizacion\\\/#primaryimage\"},\"image\":{\"@id\":\"https:\\\/\\\/iraurgiberritzen.eus\\\/es\\\/formacion-operativa-basica-de-internacionalizacion\\\/#primaryimage\"},\"thumbnailUrl\":\"https:\\\/\\\/iraurgiberritzen.eus\\\/wp-content\\\/uploads\\\/2023\\\/09\\\/29766e2a37e979b18d18c428ff9c5aba.jpg\",\"datePublished\":\"2014-07-08T08:48:25+00:00\",\"breadcrumb\":{\"@id\":\"https:\\\/\\\/iraurgiberritzen.eus\\\/es\\\/formacion-operativa-basica-de-internacionalizacion\\\/#breadcrumb\"},\"inLanguage\":\"es\",\"potentialAction\":[{\"@type\":\"ReadAction\",\"target\":[\"https:\\\/\\\/iraurgiberritzen.eus\\\/es\\\/formacion-operativa-basica-de-internacionalizacion\\\/\"]}]},{\"@type\":\"ImageObject\",\"inLanguage\":\"es\",\"@id\":\"https:\\\/\\\/iraurgiberritzen.eus\\\/es\\\/formacion-operativa-basica-de-internacionalizacion\\\/#primaryimage\",\"url\":\"https:\\\/\\\/iraurgiberritzen.eus\\\/wp-content\\\/uploads\\\/2023\\\/09\\\/29766e2a37e979b18d18c428ff9c5aba.jpg\",\"contentUrl\":\"https:\\\/\\\/iraurgiberritzen.eus\\\/wp-content\\\/uploads\\\/2023\\\/09\\\/29766e2a37e979b18d18c428ff9c5aba.jpg\",\"width\":600,\"height\":338},{\"@type\":\"BreadcrumbList\",\"@id\":\"https:\\\/\\\/iraurgiberritzen.eus\\\/es\\\/formacion-operativa-basica-de-internacionalizacion\\\/#breadcrumb\",\"itemListElement\":[{\"@type\":\"ListItem\",\"position\":1,\"name\":\"Home\",\"item\":\"https:\\\/\\\/iraurgiberritzen.eus\\\/es\\\/\"},{\"@type\":\"ListItem\",\"position\":2,\"name\":\"Formaci\u00f3n operativa b\u00e1sica de internacionalizaci\u00f3n\"}]},{\"@type\":\"WebSite\",\"@id\":\"https:\\\/\\\/iraurgiberritzen.eus\\\/es\\\/#website\",\"url\":\"https:\\\/\\\/iraurgiberritzen.eus\\\/es\\\/\",\"name\":\"Iraurgi Berritzen\",\"description\":\"Urola Erdiko Garapen Agentzia\",\"publisher\":{\"@id\":\"https:\\\/\\\/iraurgiberritzen.eus\\\/es\\\/#organization\"},\"potentialAction\":[{\"@type\":\"SearchAction\",\"target\":{\"@type\":\"EntryPoint\",\"urlTemplate\":\"https:\\\/\\\/iraurgiberritzen.eus\\\/es\\\/?s={search_term_string}\"},\"query-input\":{\"@type\":\"PropertyValueSpecification\",\"valueRequired\":true,\"valueName\":\"search_term_string\"}}],\"inLanguage\":\"es\"},{\"@type\":\"Organization\",\"@id\":\"https:\\\/\\\/iraurgiberritzen.eus\\\/es\\\/#organization\",\"name\":\"Iraurgi Berritzen\",\"url\":\"https:\\\/\\\/iraurgiberritzen.eus\\\/es\\\/\",\"logo\":{\"@type\":\"ImageObject\",\"inLanguage\":\"es\",\"@id\":\"https:\\\/\\\/iraurgiberritzen.eus\\\/es\\\/#\\\/schema\\\/logo\\\/image\\\/\",\"url\":\"https:\\\/\\\/iraurgiberritzen.eus\\\/wp-content\\\/uploads\\\/2024\\\/02\\\/IRAURGI-BERRITZEN-logotipoa_2.png\",\"contentUrl\":\"https:\\\/\\\/iraurgiberritzen.eus\\\/wp-content\\\/uploads\\\/2024\\\/02\\\/IRAURGI-BERRITZEN-logotipoa_2.png\",\"width\":496,\"height\":190,\"caption\":\"Iraurgi Berritzen\"},\"image\":{\"@id\":\"https:\\\/\\\/iraurgiberritzen.eus\\\/es\\\/#\\\/schema\\\/logo\\\/image\\\/\"}},{\"@type\":\"Person\",\"@id\":\"https:\\\/\\\/iraurgiberritzen.eus\\\/es\\\/#\\\/schema\\\/person\\\/5ab41aaf388a9097177601ebf45738d2\",\"name\":\"kudeatzailea\",\"sameAs\":[\"https:\\\/\\\/iraurgiberritzen.eus\"]}]}<\/script>\n<!-- \/ Yoast SEO plugin. -->","yoast_head_json":{"title":"Formaci\u00f3n operativa b\u00e1sica de internacionalizaci\u00f3n - Iraurgi Berritzen","robots":{"index":"index","follow":"follow","max-snippet":"max-snippet:-1","max-image-preview":"max-image-preview:large","max-video-preview":"max-video-preview:-1"},"canonical":"https:\/\/iraurgiberritzen.eus\/es\/formacion-operativa-basica-de-internacionalizacion\/","og_locale":"es_ES","og_type":"article","og_title":"Formaci\u00f3n operativa b\u00e1sica de internacionalizaci\u00f3n - Iraurgi Berritzen","og_description":"El pasado d\u00eda 3 de Julio, de la mano de la C\u00e1mara de Comercio de Gipuzkoa, y dirigido a las empresas de la comarca, se llev\u00f3 a cabo una sesi\u00f3n de formaci\u00f3n en torno a la operativa b\u00e1sica de la Internacionalizaci\u00f3n. En la sesi\u00f3n formativa, se trabajaran muchos temas, entre otros, se hablo sobre la [&hellip;]","og_url":"https:\/\/iraurgiberritzen.eus\/es\/formacion-operativa-basica-de-internacionalizacion\/","og_site_name":"Iraurgi Berritzen","article_published_time":"2014-07-08T08:48:25+00:00","author":"kudeatzailea","twitter_card":"summary_large_image","twitter_misc":{"Escrito por":"kudeatzailea","Tiempo de lectura":"1 minuto"},"schema":{"@context":"https:\/\/schema.org","@graph":[{"@type":"Article","@id":"https:\/\/iraurgiberritzen.eus\/es\/formacion-operativa-basica-de-internacionalizacion\/#article","isPartOf":{"@id":"https:\/\/iraurgiberritzen.eus\/es\/formacion-operativa-basica-de-internacionalizacion\/"},"author":{"name":"kudeatzailea","@id":"https:\/\/iraurgiberritzen.eus\/es\/#\/schema\/person\/5ab41aaf388a9097177601ebf45738d2"},"headline":"Formaci\u00f3n operativa b\u00e1sica de internacionalizaci\u00f3n","datePublished":"2014-07-08T08:48:25+00:00","mainEntityOfPage":{"@id":"https:\/\/iraurgiberritzen.eus\/es\/formacion-operativa-basica-de-internacionalizacion\/"},"wordCount":159,"publisher":{"@id":"https:\/\/iraurgiberritzen.eus\/es\/#organization"},"image":{"@id":"https:\/\/iraurgiberritzen.eus\/es\/formacion-operativa-basica-de-internacionalizacion\/#primaryimage"},"thumbnailUrl":"https:\/\/iraurgiberritzen.eus\/wp-content\/uploads\/2023\/09\/29766e2a37e979b18d18c428ff9c5aba.jpg","articleSection":["Noticias"],"inLanguage":"es"},{"@type":"WebPage","@id":"https:\/\/iraurgiberritzen.eus\/es\/formacion-operativa-basica-de-internacionalizacion\/","url":"https:\/\/iraurgiberritzen.eus\/es\/formacion-operativa-basica-de-internacionalizacion\/","name":"Formaci\u00f3n operativa b\u00e1sica de internacionalizaci\u00f3n - Iraurgi Berritzen","isPartOf":{"@id":"https:\/\/iraurgiberritzen.eus\/es\/#website"},"primaryImageOfPage":{"@id":"https:\/\/iraurgiberritzen.eus\/es\/formacion-operativa-basica-de-internacionalizacion\/#primaryimage"},"image":{"@id":"https:\/\/iraurgiberritzen.eus\/es\/formacion-operativa-basica-de-internacionalizacion\/#primaryimage"},"thumbnailUrl":"https:\/\/iraurgiberritzen.eus\/wp-content\/uploads\/2023\/09\/29766e2a37e979b18d18c428ff9c5aba.jpg","datePublished":"2014-07-08T08:48:25+00:00","breadcrumb":{"@id":"https:\/\/iraurgiberritzen.eus\/es\/formacion-operativa-basica-de-internacionalizacion\/#breadcrumb"},"inLanguage":"es","potentialAction":[{"@type":"ReadAction","target":["https:\/\/iraurgiberritzen.eus\/es\/formacion-operativa-basica-de-internacionalizacion\/"]}]},{"@type":"ImageObject","inLanguage":"es","@id":"https:\/\/iraurgiberritzen.eus\/es\/formacion-operativa-basica-de-internacionalizacion\/#primaryimage","url":"https:\/\/iraurgiberritzen.eus\/wp-content\/uploads\/2023\/09\/29766e2a37e979b18d18c428ff9c5aba.jpg","contentUrl":"https:\/\/iraurgiberritzen.eus\/wp-content\/uploads\/2023\/09\/29766e2a37e979b18d18c428ff9c5aba.jpg","width":600,"height":338},{"@type":"BreadcrumbList","@id":"https:\/\/iraurgiberritzen.eus\/es\/formacion-operativa-basica-de-internacionalizacion\/#breadcrumb","itemListElement":[{"@type":"ListItem","position":1,"name":"Home","item":"https:\/\/iraurgiberritzen.eus\/es\/"},{"@type":"ListItem","position":2,"name":"Formaci\u00f3n operativa b\u00e1sica de internacionalizaci\u00f3n"}]},{"@type":"WebSite","@id":"https:\/\/iraurgiberritzen.eus\/es\/#website","url":"https:\/\/iraurgiberritzen.eus\/es\/","name":"Iraurgi Berritzen","description":"Urola Erdiko Garapen Agentzia","publisher":{"@id":"https:\/\/iraurgiberritzen.eus\/es\/#organization"},"potentialAction":[{"@type":"SearchAction","target":{"@type":"EntryPoint","urlTemplate":"https:\/\/iraurgiberritzen.eus\/es\/?s={search_term_string}"},"query-input":{"@type":"PropertyValueSpecification","valueRequired":true,"valueName":"search_term_string"}}],"inLanguage":"es"},{"@type":"Organization","@id":"https:\/\/iraurgiberritzen.eus\/es\/#organization","name":"Iraurgi Berritzen","url":"https:\/\/iraurgiberritzen.eus\/es\/","logo":{"@type":"ImageObject","inLanguage":"es","@id":"https:\/\/iraurgiberritzen.eus\/es\/#\/schema\/logo\/image\/","url":"https:\/\/iraurgiberritzen.eus\/wp-content\/uploads\/2024\/02\/IRAURGI-BERRITZEN-logotipoa_2.png","contentUrl":"https:\/\/iraurgiberritzen.eus\/wp-content\/uploads\/2024\/02\/IRAURGI-BERRITZEN-logotipoa_2.png","width":496,"height":190,"caption":"Iraurgi Berritzen"},"image":{"@id":"https:\/\/iraurgiberritzen.eus\/es\/#\/schema\/logo\/image\/"}},{"@type":"Person","@id":"https:\/\/iraurgiberritzen.eus\/es\/#\/schema\/person\/5ab41aaf388a9097177601ebf45738d2","name":"kudeatzailea","sameAs":["https:\/\/iraurgiberritzen.eus"]}]}},"_links":{"self":[{"href":"https:\/\/iraurgiberritzen.eus\/es\/wp-json\/wp\/v2\/posts\/11771","targetHints":{"allow":["GET"]}}],"collection":[{"href":"https:\/\/iraurgiberritzen.eus\/es\/wp-json\/wp\/v2\/posts"}],"about":[{"href":"https:\/\/iraurgiberritzen.eus\/es\/wp-json\/wp\/v2\/types\/post"}],"author":[{"embeddable":true,"href":"https:\/\/iraurgiberritzen.eus\/es\/wp-json\/wp\/v2\/users\/1"}],"replies":[{"embeddable":true,"href":"https:\/\/iraurgiberritzen.eus\/es\/wp-json\/wp\/v2\/comments?post=11771"}],"version-history":[{"count":0,"href":"https:\/\/iraurgiberritzen.eus\/es\/wp-json\/wp\/v2\/posts\/11771\/revisions"}],"wp:featuredmedia":[{"embeddable":true,"href":"https:\/\/iraurgiberritzen.eus\/es\/wp-json\/wp\/v2\/media\/18068"}],"wp:attachment":[{"href":"https:\/\/iraurgiberritzen.eus\/es\/wp-json\/wp\/v2\/media?parent=11771"}],"wp:term":[{"taxonomy":"category","embeddable":true,"href":"https:\/\/iraurgiberritzen.eus\/es\/wp-json\/wp\/v2\/categories?post=11771"},{"taxonomy":"post_tag","embeddable":true,"href":"https:\/\/iraurgiberritzen.eus\/es\/wp-json\/wp\/v2\/tags?post=11771"}],"curies":[{"name":"wp","href":"https:\/\/api.w.org\/{rel}","templated":true}]}}