{"id":11778,"date":"2015-02-02T10:34:53","date_gmt":"2015-02-02T08:34:53","guid":{"rendered":"https:\/\/iraurgiberritzen.eus\/la-oferta-turistica-de-nuestra-comarca-ha-sido-presentada-en-la-feria-fitur-para-impulsar-la-dinamizacion-economica\/"},"modified":"2015-02-02T10:34:53","modified_gmt":"2015-02-02T08:34:53","slug":"la-oferta-turistica-de-nuestra-comarca-ha-sido-presentada-en-la-feria-fitur-para-impulsar-la-dinamizacion-economica","status":"publish","type":"post","link":"https:\/\/iraurgiberritzen.eus\/es\/la-oferta-turistica-de-nuestra-comarca-ha-sido-presentada-en-la-feria-fitur-para-impulsar-la-dinamizacion-economica\/","title":{"rendered":"La oferta tur\u00edstica de nuestra comarca ha sido presentada en la Feria Fitur, para impulsar la dinamizaci\u00f3n econ\u00f3mica"},"content":{"rendered":"<p style=\"text-align: justify;\"><strong><span style=\"font-family: Arial;\">La Feria Internacional de Turismo Fitur se celebra en Madrid entre el 28 de Enero y el 1 de Febrero<\/span><\/strong><span style=\"font-family: Arial;\">. Esta Feria de Turismo, ha contado con la participaci\u00f3n de 9.107 empresas y entidades de 165 pa\u00edses, en los 56.000 metros cuadrados que han sido preparados para ello.<\/span><\/p>\n<p><br style=\"font-family: Arial;\" \/><\/p>\n<p style=\"text-align: justify;\"><strong><span style=\"font-family: Arial;\">Nuestra <\/span><span style=\"font-family: Arial;\"><strong>com<\/strong>arca han tenido una notable proyecci\u00f3n y presencia en la Feria Fitur. La delegaci\u00f3n presidida por el presidente y alcalde de Azpeitia Eneko Etxeberria ha estado en Madrid, presentando el turismo espiritual, natural, cultural, enogastron\u00f3mica\u2026 De hecho el turismo es una de las herramientas m\u00e1s importantes para promover la econom\u00eda. As\u00ed, abriendo las puertas a los visitantes de nuestra comarca y municipio, queremos dinamizar la econom\u00eda, con el objetivo de darle la vuelta a la dif\u00edcil situaci\u00f3n que estamos viviendo. <\/span><\/strong><\/p>\n<p style=\"text-align: justify;\">&nbsp;<span style=\"font-family: Arial;\">La oferta tur\u00edstica que ha tenido presencia en Fitur es la siguiente:<\/span><\/p>\n<ol style=\"text-align: justify;\">\n<li><strong><span style=\"font-family: Arial;\">Camino Ignaciano: Uno de los ejes m\u00e1s importantes de la oferta tur\u00edstica en Euskadi para el 2015. <\/span><\/strong><\/li>\n<li><strong><span style=\"font-family: Arial;\">Euskadi Gastron\u00f3mica.<\/span><\/strong><span style=\"font-family: Arial;\"> En la parte de la Enogastronomia, y bajo la marca Euskadi Gastron\u00f3mica, ha sido presentado el Club de Productos de Enogastrom\u00eda del Urola Medio, mediante el cual se ha podido promover la oferta de 10 empresas de la comarca e iniciativas como Urola Gustagarri.<\/span><\/li>\n<li><strong><span style=\"font-family: Arial;\"> V\u00edas Verdes de Euskadi-Urola.<\/span><\/strong><span style=\"font-family: Arial;\"> En el stand del Turismo de Naturaleza, junto con el parque natural y el geoparque, se ha impulsado la nueva publicaci\u00f3n de V\u00edas Verdes de Euskadi, donde la V\u00eda Verde Azpeitia- Zumarraga del Urola, ha tenido su hueco.<\/span><\/li>\n<li><strong><span style=\"font-family: Arial;\">Rinc\u00f3n propio en el mostrador del Interior de Guip\u00fazcoa. <\/span><\/strong><span style=\"font-family: Arial;\">Como todos los a\u00f1os, el territorio de Guip\u00fazcoa ha tenido su mostrador. Adem\u00e1s de las secciones mencionadas anteriormente y junto con la oferta tur\u00edstica de las dem\u00e1s comarcas, la nuestra ha tenido su hueco. Por ejemplo, los museos (El Museo del Tren, Ekainberri, Lili) los espacios y recursos naturales, los alojamientos, los restaurantes \u2026<\/span><\/li>\n<\/ol>\n","protected":false},"excerpt":{"rendered":"<p>La Feria Internacional de Turismo Fitur se celebra en Madrid entre el 28 de Enero y el 1 de Febrero. Esta Feria de Turismo, ha contado con la participaci\u00f3n de 9.107 empresas y entidades de 165 pa\u00edses, en los 56.000 metros cuadrados que han sido preparados para ello. Nuestra comarca han tenido una notable proyecci\u00f3n [&hellip;]<\/p>\n","protected":false},"author":1,"featured_media":18070,"comment_status":"","ping_status":"closed","sticky":false,"template":"","format":"standard","meta":{"_acf_changed":false,"footnotes":""},"categories":[4],"tags":[],"class_list":["post-11778","post","type-post","status-publish","format-standard","has-post-thumbnail","hentry","category-noticias"],"acf":[],"yoast_head":"<!-- This site is optimized with the Yoast SEO plugin v27.4 - https:\/\/yoast.com\/product\/yoast-seo-wordpress\/ -->\n<title>La oferta tur\u00edstica de nuestra comarca ha sido presentada en la Feria Fitur, para impulsar la dinamizaci\u00f3n econ\u00f3mica - Iraurgi Berritzen<\/title>\n<meta name=\"robots\" content=\"index, follow, max-snippet:-1, max-image-preview:large, max-video-preview:-1\" \/>\n<link rel=\"canonical\" href=\"https:\/\/iraurgiberritzen.eus\/es\/la-oferta-turistica-de-nuestra-comarca-ha-sido-presentada-en-la-feria-fitur-para-impulsar-la-dinamizacion-economica\/\" \/>\n<meta property=\"og:locale\" content=\"es_ES\" \/>\n<meta property=\"og:type\" content=\"article\" \/>\n<meta property=\"og:title\" content=\"La oferta tur\u00edstica de nuestra comarca ha sido presentada en la Feria Fitur, para impulsar la dinamizaci\u00f3n econ\u00f3mica - Iraurgi Berritzen\" \/>\n<meta property=\"og:description\" content=\"La Feria Internacional de Turismo Fitur se celebra en Madrid entre el 28 de Enero y el 1 de Febrero. Esta Feria de Turismo, ha contado con la participaci\u00f3n de 9.107 empresas y entidades de 165 pa\u00edses, en los 56.000 metros cuadrados que han sido preparados para ello. Nuestra comarca han tenido una notable proyecci\u00f3n [&hellip;]\" \/>\n<meta property=\"og:url\" content=\"https:\/\/iraurgiberritzen.eus\/es\/la-oferta-turistica-de-nuestra-comarca-ha-sido-presentada-en-la-feria-fitur-para-impulsar-la-dinamizacion-economica\/\" \/>\n<meta property=\"og:site_name\" content=\"Iraurgi Berritzen\" \/>\n<meta property=\"article:published_time\" content=\"2015-02-02T08:34:53+00:00\" \/>\n<meta name=\"author\" content=\"kudeatzailea\" \/>\n<meta name=\"twitter:card\" content=\"summary_large_image\" \/>\n<meta name=\"twitter:label1\" content=\"Escrito por\" \/>\n\t<meta name=\"twitter:data1\" content=\"kudeatzailea\" \/>\n\t<meta name=\"twitter:label2\" content=\"Tiempo de lectura\" \/>\n\t<meta name=\"twitter:data2\" content=\"2 minutos\" \/>\n<script type=\"application\/ld+json\" class=\"yoast-schema-graph\">{\"@context\":\"https:\\\/\\\/schema.org\",\"@graph\":[{\"@type\":\"Article\",\"@id\":\"https:\\\/\\\/iraurgiberritzen.eus\\\/es\\\/la-oferta-turistica-de-nuestra-comarca-ha-sido-presentada-en-la-feria-fitur-para-impulsar-la-dinamizacion-economica\\\/#article\",\"isPartOf\":{\"@id\":\"https:\\\/\\\/iraurgiberritzen.eus\\\/es\\\/la-oferta-turistica-de-nuestra-comarca-ha-sido-presentada-en-la-feria-fitur-para-impulsar-la-dinamizacion-economica\\\/\"},\"author\":{\"name\":\"kudeatzailea\",\"@id\":\"https:\\\/\\\/iraurgiberritzen.eus\\\/es\\\/#\\\/schema\\\/person\\\/5ab41aaf388a9097177601ebf45738d2\"},\"headline\":\"La oferta tur\u00edstica de nuestra comarca ha sido presentada en la Feria Fitur, para impulsar la dinamizaci\u00f3n econ\u00f3mica\",\"datePublished\":\"2015-02-02T08:34:53+00:00\",\"mainEntityOfPage\":{\"@id\":\"https:\\\/\\\/iraurgiberritzen.eus\\\/es\\\/la-oferta-turistica-de-nuestra-comarca-ha-sido-presentada-en-la-feria-fitur-para-impulsar-la-dinamizacion-economica\\\/\"},\"wordCount\":350,\"publisher\":{\"@id\":\"https:\\\/\\\/iraurgiberritzen.eus\\\/es\\\/#organization\"},\"image\":{\"@id\":\"https:\\\/\\\/iraurgiberritzen.eus\\\/es\\\/la-oferta-turistica-de-nuestra-comarca-ha-sido-presentada-en-la-feria-fitur-para-impulsar-la-dinamizacion-economica\\\/#primaryimage\"},\"thumbnailUrl\":\"https:\\\/\\\/iraurgiberritzen.eus\\\/wp-content\\\/uploads\\\/2023\\\/09\\\/935dbd09c0a7727e2143877810820513.jpg\",\"articleSection\":[\"Noticias\"],\"inLanguage\":\"es\"},{\"@type\":\"WebPage\",\"@id\":\"https:\\\/\\\/iraurgiberritzen.eus\\\/es\\\/la-oferta-turistica-de-nuestra-comarca-ha-sido-presentada-en-la-feria-fitur-para-impulsar-la-dinamizacion-economica\\\/\",\"url\":\"https:\\\/\\\/iraurgiberritzen.eus\\\/es\\\/la-oferta-turistica-de-nuestra-comarca-ha-sido-presentada-en-la-feria-fitur-para-impulsar-la-dinamizacion-economica\\\/\",\"name\":\"La oferta tur\u00edstica de nuestra comarca ha sido presentada en la Feria Fitur, para impulsar la dinamizaci\u00f3n econ\u00f3mica - Iraurgi Berritzen\",\"isPartOf\":{\"@id\":\"https:\\\/\\\/iraurgiberritzen.eus\\\/es\\\/#website\"},\"primaryImageOfPage\":{\"@id\":\"https:\\\/\\\/iraurgiberritzen.eus\\\/es\\\/la-oferta-turistica-de-nuestra-comarca-ha-sido-presentada-en-la-feria-fitur-para-impulsar-la-dinamizacion-economica\\\/#primaryimage\"},\"image\":{\"@id\":\"https:\\\/\\\/iraurgiberritzen.eus\\\/es\\\/la-oferta-turistica-de-nuestra-comarca-ha-sido-presentada-en-la-feria-fitur-para-impulsar-la-dinamizacion-economica\\\/#primaryimage\"},\"thumbnailUrl\":\"https:\\\/\\\/iraurgiberritzen.eus\\\/wp-content\\\/uploads\\\/2023\\\/09\\\/935dbd09c0a7727e2143877810820513.jpg\",\"datePublished\":\"2015-02-02T08:34:53+00:00\",\"breadcrumb\":{\"@id\":\"https:\\\/\\\/iraurgiberritzen.eus\\\/es\\\/la-oferta-turistica-de-nuestra-comarca-ha-sido-presentada-en-la-feria-fitur-para-impulsar-la-dinamizacion-economica\\\/#breadcrumb\"},\"inLanguage\":\"es\",\"potentialAction\":[{\"@type\":\"ReadAction\",\"target\":[\"https:\\\/\\\/iraurgiberritzen.eus\\\/es\\\/la-oferta-turistica-de-nuestra-comarca-ha-sido-presentada-en-la-feria-fitur-para-impulsar-la-dinamizacion-economica\\\/\"]}]},{\"@type\":\"ImageObject\",\"inLanguage\":\"es\",\"@id\":\"https:\\\/\\\/iraurgiberritzen.eus\\\/es\\\/la-oferta-turistica-de-nuestra-comarca-ha-sido-presentada-en-la-feria-fitur-para-impulsar-la-dinamizacion-economica\\\/#primaryimage\",\"url\":\"https:\\\/\\\/iraurgiberritzen.eus\\\/wp-content\\\/uploads\\\/2023\\\/09\\\/935dbd09c0a7727e2143877810820513.jpg\",\"contentUrl\":\"https:\\\/\\\/iraurgiberritzen.eus\\\/wp-content\\\/uploads\\\/2023\\\/09\\\/935dbd09c0a7727e2143877810820513.jpg\",\"width\":600,\"height\":369},{\"@type\":\"BreadcrumbList\",\"@id\":\"https:\\\/\\\/iraurgiberritzen.eus\\\/es\\\/la-oferta-turistica-de-nuestra-comarca-ha-sido-presentada-en-la-feria-fitur-para-impulsar-la-dinamizacion-economica\\\/#breadcrumb\",\"itemListElement\":[{\"@type\":\"ListItem\",\"position\":1,\"name\":\"Home\",\"item\":\"https:\\\/\\\/iraurgiberritzen.eus\\\/es\\\/\"},{\"@type\":\"ListItem\",\"position\":2,\"name\":\"La oferta tur\u00edstica de nuestra comarca ha sido presentada en la Feria Fitur, para impulsar la dinamizaci\u00f3n econ\u00f3mica\"}]},{\"@type\":\"WebSite\",\"@id\":\"https:\\\/\\\/iraurgiberritzen.eus\\\/es\\\/#website\",\"url\":\"https:\\\/\\\/iraurgiberritzen.eus\\\/es\\\/\",\"name\":\"Iraurgi Berritzen\",\"description\":\"Urola Erdiko Garapen Agentzia\",\"publisher\":{\"@id\":\"https:\\\/\\\/iraurgiberritzen.eus\\\/es\\\/#organization\"},\"potentialAction\":[{\"@type\":\"SearchAction\",\"target\":{\"@type\":\"EntryPoint\",\"urlTemplate\":\"https:\\\/\\\/iraurgiberritzen.eus\\\/es\\\/?s={search_term_string}\"},\"query-input\":{\"@type\":\"PropertyValueSpecification\",\"valueRequired\":true,\"valueName\":\"search_term_string\"}}],\"inLanguage\":\"es\"},{\"@type\":\"Organization\",\"@id\":\"https:\\\/\\\/iraurgiberritzen.eus\\\/es\\\/#organization\",\"name\":\"Iraurgi Berritzen\",\"url\":\"https:\\\/\\\/iraurgiberritzen.eus\\\/es\\\/\",\"logo\":{\"@type\":\"ImageObject\",\"inLanguage\":\"es\",\"@id\":\"https:\\\/\\\/iraurgiberritzen.eus\\\/es\\\/#\\\/schema\\\/logo\\\/image\\\/\",\"url\":\"https:\\\/\\\/iraurgiberritzen.eus\\\/wp-content\\\/uploads\\\/2024\\\/02\\\/IRAURGI-BERRITZEN-logotipoa_2.png\",\"contentUrl\":\"https:\\\/\\\/iraurgiberritzen.eus\\\/wp-content\\\/uploads\\\/2024\\\/02\\\/IRAURGI-BERRITZEN-logotipoa_2.png\",\"width\":496,\"height\":190,\"caption\":\"Iraurgi Berritzen\"},\"image\":{\"@id\":\"https:\\\/\\\/iraurgiberritzen.eus\\\/es\\\/#\\\/schema\\\/logo\\\/image\\\/\"}},{\"@type\":\"Person\",\"@id\":\"https:\\\/\\\/iraurgiberritzen.eus\\\/es\\\/#\\\/schema\\\/person\\\/5ab41aaf388a9097177601ebf45738d2\",\"name\":\"kudeatzailea\",\"sameAs\":[\"https:\\\/\\\/iraurgiberritzen.eus\"]}]}<\/script>\n<!-- \/ Yoast SEO plugin. -->","yoast_head_json":{"title":"La oferta tur\u00edstica de nuestra comarca ha sido presentada en la Feria Fitur, para impulsar la dinamizaci\u00f3n econ\u00f3mica - Iraurgi Berritzen","robots":{"index":"index","follow":"follow","max-snippet":"max-snippet:-1","max-image-preview":"max-image-preview:large","max-video-preview":"max-video-preview:-1"},"canonical":"https:\/\/iraurgiberritzen.eus\/es\/la-oferta-turistica-de-nuestra-comarca-ha-sido-presentada-en-la-feria-fitur-para-impulsar-la-dinamizacion-economica\/","og_locale":"es_ES","og_type":"article","og_title":"La oferta tur\u00edstica de nuestra comarca ha sido presentada en la Feria Fitur, para impulsar la dinamizaci\u00f3n econ\u00f3mica - Iraurgi Berritzen","og_description":"La Feria Internacional de Turismo Fitur se celebra en Madrid entre el 28 de Enero y el 1 de Febrero. Esta Feria de Turismo, ha contado con la participaci\u00f3n de 9.107 empresas y entidades de 165 pa\u00edses, en los 56.000 metros cuadrados que han sido preparados para ello. Nuestra comarca han tenido una notable proyecci\u00f3n [&hellip;]","og_url":"https:\/\/iraurgiberritzen.eus\/es\/la-oferta-turistica-de-nuestra-comarca-ha-sido-presentada-en-la-feria-fitur-para-impulsar-la-dinamizacion-economica\/","og_site_name":"Iraurgi Berritzen","article_published_time":"2015-02-02T08:34:53+00:00","author":"kudeatzailea","twitter_card":"summary_large_image","twitter_misc":{"Escrito por":"kudeatzailea","Tiempo de lectura":"2 minutos"},"schema":{"@context":"https:\/\/schema.org","@graph":[{"@type":"Article","@id":"https:\/\/iraurgiberritzen.eus\/es\/la-oferta-turistica-de-nuestra-comarca-ha-sido-presentada-en-la-feria-fitur-para-impulsar-la-dinamizacion-economica\/#article","isPartOf":{"@id":"https:\/\/iraurgiberritzen.eus\/es\/la-oferta-turistica-de-nuestra-comarca-ha-sido-presentada-en-la-feria-fitur-para-impulsar-la-dinamizacion-economica\/"},"author":{"name":"kudeatzailea","@id":"https:\/\/iraurgiberritzen.eus\/es\/#\/schema\/person\/5ab41aaf388a9097177601ebf45738d2"},"headline":"La oferta tur\u00edstica de nuestra comarca ha sido presentada en la Feria Fitur, para impulsar la dinamizaci\u00f3n econ\u00f3mica","datePublished":"2015-02-02T08:34:53+00:00","mainEntityOfPage":{"@id":"https:\/\/iraurgiberritzen.eus\/es\/la-oferta-turistica-de-nuestra-comarca-ha-sido-presentada-en-la-feria-fitur-para-impulsar-la-dinamizacion-economica\/"},"wordCount":350,"publisher":{"@id":"https:\/\/iraurgiberritzen.eus\/es\/#organization"},"image":{"@id":"https:\/\/iraurgiberritzen.eus\/es\/la-oferta-turistica-de-nuestra-comarca-ha-sido-presentada-en-la-feria-fitur-para-impulsar-la-dinamizacion-economica\/#primaryimage"},"thumbnailUrl":"https:\/\/iraurgiberritzen.eus\/wp-content\/uploads\/2023\/09\/935dbd09c0a7727e2143877810820513.jpg","articleSection":["Noticias"],"inLanguage":"es"},{"@type":"WebPage","@id":"https:\/\/iraurgiberritzen.eus\/es\/la-oferta-turistica-de-nuestra-comarca-ha-sido-presentada-en-la-feria-fitur-para-impulsar-la-dinamizacion-economica\/","url":"https:\/\/iraurgiberritzen.eus\/es\/la-oferta-turistica-de-nuestra-comarca-ha-sido-presentada-en-la-feria-fitur-para-impulsar-la-dinamizacion-economica\/","name":"La oferta tur\u00edstica de nuestra comarca ha sido presentada en la Feria Fitur, para impulsar la dinamizaci\u00f3n econ\u00f3mica - Iraurgi Berritzen","isPartOf":{"@id":"https:\/\/iraurgiberritzen.eus\/es\/#website"},"primaryImageOfPage":{"@id":"https:\/\/iraurgiberritzen.eus\/es\/la-oferta-turistica-de-nuestra-comarca-ha-sido-presentada-en-la-feria-fitur-para-impulsar-la-dinamizacion-economica\/#primaryimage"},"image":{"@id":"https:\/\/iraurgiberritzen.eus\/es\/la-oferta-turistica-de-nuestra-comarca-ha-sido-presentada-en-la-feria-fitur-para-impulsar-la-dinamizacion-economica\/#primaryimage"},"thumbnailUrl":"https:\/\/iraurgiberritzen.eus\/wp-content\/uploads\/2023\/09\/935dbd09c0a7727e2143877810820513.jpg","datePublished":"2015-02-02T08:34:53+00:00","breadcrumb":{"@id":"https:\/\/iraurgiberritzen.eus\/es\/la-oferta-turistica-de-nuestra-comarca-ha-sido-presentada-en-la-feria-fitur-para-impulsar-la-dinamizacion-economica\/#breadcrumb"},"inLanguage":"es","potentialAction":[{"@type":"ReadAction","target":["https:\/\/iraurgiberritzen.eus\/es\/la-oferta-turistica-de-nuestra-comarca-ha-sido-presentada-en-la-feria-fitur-para-impulsar-la-dinamizacion-economica\/"]}]},{"@type":"ImageObject","inLanguage":"es","@id":"https:\/\/iraurgiberritzen.eus\/es\/la-oferta-turistica-de-nuestra-comarca-ha-sido-presentada-en-la-feria-fitur-para-impulsar-la-dinamizacion-economica\/#primaryimage","url":"https:\/\/iraurgiberritzen.eus\/wp-content\/uploads\/2023\/09\/935dbd09c0a7727e2143877810820513.jpg","contentUrl":"https:\/\/iraurgiberritzen.eus\/wp-content\/uploads\/2023\/09\/935dbd09c0a7727e2143877810820513.jpg","width":600,"height":369},{"@type":"BreadcrumbList","@id":"https:\/\/iraurgiberritzen.eus\/es\/la-oferta-turistica-de-nuestra-comarca-ha-sido-presentada-en-la-feria-fitur-para-impulsar-la-dinamizacion-economica\/#breadcrumb","itemListElement":[{"@type":"ListItem","position":1,"name":"Home","item":"https:\/\/iraurgiberritzen.eus\/es\/"},{"@type":"ListItem","position":2,"name":"La oferta tur\u00edstica de nuestra comarca ha sido presentada en la Feria Fitur, para impulsar la dinamizaci\u00f3n econ\u00f3mica"}]},{"@type":"WebSite","@id":"https:\/\/iraurgiberritzen.eus\/es\/#website","url":"https:\/\/iraurgiberritzen.eus\/es\/","name":"Iraurgi Berritzen","description":"Urola Erdiko Garapen Agentzia","publisher":{"@id":"https:\/\/iraurgiberritzen.eus\/es\/#organization"},"potentialAction":[{"@type":"SearchAction","target":{"@type":"EntryPoint","urlTemplate":"https:\/\/iraurgiberritzen.eus\/es\/?s={search_term_string}"},"query-input":{"@type":"PropertyValueSpecification","valueRequired":true,"valueName":"search_term_string"}}],"inLanguage":"es"},{"@type":"Organization","@id":"https:\/\/iraurgiberritzen.eus\/es\/#organization","name":"Iraurgi Berritzen","url":"https:\/\/iraurgiberritzen.eus\/es\/","logo":{"@type":"ImageObject","inLanguage":"es","@id":"https:\/\/iraurgiberritzen.eus\/es\/#\/schema\/logo\/image\/","url":"https:\/\/iraurgiberritzen.eus\/wp-content\/uploads\/2024\/02\/IRAURGI-BERRITZEN-logotipoa_2.png","contentUrl":"https:\/\/iraurgiberritzen.eus\/wp-content\/uploads\/2024\/02\/IRAURGI-BERRITZEN-logotipoa_2.png","width":496,"height":190,"caption":"Iraurgi Berritzen"},"image":{"@id":"https:\/\/iraurgiberritzen.eus\/es\/#\/schema\/logo\/image\/"}},{"@type":"Person","@id":"https:\/\/iraurgiberritzen.eus\/es\/#\/schema\/person\/5ab41aaf388a9097177601ebf45738d2","name":"kudeatzailea","sameAs":["https:\/\/iraurgiberritzen.eus"]}]}},"_links":{"self":[{"href":"https:\/\/iraurgiberritzen.eus\/es\/wp-json\/wp\/v2\/posts\/11778","targetHints":{"allow":["GET"]}}],"collection":[{"href":"https:\/\/iraurgiberritzen.eus\/es\/wp-json\/wp\/v2\/posts"}],"about":[{"href":"https:\/\/iraurgiberritzen.eus\/es\/wp-json\/wp\/v2\/types\/post"}],"author":[{"embeddable":true,"href":"https:\/\/iraurgiberritzen.eus\/es\/wp-json\/wp\/v2\/users\/1"}],"replies":[{"embeddable":true,"href":"https:\/\/iraurgiberritzen.eus\/es\/wp-json\/wp\/v2\/comments?post=11778"}],"version-history":[{"count":0,"href":"https:\/\/iraurgiberritzen.eus\/es\/wp-json\/wp\/v2\/posts\/11778\/revisions"}],"wp:featuredmedia":[{"embeddable":true,"href":"https:\/\/iraurgiberritzen.eus\/es\/wp-json\/wp\/v2\/media\/18070"}],"wp:attachment":[{"href":"https:\/\/iraurgiberritzen.eus\/es\/wp-json\/wp\/v2\/media?parent=11778"}],"wp:term":[{"taxonomy":"category","embeddable":true,"href":"https:\/\/iraurgiberritzen.eus\/es\/wp-json\/wp\/v2\/categories?post=11778"},{"taxonomy":"post_tag","embeddable":true,"href":"https:\/\/iraurgiberritzen.eus\/es\/wp-json\/wp\/v2\/tags?post=11778"}],"curies":[{"name":"wp","href":"https:\/\/api.w.org\/{rel}","templated":true}]}}