{"id":11787,"date":"2015-02-13T08:17:43","date_gmt":"2015-02-13T06:17:43","guid":{"rendered":"https:\/\/iraurgiberritzen.eus\/de-nuevo-el-alumno-como-protagonista-en-el-proyecto-elkarrekin-eraikitzen\/"},"modified":"2015-02-13T08:17:43","modified_gmt":"2015-02-13T06:17:43","slug":"de-nuevo-el-alumno-como-protagonista-en-el-proyecto-elkarrekin-eraikitzen","status":"publish","type":"post","link":"https:\/\/iraurgiberritzen.eus\/es\/de-nuevo-el-alumno-como-protagonista-en-el-proyecto-elkarrekin-eraikitzen\/","title":{"rendered":"De nuevo el alumno como protagonista en el proyecto Elkarrekin Eraikitzen"},"content":{"rendered":"<p>Ya est\u00e1 en marcha por segundo a\u00f1o consecutivo el proyecto \u201cElkarrekin Eraikitzen\u201d. Bajo la coordinaci\u00f3n de Iraurgi Berritzen y la consultora Ie Team, en el proyecto participan un total de 5 centros formativos, 15 profesores y m\u00e1s de 300 alumnos. El proyecto finalizar\u00e1 con la celebraci\u00f3n de un acto final en Junio de 2015.<\/p>\n<p>&nbsp;<\/p>\n<p>El proyecto persigue tres objetivos principales. En primer lugar, a los profesores de los distintos centros formativos de la comarca se les ha ofrecido la posibilidad de experimentar con nuevas metodolog\u00edas de ense\u00f1anza. En segundo lugar, mediante el uso de estas metodolog\u00edas, se espera fomentar valores y actitudes relacionados con el concepto del emprendimiento entre los alumnos y por \u00faltimo, tambien pretende facilitar a los alumnos informaci\u00f3n relativa sobre la situaci\u00f3n socioecon\u00f3mica de la comarca. En aras de cumplir con estos tres objetivos, los alumnos tendr\u00e1n que trabajar en equipo y ser\u00e1n protagonistas de su propio proceso de aprendizaje ya que analizaran de primera mano los distintos casos que se les plantean.<\/p>\n<p>El proyecto que se est\u00e1 desarrollando durante este a\u00f1o escolar (2014-15), tal y como ocurr\u00eda en la edici\u00f3n del a\u00f1o anterior, se estructura en dos fases principales. Se inici\u00f3 el proyecto a finales de 2014 con la celebraci\u00f3n de dos reuniones con los profesores de los centros formativos que est\u00e1n participando en el proyecto. En estas dos sesiones, los profesores se encargaron de organizar el proceso que van a seguir los alumnos partiendo de la experiencia vivida en el a\u00f1o anterior e insertando diversas mejoras identificadas en la primera edici\u00f3n del proyecto. Una vez concluida esta fase, los alumnos de los centros formativos ya trabajan en la aplicaci\u00f3n del proceso dise\u00f1ado por los docentes de los centros formativos.<\/p>\n<p>En las pr\u00f3ximas semanas, los estudiantes estudiar\u00e1n 8 casos reales que se dan en el d\u00eda a d\u00eda en la comarca de Urola Erdia. Para ello, durante el an\u00e1lisis de los casos, los alumnos entrevistar\u00e1n distintos agentes de la comarca. Por ejemplo, entrevistar\u00e1n responsables de empresas, comerciantes, agencia de desarrollo, agencia de desarrollo rural, centros de salud, etc\u00e9tera. En total, participar\u00e1n activamente m\u00e1s de 30 agentes socioecon\u00f3micos de la comarca.<\/p>\n<p>Pueden seguir todos los avances del proyecto en la siguiente p\u00e1gina web: <a href=\"http:\/\/www.elkarrekineraikitzen.wordpress.com\">www.elkarrekineraikitzen.wordpress.com<\/a>. En esta p\u00e1gina web, adem\u00e1s de leer los objetivos del proyecto y los casos que van a analizar los alumnos, al finalizar el proyecto se podr\u00e1n leer los distintos trabajos realizados por los distintos equipos de trabajo.<\/p>\n<p>A continuaci\u00f3n, pueden ver algunas fotograf\u00edas tomadas durante el desarrollo del proyecto:<\/p>\n<p style=\"text-align: justify;\">&nbsp;<\/p>\n<p style=\"text-align: center;\">{myFlickr}photoset_id=72157648468291553{\/myFlickr}<\/p>\n","protected":false},"excerpt":{"rendered":"<p>Ya est\u00e1 en marcha por segundo a\u00f1o consecutivo el proyecto \u201cElkarrekin Eraikitzen\u201d. Bajo la coordinaci\u00f3n de Iraurgi Berritzen y la consultora Ie Team, en el proyecto participan un total de 5 centros formativos, 15 profesores y m\u00e1s de 300 alumnos. El proyecto finalizar\u00e1 con la celebraci\u00f3n de un acto final en Junio de 2015. &nbsp; [&hellip;]<\/p>\n","protected":false},"author":1,"featured_media":18053,"comment_status":"closed","ping_status":"closed","sticky":false,"template":"","format":"standard","meta":{"_acf_changed":false,"footnotes":""},"categories":[4],"tags":[],"class_list":["post-11787","post","type-post","status-publish","format-standard","has-post-thumbnail","hentry","category-noticias"],"acf":[],"yoast_head":"<!-- This site is optimized with the Yoast SEO plugin v27.4 - https:\/\/yoast.com\/product\/yoast-seo-wordpress\/ -->\n<title>De nuevo el alumno como protagonista en el proyecto Elkarrekin Eraikitzen - Iraurgi Berritzen<\/title>\n<meta name=\"robots\" content=\"index, follow, max-snippet:-1, max-image-preview:large, max-video-preview:-1\" \/>\n<link rel=\"canonical\" href=\"https:\/\/iraurgiberritzen.eus\/es\/de-nuevo-el-alumno-como-protagonista-en-el-proyecto-elkarrekin-eraikitzen\/\" \/>\n<meta property=\"og:locale\" content=\"es_ES\" \/>\n<meta property=\"og:type\" content=\"article\" \/>\n<meta property=\"og:title\" content=\"De nuevo el alumno como protagonista en el proyecto Elkarrekin Eraikitzen - Iraurgi Berritzen\" \/>\n<meta property=\"og:description\" content=\"Ya est\u00e1 en marcha por segundo a\u00f1o consecutivo el proyecto \u201cElkarrekin Eraikitzen\u201d. Bajo la coordinaci\u00f3n de Iraurgi Berritzen y la consultora Ie Team, en el proyecto participan un total de 5 centros formativos, 15 profesores y m\u00e1s de 300 alumnos. El proyecto finalizar\u00e1 con la celebraci\u00f3n de un acto final en Junio de 2015. &nbsp; [&hellip;]\" \/>\n<meta property=\"og:url\" content=\"https:\/\/iraurgiberritzen.eus\/es\/de-nuevo-el-alumno-como-protagonista-en-el-proyecto-elkarrekin-eraikitzen\/\" \/>\n<meta property=\"og:site_name\" content=\"Iraurgi Berritzen\" \/>\n<meta property=\"article:published_time\" content=\"2015-02-13T06:17:43+00:00\" \/>\n<meta name=\"author\" content=\"kudeatzailea\" \/>\n<meta name=\"twitter:card\" content=\"summary_large_image\" \/>\n<meta name=\"twitter:label1\" content=\"Escrito por\" \/>\n\t<meta name=\"twitter:data1\" content=\"kudeatzailea\" \/>\n\t<meta name=\"twitter:label2\" content=\"Tiempo de lectura\" \/>\n\t<meta name=\"twitter:data2\" content=\"2 minutos\" \/>\n<script type=\"application\/ld+json\" class=\"yoast-schema-graph\">{\"@context\":\"https:\\\/\\\/schema.org\",\"@graph\":[{\"@type\":\"Article\",\"@id\":\"https:\\\/\\\/iraurgiberritzen.eus\\\/es\\\/de-nuevo-el-alumno-como-protagonista-en-el-proyecto-elkarrekin-eraikitzen\\\/#article\",\"isPartOf\":{\"@id\":\"https:\\\/\\\/iraurgiberritzen.eus\\\/es\\\/de-nuevo-el-alumno-como-protagonista-en-el-proyecto-elkarrekin-eraikitzen\\\/\"},\"author\":{\"name\":\"kudeatzailea\",\"@id\":\"https:\\\/\\\/iraurgiberritzen.eus\\\/es\\\/#\\\/schema\\\/person\\\/5ab41aaf388a9097177601ebf45738d2\"},\"headline\":\"De nuevo el alumno como protagonista en el proyecto Elkarrekin Eraikitzen\",\"datePublished\":\"2015-02-13T06:17:43+00:00\",\"mainEntityOfPage\":{\"@id\":\"https:\\\/\\\/iraurgiberritzen.eus\\\/es\\\/de-nuevo-el-alumno-como-protagonista-en-el-proyecto-elkarrekin-eraikitzen\\\/\"},\"wordCount\":468,\"publisher\":{\"@id\":\"https:\\\/\\\/iraurgiberritzen.eus\\\/es\\\/#organization\"},\"image\":{\"@id\":\"https:\\\/\\\/iraurgiberritzen.eus\\\/es\\\/de-nuevo-el-alumno-como-protagonista-en-el-proyecto-elkarrekin-eraikitzen\\\/#primaryimage\"},\"thumbnailUrl\":\"https:\\\/\\\/iraurgiberritzen.eus\\\/wp-content\\\/uploads\\\/2023\\\/09\\\/ef8bd3de49a270d49d40baf602fbfad5.jpg\",\"articleSection\":[\"Noticias\"],\"inLanguage\":\"es\"},{\"@type\":\"WebPage\",\"@id\":\"https:\\\/\\\/iraurgiberritzen.eus\\\/es\\\/de-nuevo-el-alumno-como-protagonista-en-el-proyecto-elkarrekin-eraikitzen\\\/\",\"url\":\"https:\\\/\\\/iraurgiberritzen.eus\\\/es\\\/de-nuevo-el-alumno-como-protagonista-en-el-proyecto-elkarrekin-eraikitzen\\\/\",\"name\":\"De nuevo el alumno como protagonista en el proyecto Elkarrekin Eraikitzen - Iraurgi Berritzen\",\"isPartOf\":{\"@id\":\"https:\\\/\\\/iraurgiberritzen.eus\\\/es\\\/#website\"},\"primaryImageOfPage\":{\"@id\":\"https:\\\/\\\/iraurgiberritzen.eus\\\/es\\\/de-nuevo-el-alumno-como-protagonista-en-el-proyecto-elkarrekin-eraikitzen\\\/#primaryimage\"},\"image\":{\"@id\":\"https:\\\/\\\/iraurgiberritzen.eus\\\/es\\\/de-nuevo-el-alumno-como-protagonista-en-el-proyecto-elkarrekin-eraikitzen\\\/#primaryimage\"},\"thumbnailUrl\":\"https:\\\/\\\/iraurgiberritzen.eus\\\/wp-content\\\/uploads\\\/2023\\\/09\\\/ef8bd3de49a270d49d40baf602fbfad5.jpg\",\"datePublished\":\"2015-02-13T06:17:43+00:00\",\"breadcrumb\":{\"@id\":\"https:\\\/\\\/iraurgiberritzen.eus\\\/es\\\/de-nuevo-el-alumno-como-protagonista-en-el-proyecto-elkarrekin-eraikitzen\\\/#breadcrumb\"},\"inLanguage\":\"es\",\"potentialAction\":[{\"@type\":\"ReadAction\",\"target\":[\"https:\\\/\\\/iraurgiberritzen.eus\\\/es\\\/de-nuevo-el-alumno-como-protagonista-en-el-proyecto-elkarrekin-eraikitzen\\\/\"]}]},{\"@type\":\"ImageObject\",\"inLanguage\":\"es\",\"@id\":\"https:\\\/\\\/iraurgiberritzen.eus\\\/es\\\/de-nuevo-el-alumno-como-protagonista-en-el-proyecto-elkarrekin-eraikitzen\\\/#primaryimage\",\"url\":\"https:\\\/\\\/iraurgiberritzen.eus\\\/wp-content\\\/uploads\\\/2023\\\/09\\\/ef8bd3de49a270d49d40baf602fbfad5.jpg\",\"contentUrl\":\"https:\\\/\\\/iraurgiberritzen.eus\\\/wp-content\\\/uploads\\\/2023\\\/09\\\/ef8bd3de49a270d49d40baf602fbfad5.jpg\",\"width\":600,\"height\":369},{\"@type\":\"BreadcrumbList\",\"@id\":\"https:\\\/\\\/iraurgiberritzen.eus\\\/es\\\/de-nuevo-el-alumno-como-protagonista-en-el-proyecto-elkarrekin-eraikitzen\\\/#breadcrumb\",\"itemListElement\":[{\"@type\":\"ListItem\",\"position\":1,\"name\":\"Home\",\"item\":\"https:\\\/\\\/iraurgiberritzen.eus\\\/es\\\/\"},{\"@type\":\"ListItem\",\"position\":2,\"name\":\"De nuevo el alumno como protagonista en el proyecto Elkarrekin Eraikitzen\"}]},{\"@type\":\"WebSite\",\"@id\":\"https:\\\/\\\/iraurgiberritzen.eus\\\/es\\\/#website\",\"url\":\"https:\\\/\\\/iraurgiberritzen.eus\\\/es\\\/\",\"name\":\"Iraurgi Berritzen\",\"description\":\"Urola Erdiko Garapen Agentzia\",\"publisher\":{\"@id\":\"https:\\\/\\\/iraurgiberritzen.eus\\\/es\\\/#organization\"},\"potentialAction\":[{\"@type\":\"SearchAction\",\"target\":{\"@type\":\"EntryPoint\",\"urlTemplate\":\"https:\\\/\\\/iraurgiberritzen.eus\\\/es\\\/?s={search_term_string}\"},\"query-input\":{\"@type\":\"PropertyValueSpecification\",\"valueRequired\":true,\"valueName\":\"search_term_string\"}}],\"inLanguage\":\"es\"},{\"@type\":\"Organization\",\"@id\":\"https:\\\/\\\/iraurgiberritzen.eus\\\/es\\\/#organization\",\"name\":\"Iraurgi Berritzen\",\"url\":\"https:\\\/\\\/iraurgiberritzen.eus\\\/es\\\/\",\"logo\":{\"@type\":\"ImageObject\",\"inLanguage\":\"es\",\"@id\":\"https:\\\/\\\/iraurgiberritzen.eus\\\/es\\\/#\\\/schema\\\/logo\\\/image\\\/\",\"url\":\"https:\\\/\\\/iraurgiberritzen.eus\\\/wp-content\\\/uploads\\\/2024\\\/02\\\/IRAURGI-BERRITZEN-logotipoa_2.png\",\"contentUrl\":\"https:\\\/\\\/iraurgiberritzen.eus\\\/wp-content\\\/uploads\\\/2024\\\/02\\\/IRAURGI-BERRITZEN-logotipoa_2.png\",\"width\":496,\"height\":190,\"caption\":\"Iraurgi Berritzen\"},\"image\":{\"@id\":\"https:\\\/\\\/iraurgiberritzen.eus\\\/es\\\/#\\\/schema\\\/logo\\\/image\\\/\"}},{\"@type\":\"Person\",\"@id\":\"https:\\\/\\\/iraurgiberritzen.eus\\\/es\\\/#\\\/schema\\\/person\\\/5ab41aaf388a9097177601ebf45738d2\",\"name\":\"kudeatzailea\",\"sameAs\":[\"https:\\\/\\\/iraurgiberritzen.eus\"]}]}<\/script>\n<!-- \/ Yoast SEO plugin. -->","yoast_head_json":{"title":"De nuevo el alumno como protagonista en el proyecto Elkarrekin Eraikitzen - Iraurgi Berritzen","robots":{"index":"index","follow":"follow","max-snippet":"max-snippet:-1","max-image-preview":"max-image-preview:large","max-video-preview":"max-video-preview:-1"},"canonical":"https:\/\/iraurgiberritzen.eus\/es\/de-nuevo-el-alumno-como-protagonista-en-el-proyecto-elkarrekin-eraikitzen\/","og_locale":"es_ES","og_type":"article","og_title":"De nuevo el alumno como protagonista en el proyecto Elkarrekin Eraikitzen - Iraurgi Berritzen","og_description":"Ya est\u00e1 en marcha por segundo a\u00f1o consecutivo el proyecto \u201cElkarrekin Eraikitzen\u201d. Bajo la coordinaci\u00f3n de Iraurgi Berritzen y la consultora Ie Team, en el proyecto participan un total de 5 centros formativos, 15 profesores y m\u00e1s de 300 alumnos. El proyecto finalizar\u00e1 con la celebraci\u00f3n de un acto final en Junio de 2015. &nbsp; [&hellip;]","og_url":"https:\/\/iraurgiberritzen.eus\/es\/de-nuevo-el-alumno-como-protagonista-en-el-proyecto-elkarrekin-eraikitzen\/","og_site_name":"Iraurgi Berritzen","article_published_time":"2015-02-13T06:17:43+00:00","author":"kudeatzailea","twitter_card":"summary_large_image","twitter_misc":{"Escrito por":"kudeatzailea","Tiempo de lectura":"2 minutos"},"schema":{"@context":"https:\/\/schema.org","@graph":[{"@type":"Article","@id":"https:\/\/iraurgiberritzen.eus\/es\/de-nuevo-el-alumno-como-protagonista-en-el-proyecto-elkarrekin-eraikitzen\/#article","isPartOf":{"@id":"https:\/\/iraurgiberritzen.eus\/es\/de-nuevo-el-alumno-como-protagonista-en-el-proyecto-elkarrekin-eraikitzen\/"},"author":{"name":"kudeatzailea","@id":"https:\/\/iraurgiberritzen.eus\/es\/#\/schema\/person\/5ab41aaf388a9097177601ebf45738d2"},"headline":"De nuevo el alumno como protagonista en el proyecto Elkarrekin Eraikitzen","datePublished":"2015-02-13T06:17:43+00:00","mainEntityOfPage":{"@id":"https:\/\/iraurgiberritzen.eus\/es\/de-nuevo-el-alumno-como-protagonista-en-el-proyecto-elkarrekin-eraikitzen\/"},"wordCount":468,"publisher":{"@id":"https:\/\/iraurgiberritzen.eus\/es\/#organization"},"image":{"@id":"https:\/\/iraurgiberritzen.eus\/es\/de-nuevo-el-alumno-como-protagonista-en-el-proyecto-elkarrekin-eraikitzen\/#primaryimage"},"thumbnailUrl":"https:\/\/iraurgiberritzen.eus\/wp-content\/uploads\/2023\/09\/ef8bd3de49a270d49d40baf602fbfad5.jpg","articleSection":["Noticias"],"inLanguage":"es"},{"@type":"WebPage","@id":"https:\/\/iraurgiberritzen.eus\/es\/de-nuevo-el-alumno-como-protagonista-en-el-proyecto-elkarrekin-eraikitzen\/","url":"https:\/\/iraurgiberritzen.eus\/es\/de-nuevo-el-alumno-como-protagonista-en-el-proyecto-elkarrekin-eraikitzen\/","name":"De nuevo el alumno como protagonista en el proyecto Elkarrekin Eraikitzen - Iraurgi Berritzen","isPartOf":{"@id":"https:\/\/iraurgiberritzen.eus\/es\/#website"},"primaryImageOfPage":{"@id":"https:\/\/iraurgiberritzen.eus\/es\/de-nuevo-el-alumno-como-protagonista-en-el-proyecto-elkarrekin-eraikitzen\/#primaryimage"},"image":{"@id":"https:\/\/iraurgiberritzen.eus\/es\/de-nuevo-el-alumno-como-protagonista-en-el-proyecto-elkarrekin-eraikitzen\/#primaryimage"},"thumbnailUrl":"https:\/\/iraurgiberritzen.eus\/wp-content\/uploads\/2023\/09\/ef8bd3de49a270d49d40baf602fbfad5.jpg","datePublished":"2015-02-13T06:17:43+00:00","breadcrumb":{"@id":"https:\/\/iraurgiberritzen.eus\/es\/de-nuevo-el-alumno-como-protagonista-en-el-proyecto-elkarrekin-eraikitzen\/#breadcrumb"},"inLanguage":"es","potentialAction":[{"@type":"ReadAction","target":["https:\/\/iraurgiberritzen.eus\/es\/de-nuevo-el-alumno-como-protagonista-en-el-proyecto-elkarrekin-eraikitzen\/"]}]},{"@type":"ImageObject","inLanguage":"es","@id":"https:\/\/iraurgiberritzen.eus\/es\/de-nuevo-el-alumno-como-protagonista-en-el-proyecto-elkarrekin-eraikitzen\/#primaryimage","url":"https:\/\/iraurgiberritzen.eus\/wp-content\/uploads\/2023\/09\/ef8bd3de49a270d49d40baf602fbfad5.jpg","contentUrl":"https:\/\/iraurgiberritzen.eus\/wp-content\/uploads\/2023\/09\/ef8bd3de49a270d49d40baf602fbfad5.jpg","width":600,"height":369},{"@type":"BreadcrumbList","@id":"https:\/\/iraurgiberritzen.eus\/es\/de-nuevo-el-alumno-como-protagonista-en-el-proyecto-elkarrekin-eraikitzen\/#breadcrumb","itemListElement":[{"@type":"ListItem","position":1,"name":"Home","item":"https:\/\/iraurgiberritzen.eus\/es\/"},{"@type":"ListItem","position":2,"name":"De nuevo el alumno como protagonista en el proyecto Elkarrekin Eraikitzen"}]},{"@type":"WebSite","@id":"https:\/\/iraurgiberritzen.eus\/es\/#website","url":"https:\/\/iraurgiberritzen.eus\/es\/","name":"Iraurgi Berritzen","description":"Urola Erdiko Garapen Agentzia","publisher":{"@id":"https:\/\/iraurgiberritzen.eus\/es\/#organization"},"potentialAction":[{"@type":"SearchAction","target":{"@type":"EntryPoint","urlTemplate":"https:\/\/iraurgiberritzen.eus\/es\/?s={search_term_string}"},"query-input":{"@type":"PropertyValueSpecification","valueRequired":true,"valueName":"search_term_string"}}],"inLanguage":"es"},{"@type":"Organization","@id":"https:\/\/iraurgiberritzen.eus\/es\/#organization","name":"Iraurgi Berritzen","url":"https:\/\/iraurgiberritzen.eus\/es\/","logo":{"@type":"ImageObject","inLanguage":"es","@id":"https:\/\/iraurgiberritzen.eus\/es\/#\/schema\/logo\/image\/","url":"https:\/\/iraurgiberritzen.eus\/wp-content\/uploads\/2024\/02\/IRAURGI-BERRITZEN-logotipoa_2.png","contentUrl":"https:\/\/iraurgiberritzen.eus\/wp-content\/uploads\/2024\/02\/IRAURGI-BERRITZEN-logotipoa_2.png","width":496,"height":190,"caption":"Iraurgi Berritzen"},"image":{"@id":"https:\/\/iraurgiberritzen.eus\/es\/#\/schema\/logo\/image\/"}},{"@type":"Person","@id":"https:\/\/iraurgiberritzen.eus\/es\/#\/schema\/person\/5ab41aaf388a9097177601ebf45738d2","name":"kudeatzailea","sameAs":["https:\/\/iraurgiberritzen.eus"]}]}},"_links":{"self":[{"href":"https:\/\/iraurgiberritzen.eus\/es\/wp-json\/wp\/v2\/posts\/11787","targetHints":{"allow":["GET"]}}],"collection":[{"href":"https:\/\/iraurgiberritzen.eus\/es\/wp-json\/wp\/v2\/posts"}],"about":[{"href":"https:\/\/iraurgiberritzen.eus\/es\/wp-json\/wp\/v2\/types\/post"}],"author":[{"embeddable":true,"href":"https:\/\/iraurgiberritzen.eus\/es\/wp-json\/wp\/v2\/users\/1"}],"replies":[{"embeddable":true,"href":"https:\/\/iraurgiberritzen.eus\/es\/wp-json\/wp\/v2\/comments?post=11787"}],"version-history":[{"count":0,"href":"https:\/\/iraurgiberritzen.eus\/es\/wp-json\/wp\/v2\/posts\/11787\/revisions"}],"wp:featuredmedia":[{"embeddable":true,"href":"https:\/\/iraurgiberritzen.eus\/es\/wp-json\/wp\/v2\/media\/18053"}],"wp:attachment":[{"href":"https:\/\/iraurgiberritzen.eus\/es\/wp-json\/wp\/v2\/media?parent=11787"}],"wp:term":[{"taxonomy":"category","embeddable":true,"href":"https:\/\/iraurgiberritzen.eus\/es\/wp-json\/wp\/v2\/categories?post=11787"},{"taxonomy":"post_tag","embeddable":true,"href":"https:\/\/iraurgiberritzen.eus\/es\/wp-json\/wp\/v2\/tags?post=11787"}],"curies":[{"name":"wp","href":"https:\/\/api.w.org\/{rel}","templated":true}]}}