{"id":11790,"date":"2015-02-13T10:42:15","date_gmt":"2015-02-13T08:42:15","guid":{"rendered":"https:\/\/iraurgiberritzen.eus\/ya-esta-en-marcha-la-tienda-online-que-reune-a-los-comerciantes-de-azkoitia-y-azpeitia\/"},"modified":"2015-02-13T10:42:15","modified_gmt":"2015-02-13T08:42:15","slug":"ya-esta-en-marcha-la-tienda-online-que-reune-a-los-comerciantes-de-azkoitia-y-azpeitia","status":"publish","type":"post","link":"https:\/\/iraurgiberritzen.eus\/es\/ya-esta-en-marcha-la-tienda-online-que-reune-a-los-comerciantes-de-azkoitia-y-azpeitia\/","title":{"rendered":"Ya est\u00e1 en marcha la tienda online que re\u00fane a los comerciantes de Azkoitia y Azpeitia"},"content":{"rendered":"<p>Cada vez es m\u00e1s habitual que los ciudadanos realicen online sus compraventas, as\u00ed lo demuestran los datos publicados por los diferentes agentes a\u00f1o tras a\u00f1o.<\/p>\n<p style=\"text-align: justify;\">Aunque las compraventas realizadas a trav\u00e9s de internet comenzaron no hace muchos a\u00f1os, el desarrollo de las nuevas tecnolog\u00edas ha cambiado notablemente las costumbres de los consumidores.<\/p>\n<p style=\"text-align: justify;\">Teniendo en cuenta los cambios que se han dado en los \u00faltimos a\u00f1os en relaci\u00f3n a los h\u00e1bitos de consumo, y las necesidades del peque\u00f1o comerciante, la empresa de inform\u00e1tica Elkarmedia, en colaboraci\u00f3n con Iraurgi Berrritzen, ha dise\u00f1ado y publicado la plataforma de compraventa v\u00eda internet conocida como \u00abHemenbuy\u00bb con su correspondiente servicio de env\u00edo.<\/p>\n<p style=\"text-align: justify;\">El objetivo del proyecto Hemenbuy! es ofrecer un n\u00facleo de compraventa v\u00eda online al peque\u00f1o comerciante. Los comerciantes tienen la posibilidad de ofrecer toda clase de productos y servicios durante los 365 d\u00edas del a\u00f1o gracias a la tecnolog\u00eda de uso f\u00e1cil, creada justamente para este fin, por la empresa de inform\u00e1tica Elkarmedia. Adem\u00e1s, la gesti\u00f3n de esta plataforma es mucho m\u00e1s simple que los portales de venta habituales v\u00eda internet.<\/p>\n<p style=\"text-align: justify;\">Este sitio web ofrece al consumidor varios beneficios. Adem\u00e1s de poder ver la oferta de los comerciantes de Azkoitia.Azpeitia en un solo portal, a trav\u00e9s de este sitio web, en una \u00fanica transacci\u00f3n se podr\u00e1n comprar productos de diferentes tipos de tiendas. Por otro lado, mediante esta plataforma el consumidor podr\u00e1 comprar los productos que compra en el d\u00eda a d\u00eda mediante la plataforma y recogerlos en la tienda del comerciante o en el lugar indicado por este.<\/p>\n<p style=\"text-align: justify;\">Muchos de los comerciantes ya han colgado su oferta en la p\u00e1gina web. Estos est\u00e1n ofreciendo productos y servicios de toda clase y en conclusi\u00f3n los consumidores pueden encontrar miles de productos y servicios en la misma. Adem\u00e1s de tiendas de ropa o de calzado, est\u00e1n participando entre otros comercios, fruter\u00edas, carnicer\u00edas, florister\u00edas, \u00f3pticas o los centros de fisioterapia.<\/p>\n<p style=\"text-align: justify;\">El proyecto Hemenbuy! en sus tres a\u00f1os de trayectoria ha conseguido el respaldo de varios agentes. Entre otros caben destacar, SPRI la Agencia para el desarrollo de la Empresa del Gobierno Vasco, los ayuntamientos de Azkoitia y Azpeitia o las asociaciones de comerciantes \u00abBertan\u00bb y \u00abHerrixen\u00bb.<\/p>\n<p style=\"text-align: justify;\">Para terminar, los comerciantes de Azkoitia-Azpeitia que est\u00e9n interesados en participar en este proyecto pueden contactar con los responsables en los siguientes n\u00fameros de tel\u00e9fono: 943 85 08 74 \/ 636 29 85 29. Adem\u00e1s, tambi\u00e9n tienen la posibilidad de escribir al siguiente correo electr\u00f3nico <a href=\"mailto:info@hemenbuy.com\">info@hemenbuy.com<\/a>.<\/p>\n","protected":false},"excerpt":{"rendered":"<p>Cada vez es m\u00e1s habitual que los ciudadanos realicen online sus compraventas, as\u00ed lo demuestran los datos publicados por los diferentes agentes a\u00f1o tras a\u00f1o. Aunque las compraventas realizadas a trav\u00e9s de internet comenzaron no hace muchos a\u00f1os, el desarrollo de las nuevas tecnolog\u00edas ha cambiado notablemente las costumbres de los consumidores. Teniendo en cuenta [&hellip;]<\/p>\n","protected":false},"author":1,"featured_media":18054,"comment_status":"","ping_status":"closed","sticky":false,"template":"","format":"standard","meta":{"_acf_changed":false,"footnotes":""},"categories":[4],"tags":[],"class_list":["post-11790","post","type-post","status-publish","format-standard","has-post-thumbnail","hentry","category-noticias"],"acf":[],"yoast_head":"<!-- This site is optimized with the Yoast SEO plugin v27.4 - https:\/\/yoast.com\/product\/yoast-seo-wordpress\/ -->\n<title>Ya est\u00e1 en marcha la tienda online que re\u00fane a los comerciantes de Azkoitia y Azpeitia - Iraurgi Berritzen<\/title>\n<meta name=\"robots\" content=\"index, follow, max-snippet:-1, max-image-preview:large, max-video-preview:-1\" \/>\n<link rel=\"canonical\" href=\"https:\/\/iraurgiberritzen.eus\/es\/ya-esta-en-marcha-la-tienda-online-que-reune-a-los-comerciantes-de-azkoitia-y-azpeitia\/\" \/>\n<meta property=\"og:locale\" content=\"es_ES\" \/>\n<meta property=\"og:type\" content=\"article\" \/>\n<meta property=\"og:title\" content=\"Ya est\u00e1 en marcha la tienda online que re\u00fane a los comerciantes de Azkoitia y Azpeitia - Iraurgi Berritzen\" \/>\n<meta property=\"og:description\" content=\"Cada vez es m\u00e1s habitual que los ciudadanos realicen online sus compraventas, as\u00ed lo demuestran los datos publicados por los diferentes agentes a\u00f1o tras a\u00f1o. Aunque las compraventas realizadas a trav\u00e9s de internet comenzaron no hace muchos a\u00f1os, el desarrollo de las nuevas tecnolog\u00edas ha cambiado notablemente las costumbres de los consumidores. Teniendo en cuenta [&hellip;]\" \/>\n<meta property=\"og:url\" content=\"https:\/\/iraurgiberritzen.eus\/es\/ya-esta-en-marcha-la-tienda-online-que-reune-a-los-comerciantes-de-azkoitia-y-azpeitia\/\" \/>\n<meta property=\"og:site_name\" content=\"Iraurgi Berritzen\" \/>\n<meta property=\"article:published_time\" content=\"2015-02-13T08:42:15+00:00\" \/>\n<meta name=\"author\" content=\"kudeatzailea\" \/>\n<meta name=\"twitter:card\" content=\"summary_large_image\" \/>\n<meta name=\"twitter:label1\" content=\"Escrito por\" \/>\n\t<meta name=\"twitter:data1\" content=\"kudeatzailea\" \/>\n\t<meta name=\"twitter:label2\" content=\"Tiempo de lectura\" \/>\n\t<meta name=\"twitter:data2\" content=\"2 minutos\" \/>\n<script type=\"application\/ld+json\" class=\"yoast-schema-graph\">{\"@context\":\"https:\\\/\\\/schema.org\",\"@graph\":[{\"@type\":\"Article\",\"@id\":\"https:\\\/\\\/iraurgiberritzen.eus\\\/es\\\/ya-esta-en-marcha-la-tienda-online-que-reune-a-los-comerciantes-de-azkoitia-y-azpeitia\\\/#article\",\"isPartOf\":{\"@id\":\"https:\\\/\\\/iraurgiberritzen.eus\\\/es\\\/ya-esta-en-marcha-la-tienda-online-que-reune-a-los-comerciantes-de-azkoitia-y-azpeitia\\\/\"},\"author\":{\"name\":\"kudeatzailea\",\"@id\":\"https:\\\/\\\/iraurgiberritzen.eus\\\/es\\\/#\\\/schema\\\/person\\\/5ab41aaf388a9097177601ebf45738d2\"},\"headline\":\"Ya est\u00e1 en marcha la tienda online que re\u00fane a los comerciantes de Azkoitia y Azpeitia\",\"datePublished\":\"2015-02-13T08:42:15+00:00\",\"mainEntityOfPage\":{\"@id\":\"https:\\\/\\\/iraurgiberritzen.eus\\\/es\\\/ya-esta-en-marcha-la-tienda-online-que-reune-a-los-comerciantes-de-azkoitia-y-azpeitia\\\/\"},\"wordCount\":465,\"publisher\":{\"@id\":\"https:\\\/\\\/iraurgiberritzen.eus\\\/es\\\/#organization\"},\"image\":{\"@id\":\"https:\\\/\\\/iraurgiberritzen.eus\\\/es\\\/ya-esta-en-marcha-la-tienda-online-que-reune-a-los-comerciantes-de-azkoitia-y-azpeitia\\\/#primaryimage\"},\"thumbnailUrl\":\"https:\\\/\\\/iraurgiberritzen.eus\\\/wp-content\\\/uploads\\\/2023\\\/09\\\/5a61d31ed794cb758475f6c89477dfed.jpg\",\"articleSection\":[\"Noticias\"],\"inLanguage\":\"es\"},{\"@type\":\"WebPage\",\"@id\":\"https:\\\/\\\/iraurgiberritzen.eus\\\/es\\\/ya-esta-en-marcha-la-tienda-online-que-reune-a-los-comerciantes-de-azkoitia-y-azpeitia\\\/\",\"url\":\"https:\\\/\\\/iraurgiberritzen.eus\\\/es\\\/ya-esta-en-marcha-la-tienda-online-que-reune-a-los-comerciantes-de-azkoitia-y-azpeitia\\\/\",\"name\":\"Ya est\u00e1 en marcha la tienda online que re\u00fane a los comerciantes de Azkoitia y Azpeitia - Iraurgi Berritzen\",\"isPartOf\":{\"@id\":\"https:\\\/\\\/iraurgiberritzen.eus\\\/es\\\/#website\"},\"primaryImageOfPage\":{\"@id\":\"https:\\\/\\\/iraurgiberritzen.eus\\\/es\\\/ya-esta-en-marcha-la-tienda-online-que-reune-a-los-comerciantes-de-azkoitia-y-azpeitia\\\/#primaryimage\"},\"image\":{\"@id\":\"https:\\\/\\\/iraurgiberritzen.eus\\\/es\\\/ya-esta-en-marcha-la-tienda-online-que-reune-a-los-comerciantes-de-azkoitia-y-azpeitia\\\/#primaryimage\"},\"thumbnailUrl\":\"https:\\\/\\\/iraurgiberritzen.eus\\\/wp-content\\\/uploads\\\/2023\\\/09\\\/5a61d31ed794cb758475f6c89477dfed.jpg\",\"datePublished\":\"2015-02-13T08:42:15+00:00\",\"breadcrumb\":{\"@id\":\"https:\\\/\\\/iraurgiberritzen.eus\\\/es\\\/ya-esta-en-marcha-la-tienda-online-que-reune-a-los-comerciantes-de-azkoitia-y-azpeitia\\\/#breadcrumb\"},\"inLanguage\":\"es\",\"potentialAction\":[{\"@type\":\"ReadAction\",\"target\":[\"https:\\\/\\\/iraurgiberritzen.eus\\\/es\\\/ya-esta-en-marcha-la-tienda-online-que-reune-a-los-comerciantes-de-azkoitia-y-azpeitia\\\/\"]}]},{\"@type\":\"ImageObject\",\"inLanguage\":\"es\",\"@id\":\"https:\\\/\\\/iraurgiberritzen.eus\\\/es\\\/ya-esta-en-marcha-la-tienda-online-que-reune-a-los-comerciantes-de-azkoitia-y-azpeitia\\\/#primaryimage\",\"url\":\"https:\\\/\\\/iraurgiberritzen.eus\\\/wp-content\\\/uploads\\\/2023\\\/09\\\/5a61d31ed794cb758475f6c89477dfed.jpg\",\"contentUrl\":\"https:\\\/\\\/iraurgiberritzen.eus\\\/wp-content\\\/uploads\\\/2023\\\/09\\\/5a61d31ed794cb758475f6c89477dfed.jpg\",\"width\":600,\"height\":369},{\"@type\":\"BreadcrumbList\",\"@id\":\"https:\\\/\\\/iraurgiberritzen.eus\\\/es\\\/ya-esta-en-marcha-la-tienda-online-que-reune-a-los-comerciantes-de-azkoitia-y-azpeitia\\\/#breadcrumb\",\"itemListElement\":[{\"@type\":\"ListItem\",\"position\":1,\"name\":\"Home\",\"item\":\"https:\\\/\\\/iraurgiberritzen.eus\\\/es\\\/\"},{\"@type\":\"ListItem\",\"position\":2,\"name\":\"Ya est\u00e1 en marcha la tienda online que re\u00fane a los comerciantes de Azkoitia y Azpeitia\"}]},{\"@type\":\"WebSite\",\"@id\":\"https:\\\/\\\/iraurgiberritzen.eus\\\/es\\\/#website\",\"url\":\"https:\\\/\\\/iraurgiberritzen.eus\\\/es\\\/\",\"name\":\"Iraurgi Berritzen\",\"description\":\"Urola Erdiko Garapen Agentzia\",\"publisher\":{\"@id\":\"https:\\\/\\\/iraurgiberritzen.eus\\\/es\\\/#organization\"},\"potentialAction\":[{\"@type\":\"SearchAction\",\"target\":{\"@type\":\"EntryPoint\",\"urlTemplate\":\"https:\\\/\\\/iraurgiberritzen.eus\\\/es\\\/?s={search_term_string}\"},\"query-input\":{\"@type\":\"PropertyValueSpecification\",\"valueRequired\":true,\"valueName\":\"search_term_string\"}}],\"inLanguage\":\"es\"},{\"@type\":\"Organization\",\"@id\":\"https:\\\/\\\/iraurgiberritzen.eus\\\/es\\\/#organization\",\"name\":\"Iraurgi Berritzen\",\"url\":\"https:\\\/\\\/iraurgiberritzen.eus\\\/es\\\/\",\"logo\":{\"@type\":\"ImageObject\",\"inLanguage\":\"es\",\"@id\":\"https:\\\/\\\/iraurgiberritzen.eus\\\/es\\\/#\\\/schema\\\/logo\\\/image\\\/\",\"url\":\"https:\\\/\\\/iraurgiberritzen.eus\\\/wp-content\\\/uploads\\\/2024\\\/02\\\/IRAURGI-BERRITZEN-logotipoa_2.png\",\"contentUrl\":\"https:\\\/\\\/iraurgiberritzen.eus\\\/wp-content\\\/uploads\\\/2024\\\/02\\\/IRAURGI-BERRITZEN-logotipoa_2.png\",\"width\":496,\"height\":190,\"caption\":\"Iraurgi Berritzen\"},\"image\":{\"@id\":\"https:\\\/\\\/iraurgiberritzen.eus\\\/es\\\/#\\\/schema\\\/logo\\\/image\\\/\"}},{\"@type\":\"Person\",\"@id\":\"https:\\\/\\\/iraurgiberritzen.eus\\\/es\\\/#\\\/schema\\\/person\\\/5ab41aaf388a9097177601ebf45738d2\",\"name\":\"kudeatzailea\",\"sameAs\":[\"https:\\\/\\\/iraurgiberritzen.eus\"]}]}<\/script>\n<!-- \/ Yoast SEO plugin. -->","yoast_head_json":{"title":"Ya est\u00e1 en marcha la tienda online que re\u00fane a los comerciantes de Azkoitia y Azpeitia - Iraurgi Berritzen","robots":{"index":"index","follow":"follow","max-snippet":"max-snippet:-1","max-image-preview":"max-image-preview:large","max-video-preview":"max-video-preview:-1"},"canonical":"https:\/\/iraurgiberritzen.eus\/es\/ya-esta-en-marcha-la-tienda-online-que-reune-a-los-comerciantes-de-azkoitia-y-azpeitia\/","og_locale":"es_ES","og_type":"article","og_title":"Ya est\u00e1 en marcha la tienda online que re\u00fane a los comerciantes de Azkoitia y Azpeitia - Iraurgi Berritzen","og_description":"Cada vez es m\u00e1s habitual que los ciudadanos realicen online sus compraventas, as\u00ed lo demuestran los datos publicados por los diferentes agentes a\u00f1o tras a\u00f1o. Aunque las compraventas realizadas a trav\u00e9s de internet comenzaron no hace muchos a\u00f1os, el desarrollo de las nuevas tecnolog\u00edas ha cambiado notablemente las costumbres de los consumidores. Teniendo en cuenta [&hellip;]","og_url":"https:\/\/iraurgiberritzen.eus\/es\/ya-esta-en-marcha-la-tienda-online-que-reune-a-los-comerciantes-de-azkoitia-y-azpeitia\/","og_site_name":"Iraurgi Berritzen","article_published_time":"2015-02-13T08:42:15+00:00","author":"kudeatzailea","twitter_card":"summary_large_image","twitter_misc":{"Escrito por":"kudeatzailea","Tiempo de lectura":"2 minutos"},"schema":{"@context":"https:\/\/schema.org","@graph":[{"@type":"Article","@id":"https:\/\/iraurgiberritzen.eus\/es\/ya-esta-en-marcha-la-tienda-online-que-reune-a-los-comerciantes-de-azkoitia-y-azpeitia\/#article","isPartOf":{"@id":"https:\/\/iraurgiberritzen.eus\/es\/ya-esta-en-marcha-la-tienda-online-que-reune-a-los-comerciantes-de-azkoitia-y-azpeitia\/"},"author":{"name":"kudeatzailea","@id":"https:\/\/iraurgiberritzen.eus\/es\/#\/schema\/person\/5ab41aaf388a9097177601ebf45738d2"},"headline":"Ya est\u00e1 en marcha la tienda online que re\u00fane a los comerciantes de Azkoitia y Azpeitia","datePublished":"2015-02-13T08:42:15+00:00","mainEntityOfPage":{"@id":"https:\/\/iraurgiberritzen.eus\/es\/ya-esta-en-marcha-la-tienda-online-que-reune-a-los-comerciantes-de-azkoitia-y-azpeitia\/"},"wordCount":465,"publisher":{"@id":"https:\/\/iraurgiberritzen.eus\/es\/#organization"},"image":{"@id":"https:\/\/iraurgiberritzen.eus\/es\/ya-esta-en-marcha-la-tienda-online-que-reune-a-los-comerciantes-de-azkoitia-y-azpeitia\/#primaryimage"},"thumbnailUrl":"https:\/\/iraurgiberritzen.eus\/wp-content\/uploads\/2023\/09\/5a61d31ed794cb758475f6c89477dfed.jpg","articleSection":["Noticias"],"inLanguage":"es"},{"@type":"WebPage","@id":"https:\/\/iraurgiberritzen.eus\/es\/ya-esta-en-marcha-la-tienda-online-que-reune-a-los-comerciantes-de-azkoitia-y-azpeitia\/","url":"https:\/\/iraurgiberritzen.eus\/es\/ya-esta-en-marcha-la-tienda-online-que-reune-a-los-comerciantes-de-azkoitia-y-azpeitia\/","name":"Ya est\u00e1 en marcha la tienda online que re\u00fane a los comerciantes de Azkoitia y Azpeitia - Iraurgi Berritzen","isPartOf":{"@id":"https:\/\/iraurgiberritzen.eus\/es\/#website"},"primaryImageOfPage":{"@id":"https:\/\/iraurgiberritzen.eus\/es\/ya-esta-en-marcha-la-tienda-online-que-reune-a-los-comerciantes-de-azkoitia-y-azpeitia\/#primaryimage"},"image":{"@id":"https:\/\/iraurgiberritzen.eus\/es\/ya-esta-en-marcha-la-tienda-online-que-reune-a-los-comerciantes-de-azkoitia-y-azpeitia\/#primaryimage"},"thumbnailUrl":"https:\/\/iraurgiberritzen.eus\/wp-content\/uploads\/2023\/09\/5a61d31ed794cb758475f6c89477dfed.jpg","datePublished":"2015-02-13T08:42:15+00:00","breadcrumb":{"@id":"https:\/\/iraurgiberritzen.eus\/es\/ya-esta-en-marcha-la-tienda-online-que-reune-a-los-comerciantes-de-azkoitia-y-azpeitia\/#breadcrumb"},"inLanguage":"es","potentialAction":[{"@type":"ReadAction","target":["https:\/\/iraurgiberritzen.eus\/es\/ya-esta-en-marcha-la-tienda-online-que-reune-a-los-comerciantes-de-azkoitia-y-azpeitia\/"]}]},{"@type":"ImageObject","inLanguage":"es","@id":"https:\/\/iraurgiberritzen.eus\/es\/ya-esta-en-marcha-la-tienda-online-que-reune-a-los-comerciantes-de-azkoitia-y-azpeitia\/#primaryimage","url":"https:\/\/iraurgiberritzen.eus\/wp-content\/uploads\/2023\/09\/5a61d31ed794cb758475f6c89477dfed.jpg","contentUrl":"https:\/\/iraurgiberritzen.eus\/wp-content\/uploads\/2023\/09\/5a61d31ed794cb758475f6c89477dfed.jpg","width":600,"height":369},{"@type":"BreadcrumbList","@id":"https:\/\/iraurgiberritzen.eus\/es\/ya-esta-en-marcha-la-tienda-online-que-reune-a-los-comerciantes-de-azkoitia-y-azpeitia\/#breadcrumb","itemListElement":[{"@type":"ListItem","position":1,"name":"Home","item":"https:\/\/iraurgiberritzen.eus\/es\/"},{"@type":"ListItem","position":2,"name":"Ya est\u00e1 en marcha la tienda online que re\u00fane a los comerciantes de Azkoitia y Azpeitia"}]},{"@type":"WebSite","@id":"https:\/\/iraurgiberritzen.eus\/es\/#website","url":"https:\/\/iraurgiberritzen.eus\/es\/","name":"Iraurgi Berritzen","description":"Urola Erdiko Garapen Agentzia","publisher":{"@id":"https:\/\/iraurgiberritzen.eus\/es\/#organization"},"potentialAction":[{"@type":"SearchAction","target":{"@type":"EntryPoint","urlTemplate":"https:\/\/iraurgiberritzen.eus\/es\/?s={search_term_string}"},"query-input":{"@type":"PropertyValueSpecification","valueRequired":true,"valueName":"search_term_string"}}],"inLanguage":"es"},{"@type":"Organization","@id":"https:\/\/iraurgiberritzen.eus\/es\/#organization","name":"Iraurgi Berritzen","url":"https:\/\/iraurgiberritzen.eus\/es\/","logo":{"@type":"ImageObject","inLanguage":"es","@id":"https:\/\/iraurgiberritzen.eus\/es\/#\/schema\/logo\/image\/","url":"https:\/\/iraurgiberritzen.eus\/wp-content\/uploads\/2024\/02\/IRAURGI-BERRITZEN-logotipoa_2.png","contentUrl":"https:\/\/iraurgiberritzen.eus\/wp-content\/uploads\/2024\/02\/IRAURGI-BERRITZEN-logotipoa_2.png","width":496,"height":190,"caption":"Iraurgi Berritzen"},"image":{"@id":"https:\/\/iraurgiberritzen.eus\/es\/#\/schema\/logo\/image\/"}},{"@type":"Person","@id":"https:\/\/iraurgiberritzen.eus\/es\/#\/schema\/person\/5ab41aaf388a9097177601ebf45738d2","name":"kudeatzailea","sameAs":["https:\/\/iraurgiberritzen.eus"]}]}},"_links":{"self":[{"href":"https:\/\/iraurgiberritzen.eus\/es\/wp-json\/wp\/v2\/posts\/11790","targetHints":{"allow":["GET"]}}],"collection":[{"href":"https:\/\/iraurgiberritzen.eus\/es\/wp-json\/wp\/v2\/posts"}],"about":[{"href":"https:\/\/iraurgiberritzen.eus\/es\/wp-json\/wp\/v2\/types\/post"}],"author":[{"embeddable":true,"href":"https:\/\/iraurgiberritzen.eus\/es\/wp-json\/wp\/v2\/users\/1"}],"replies":[{"embeddable":true,"href":"https:\/\/iraurgiberritzen.eus\/es\/wp-json\/wp\/v2\/comments?post=11790"}],"version-history":[{"count":0,"href":"https:\/\/iraurgiberritzen.eus\/es\/wp-json\/wp\/v2\/posts\/11790\/revisions"}],"wp:featuredmedia":[{"embeddable":true,"href":"https:\/\/iraurgiberritzen.eus\/es\/wp-json\/wp\/v2\/media\/18054"}],"wp:attachment":[{"href":"https:\/\/iraurgiberritzen.eus\/es\/wp-json\/wp\/v2\/media?parent=11790"}],"wp:term":[{"taxonomy":"category","embeddable":true,"href":"https:\/\/iraurgiberritzen.eus\/es\/wp-json\/wp\/v2\/categories?post=11790"},{"taxonomy":"post_tag","embeddable":true,"href":"https:\/\/iraurgiberritzen.eus\/es\/wp-json\/wp\/v2\/tags?post=11790"}],"curies":[{"name":"wp","href":"https:\/\/api.w.org\/{rel}","templated":true}]}}