{"id":11796,"date":"2015-02-26T10:07:44","date_gmt":"2015-02-26T08:07:44","guid":{"rendered":"https:\/\/iraurgiberritzen.eus\/de-nuevo-en-marcha-el-servicio-de-orientacion-de-iraurgi-berritzen\/"},"modified":"2015-02-26T10:07:44","modified_gmt":"2015-02-26T08:07:44","slug":"de-nuevo-en-marcha-el-servicio-de-orientacion-de-iraurgi-berritzen","status":"publish","type":"post","link":"https:\/\/iraurgiberritzen.eus\/es\/de-nuevo-en-marcha-el-servicio-de-orientacion-de-iraurgi-berritzen\/","title":{"rendered":"De nuevo en marcha el Servicio de Orientaci\u00f3n de Iraurgi Berritzen"},"content":{"rendered":"<p>Tras varios meses de interrupci\u00f3n en el Servicio de Orientaci\u00f3n de Iraurgi Berritzen, os queremos comunicar desde Iraurgi Berritzen, que este servicio est\u00e1 de nuevo en marcha.<\/p>\n<p>El objetivo del Centro de Orientaci\u00f3n es dar asesoramiento personalizado a los habitantes de la comarca que est\u00e1n buscando trabajo. Se ofrece un servicio adaptado a las necesidades concretas de cada persona, indic\u00e1ndoles una salida laboral y asesoramiento sobre formaci\u00f3n. Con el objetivo de cumplir esos objetivos, la orientadora ofrece ayuda personalizada en los siguientes aspectos:<\/p>\n<ul>\n<li>Formaci\u00f3n sobre entrevistas de trabajo<\/li>\n<li>Formaci\u00f3n sobre pruebas de selecci\u00f3n<\/li>\n<li>An\u00e1lisis de necesidades formativas<\/li>\n<li>Informaci\u00f3n sobre autoempleo<\/li>\n<\/ul>\n<p>Para contactar con este servicio, pod\u00e9is obtener informaci\u00f3n m\u00e1s detallada a cerca del mismo, as\u00ed como del Centro de Empleo en las siguientes tablas.<\/p>\n<img loading=\"lazy\" decoding=\"async\" style=\"display: block; margin-left: auto; margin-right: auto;\" src=\"images\/EnpleguZentrua_Egutegia2015.png\" alt=\"EnpleguZentrua Egutegia2015\" width=\"692\" height=\"160\" \/>\n<img loading=\"lazy\" decoding=\"async\" style=\"display: block; margin-left: auto; margin-right: auto;\" src=\"images\/OrientazioZentrua_Egutegia2015.png\" alt=\"OrientazioZentrua Egutegia2015\" width=\"690\" height=\"158\" \/>\n<img loading=\"lazy\" decoding=\"async\" style=\"max-width: 100%; height: auto; display: block; margin-left: auto; margin-right: auto;\" src=\"images\/iraurgiberritzen\/Enplegua\/Harremanetarako_AzkoitiaAzpeitia.png\" alt=\"Harremanetarako AzkoitiaAzpeitia\" width=\"447\" height=\"234\" \/>\n","protected":false},"excerpt":{"rendered":"<p>Tras varios meses de interrupci\u00f3n en el Servicio de Orientaci\u00f3n de Iraurgi Berritzen, os queremos comunicar desde Iraurgi Berritzen, que este servicio est\u00e1 de nuevo en marcha. El objetivo del Centro de Orientaci\u00f3n es dar asesoramiento personalizado a los habitantes de la comarca que est\u00e1n buscando trabajo. Se ofrece un servicio adaptado a las necesidades [&hellip;]<\/p>\n","protected":false},"author":1,"featured_media":18056,"comment_status":"","ping_status":"closed","sticky":false,"template":"","format":"standard","meta":{"_acf_changed":false,"footnotes":""},"categories":[4],"tags":[],"class_list":["post-11796","post","type-post","status-publish","format-standard","has-post-thumbnail","hentry","category-noticias"],"acf":[],"yoast_head":"<!-- This site is optimized with the Yoast SEO plugin v27.4 - https:\/\/yoast.com\/product\/yoast-seo-wordpress\/ -->\n<title>De nuevo en marcha el Servicio de Orientaci\u00f3n de Iraurgi Berritzen - Iraurgi Berritzen<\/title>\n<meta name=\"robots\" content=\"index, follow, max-snippet:-1, max-image-preview:large, max-video-preview:-1\" \/>\n<link rel=\"canonical\" href=\"https:\/\/iraurgiberritzen.eus\/es\/de-nuevo-en-marcha-el-servicio-de-orientacion-de-iraurgi-berritzen\/\" \/>\n<meta property=\"og:locale\" content=\"es_ES\" \/>\n<meta property=\"og:type\" content=\"article\" \/>\n<meta property=\"og:title\" content=\"De nuevo en marcha el Servicio de Orientaci\u00f3n de Iraurgi Berritzen - Iraurgi Berritzen\" \/>\n<meta property=\"og:description\" content=\"Tras varios meses de interrupci\u00f3n en el Servicio de Orientaci\u00f3n de Iraurgi Berritzen, os queremos comunicar desde Iraurgi Berritzen, que este servicio est\u00e1 de nuevo en marcha. El objetivo del Centro de Orientaci\u00f3n es dar asesoramiento personalizado a los habitantes de la comarca que est\u00e1n buscando trabajo. Se ofrece un servicio adaptado a las necesidades [&hellip;]\" \/>\n<meta property=\"og:url\" content=\"https:\/\/iraurgiberritzen.eus\/es\/de-nuevo-en-marcha-el-servicio-de-orientacion-de-iraurgi-berritzen\/\" \/>\n<meta property=\"og:site_name\" content=\"Iraurgi Berritzen\" \/>\n<meta property=\"article:published_time\" content=\"2015-02-26T08:07:44+00:00\" \/>\n<meta name=\"author\" content=\"kudeatzailea\" \/>\n<meta name=\"twitter:card\" content=\"summary_large_image\" \/>\n<meta name=\"twitter:label1\" content=\"Escrito por\" \/>\n\t<meta name=\"twitter:data1\" content=\"kudeatzailea\" \/>\n\t<meta name=\"twitter:label2\" content=\"Tiempo de lectura\" \/>\n\t<meta name=\"twitter:data2\" content=\"1 minuto\" \/>\n<script type=\"application\/ld+json\" class=\"yoast-schema-graph\">{\"@context\":\"https:\\\/\\\/schema.org\",\"@graph\":[{\"@type\":\"Article\",\"@id\":\"https:\\\/\\\/iraurgiberritzen.eus\\\/es\\\/de-nuevo-en-marcha-el-servicio-de-orientacion-de-iraurgi-berritzen\\\/#article\",\"isPartOf\":{\"@id\":\"https:\\\/\\\/iraurgiberritzen.eus\\\/es\\\/de-nuevo-en-marcha-el-servicio-de-orientacion-de-iraurgi-berritzen\\\/\"},\"author\":{\"name\":\"kudeatzailea\",\"@id\":\"https:\\\/\\\/iraurgiberritzen.eus\\\/es\\\/#\\\/schema\\\/person\\\/5ab41aaf388a9097177601ebf45738d2\"},\"headline\":\"De nuevo en marcha el Servicio de Orientaci\u00f3n de Iraurgi Berritzen\",\"datePublished\":\"2015-02-26T08:07:44+00:00\",\"mainEntityOfPage\":{\"@id\":\"https:\\\/\\\/iraurgiberritzen.eus\\\/es\\\/de-nuevo-en-marcha-el-servicio-de-orientacion-de-iraurgi-berritzen\\\/\"},\"wordCount\":150,\"publisher\":{\"@id\":\"https:\\\/\\\/iraurgiberritzen.eus\\\/es\\\/#organization\"},\"image\":{\"@id\":\"https:\\\/\\\/iraurgiberritzen.eus\\\/es\\\/de-nuevo-en-marcha-el-servicio-de-orientacion-de-iraurgi-berritzen\\\/#primaryimage\"},\"thumbnailUrl\":\"https:\\\/\\\/iraurgiberritzen.eus\\\/wp-content\\\/uploads\\\/2023\\\/09\\\/d65085d854a39feae81a41eb458281c5.jpg\",\"articleSection\":[\"Noticias\"],\"inLanguage\":\"es\"},{\"@type\":\"WebPage\",\"@id\":\"https:\\\/\\\/iraurgiberritzen.eus\\\/es\\\/de-nuevo-en-marcha-el-servicio-de-orientacion-de-iraurgi-berritzen\\\/\",\"url\":\"https:\\\/\\\/iraurgiberritzen.eus\\\/es\\\/de-nuevo-en-marcha-el-servicio-de-orientacion-de-iraurgi-berritzen\\\/\",\"name\":\"De nuevo en marcha el Servicio de Orientaci\u00f3n de Iraurgi Berritzen - Iraurgi Berritzen\",\"isPartOf\":{\"@id\":\"https:\\\/\\\/iraurgiberritzen.eus\\\/es\\\/#website\"},\"primaryImageOfPage\":{\"@id\":\"https:\\\/\\\/iraurgiberritzen.eus\\\/es\\\/de-nuevo-en-marcha-el-servicio-de-orientacion-de-iraurgi-berritzen\\\/#primaryimage\"},\"image\":{\"@id\":\"https:\\\/\\\/iraurgiberritzen.eus\\\/es\\\/de-nuevo-en-marcha-el-servicio-de-orientacion-de-iraurgi-berritzen\\\/#primaryimage\"},\"thumbnailUrl\":\"https:\\\/\\\/iraurgiberritzen.eus\\\/wp-content\\\/uploads\\\/2023\\\/09\\\/d65085d854a39feae81a41eb458281c5.jpg\",\"datePublished\":\"2015-02-26T08:07:44+00:00\",\"breadcrumb\":{\"@id\":\"https:\\\/\\\/iraurgiberritzen.eus\\\/es\\\/de-nuevo-en-marcha-el-servicio-de-orientacion-de-iraurgi-berritzen\\\/#breadcrumb\"},\"inLanguage\":\"es\",\"potentialAction\":[{\"@type\":\"ReadAction\",\"target\":[\"https:\\\/\\\/iraurgiberritzen.eus\\\/es\\\/de-nuevo-en-marcha-el-servicio-de-orientacion-de-iraurgi-berritzen\\\/\"]}]},{\"@type\":\"ImageObject\",\"inLanguage\":\"es\",\"@id\":\"https:\\\/\\\/iraurgiberritzen.eus\\\/es\\\/de-nuevo-en-marcha-el-servicio-de-orientacion-de-iraurgi-berritzen\\\/#primaryimage\",\"url\":\"https:\\\/\\\/iraurgiberritzen.eus\\\/wp-content\\\/uploads\\\/2023\\\/09\\\/d65085d854a39feae81a41eb458281c5.jpg\",\"contentUrl\":\"https:\\\/\\\/iraurgiberritzen.eus\\\/wp-content\\\/uploads\\\/2023\\\/09\\\/d65085d854a39feae81a41eb458281c5.jpg\",\"width\":600,\"height\":386},{\"@type\":\"BreadcrumbList\",\"@id\":\"https:\\\/\\\/iraurgiberritzen.eus\\\/es\\\/de-nuevo-en-marcha-el-servicio-de-orientacion-de-iraurgi-berritzen\\\/#breadcrumb\",\"itemListElement\":[{\"@type\":\"ListItem\",\"position\":1,\"name\":\"Home\",\"item\":\"https:\\\/\\\/iraurgiberritzen.eus\\\/es\\\/\"},{\"@type\":\"ListItem\",\"position\":2,\"name\":\"De nuevo en marcha el Servicio de Orientaci\u00f3n de Iraurgi Berritzen\"}]},{\"@type\":\"WebSite\",\"@id\":\"https:\\\/\\\/iraurgiberritzen.eus\\\/es\\\/#website\",\"url\":\"https:\\\/\\\/iraurgiberritzen.eus\\\/es\\\/\",\"name\":\"Iraurgi Berritzen\",\"description\":\"Urola Erdiko Garapen Agentzia\",\"publisher\":{\"@id\":\"https:\\\/\\\/iraurgiberritzen.eus\\\/es\\\/#organization\"},\"potentialAction\":[{\"@type\":\"SearchAction\",\"target\":{\"@type\":\"EntryPoint\",\"urlTemplate\":\"https:\\\/\\\/iraurgiberritzen.eus\\\/es\\\/?s={search_term_string}\"},\"query-input\":{\"@type\":\"PropertyValueSpecification\",\"valueRequired\":true,\"valueName\":\"search_term_string\"}}],\"inLanguage\":\"es\"},{\"@type\":\"Organization\",\"@id\":\"https:\\\/\\\/iraurgiberritzen.eus\\\/es\\\/#organization\",\"name\":\"Iraurgi Berritzen\",\"url\":\"https:\\\/\\\/iraurgiberritzen.eus\\\/es\\\/\",\"logo\":{\"@type\":\"ImageObject\",\"inLanguage\":\"es\",\"@id\":\"https:\\\/\\\/iraurgiberritzen.eus\\\/es\\\/#\\\/schema\\\/logo\\\/image\\\/\",\"url\":\"https:\\\/\\\/iraurgiberritzen.eus\\\/wp-content\\\/uploads\\\/2024\\\/02\\\/IRAURGI-BERRITZEN-logotipoa_2.png\",\"contentUrl\":\"https:\\\/\\\/iraurgiberritzen.eus\\\/wp-content\\\/uploads\\\/2024\\\/02\\\/IRAURGI-BERRITZEN-logotipoa_2.png\",\"width\":496,\"height\":190,\"caption\":\"Iraurgi Berritzen\"},\"image\":{\"@id\":\"https:\\\/\\\/iraurgiberritzen.eus\\\/es\\\/#\\\/schema\\\/logo\\\/image\\\/\"}},{\"@type\":\"Person\",\"@id\":\"https:\\\/\\\/iraurgiberritzen.eus\\\/es\\\/#\\\/schema\\\/person\\\/5ab41aaf388a9097177601ebf45738d2\",\"name\":\"kudeatzailea\",\"sameAs\":[\"https:\\\/\\\/iraurgiberritzen.eus\"]}]}<\/script>\n<!-- \/ Yoast SEO plugin. -->","yoast_head_json":{"title":"De nuevo en marcha el Servicio de Orientaci\u00f3n de Iraurgi Berritzen - Iraurgi Berritzen","robots":{"index":"index","follow":"follow","max-snippet":"max-snippet:-1","max-image-preview":"max-image-preview:large","max-video-preview":"max-video-preview:-1"},"canonical":"https:\/\/iraurgiberritzen.eus\/es\/de-nuevo-en-marcha-el-servicio-de-orientacion-de-iraurgi-berritzen\/","og_locale":"es_ES","og_type":"article","og_title":"De nuevo en marcha el Servicio de Orientaci\u00f3n de Iraurgi Berritzen - Iraurgi Berritzen","og_description":"Tras varios meses de interrupci\u00f3n en el Servicio de Orientaci\u00f3n de Iraurgi Berritzen, os queremos comunicar desde Iraurgi Berritzen, que este servicio est\u00e1 de nuevo en marcha. El objetivo del Centro de Orientaci\u00f3n es dar asesoramiento personalizado a los habitantes de la comarca que est\u00e1n buscando trabajo. Se ofrece un servicio adaptado a las necesidades [&hellip;]","og_url":"https:\/\/iraurgiberritzen.eus\/es\/de-nuevo-en-marcha-el-servicio-de-orientacion-de-iraurgi-berritzen\/","og_site_name":"Iraurgi Berritzen","article_published_time":"2015-02-26T08:07:44+00:00","author":"kudeatzailea","twitter_card":"summary_large_image","twitter_misc":{"Escrito por":"kudeatzailea","Tiempo de lectura":"1 minuto"},"schema":{"@context":"https:\/\/schema.org","@graph":[{"@type":"Article","@id":"https:\/\/iraurgiberritzen.eus\/es\/de-nuevo-en-marcha-el-servicio-de-orientacion-de-iraurgi-berritzen\/#article","isPartOf":{"@id":"https:\/\/iraurgiberritzen.eus\/es\/de-nuevo-en-marcha-el-servicio-de-orientacion-de-iraurgi-berritzen\/"},"author":{"name":"kudeatzailea","@id":"https:\/\/iraurgiberritzen.eus\/es\/#\/schema\/person\/5ab41aaf388a9097177601ebf45738d2"},"headline":"De nuevo en marcha el Servicio de Orientaci\u00f3n de Iraurgi Berritzen","datePublished":"2015-02-26T08:07:44+00:00","mainEntityOfPage":{"@id":"https:\/\/iraurgiberritzen.eus\/es\/de-nuevo-en-marcha-el-servicio-de-orientacion-de-iraurgi-berritzen\/"},"wordCount":150,"publisher":{"@id":"https:\/\/iraurgiberritzen.eus\/es\/#organization"},"image":{"@id":"https:\/\/iraurgiberritzen.eus\/es\/de-nuevo-en-marcha-el-servicio-de-orientacion-de-iraurgi-berritzen\/#primaryimage"},"thumbnailUrl":"https:\/\/iraurgiberritzen.eus\/wp-content\/uploads\/2023\/09\/d65085d854a39feae81a41eb458281c5.jpg","articleSection":["Noticias"],"inLanguage":"es"},{"@type":"WebPage","@id":"https:\/\/iraurgiberritzen.eus\/es\/de-nuevo-en-marcha-el-servicio-de-orientacion-de-iraurgi-berritzen\/","url":"https:\/\/iraurgiberritzen.eus\/es\/de-nuevo-en-marcha-el-servicio-de-orientacion-de-iraurgi-berritzen\/","name":"De nuevo en marcha el Servicio de Orientaci\u00f3n de Iraurgi Berritzen - Iraurgi Berritzen","isPartOf":{"@id":"https:\/\/iraurgiberritzen.eus\/es\/#website"},"primaryImageOfPage":{"@id":"https:\/\/iraurgiberritzen.eus\/es\/de-nuevo-en-marcha-el-servicio-de-orientacion-de-iraurgi-berritzen\/#primaryimage"},"image":{"@id":"https:\/\/iraurgiberritzen.eus\/es\/de-nuevo-en-marcha-el-servicio-de-orientacion-de-iraurgi-berritzen\/#primaryimage"},"thumbnailUrl":"https:\/\/iraurgiberritzen.eus\/wp-content\/uploads\/2023\/09\/d65085d854a39feae81a41eb458281c5.jpg","datePublished":"2015-02-26T08:07:44+00:00","breadcrumb":{"@id":"https:\/\/iraurgiberritzen.eus\/es\/de-nuevo-en-marcha-el-servicio-de-orientacion-de-iraurgi-berritzen\/#breadcrumb"},"inLanguage":"es","potentialAction":[{"@type":"ReadAction","target":["https:\/\/iraurgiberritzen.eus\/es\/de-nuevo-en-marcha-el-servicio-de-orientacion-de-iraurgi-berritzen\/"]}]},{"@type":"ImageObject","inLanguage":"es","@id":"https:\/\/iraurgiberritzen.eus\/es\/de-nuevo-en-marcha-el-servicio-de-orientacion-de-iraurgi-berritzen\/#primaryimage","url":"https:\/\/iraurgiberritzen.eus\/wp-content\/uploads\/2023\/09\/d65085d854a39feae81a41eb458281c5.jpg","contentUrl":"https:\/\/iraurgiberritzen.eus\/wp-content\/uploads\/2023\/09\/d65085d854a39feae81a41eb458281c5.jpg","width":600,"height":386},{"@type":"BreadcrumbList","@id":"https:\/\/iraurgiberritzen.eus\/es\/de-nuevo-en-marcha-el-servicio-de-orientacion-de-iraurgi-berritzen\/#breadcrumb","itemListElement":[{"@type":"ListItem","position":1,"name":"Home","item":"https:\/\/iraurgiberritzen.eus\/es\/"},{"@type":"ListItem","position":2,"name":"De nuevo en marcha el Servicio de Orientaci\u00f3n de Iraurgi Berritzen"}]},{"@type":"WebSite","@id":"https:\/\/iraurgiberritzen.eus\/es\/#website","url":"https:\/\/iraurgiberritzen.eus\/es\/","name":"Iraurgi Berritzen","description":"Urola Erdiko Garapen Agentzia","publisher":{"@id":"https:\/\/iraurgiberritzen.eus\/es\/#organization"},"potentialAction":[{"@type":"SearchAction","target":{"@type":"EntryPoint","urlTemplate":"https:\/\/iraurgiberritzen.eus\/es\/?s={search_term_string}"},"query-input":{"@type":"PropertyValueSpecification","valueRequired":true,"valueName":"search_term_string"}}],"inLanguage":"es"},{"@type":"Organization","@id":"https:\/\/iraurgiberritzen.eus\/es\/#organization","name":"Iraurgi Berritzen","url":"https:\/\/iraurgiberritzen.eus\/es\/","logo":{"@type":"ImageObject","inLanguage":"es","@id":"https:\/\/iraurgiberritzen.eus\/es\/#\/schema\/logo\/image\/","url":"https:\/\/iraurgiberritzen.eus\/wp-content\/uploads\/2024\/02\/IRAURGI-BERRITZEN-logotipoa_2.png","contentUrl":"https:\/\/iraurgiberritzen.eus\/wp-content\/uploads\/2024\/02\/IRAURGI-BERRITZEN-logotipoa_2.png","width":496,"height":190,"caption":"Iraurgi Berritzen"},"image":{"@id":"https:\/\/iraurgiberritzen.eus\/es\/#\/schema\/logo\/image\/"}},{"@type":"Person","@id":"https:\/\/iraurgiberritzen.eus\/es\/#\/schema\/person\/5ab41aaf388a9097177601ebf45738d2","name":"kudeatzailea","sameAs":["https:\/\/iraurgiberritzen.eus"]}]}},"_links":{"self":[{"href":"https:\/\/iraurgiberritzen.eus\/es\/wp-json\/wp\/v2\/posts\/11796","targetHints":{"allow":["GET"]}}],"collection":[{"href":"https:\/\/iraurgiberritzen.eus\/es\/wp-json\/wp\/v2\/posts"}],"about":[{"href":"https:\/\/iraurgiberritzen.eus\/es\/wp-json\/wp\/v2\/types\/post"}],"author":[{"embeddable":true,"href":"https:\/\/iraurgiberritzen.eus\/es\/wp-json\/wp\/v2\/users\/1"}],"replies":[{"embeddable":true,"href":"https:\/\/iraurgiberritzen.eus\/es\/wp-json\/wp\/v2\/comments?post=11796"}],"version-history":[{"count":0,"href":"https:\/\/iraurgiberritzen.eus\/es\/wp-json\/wp\/v2\/posts\/11796\/revisions"}],"wp:featuredmedia":[{"embeddable":true,"href":"https:\/\/iraurgiberritzen.eus\/es\/wp-json\/wp\/v2\/media\/18056"}],"wp:attachment":[{"href":"https:\/\/iraurgiberritzen.eus\/es\/wp-json\/wp\/v2\/media?parent=11796"}],"wp:term":[{"taxonomy":"category","embeddable":true,"href":"https:\/\/iraurgiberritzen.eus\/es\/wp-json\/wp\/v2\/categories?post=11796"},{"taxonomy":"post_tag","embeddable":true,"href":"https:\/\/iraurgiberritzen.eus\/es\/wp-json\/wp\/v2\/tags?post=11796"}],"curies":[{"name":"wp","href":"https:\/\/api.w.org\/{rel}","templated":true}]}}