{"id":11799,"date":"2015-02-26T12:59:57","date_gmt":"2015-02-26T10:59:57","guid":{"rendered":"https:\/\/iraurgiberritzen.eus\/iraurgi-berritzen-acaba-de-abrir-la-convocatoria-para-contratar-a-un-empleado-para-la-oficina-de-turismo-de-loiola\/"},"modified":"2015-02-26T12:59:57","modified_gmt":"2015-02-26T10:59:57","slug":"iraurgi-berritzen-acaba-de-abrir-la-convocatoria-para-contratar-a-un-empleado-para-la-oficina-de-turismo-de-loiola","status":"publish","type":"post","link":"https:\/\/iraurgiberritzen.eus\/es\/iraurgi-berritzen-acaba-de-abrir-la-convocatoria-para-contratar-a-un-empleado-para-la-oficina-de-turismo-de-loiola\/","title":{"rendered":"Iraurgi Berritzen acaba de abrir la convocatoria para contratar a un empleado para la Oficina de Turismo de Loiola"},"content":{"rendered":"<p>Iraurgi Berritzen acaba de abrir la convocatoria para contratar a un empleado que adem\u00e1s de ofrecer el servicio de recepci\u00f3n y atenci\u00f3n a los visitantes en la Oficina de Turismo de Loiola, trabajar\u00e1 como gu\u00eda tur\u00edstico.<\/p>\n<p>En relaci\u00f3n a este puesto de trabajo, este empleado deber\u00e1 realizar las siguientes funciones:<\/p>\n<ul>\n<li>Dar servicio de recepci\u00f3n, atenci\u00f3n e informaci\u00f3n a los visitantes que se acercan a la oficina de Turismo de Loiola.<\/li>\n<li>Responder a las peticiones recibidas tanto en el tel\u00e9fono como a trav\u00e9s del correo (electr\u00f3nico y ordinario).<\/li>\n<li>Control de la atenci\u00f3n prestada a los visitantes-turistas en la Oficina de Turismo.\n<ul>\n<li>Realizar informes estad\u00edsticos de los datos correspondientes.<\/li>\n<\/ul>\n<\/li>\n<li>Control del inventario del material de promoci\u00f3n y gesti\u00f3n del almac\u00e9n.<\/li>\n<li>Realizar visitas guiadas en la comarca \u2013promoci\u00f3n del patrimonio hist\u00f3rico, art\u00edstico y cultural-.<\/li>\n<li>Apoyo a la Secci\u00f3n de Turismo de Iraurgi Berritzen:\n<ul>\n<li>Actualizaci\u00f3n y dinamizaci\u00f3n de la p\u00e1gina web.<\/li>\n<li>Ejecuci\u00f3n de la estrategia Social Media \u2013 dinamizaci\u00f3n de las redes sociales-.<\/li>\n<li>Actualizar y revisar el contenido de los soportes gr\u00e1ficos de promoci\u00f3n de turismo.<\/li>\n<li>Acciones de comercializaci\u00f3n directas con Agencias de Viaje y Tour operadores.<\/li>\n<li>Actualizaci\u00f3n y creaci\u00f3n de la base de datos.<\/li>\n<li>Otros.<\/li>\n<\/ul>\n<\/li>\n<\/ul>\n<p>El tipo de contrato ser\u00e1 temporal y la duraci\u00f3n est\u00e1 por definir.<\/p>\n<p>El proceso de selecci\u00f3n se realizar\u00e1 a trav\u00e9s de Lanbide y los interesados en inscribirse lo tendr\u00e1n que hacer en <a href=\"http:\/\/apps.lanbide.euskadi.net\/apps\/OF_DETALLE_OFERTA_TRABAJO?LG=C&amp;ML=OFEMEN1&amp;MS=Eaaa&amp;IDRG=162015000834&amp;CTRG=1&amp;ORGN=LG=C|PM1=|PM2=20|PM6=AZKOITIA\" target=\"_blank\" rel=\"noopener\">Lanbide<\/a>. Para m\u00e1s informaci\u00f3n puedes ponerte en contacto con la Secci\u00f3n de Turismo de Iraurgi Berritzen (Jesus Mujika) o llamar al siguiente n\u00famero de tel\u00e9fono 943 851 100.<\/p>\n","protected":false},"excerpt":{"rendered":"<p>Iraurgi Berritzen acaba de abrir la convocatoria para contratar a un empleado que adem\u00e1s de ofrecer el servicio de recepci\u00f3n y atenci\u00f3n a los visitantes en la Oficina de Turismo de Loiola, trabajar\u00e1 como gu\u00eda tur\u00edstico. En relaci\u00f3n a este puesto de trabajo, este empleado deber\u00e1 realizar las siguientes funciones: Dar servicio de recepci\u00f3n, atenci\u00f3n [&hellip;]<\/p>\n","protected":false},"author":1,"featured_media":18057,"comment_status":"","ping_status":"closed","sticky":false,"template":"","format":"standard","meta":{"_acf_changed":false,"footnotes":""},"categories":[4],"tags":[],"class_list":["post-11799","post","type-post","status-publish","format-standard","has-post-thumbnail","hentry","category-noticias"],"acf":[],"yoast_head":"<!-- This site is optimized with the Yoast SEO plugin v27.4 - https:\/\/yoast.com\/product\/yoast-seo-wordpress\/ -->\n<title>Iraurgi Berritzen acaba de abrir la convocatoria para contratar a un empleado para la Oficina de Turismo de Loiola - Iraurgi Berritzen<\/title>\n<meta name=\"robots\" content=\"index, follow, max-snippet:-1, max-image-preview:large, max-video-preview:-1\" \/>\n<link rel=\"canonical\" href=\"https:\/\/iraurgiberritzen.eus\/es\/iraurgi-berritzen-acaba-de-abrir-la-convocatoria-para-contratar-a-un-empleado-para-la-oficina-de-turismo-de-loiola\/\" \/>\n<meta property=\"og:locale\" content=\"es_ES\" \/>\n<meta property=\"og:type\" content=\"article\" \/>\n<meta property=\"og:title\" content=\"Iraurgi Berritzen acaba de abrir la convocatoria para contratar a un empleado para la Oficina de Turismo de Loiola - Iraurgi Berritzen\" \/>\n<meta property=\"og:description\" content=\"Iraurgi Berritzen acaba de abrir la convocatoria para contratar a un empleado que adem\u00e1s de ofrecer el servicio de recepci\u00f3n y atenci\u00f3n a los visitantes en la Oficina de Turismo de Loiola, trabajar\u00e1 como gu\u00eda tur\u00edstico. En relaci\u00f3n a este puesto de trabajo, este empleado deber\u00e1 realizar las siguientes funciones: Dar servicio de recepci\u00f3n, atenci\u00f3n [&hellip;]\" \/>\n<meta property=\"og:url\" content=\"https:\/\/iraurgiberritzen.eus\/es\/iraurgi-berritzen-acaba-de-abrir-la-convocatoria-para-contratar-a-un-empleado-para-la-oficina-de-turismo-de-loiola\/\" \/>\n<meta property=\"og:site_name\" content=\"Iraurgi Berritzen\" \/>\n<meta property=\"article:published_time\" content=\"2015-02-26T10:59:57+00:00\" \/>\n<meta name=\"author\" content=\"kudeatzailea\" \/>\n<meta name=\"twitter:card\" content=\"summary_large_image\" \/>\n<meta name=\"twitter:label1\" content=\"Escrito por\" \/>\n\t<meta name=\"twitter:data1\" content=\"kudeatzailea\" \/>\n\t<meta name=\"twitter:label2\" content=\"Tiempo de lectura\" \/>\n\t<meta name=\"twitter:data2\" content=\"1 minuto\" \/>\n<script type=\"application\/ld+json\" class=\"yoast-schema-graph\">{\"@context\":\"https:\\\/\\\/schema.org\",\"@graph\":[{\"@type\":\"Article\",\"@id\":\"https:\\\/\\\/iraurgiberritzen.eus\\\/es\\\/iraurgi-berritzen-acaba-de-abrir-la-convocatoria-para-contratar-a-un-empleado-para-la-oficina-de-turismo-de-loiola\\\/#article\",\"isPartOf\":{\"@id\":\"https:\\\/\\\/iraurgiberritzen.eus\\\/es\\\/iraurgi-berritzen-acaba-de-abrir-la-convocatoria-para-contratar-a-un-empleado-para-la-oficina-de-turismo-de-loiola\\\/\"},\"author\":{\"name\":\"kudeatzailea\",\"@id\":\"https:\\\/\\\/iraurgiberritzen.eus\\\/es\\\/#\\\/schema\\\/person\\\/5ab41aaf388a9097177601ebf45738d2\"},\"headline\":\"Iraurgi Berritzen acaba de abrir la convocatoria para contratar a un empleado para la Oficina de Turismo de Loiola\",\"datePublished\":\"2015-02-26T10:59:57+00:00\",\"mainEntityOfPage\":{\"@id\":\"https:\\\/\\\/iraurgiberritzen.eus\\\/es\\\/iraurgi-berritzen-acaba-de-abrir-la-convocatoria-para-contratar-a-un-empleado-para-la-oficina-de-turismo-de-loiola\\\/\"},\"wordCount\":307,\"publisher\":{\"@id\":\"https:\\\/\\\/iraurgiberritzen.eus\\\/es\\\/#organization\"},\"image\":{\"@id\":\"https:\\\/\\\/iraurgiberritzen.eus\\\/es\\\/iraurgi-berritzen-acaba-de-abrir-la-convocatoria-para-contratar-a-un-empleado-para-la-oficina-de-turismo-de-loiola\\\/#primaryimage\"},\"thumbnailUrl\":\"https:\\\/\\\/iraurgiberritzen.eus\\\/wp-content\\\/uploads\\\/2023\\\/09\\\/98786352ab62965a07c516ba5d449e8a.jpg\",\"articleSection\":[\"Noticias\"],\"inLanguage\":\"es\"},{\"@type\":\"WebPage\",\"@id\":\"https:\\\/\\\/iraurgiberritzen.eus\\\/es\\\/iraurgi-berritzen-acaba-de-abrir-la-convocatoria-para-contratar-a-un-empleado-para-la-oficina-de-turismo-de-loiola\\\/\",\"url\":\"https:\\\/\\\/iraurgiberritzen.eus\\\/es\\\/iraurgi-berritzen-acaba-de-abrir-la-convocatoria-para-contratar-a-un-empleado-para-la-oficina-de-turismo-de-loiola\\\/\",\"name\":\"Iraurgi Berritzen acaba de abrir la convocatoria para contratar a un empleado para la Oficina de Turismo de Loiola - Iraurgi Berritzen\",\"isPartOf\":{\"@id\":\"https:\\\/\\\/iraurgiberritzen.eus\\\/es\\\/#website\"},\"primaryImageOfPage\":{\"@id\":\"https:\\\/\\\/iraurgiberritzen.eus\\\/es\\\/iraurgi-berritzen-acaba-de-abrir-la-convocatoria-para-contratar-a-un-empleado-para-la-oficina-de-turismo-de-loiola\\\/#primaryimage\"},\"image\":{\"@id\":\"https:\\\/\\\/iraurgiberritzen.eus\\\/es\\\/iraurgi-berritzen-acaba-de-abrir-la-convocatoria-para-contratar-a-un-empleado-para-la-oficina-de-turismo-de-loiola\\\/#primaryimage\"},\"thumbnailUrl\":\"https:\\\/\\\/iraurgiberritzen.eus\\\/wp-content\\\/uploads\\\/2023\\\/09\\\/98786352ab62965a07c516ba5d449e8a.jpg\",\"datePublished\":\"2015-02-26T10:59:57+00:00\",\"breadcrumb\":{\"@id\":\"https:\\\/\\\/iraurgiberritzen.eus\\\/es\\\/iraurgi-berritzen-acaba-de-abrir-la-convocatoria-para-contratar-a-un-empleado-para-la-oficina-de-turismo-de-loiola\\\/#breadcrumb\"},\"inLanguage\":\"es\",\"potentialAction\":[{\"@type\":\"ReadAction\",\"target\":[\"https:\\\/\\\/iraurgiberritzen.eus\\\/es\\\/iraurgi-berritzen-acaba-de-abrir-la-convocatoria-para-contratar-a-un-empleado-para-la-oficina-de-turismo-de-loiola\\\/\"]}]},{\"@type\":\"ImageObject\",\"inLanguage\":\"es\",\"@id\":\"https:\\\/\\\/iraurgiberritzen.eus\\\/es\\\/iraurgi-berritzen-acaba-de-abrir-la-convocatoria-para-contratar-a-un-empleado-para-la-oficina-de-turismo-de-loiola\\\/#primaryimage\",\"url\":\"https:\\\/\\\/iraurgiberritzen.eus\\\/wp-content\\\/uploads\\\/2023\\\/09\\\/98786352ab62965a07c516ba5d449e8a.jpg\",\"contentUrl\":\"https:\\\/\\\/iraurgiberritzen.eus\\\/wp-content\\\/uploads\\\/2023\\\/09\\\/98786352ab62965a07c516ba5d449e8a.jpg\",\"width\":600,\"height\":386},{\"@type\":\"BreadcrumbList\",\"@id\":\"https:\\\/\\\/iraurgiberritzen.eus\\\/es\\\/iraurgi-berritzen-acaba-de-abrir-la-convocatoria-para-contratar-a-un-empleado-para-la-oficina-de-turismo-de-loiola\\\/#breadcrumb\",\"itemListElement\":[{\"@type\":\"ListItem\",\"position\":1,\"name\":\"Home\",\"item\":\"https:\\\/\\\/iraurgiberritzen.eus\\\/es\\\/\"},{\"@type\":\"ListItem\",\"position\":2,\"name\":\"Iraurgi Berritzen acaba de abrir la convocatoria para contratar a un empleado para la Oficina de Turismo de Loiola\"}]},{\"@type\":\"WebSite\",\"@id\":\"https:\\\/\\\/iraurgiberritzen.eus\\\/es\\\/#website\",\"url\":\"https:\\\/\\\/iraurgiberritzen.eus\\\/es\\\/\",\"name\":\"Iraurgi Berritzen\",\"description\":\"Urola Erdiko Garapen Agentzia\",\"publisher\":{\"@id\":\"https:\\\/\\\/iraurgiberritzen.eus\\\/es\\\/#organization\"},\"potentialAction\":[{\"@type\":\"SearchAction\",\"target\":{\"@type\":\"EntryPoint\",\"urlTemplate\":\"https:\\\/\\\/iraurgiberritzen.eus\\\/es\\\/?s={search_term_string}\"},\"query-input\":{\"@type\":\"PropertyValueSpecification\",\"valueRequired\":true,\"valueName\":\"search_term_string\"}}],\"inLanguage\":\"es\"},{\"@type\":\"Organization\",\"@id\":\"https:\\\/\\\/iraurgiberritzen.eus\\\/es\\\/#organization\",\"name\":\"Iraurgi Berritzen\",\"url\":\"https:\\\/\\\/iraurgiberritzen.eus\\\/es\\\/\",\"logo\":{\"@type\":\"ImageObject\",\"inLanguage\":\"es\",\"@id\":\"https:\\\/\\\/iraurgiberritzen.eus\\\/es\\\/#\\\/schema\\\/logo\\\/image\\\/\",\"url\":\"https:\\\/\\\/iraurgiberritzen.eus\\\/wp-content\\\/uploads\\\/2024\\\/02\\\/IRAURGI-BERRITZEN-logotipoa_2.png\",\"contentUrl\":\"https:\\\/\\\/iraurgiberritzen.eus\\\/wp-content\\\/uploads\\\/2024\\\/02\\\/IRAURGI-BERRITZEN-logotipoa_2.png\",\"width\":496,\"height\":190,\"caption\":\"Iraurgi Berritzen\"},\"image\":{\"@id\":\"https:\\\/\\\/iraurgiberritzen.eus\\\/es\\\/#\\\/schema\\\/logo\\\/image\\\/\"}},{\"@type\":\"Person\",\"@id\":\"https:\\\/\\\/iraurgiberritzen.eus\\\/es\\\/#\\\/schema\\\/person\\\/5ab41aaf388a9097177601ebf45738d2\",\"name\":\"kudeatzailea\",\"sameAs\":[\"https:\\\/\\\/iraurgiberritzen.eus\"]}]}<\/script>\n<!-- \/ Yoast SEO plugin. -->","yoast_head_json":{"title":"Iraurgi Berritzen acaba de abrir la convocatoria para contratar a un empleado para la Oficina de Turismo de Loiola - Iraurgi Berritzen","robots":{"index":"index","follow":"follow","max-snippet":"max-snippet:-1","max-image-preview":"max-image-preview:large","max-video-preview":"max-video-preview:-1"},"canonical":"https:\/\/iraurgiberritzen.eus\/es\/iraurgi-berritzen-acaba-de-abrir-la-convocatoria-para-contratar-a-un-empleado-para-la-oficina-de-turismo-de-loiola\/","og_locale":"es_ES","og_type":"article","og_title":"Iraurgi Berritzen acaba de abrir la convocatoria para contratar a un empleado para la Oficina de Turismo de Loiola - Iraurgi Berritzen","og_description":"Iraurgi Berritzen acaba de abrir la convocatoria para contratar a un empleado que adem\u00e1s de ofrecer el servicio de recepci\u00f3n y atenci\u00f3n a los visitantes en la Oficina de Turismo de Loiola, trabajar\u00e1 como gu\u00eda tur\u00edstico. En relaci\u00f3n a este puesto de trabajo, este empleado deber\u00e1 realizar las siguientes funciones: Dar servicio de recepci\u00f3n, atenci\u00f3n [&hellip;]","og_url":"https:\/\/iraurgiberritzen.eus\/es\/iraurgi-berritzen-acaba-de-abrir-la-convocatoria-para-contratar-a-un-empleado-para-la-oficina-de-turismo-de-loiola\/","og_site_name":"Iraurgi Berritzen","article_published_time":"2015-02-26T10:59:57+00:00","author":"kudeatzailea","twitter_card":"summary_large_image","twitter_misc":{"Escrito por":"kudeatzailea","Tiempo de lectura":"1 minuto"},"schema":{"@context":"https:\/\/schema.org","@graph":[{"@type":"Article","@id":"https:\/\/iraurgiberritzen.eus\/es\/iraurgi-berritzen-acaba-de-abrir-la-convocatoria-para-contratar-a-un-empleado-para-la-oficina-de-turismo-de-loiola\/#article","isPartOf":{"@id":"https:\/\/iraurgiberritzen.eus\/es\/iraurgi-berritzen-acaba-de-abrir-la-convocatoria-para-contratar-a-un-empleado-para-la-oficina-de-turismo-de-loiola\/"},"author":{"name":"kudeatzailea","@id":"https:\/\/iraurgiberritzen.eus\/es\/#\/schema\/person\/5ab41aaf388a9097177601ebf45738d2"},"headline":"Iraurgi Berritzen acaba de abrir la convocatoria para contratar a un empleado para la Oficina de Turismo de Loiola","datePublished":"2015-02-26T10:59:57+00:00","mainEntityOfPage":{"@id":"https:\/\/iraurgiberritzen.eus\/es\/iraurgi-berritzen-acaba-de-abrir-la-convocatoria-para-contratar-a-un-empleado-para-la-oficina-de-turismo-de-loiola\/"},"wordCount":307,"publisher":{"@id":"https:\/\/iraurgiberritzen.eus\/es\/#organization"},"image":{"@id":"https:\/\/iraurgiberritzen.eus\/es\/iraurgi-berritzen-acaba-de-abrir-la-convocatoria-para-contratar-a-un-empleado-para-la-oficina-de-turismo-de-loiola\/#primaryimage"},"thumbnailUrl":"https:\/\/iraurgiberritzen.eus\/wp-content\/uploads\/2023\/09\/98786352ab62965a07c516ba5d449e8a.jpg","articleSection":["Noticias"],"inLanguage":"es"},{"@type":"WebPage","@id":"https:\/\/iraurgiberritzen.eus\/es\/iraurgi-berritzen-acaba-de-abrir-la-convocatoria-para-contratar-a-un-empleado-para-la-oficina-de-turismo-de-loiola\/","url":"https:\/\/iraurgiberritzen.eus\/es\/iraurgi-berritzen-acaba-de-abrir-la-convocatoria-para-contratar-a-un-empleado-para-la-oficina-de-turismo-de-loiola\/","name":"Iraurgi Berritzen acaba de abrir la convocatoria para contratar a un empleado para la Oficina de Turismo de Loiola - Iraurgi Berritzen","isPartOf":{"@id":"https:\/\/iraurgiberritzen.eus\/es\/#website"},"primaryImageOfPage":{"@id":"https:\/\/iraurgiberritzen.eus\/es\/iraurgi-berritzen-acaba-de-abrir-la-convocatoria-para-contratar-a-un-empleado-para-la-oficina-de-turismo-de-loiola\/#primaryimage"},"image":{"@id":"https:\/\/iraurgiberritzen.eus\/es\/iraurgi-berritzen-acaba-de-abrir-la-convocatoria-para-contratar-a-un-empleado-para-la-oficina-de-turismo-de-loiola\/#primaryimage"},"thumbnailUrl":"https:\/\/iraurgiberritzen.eus\/wp-content\/uploads\/2023\/09\/98786352ab62965a07c516ba5d449e8a.jpg","datePublished":"2015-02-26T10:59:57+00:00","breadcrumb":{"@id":"https:\/\/iraurgiberritzen.eus\/es\/iraurgi-berritzen-acaba-de-abrir-la-convocatoria-para-contratar-a-un-empleado-para-la-oficina-de-turismo-de-loiola\/#breadcrumb"},"inLanguage":"es","potentialAction":[{"@type":"ReadAction","target":["https:\/\/iraurgiberritzen.eus\/es\/iraurgi-berritzen-acaba-de-abrir-la-convocatoria-para-contratar-a-un-empleado-para-la-oficina-de-turismo-de-loiola\/"]}]},{"@type":"ImageObject","inLanguage":"es","@id":"https:\/\/iraurgiberritzen.eus\/es\/iraurgi-berritzen-acaba-de-abrir-la-convocatoria-para-contratar-a-un-empleado-para-la-oficina-de-turismo-de-loiola\/#primaryimage","url":"https:\/\/iraurgiberritzen.eus\/wp-content\/uploads\/2023\/09\/98786352ab62965a07c516ba5d449e8a.jpg","contentUrl":"https:\/\/iraurgiberritzen.eus\/wp-content\/uploads\/2023\/09\/98786352ab62965a07c516ba5d449e8a.jpg","width":600,"height":386},{"@type":"BreadcrumbList","@id":"https:\/\/iraurgiberritzen.eus\/es\/iraurgi-berritzen-acaba-de-abrir-la-convocatoria-para-contratar-a-un-empleado-para-la-oficina-de-turismo-de-loiola\/#breadcrumb","itemListElement":[{"@type":"ListItem","position":1,"name":"Home","item":"https:\/\/iraurgiberritzen.eus\/es\/"},{"@type":"ListItem","position":2,"name":"Iraurgi Berritzen acaba de abrir la convocatoria para contratar a un empleado para la Oficina de Turismo de Loiola"}]},{"@type":"WebSite","@id":"https:\/\/iraurgiberritzen.eus\/es\/#website","url":"https:\/\/iraurgiberritzen.eus\/es\/","name":"Iraurgi Berritzen","description":"Urola Erdiko Garapen Agentzia","publisher":{"@id":"https:\/\/iraurgiberritzen.eus\/es\/#organization"},"potentialAction":[{"@type":"SearchAction","target":{"@type":"EntryPoint","urlTemplate":"https:\/\/iraurgiberritzen.eus\/es\/?s={search_term_string}"},"query-input":{"@type":"PropertyValueSpecification","valueRequired":true,"valueName":"search_term_string"}}],"inLanguage":"es"},{"@type":"Organization","@id":"https:\/\/iraurgiberritzen.eus\/es\/#organization","name":"Iraurgi Berritzen","url":"https:\/\/iraurgiberritzen.eus\/es\/","logo":{"@type":"ImageObject","inLanguage":"es","@id":"https:\/\/iraurgiberritzen.eus\/es\/#\/schema\/logo\/image\/","url":"https:\/\/iraurgiberritzen.eus\/wp-content\/uploads\/2024\/02\/IRAURGI-BERRITZEN-logotipoa_2.png","contentUrl":"https:\/\/iraurgiberritzen.eus\/wp-content\/uploads\/2024\/02\/IRAURGI-BERRITZEN-logotipoa_2.png","width":496,"height":190,"caption":"Iraurgi Berritzen"},"image":{"@id":"https:\/\/iraurgiberritzen.eus\/es\/#\/schema\/logo\/image\/"}},{"@type":"Person","@id":"https:\/\/iraurgiberritzen.eus\/es\/#\/schema\/person\/5ab41aaf388a9097177601ebf45738d2","name":"kudeatzailea","sameAs":["https:\/\/iraurgiberritzen.eus"]}]}},"_links":{"self":[{"href":"https:\/\/iraurgiberritzen.eus\/es\/wp-json\/wp\/v2\/posts\/11799","targetHints":{"allow":["GET"]}}],"collection":[{"href":"https:\/\/iraurgiberritzen.eus\/es\/wp-json\/wp\/v2\/posts"}],"about":[{"href":"https:\/\/iraurgiberritzen.eus\/es\/wp-json\/wp\/v2\/types\/post"}],"author":[{"embeddable":true,"href":"https:\/\/iraurgiberritzen.eus\/es\/wp-json\/wp\/v2\/users\/1"}],"replies":[{"embeddable":true,"href":"https:\/\/iraurgiberritzen.eus\/es\/wp-json\/wp\/v2\/comments?post=11799"}],"version-history":[{"count":0,"href":"https:\/\/iraurgiberritzen.eus\/es\/wp-json\/wp\/v2\/posts\/11799\/revisions"}],"wp:featuredmedia":[{"embeddable":true,"href":"https:\/\/iraurgiberritzen.eus\/es\/wp-json\/wp\/v2\/media\/18057"}],"wp:attachment":[{"href":"https:\/\/iraurgiberritzen.eus\/es\/wp-json\/wp\/v2\/media?parent=11799"}],"wp:term":[{"taxonomy":"category","embeddable":true,"href":"https:\/\/iraurgiberritzen.eus\/es\/wp-json\/wp\/v2\/categories?post=11799"},{"taxonomy":"post_tag","embeddable":true,"href":"https:\/\/iraurgiberritzen.eus\/es\/wp-json\/wp\/v2\/tags?post=11799"}],"curies":[{"name":"wp","href":"https:\/\/api.w.org\/{rel}","templated":true}]}}