{"id":11805,"date":"2015-03-02T08:20:24","date_gmt":"2015-03-02T06:20:24","guid":{"rendered":"https:\/\/iraurgiberritzen.eus\/abierto-el-plazo-de-inscripcion-para-las-becas-de-internacionalizacion-2015-del-gobierno-vasco\/"},"modified":"2015-03-02T08:20:24","modified_gmt":"2015-03-02T06:20:24","slug":"abierto-el-plazo-de-inscripcion-para-las-becas-de-internacionalizacion-2015-del-gobierno-vasco","status":"publish","type":"post","link":"https:\/\/iraurgiberritzen.eus\/es\/abierto-el-plazo-de-inscripcion-para-las-becas-de-internacionalizacion-2015-del-gobierno-vasco\/","title":{"rendered":"Abierto el plazo de inscripci\u00f3n para las Becas de Internacionalizaci\u00f3n 2015 del Gobierno Vasco"},"content":{"rendered":"<p style=\"text-align: justify;\">El objetivo es facilitar mediante una adecuada formaci\u00f3n, la incorporaci\u00f3n de los j\u00f3venes vascos al mundo laboral, y en consecuencia apoyar a las empresas en sus labores de expansi\u00f3n en los mercados exteriores.<\/p>\n<p style=\"text-align: justify;\">La internacionalizaci\u00f3n de la econom\u00eda vasca se concibe como proceso un integral orientado hacia una econom\u00eda abierta, con un enfoque de mercado as\u00ed como tambi\u00e9n con un enfoque productivo y con un enfoque social. Esta perspectiva deber\u00eda permitir mejorar la competitividad y la internacionalizaci\u00f3n de las empresas vascas en el contexto global.<\/p>\n<p style=\"text-align: justify;\">Las becas se desarrollan en 3 fases de formaci\u00f3n te\u00f3rica, formaci\u00f3n pr\u00e1ctica en entidades colaboradoras y formaci\u00f3n pr\u00e1ctica en empresas.<\/p>\n<h3 style=\"text-align: justify;\">FASES Y MODALIDADES<\/h3>\n<ul>\n<li style=\"text-align: justify;\">Fase 1: Formaci\u00f3n Te\u00f3rica Especializada. Curso de especializaci\u00f3n de 300 horas lectivas impartido por la EHU-UPV. Constituye un T\u00edtulo Propio de Especialista de Universidad en Internacionalizaci\u00f3n en el Ambito Empresarial.<\/li>\n<li style=\"text-align: justify;\">Fase 2: Formaci\u00f3n Pr\u00e1ctica en Entidades Colaboradoras: Oficinas Comerciales Espa\u00f1olas en el extranjero, Oficinas de SPRI, Asociaciones y Clusters del Pa\u00eds Vasco, y otros organismos de promoci\u00f3n de la internacionalizaci\u00f3n. 12 meses.<\/li>\n<li style=\"text-align: justify;\">Fase 3: Formaci\u00f3n Pr\u00e1ctica en Empresas Colaboradoras. 8 meses.<\/li>\n<\/ul>\n<h3 style=\"text-align: justify;\">DOTACI\u00d3N ECON\u00d3MICA 2015<\/h3>\n<p style=\"text-align: justify;\">Para un m\u00e1ximo de 100 Becas de Internacionalizaci\u00f3n en Modalidad A durante el ejercicio 2015, una dotaci\u00f3n econ\u00f3mica de 120.000 euros.<\/p>\n<p style=\"text-align: justify;\">Para un m\u00e1ximo de 80 Becas de Internacionalizaci\u00f3n en Modalidades B y C durante el ejercicio 2015, la convocatoria dispone de una dotaci\u00f3n econ\u00f3mica de 2.479.800 euros.<\/p>\n<p style=\"text-align: justify;\">Las dotaciones individuales en la Modalidad B para las Fases 2 y 3, oscilar\u00e1n entre 20.000 y 50.000 euros, y en la Modalidad C para la Fase 3, oscilar\u00e1n entre 8.000 y 20.000 euros.<\/p>\n<h3 style=\"text-align: justify;\">BENEFICIARIOS DEL PROGRAMA<\/h3>\n<p>Podr\u00e1n optar al proceso selectivo y, en su caso, podr\u00e1n alcanzar la condici\u00f3n de becarios y becarias de internacionalizaci\u00f3n, las personas f\u00edsicas que re\u00fanan los requisitos siguientes:<\/p>\n<ul>\n<li>Vecindad administrativa en la Comunidad Aut\u00f3noma del Pa\u00eds Vasco.<\/li>\n<li>Titulaci\u00f3n Universitaria Superior el d\u00eda de apertura del plazo de solicitud.<\/li>\n<li>No tener cumplidos 28 a\u00f1os el d\u00eda de apertura del plazo de solicitud.<\/li>\n<li>Dominio de Ingl\u00e9s.<\/li>\n<li>No haber sido beneficiario de ninguna otra ayuda o beca de similares caracter\u00edsticas<\/li>\n<\/ul>\n<p>Toda la informaci\u00f3n en: <a href=\"http:\/\/www.euskadi.eus\/r33-2288\/es\/contenidos\/ayuda_subvencion\/beint_15\/es_beint_\/es_arch.html\">http:\/\/www.euskadi.eus\/r33-2288\/es\/contenidos\/ayuda_subvencion\/beint_15\/es_beint_\/es_arch.html<\/a><\/p>\n<p>&nbsp;<\/p>\n","protected":false},"excerpt":{"rendered":"<p>El objetivo es facilitar mediante una adecuada formaci\u00f3n, la incorporaci\u00f3n de los j\u00f3venes vascos al mundo laboral, y en consecuencia apoyar a las empresas en sus labores de expansi\u00f3n en los mercados exteriores. La internacionalizaci\u00f3n de la econom\u00eda vasca se concibe como proceso un integral orientado hacia una econom\u00eda abierta, con un enfoque de mercado [&hellip;]<\/p>\n","protected":false},"author":1,"featured_media":18059,"comment_status":"","ping_status":"closed","sticky":false,"template":"","format":"standard","meta":{"_acf_changed":false,"footnotes":""},"categories":[4],"tags":[],"class_list":["post-11805","post","type-post","status-publish","format-standard","has-post-thumbnail","hentry","category-noticias"],"acf":[],"yoast_head":"<!-- This site is optimized with the Yoast SEO plugin v27.4 - https:\/\/yoast.com\/product\/yoast-seo-wordpress\/ -->\n<title>Abierto el plazo de inscripci\u00f3n para las Becas de Internacionalizaci\u00f3n 2015 del Gobierno Vasco - Iraurgi Berritzen<\/title>\n<meta name=\"robots\" content=\"index, follow, max-snippet:-1, max-image-preview:large, max-video-preview:-1\" \/>\n<link rel=\"canonical\" href=\"https:\/\/iraurgiberritzen.eus\/es\/abierto-el-plazo-de-inscripcion-para-las-becas-de-internacionalizacion-2015-del-gobierno-vasco\/\" \/>\n<meta property=\"og:locale\" content=\"es_ES\" \/>\n<meta property=\"og:type\" content=\"article\" \/>\n<meta property=\"og:title\" content=\"Abierto el plazo de inscripci\u00f3n para las Becas de Internacionalizaci\u00f3n 2015 del Gobierno Vasco - Iraurgi Berritzen\" \/>\n<meta property=\"og:description\" content=\"El objetivo es facilitar mediante una adecuada formaci\u00f3n, la incorporaci\u00f3n de los j\u00f3venes vascos al mundo laboral, y en consecuencia apoyar a las empresas en sus labores de expansi\u00f3n en los mercados exteriores. La internacionalizaci\u00f3n de la econom\u00eda vasca se concibe como proceso un integral orientado hacia una econom\u00eda abierta, con un enfoque de mercado [&hellip;]\" \/>\n<meta property=\"og:url\" content=\"https:\/\/iraurgiberritzen.eus\/es\/abierto-el-plazo-de-inscripcion-para-las-becas-de-internacionalizacion-2015-del-gobierno-vasco\/\" \/>\n<meta property=\"og:site_name\" content=\"Iraurgi Berritzen\" \/>\n<meta property=\"article:published_time\" content=\"2015-03-02T06:20:24+00:00\" \/>\n<meta name=\"author\" content=\"kudeatzailea\" \/>\n<meta name=\"twitter:card\" content=\"summary_large_image\" \/>\n<meta name=\"twitter:label1\" content=\"Escrito por\" \/>\n\t<meta name=\"twitter:data1\" content=\"kudeatzailea\" \/>\n\t<meta name=\"twitter:label2\" content=\"Tiempo de lectura\" \/>\n\t<meta name=\"twitter:data2\" content=\"2 minutos\" \/>\n<script type=\"application\/ld+json\" class=\"yoast-schema-graph\">{\"@context\":\"https:\\\/\\\/schema.org\",\"@graph\":[{\"@type\":\"Article\",\"@id\":\"https:\\\/\\\/iraurgiberritzen.eus\\\/es\\\/abierto-el-plazo-de-inscripcion-para-las-becas-de-internacionalizacion-2015-del-gobierno-vasco\\\/#article\",\"isPartOf\":{\"@id\":\"https:\\\/\\\/iraurgiberritzen.eus\\\/es\\\/abierto-el-plazo-de-inscripcion-para-las-becas-de-internacionalizacion-2015-del-gobierno-vasco\\\/\"},\"author\":{\"name\":\"kudeatzailea\",\"@id\":\"https:\\\/\\\/iraurgiberritzen.eus\\\/es\\\/#\\\/schema\\\/person\\\/5ab41aaf388a9097177601ebf45738d2\"},\"headline\":\"Abierto el plazo de inscripci\u00f3n para las Becas de Internacionalizaci\u00f3n 2015 del Gobierno Vasco\",\"datePublished\":\"2015-03-02T06:20:24+00:00\",\"mainEntityOfPage\":{\"@id\":\"https:\\\/\\\/iraurgiberritzen.eus\\\/es\\\/abierto-el-plazo-de-inscripcion-para-las-becas-de-internacionalizacion-2015-del-gobierno-vasco\\\/\"},\"wordCount\":413,\"publisher\":{\"@id\":\"https:\\\/\\\/iraurgiberritzen.eus\\\/es\\\/#organization\"},\"image\":{\"@id\":\"https:\\\/\\\/iraurgiberritzen.eus\\\/es\\\/abierto-el-plazo-de-inscripcion-para-las-becas-de-internacionalizacion-2015-del-gobierno-vasco\\\/#primaryimage\"},\"thumbnailUrl\":\"https:\\\/\\\/iraurgiberritzen.eus\\\/wp-content\\\/uploads\\\/2023\\\/09\\\/0d422469a7bfe49699e19d8d898530d7.jpg\",\"articleSection\":[\"Noticias\"],\"inLanguage\":\"es\"},{\"@type\":\"WebPage\",\"@id\":\"https:\\\/\\\/iraurgiberritzen.eus\\\/es\\\/abierto-el-plazo-de-inscripcion-para-las-becas-de-internacionalizacion-2015-del-gobierno-vasco\\\/\",\"url\":\"https:\\\/\\\/iraurgiberritzen.eus\\\/es\\\/abierto-el-plazo-de-inscripcion-para-las-becas-de-internacionalizacion-2015-del-gobierno-vasco\\\/\",\"name\":\"Abierto el plazo de inscripci\u00f3n para las Becas de Internacionalizaci\u00f3n 2015 del Gobierno Vasco - Iraurgi Berritzen\",\"isPartOf\":{\"@id\":\"https:\\\/\\\/iraurgiberritzen.eus\\\/es\\\/#website\"},\"primaryImageOfPage\":{\"@id\":\"https:\\\/\\\/iraurgiberritzen.eus\\\/es\\\/abierto-el-plazo-de-inscripcion-para-las-becas-de-internacionalizacion-2015-del-gobierno-vasco\\\/#primaryimage\"},\"image\":{\"@id\":\"https:\\\/\\\/iraurgiberritzen.eus\\\/es\\\/abierto-el-plazo-de-inscripcion-para-las-becas-de-internacionalizacion-2015-del-gobierno-vasco\\\/#primaryimage\"},\"thumbnailUrl\":\"https:\\\/\\\/iraurgiberritzen.eus\\\/wp-content\\\/uploads\\\/2023\\\/09\\\/0d422469a7bfe49699e19d8d898530d7.jpg\",\"datePublished\":\"2015-03-02T06:20:24+00:00\",\"breadcrumb\":{\"@id\":\"https:\\\/\\\/iraurgiberritzen.eus\\\/es\\\/abierto-el-plazo-de-inscripcion-para-las-becas-de-internacionalizacion-2015-del-gobierno-vasco\\\/#breadcrumb\"},\"inLanguage\":\"es\",\"potentialAction\":[{\"@type\":\"ReadAction\",\"target\":[\"https:\\\/\\\/iraurgiberritzen.eus\\\/es\\\/abierto-el-plazo-de-inscripcion-para-las-becas-de-internacionalizacion-2015-del-gobierno-vasco\\\/\"]}]},{\"@type\":\"ImageObject\",\"inLanguage\":\"es\",\"@id\":\"https:\\\/\\\/iraurgiberritzen.eus\\\/es\\\/abierto-el-plazo-de-inscripcion-para-las-becas-de-internacionalizacion-2015-del-gobierno-vasco\\\/#primaryimage\",\"url\":\"https:\\\/\\\/iraurgiberritzen.eus\\\/wp-content\\\/uploads\\\/2023\\\/09\\\/0d422469a7bfe49699e19d8d898530d7.jpg\",\"contentUrl\":\"https:\\\/\\\/iraurgiberritzen.eus\\\/wp-content\\\/uploads\\\/2023\\\/09\\\/0d422469a7bfe49699e19d8d898530d7.jpg\",\"width\":600,\"height\":386},{\"@type\":\"BreadcrumbList\",\"@id\":\"https:\\\/\\\/iraurgiberritzen.eus\\\/es\\\/abierto-el-plazo-de-inscripcion-para-las-becas-de-internacionalizacion-2015-del-gobierno-vasco\\\/#breadcrumb\",\"itemListElement\":[{\"@type\":\"ListItem\",\"position\":1,\"name\":\"Home\",\"item\":\"https:\\\/\\\/iraurgiberritzen.eus\\\/es\\\/\"},{\"@type\":\"ListItem\",\"position\":2,\"name\":\"Abierto el plazo de inscripci\u00f3n para las Becas de Internacionalizaci\u00f3n 2015 del Gobierno Vasco\"}]},{\"@type\":\"WebSite\",\"@id\":\"https:\\\/\\\/iraurgiberritzen.eus\\\/es\\\/#website\",\"url\":\"https:\\\/\\\/iraurgiberritzen.eus\\\/es\\\/\",\"name\":\"Iraurgi Berritzen\",\"description\":\"Urola Erdiko Garapen Agentzia\",\"publisher\":{\"@id\":\"https:\\\/\\\/iraurgiberritzen.eus\\\/es\\\/#organization\"},\"potentialAction\":[{\"@type\":\"SearchAction\",\"target\":{\"@type\":\"EntryPoint\",\"urlTemplate\":\"https:\\\/\\\/iraurgiberritzen.eus\\\/es\\\/?s={search_term_string}\"},\"query-input\":{\"@type\":\"PropertyValueSpecification\",\"valueRequired\":true,\"valueName\":\"search_term_string\"}}],\"inLanguage\":\"es\"},{\"@type\":\"Organization\",\"@id\":\"https:\\\/\\\/iraurgiberritzen.eus\\\/es\\\/#organization\",\"name\":\"Iraurgi Berritzen\",\"url\":\"https:\\\/\\\/iraurgiberritzen.eus\\\/es\\\/\",\"logo\":{\"@type\":\"ImageObject\",\"inLanguage\":\"es\",\"@id\":\"https:\\\/\\\/iraurgiberritzen.eus\\\/es\\\/#\\\/schema\\\/logo\\\/image\\\/\",\"url\":\"https:\\\/\\\/iraurgiberritzen.eus\\\/wp-content\\\/uploads\\\/2024\\\/02\\\/IRAURGI-BERRITZEN-logotipoa_2.png\",\"contentUrl\":\"https:\\\/\\\/iraurgiberritzen.eus\\\/wp-content\\\/uploads\\\/2024\\\/02\\\/IRAURGI-BERRITZEN-logotipoa_2.png\",\"width\":496,\"height\":190,\"caption\":\"Iraurgi Berritzen\"},\"image\":{\"@id\":\"https:\\\/\\\/iraurgiberritzen.eus\\\/es\\\/#\\\/schema\\\/logo\\\/image\\\/\"}},{\"@type\":\"Person\",\"@id\":\"https:\\\/\\\/iraurgiberritzen.eus\\\/es\\\/#\\\/schema\\\/person\\\/5ab41aaf388a9097177601ebf45738d2\",\"name\":\"kudeatzailea\",\"sameAs\":[\"https:\\\/\\\/iraurgiberritzen.eus\"]}]}<\/script>\n<!-- \/ Yoast SEO plugin. -->","yoast_head_json":{"title":"Abierto el plazo de inscripci\u00f3n para las Becas de Internacionalizaci\u00f3n 2015 del Gobierno Vasco - Iraurgi Berritzen","robots":{"index":"index","follow":"follow","max-snippet":"max-snippet:-1","max-image-preview":"max-image-preview:large","max-video-preview":"max-video-preview:-1"},"canonical":"https:\/\/iraurgiberritzen.eus\/es\/abierto-el-plazo-de-inscripcion-para-las-becas-de-internacionalizacion-2015-del-gobierno-vasco\/","og_locale":"es_ES","og_type":"article","og_title":"Abierto el plazo de inscripci\u00f3n para las Becas de Internacionalizaci\u00f3n 2015 del Gobierno Vasco - Iraurgi Berritzen","og_description":"El objetivo es facilitar mediante una adecuada formaci\u00f3n, la incorporaci\u00f3n de los j\u00f3venes vascos al mundo laboral, y en consecuencia apoyar a las empresas en sus labores de expansi\u00f3n en los mercados exteriores. La internacionalizaci\u00f3n de la econom\u00eda vasca se concibe como proceso un integral orientado hacia una econom\u00eda abierta, con un enfoque de mercado [&hellip;]","og_url":"https:\/\/iraurgiberritzen.eus\/es\/abierto-el-plazo-de-inscripcion-para-las-becas-de-internacionalizacion-2015-del-gobierno-vasco\/","og_site_name":"Iraurgi Berritzen","article_published_time":"2015-03-02T06:20:24+00:00","author":"kudeatzailea","twitter_card":"summary_large_image","twitter_misc":{"Escrito por":"kudeatzailea","Tiempo de lectura":"2 minutos"},"schema":{"@context":"https:\/\/schema.org","@graph":[{"@type":"Article","@id":"https:\/\/iraurgiberritzen.eus\/es\/abierto-el-plazo-de-inscripcion-para-las-becas-de-internacionalizacion-2015-del-gobierno-vasco\/#article","isPartOf":{"@id":"https:\/\/iraurgiberritzen.eus\/es\/abierto-el-plazo-de-inscripcion-para-las-becas-de-internacionalizacion-2015-del-gobierno-vasco\/"},"author":{"name":"kudeatzailea","@id":"https:\/\/iraurgiberritzen.eus\/es\/#\/schema\/person\/5ab41aaf388a9097177601ebf45738d2"},"headline":"Abierto el plazo de inscripci\u00f3n para las Becas de Internacionalizaci\u00f3n 2015 del Gobierno Vasco","datePublished":"2015-03-02T06:20:24+00:00","mainEntityOfPage":{"@id":"https:\/\/iraurgiberritzen.eus\/es\/abierto-el-plazo-de-inscripcion-para-las-becas-de-internacionalizacion-2015-del-gobierno-vasco\/"},"wordCount":413,"publisher":{"@id":"https:\/\/iraurgiberritzen.eus\/es\/#organization"},"image":{"@id":"https:\/\/iraurgiberritzen.eus\/es\/abierto-el-plazo-de-inscripcion-para-las-becas-de-internacionalizacion-2015-del-gobierno-vasco\/#primaryimage"},"thumbnailUrl":"https:\/\/iraurgiberritzen.eus\/wp-content\/uploads\/2023\/09\/0d422469a7bfe49699e19d8d898530d7.jpg","articleSection":["Noticias"],"inLanguage":"es"},{"@type":"WebPage","@id":"https:\/\/iraurgiberritzen.eus\/es\/abierto-el-plazo-de-inscripcion-para-las-becas-de-internacionalizacion-2015-del-gobierno-vasco\/","url":"https:\/\/iraurgiberritzen.eus\/es\/abierto-el-plazo-de-inscripcion-para-las-becas-de-internacionalizacion-2015-del-gobierno-vasco\/","name":"Abierto el plazo de inscripci\u00f3n para las Becas de Internacionalizaci\u00f3n 2015 del Gobierno Vasco - Iraurgi Berritzen","isPartOf":{"@id":"https:\/\/iraurgiberritzen.eus\/es\/#website"},"primaryImageOfPage":{"@id":"https:\/\/iraurgiberritzen.eus\/es\/abierto-el-plazo-de-inscripcion-para-las-becas-de-internacionalizacion-2015-del-gobierno-vasco\/#primaryimage"},"image":{"@id":"https:\/\/iraurgiberritzen.eus\/es\/abierto-el-plazo-de-inscripcion-para-las-becas-de-internacionalizacion-2015-del-gobierno-vasco\/#primaryimage"},"thumbnailUrl":"https:\/\/iraurgiberritzen.eus\/wp-content\/uploads\/2023\/09\/0d422469a7bfe49699e19d8d898530d7.jpg","datePublished":"2015-03-02T06:20:24+00:00","breadcrumb":{"@id":"https:\/\/iraurgiberritzen.eus\/es\/abierto-el-plazo-de-inscripcion-para-las-becas-de-internacionalizacion-2015-del-gobierno-vasco\/#breadcrumb"},"inLanguage":"es","potentialAction":[{"@type":"ReadAction","target":["https:\/\/iraurgiberritzen.eus\/es\/abierto-el-plazo-de-inscripcion-para-las-becas-de-internacionalizacion-2015-del-gobierno-vasco\/"]}]},{"@type":"ImageObject","inLanguage":"es","@id":"https:\/\/iraurgiberritzen.eus\/es\/abierto-el-plazo-de-inscripcion-para-las-becas-de-internacionalizacion-2015-del-gobierno-vasco\/#primaryimage","url":"https:\/\/iraurgiberritzen.eus\/wp-content\/uploads\/2023\/09\/0d422469a7bfe49699e19d8d898530d7.jpg","contentUrl":"https:\/\/iraurgiberritzen.eus\/wp-content\/uploads\/2023\/09\/0d422469a7bfe49699e19d8d898530d7.jpg","width":600,"height":386},{"@type":"BreadcrumbList","@id":"https:\/\/iraurgiberritzen.eus\/es\/abierto-el-plazo-de-inscripcion-para-las-becas-de-internacionalizacion-2015-del-gobierno-vasco\/#breadcrumb","itemListElement":[{"@type":"ListItem","position":1,"name":"Home","item":"https:\/\/iraurgiberritzen.eus\/es\/"},{"@type":"ListItem","position":2,"name":"Abierto el plazo de inscripci\u00f3n para las Becas de Internacionalizaci\u00f3n 2015 del Gobierno Vasco"}]},{"@type":"WebSite","@id":"https:\/\/iraurgiberritzen.eus\/es\/#website","url":"https:\/\/iraurgiberritzen.eus\/es\/","name":"Iraurgi Berritzen","description":"Urola Erdiko Garapen Agentzia","publisher":{"@id":"https:\/\/iraurgiberritzen.eus\/es\/#organization"},"potentialAction":[{"@type":"SearchAction","target":{"@type":"EntryPoint","urlTemplate":"https:\/\/iraurgiberritzen.eus\/es\/?s={search_term_string}"},"query-input":{"@type":"PropertyValueSpecification","valueRequired":true,"valueName":"search_term_string"}}],"inLanguage":"es"},{"@type":"Organization","@id":"https:\/\/iraurgiberritzen.eus\/es\/#organization","name":"Iraurgi Berritzen","url":"https:\/\/iraurgiberritzen.eus\/es\/","logo":{"@type":"ImageObject","inLanguage":"es","@id":"https:\/\/iraurgiberritzen.eus\/es\/#\/schema\/logo\/image\/","url":"https:\/\/iraurgiberritzen.eus\/wp-content\/uploads\/2024\/02\/IRAURGI-BERRITZEN-logotipoa_2.png","contentUrl":"https:\/\/iraurgiberritzen.eus\/wp-content\/uploads\/2024\/02\/IRAURGI-BERRITZEN-logotipoa_2.png","width":496,"height":190,"caption":"Iraurgi Berritzen"},"image":{"@id":"https:\/\/iraurgiberritzen.eus\/es\/#\/schema\/logo\/image\/"}},{"@type":"Person","@id":"https:\/\/iraurgiberritzen.eus\/es\/#\/schema\/person\/5ab41aaf388a9097177601ebf45738d2","name":"kudeatzailea","sameAs":["https:\/\/iraurgiberritzen.eus"]}]}},"_links":{"self":[{"href":"https:\/\/iraurgiberritzen.eus\/es\/wp-json\/wp\/v2\/posts\/11805","targetHints":{"allow":["GET"]}}],"collection":[{"href":"https:\/\/iraurgiberritzen.eus\/es\/wp-json\/wp\/v2\/posts"}],"about":[{"href":"https:\/\/iraurgiberritzen.eus\/es\/wp-json\/wp\/v2\/types\/post"}],"author":[{"embeddable":true,"href":"https:\/\/iraurgiberritzen.eus\/es\/wp-json\/wp\/v2\/users\/1"}],"replies":[{"embeddable":true,"href":"https:\/\/iraurgiberritzen.eus\/es\/wp-json\/wp\/v2\/comments?post=11805"}],"version-history":[{"count":0,"href":"https:\/\/iraurgiberritzen.eus\/es\/wp-json\/wp\/v2\/posts\/11805\/revisions"}],"wp:featuredmedia":[{"embeddable":true,"href":"https:\/\/iraurgiberritzen.eus\/es\/wp-json\/wp\/v2\/media\/18059"}],"wp:attachment":[{"href":"https:\/\/iraurgiberritzen.eus\/es\/wp-json\/wp\/v2\/media?parent=11805"}],"wp:term":[{"taxonomy":"category","embeddable":true,"href":"https:\/\/iraurgiberritzen.eus\/es\/wp-json\/wp\/v2\/categories?post=11805"},{"taxonomy":"post_tag","embeddable":true,"href":"https:\/\/iraurgiberritzen.eus\/es\/wp-json\/wp\/v2\/tags?post=11805"}],"curies":[{"name":"wp","href":"https:\/\/api.w.org\/{rel}","templated":true}]}}