{"id":11811,"date":"2015-03-10T08:13:48","date_gmt":"2015-03-10T06:13:48","guid":{"rendered":"https:\/\/iraurgiberritzen.eus\/foro-economico-de-paraguay\/"},"modified":"2015-03-10T08:13:48","modified_gmt":"2015-03-10T06:13:48","slug":"foro-economico-de-paraguay","status":"publish","type":"post","link":"https:\/\/iraurgiberritzen.eus\/es\/foro-economico-de-paraguay\/","title":{"rendered":"Foro Econ\u00f3mico de Paraguay"},"content":{"rendered":"<p style=\"text-align: justify;\">El pasado 3 de Marzo tuvo lugar el I. Foro Econ\u00f3mico de Paraguay en el palacio Euskalduna de Bilbao. En el acto participaron la delegaci\u00f3n del Gobierno de Paraguay y empresarios asentados en el pa\u00eds donde presentaron las oportunidades que ofrece el mercado de Paraguay.<\/p>\n<p>Aqu\u00ed encontrar\u00e9is un <a href=\"images\/iraurgiberritzen\/berriak\/2015\/2015-03-03_I_Foro_Economico_de_Paraguay.pdf\" target=\"_blank\" rel=\"noopener\">resumen<\/a> del Foro econ\u00f3mico.<\/p>\n<p style=\"text-align: justify;\">Si alguien est\u00e1 interesado en contactar con alguno de los participantes, puede ponerse en contacto con nosotros en este n\u00famero de tel\u00e9fono 943 85 11 00&nbsp; o escribiendo a los siguientes correos electr\u00f3nicos: <span><a href=\"mailto:alarranaga@iraurgiberritzen.net\">alarranaga@iraurgiberritzen.net<\/a> o <a href=\"mailto:abereziartua@iraurgiberritzen.net\">abereziartua@iraurgiberritzen.net<\/a><\/span><\/p>\n","protected":false},"excerpt":{"rendered":"<p>El pasado 3 de Marzo tuvo lugar el I. Foro Econ\u00f3mico de Paraguay en el palacio Euskalduna de Bilbao. En el acto participaron la delegaci\u00f3n del Gobierno de Paraguay y empresarios asentados en el pa\u00eds donde presentaron las oportunidades que ofrece el mercado de Paraguay. Aqu\u00ed encontrar\u00e9is un resumen del Foro econ\u00f3mico. Si alguien est\u00e1 [&hellip;]<\/p>\n","protected":false},"author":1,"featured_media":18041,"comment_status":"","ping_status":"closed","sticky":false,"template":"","format":"standard","meta":{"_acf_changed":false,"footnotes":""},"categories":[4],"tags":[],"class_list":["post-11811","post","type-post","status-publish","format-standard","has-post-thumbnail","hentry","category-noticias"],"acf":[],"yoast_head":"<!-- This site is optimized with the Yoast SEO plugin v27.4 - https:\/\/yoast.com\/product\/yoast-seo-wordpress\/ -->\n<title>Foro Econ\u00f3mico de Paraguay - Iraurgi Berritzen<\/title>\n<meta name=\"robots\" content=\"index, follow, max-snippet:-1, max-image-preview:large, max-video-preview:-1\" \/>\n<link rel=\"canonical\" href=\"https:\/\/iraurgiberritzen.eus\/es\/foro-economico-de-paraguay\/\" \/>\n<meta property=\"og:locale\" content=\"es_ES\" \/>\n<meta property=\"og:type\" content=\"article\" \/>\n<meta property=\"og:title\" content=\"Foro Econ\u00f3mico de Paraguay - Iraurgi Berritzen\" \/>\n<meta property=\"og:description\" content=\"El pasado 3 de Marzo tuvo lugar el I. Foro Econ\u00f3mico de Paraguay en el palacio Euskalduna de Bilbao. En el acto participaron la delegaci\u00f3n del Gobierno de Paraguay y empresarios asentados en el pa\u00eds donde presentaron las oportunidades que ofrece el mercado de Paraguay. Aqu\u00ed encontrar\u00e9is un resumen del Foro econ\u00f3mico. Si alguien est\u00e1 [&hellip;]\" \/>\n<meta property=\"og:url\" content=\"https:\/\/iraurgiberritzen.eus\/es\/foro-economico-de-paraguay\/\" \/>\n<meta property=\"og:site_name\" content=\"Iraurgi Berritzen\" \/>\n<meta property=\"article:published_time\" content=\"2015-03-10T06:13:48+00:00\" \/>\n<meta name=\"author\" content=\"kudeatzailea\" \/>\n<meta name=\"twitter:card\" content=\"summary_large_image\" \/>\n<meta name=\"twitter:label1\" content=\"Escrito por\" \/>\n\t<meta name=\"twitter:data1\" content=\"kudeatzailea\" \/>\n<script type=\"application\/ld+json\" class=\"yoast-schema-graph\">{\"@context\":\"https:\\\/\\\/schema.org\",\"@graph\":[{\"@type\":\"Article\",\"@id\":\"https:\\\/\\\/iraurgiberritzen.eus\\\/es\\\/foro-economico-de-paraguay\\\/#article\",\"isPartOf\":{\"@id\":\"https:\\\/\\\/iraurgiberritzen.eus\\\/es\\\/foro-economico-de-paraguay\\\/\"},\"author\":{\"name\":\"kudeatzailea\",\"@id\":\"https:\\\/\\\/iraurgiberritzen.eus\\\/es\\\/#\\\/schema\\\/person\\\/5ab41aaf388a9097177601ebf45738d2\"},\"headline\":\"Foro Econ\u00f3mico de Paraguay\",\"datePublished\":\"2015-03-10T06:13:48+00:00\",\"mainEntityOfPage\":{\"@id\":\"https:\\\/\\\/iraurgiberritzen.eus\\\/es\\\/foro-economico-de-paraguay\\\/\"},\"wordCount\":101,\"publisher\":{\"@id\":\"https:\\\/\\\/iraurgiberritzen.eus\\\/es\\\/#organization\"},\"image\":{\"@id\":\"https:\\\/\\\/iraurgiberritzen.eus\\\/es\\\/foro-economico-de-paraguay\\\/#primaryimage\"},\"thumbnailUrl\":\"https:\\\/\\\/iraurgiberritzen.eus\\\/wp-content\\\/uploads\\\/2023\\\/09\\\/d632334130a2b9d194362b7d857b88bf.jpg\",\"articleSection\":[\"Noticias\"],\"inLanguage\":\"es\"},{\"@type\":\"WebPage\",\"@id\":\"https:\\\/\\\/iraurgiberritzen.eus\\\/es\\\/foro-economico-de-paraguay\\\/\",\"url\":\"https:\\\/\\\/iraurgiberritzen.eus\\\/es\\\/foro-economico-de-paraguay\\\/\",\"name\":\"Foro Econ\u00f3mico de Paraguay - Iraurgi Berritzen\",\"isPartOf\":{\"@id\":\"https:\\\/\\\/iraurgiberritzen.eus\\\/es\\\/#website\"},\"primaryImageOfPage\":{\"@id\":\"https:\\\/\\\/iraurgiberritzen.eus\\\/es\\\/foro-economico-de-paraguay\\\/#primaryimage\"},\"image\":{\"@id\":\"https:\\\/\\\/iraurgiberritzen.eus\\\/es\\\/foro-economico-de-paraguay\\\/#primaryimage\"},\"thumbnailUrl\":\"https:\\\/\\\/iraurgiberritzen.eus\\\/wp-content\\\/uploads\\\/2023\\\/09\\\/d632334130a2b9d194362b7d857b88bf.jpg\",\"datePublished\":\"2015-03-10T06:13:48+00:00\",\"breadcrumb\":{\"@id\":\"https:\\\/\\\/iraurgiberritzen.eus\\\/es\\\/foro-economico-de-paraguay\\\/#breadcrumb\"},\"inLanguage\":\"es\",\"potentialAction\":[{\"@type\":\"ReadAction\",\"target\":[\"https:\\\/\\\/iraurgiberritzen.eus\\\/es\\\/foro-economico-de-paraguay\\\/\"]}]},{\"@type\":\"ImageObject\",\"inLanguage\":\"es\",\"@id\":\"https:\\\/\\\/iraurgiberritzen.eus\\\/es\\\/foro-economico-de-paraguay\\\/#primaryimage\",\"url\":\"https:\\\/\\\/iraurgiberritzen.eus\\\/wp-content\\\/uploads\\\/2023\\\/09\\\/d632334130a2b9d194362b7d857b88bf.jpg\",\"contentUrl\":\"https:\\\/\\\/iraurgiberritzen.eus\\\/wp-content\\\/uploads\\\/2023\\\/09\\\/d632334130a2b9d194362b7d857b88bf.jpg\",\"width\":600,\"height\":386},{\"@type\":\"BreadcrumbList\",\"@id\":\"https:\\\/\\\/iraurgiberritzen.eus\\\/es\\\/foro-economico-de-paraguay\\\/#breadcrumb\",\"itemListElement\":[{\"@type\":\"ListItem\",\"position\":1,\"name\":\"Home\",\"item\":\"https:\\\/\\\/iraurgiberritzen.eus\\\/es\\\/\"},{\"@type\":\"ListItem\",\"position\":2,\"name\":\"Foro Econ\u00f3mico de Paraguay\"}]},{\"@type\":\"WebSite\",\"@id\":\"https:\\\/\\\/iraurgiberritzen.eus\\\/es\\\/#website\",\"url\":\"https:\\\/\\\/iraurgiberritzen.eus\\\/es\\\/\",\"name\":\"Iraurgi Berritzen\",\"description\":\"Urola Erdiko Garapen Agentzia\",\"publisher\":{\"@id\":\"https:\\\/\\\/iraurgiberritzen.eus\\\/es\\\/#organization\"},\"potentialAction\":[{\"@type\":\"SearchAction\",\"target\":{\"@type\":\"EntryPoint\",\"urlTemplate\":\"https:\\\/\\\/iraurgiberritzen.eus\\\/es\\\/?s={search_term_string}\"},\"query-input\":{\"@type\":\"PropertyValueSpecification\",\"valueRequired\":true,\"valueName\":\"search_term_string\"}}],\"inLanguage\":\"es\"},{\"@type\":\"Organization\",\"@id\":\"https:\\\/\\\/iraurgiberritzen.eus\\\/es\\\/#organization\",\"name\":\"Iraurgi Berritzen\",\"url\":\"https:\\\/\\\/iraurgiberritzen.eus\\\/es\\\/\",\"logo\":{\"@type\":\"ImageObject\",\"inLanguage\":\"es\",\"@id\":\"https:\\\/\\\/iraurgiberritzen.eus\\\/es\\\/#\\\/schema\\\/logo\\\/image\\\/\",\"url\":\"https:\\\/\\\/iraurgiberritzen.eus\\\/wp-content\\\/uploads\\\/2024\\\/02\\\/IRAURGI-BERRITZEN-logotipoa_2.png\",\"contentUrl\":\"https:\\\/\\\/iraurgiberritzen.eus\\\/wp-content\\\/uploads\\\/2024\\\/02\\\/IRAURGI-BERRITZEN-logotipoa_2.png\",\"width\":496,\"height\":190,\"caption\":\"Iraurgi Berritzen\"},\"image\":{\"@id\":\"https:\\\/\\\/iraurgiberritzen.eus\\\/es\\\/#\\\/schema\\\/logo\\\/image\\\/\"}},{\"@type\":\"Person\",\"@id\":\"https:\\\/\\\/iraurgiberritzen.eus\\\/es\\\/#\\\/schema\\\/person\\\/5ab41aaf388a9097177601ebf45738d2\",\"name\":\"kudeatzailea\",\"sameAs\":[\"https:\\\/\\\/iraurgiberritzen.eus\"]}]}<\/script>\n<!-- \/ Yoast SEO plugin. -->","yoast_head_json":{"title":"Foro Econ\u00f3mico de Paraguay - Iraurgi Berritzen","robots":{"index":"index","follow":"follow","max-snippet":"max-snippet:-1","max-image-preview":"max-image-preview:large","max-video-preview":"max-video-preview:-1"},"canonical":"https:\/\/iraurgiberritzen.eus\/es\/foro-economico-de-paraguay\/","og_locale":"es_ES","og_type":"article","og_title":"Foro Econ\u00f3mico de Paraguay - Iraurgi Berritzen","og_description":"El pasado 3 de Marzo tuvo lugar el I. Foro Econ\u00f3mico de Paraguay en el palacio Euskalduna de Bilbao. En el acto participaron la delegaci\u00f3n del Gobierno de Paraguay y empresarios asentados en el pa\u00eds donde presentaron las oportunidades que ofrece el mercado de Paraguay. Aqu\u00ed encontrar\u00e9is un resumen del Foro econ\u00f3mico. Si alguien est\u00e1 [&hellip;]","og_url":"https:\/\/iraurgiberritzen.eus\/es\/foro-economico-de-paraguay\/","og_site_name":"Iraurgi Berritzen","article_published_time":"2015-03-10T06:13:48+00:00","author":"kudeatzailea","twitter_card":"summary_large_image","twitter_misc":{"Escrito por":"kudeatzailea"},"schema":{"@context":"https:\/\/schema.org","@graph":[{"@type":"Article","@id":"https:\/\/iraurgiberritzen.eus\/es\/foro-economico-de-paraguay\/#article","isPartOf":{"@id":"https:\/\/iraurgiberritzen.eus\/es\/foro-economico-de-paraguay\/"},"author":{"name":"kudeatzailea","@id":"https:\/\/iraurgiberritzen.eus\/es\/#\/schema\/person\/5ab41aaf388a9097177601ebf45738d2"},"headline":"Foro Econ\u00f3mico de Paraguay","datePublished":"2015-03-10T06:13:48+00:00","mainEntityOfPage":{"@id":"https:\/\/iraurgiberritzen.eus\/es\/foro-economico-de-paraguay\/"},"wordCount":101,"publisher":{"@id":"https:\/\/iraurgiberritzen.eus\/es\/#organization"},"image":{"@id":"https:\/\/iraurgiberritzen.eus\/es\/foro-economico-de-paraguay\/#primaryimage"},"thumbnailUrl":"https:\/\/iraurgiberritzen.eus\/wp-content\/uploads\/2023\/09\/d632334130a2b9d194362b7d857b88bf.jpg","articleSection":["Noticias"],"inLanguage":"es"},{"@type":"WebPage","@id":"https:\/\/iraurgiberritzen.eus\/es\/foro-economico-de-paraguay\/","url":"https:\/\/iraurgiberritzen.eus\/es\/foro-economico-de-paraguay\/","name":"Foro Econ\u00f3mico de Paraguay - Iraurgi Berritzen","isPartOf":{"@id":"https:\/\/iraurgiberritzen.eus\/es\/#website"},"primaryImageOfPage":{"@id":"https:\/\/iraurgiberritzen.eus\/es\/foro-economico-de-paraguay\/#primaryimage"},"image":{"@id":"https:\/\/iraurgiberritzen.eus\/es\/foro-economico-de-paraguay\/#primaryimage"},"thumbnailUrl":"https:\/\/iraurgiberritzen.eus\/wp-content\/uploads\/2023\/09\/d632334130a2b9d194362b7d857b88bf.jpg","datePublished":"2015-03-10T06:13:48+00:00","breadcrumb":{"@id":"https:\/\/iraurgiberritzen.eus\/es\/foro-economico-de-paraguay\/#breadcrumb"},"inLanguage":"es","potentialAction":[{"@type":"ReadAction","target":["https:\/\/iraurgiberritzen.eus\/es\/foro-economico-de-paraguay\/"]}]},{"@type":"ImageObject","inLanguage":"es","@id":"https:\/\/iraurgiberritzen.eus\/es\/foro-economico-de-paraguay\/#primaryimage","url":"https:\/\/iraurgiberritzen.eus\/wp-content\/uploads\/2023\/09\/d632334130a2b9d194362b7d857b88bf.jpg","contentUrl":"https:\/\/iraurgiberritzen.eus\/wp-content\/uploads\/2023\/09\/d632334130a2b9d194362b7d857b88bf.jpg","width":600,"height":386},{"@type":"BreadcrumbList","@id":"https:\/\/iraurgiberritzen.eus\/es\/foro-economico-de-paraguay\/#breadcrumb","itemListElement":[{"@type":"ListItem","position":1,"name":"Home","item":"https:\/\/iraurgiberritzen.eus\/es\/"},{"@type":"ListItem","position":2,"name":"Foro Econ\u00f3mico de Paraguay"}]},{"@type":"WebSite","@id":"https:\/\/iraurgiberritzen.eus\/es\/#website","url":"https:\/\/iraurgiberritzen.eus\/es\/","name":"Iraurgi Berritzen","description":"Urola Erdiko Garapen Agentzia","publisher":{"@id":"https:\/\/iraurgiberritzen.eus\/es\/#organization"},"potentialAction":[{"@type":"SearchAction","target":{"@type":"EntryPoint","urlTemplate":"https:\/\/iraurgiberritzen.eus\/es\/?s={search_term_string}"},"query-input":{"@type":"PropertyValueSpecification","valueRequired":true,"valueName":"search_term_string"}}],"inLanguage":"es"},{"@type":"Organization","@id":"https:\/\/iraurgiberritzen.eus\/es\/#organization","name":"Iraurgi Berritzen","url":"https:\/\/iraurgiberritzen.eus\/es\/","logo":{"@type":"ImageObject","inLanguage":"es","@id":"https:\/\/iraurgiberritzen.eus\/es\/#\/schema\/logo\/image\/","url":"https:\/\/iraurgiberritzen.eus\/wp-content\/uploads\/2024\/02\/IRAURGI-BERRITZEN-logotipoa_2.png","contentUrl":"https:\/\/iraurgiberritzen.eus\/wp-content\/uploads\/2024\/02\/IRAURGI-BERRITZEN-logotipoa_2.png","width":496,"height":190,"caption":"Iraurgi Berritzen"},"image":{"@id":"https:\/\/iraurgiberritzen.eus\/es\/#\/schema\/logo\/image\/"}},{"@type":"Person","@id":"https:\/\/iraurgiberritzen.eus\/es\/#\/schema\/person\/5ab41aaf388a9097177601ebf45738d2","name":"kudeatzailea","sameAs":["https:\/\/iraurgiberritzen.eus"]}]}},"_links":{"self":[{"href":"https:\/\/iraurgiberritzen.eus\/es\/wp-json\/wp\/v2\/posts\/11811","targetHints":{"allow":["GET"]}}],"collection":[{"href":"https:\/\/iraurgiberritzen.eus\/es\/wp-json\/wp\/v2\/posts"}],"about":[{"href":"https:\/\/iraurgiberritzen.eus\/es\/wp-json\/wp\/v2\/types\/post"}],"author":[{"embeddable":true,"href":"https:\/\/iraurgiberritzen.eus\/es\/wp-json\/wp\/v2\/users\/1"}],"replies":[{"embeddable":true,"href":"https:\/\/iraurgiberritzen.eus\/es\/wp-json\/wp\/v2\/comments?post=11811"}],"version-history":[{"count":0,"href":"https:\/\/iraurgiberritzen.eus\/es\/wp-json\/wp\/v2\/posts\/11811\/revisions"}],"wp:featuredmedia":[{"embeddable":true,"href":"https:\/\/iraurgiberritzen.eus\/es\/wp-json\/wp\/v2\/media\/18041"}],"wp:attachment":[{"href":"https:\/\/iraurgiberritzen.eus\/es\/wp-json\/wp\/v2\/media?parent=11811"}],"wp:term":[{"taxonomy":"category","embeddable":true,"href":"https:\/\/iraurgiberritzen.eus\/es\/wp-json\/wp\/v2\/categories?post=11811"},{"taxonomy":"post_tag","embeddable":true,"href":"https:\/\/iraurgiberritzen.eus\/es\/wp-json\/wp\/v2\/tags?post=11811"}],"curies":[{"name":"wp","href":"https:\/\/api.w.org\/{rel}","templated":true}]}}