{"id":11820,"date":"2015-03-24T08:06:41","date_gmt":"2015-03-24T06:06:41","guid":{"rendered":"https:\/\/iraurgiberritzen.eus\/ya-estan-en-marcha-las-subvenciones-de-2015-destinadas-a-promover-la-economia-de-la-comarca\/"},"modified":"2015-03-24T08:06:41","modified_gmt":"2015-03-24T06:06:41","slug":"ya-estan-en-marcha-las-subvenciones-de-2015-destinadas-a-promover-la-economia-de-la-comarca","status":"publish","type":"post","link":"https:\/\/iraurgiberritzen.eus\/es\/ya-estan-en-marcha-las-subvenciones-de-2015-destinadas-a-promover-la-economia-de-la-comarca\/","title":{"rendered":"Ya est\u00e1n en marcha las subvenciones de 2015 destinadas a promover la econom\u00eda de la comarca"},"content":{"rendered":"<p>El Ayuntamiento de Azpeitia destin\u00f3 350.000\u20ac de los presupuestos municipales, para la promoci\u00f3n de la econom\u00eda y logr\u00f3 impulsar 80 puesto del trabajo.<\/p>\n<p style=\"text-align: justify;\">Siendo positiva la valoraci\u00f3n realizada, durante el 2015 se han vuelto a destinar otros 350.000\u20ac.<\/p>\n<p style=\"text-align: justify;\">Ya est\u00e1 abierta la convocatoria para poder solicitar estas ayudas y el plazo termina el 31 de octubre. Estas solicitudes hay que realizarlas en Azpeitia Berritzen. Los representantes del Ayuntamiento de Azpeitia y de Iraurgi Berritzen han comunicado que se informar\u00e1 sobre las resoluciones para el 30 de noviembre, y tan pronto como se realice la comunicaci\u00f3n, se abonar\u00e1 el 50% de la ayuda. El resto de la subvenci\u00f3n se liquidar\u00e1n en diciembre, tras realizar las justificaciones oportunas.<\/p>\n<p style=\"text-align: justify;\">Las ayudas del 2015 se distribuyen en las siguientes l\u00edneas:<\/p>\n<ul style=\"text-align: justify;\">\n<li><strong>Proyectos industriales estrat\u00e9gicos e innovadores.<\/strong><\/li>\n<li><strong>Contrataci\u00f3n de desempleados y mejora de las condiciones de trabajo.<\/strong><\/li>\n<li><strong>Proyectos de car\u00e1cter social.<\/strong><\/li>\n<li><strong>Ayudas destinadas al comercio y el primer sector.<\/strong><\/li>\n<\/ul>\n<p style=\"text-align: justify;\">Para m\u00e1s informaci\u00f3n pod\u00e9is disponer en los siguientes links de las <a href=\"images\/iraurgiberritzen\/Diru_laguntzak\/2015\/GAO_Azpeitiako_udala.pdf\" target=\"_blank\" rel=\"noopener\">bases reguladoras generales <\/a>y de un <a href=\"images\/iraurgiberritzen\/Diru_laguntzak\/2015\/Diru_laguntzen_laburpena_2015_EUSK_Azpeitiko_Udala.pdf\" target=\"_blank\" rel=\"noopener\">resumen<\/a> de estas bases.<\/p>\n<p style=\"text-align: justify;\">En relaci\u00f3n a las ayudas de Iraurgi berritzen, se comunica que estas ayudas tambi\u00e9n se pondr\u00e1n en marcha en breve. En el siguiente <a href=\"index.php?option=com_content&amp;view=article&amp;id=45&amp;Itemid=140&amp;lang=es\" target=\"_blank\" rel=\"noopener\">link<\/a> ten\u00e9is disponibles las bases reguladoras generales de dichas subvenciones y de un resumen sobre \u00e9stas, junto con la documentaci\u00f3n necesaria para realizar la solicitud y una plantilla para que os facilitar\u00e1 la realizaci\u00f3n de la memoria.<\/p>\n","protected":false},"excerpt":{"rendered":"<p>El Ayuntamiento de Azpeitia destin\u00f3 350.000\u20ac de los presupuestos municipales, para la promoci\u00f3n de la econom\u00eda y logr\u00f3 impulsar 80 puesto del trabajo. Siendo positiva la valoraci\u00f3n realizada, durante el 2015 se han vuelto a destinar otros 350.000\u20ac. Ya est\u00e1 abierta la convocatoria para poder solicitar estas ayudas y el plazo termina el 31 de [&hellip;]<\/p>\n","protected":false},"author":1,"featured_media":18044,"comment_status":"","ping_status":"closed","sticky":false,"template":"","format":"standard","meta":{"_acf_changed":false,"footnotes":""},"categories":[4],"tags":[],"class_list":["post-11820","post","type-post","status-publish","format-standard","has-post-thumbnail","hentry","category-noticias"],"acf":[],"yoast_head":"<!-- This site is optimized with the Yoast SEO plugin v27.4 - https:\/\/yoast.com\/product\/yoast-seo-wordpress\/ -->\n<title>Ya est\u00e1n en marcha las subvenciones de 2015 destinadas a promover la econom\u00eda de la comarca - Iraurgi Berritzen<\/title>\n<meta name=\"robots\" content=\"index, follow, max-snippet:-1, max-image-preview:large, max-video-preview:-1\" \/>\n<link rel=\"canonical\" href=\"https:\/\/iraurgiberritzen.eus\/es\/ya-estan-en-marcha-las-subvenciones-de-2015-destinadas-a-promover-la-economia-de-la-comarca\/\" \/>\n<meta property=\"og:locale\" content=\"es_ES\" \/>\n<meta property=\"og:type\" content=\"article\" \/>\n<meta property=\"og:title\" content=\"Ya est\u00e1n en marcha las subvenciones de 2015 destinadas a promover la econom\u00eda de la comarca - Iraurgi Berritzen\" \/>\n<meta property=\"og:description\" content=\"El Ayuntamiento de Azpeitia destin\u00f3 350.000\u20ac de los presupuestos municipales, para la promoci\u00f3n de la econom\u00eda y logr\u00f3 impulsar 80 puesto del trabajo. Siendo positiva la valoraci\u00f3n realizada, durante el 2015 se han vuelto a destinar otros 350.000\u20ac. Ya est\u00e1 abierta la convocatoria para poder solicitar estas ayudas y el plazo termina el 31 de [&hellip;]\" \/>\n<meta property=\"og:url\" content=\"https:\/\/iraurgiberritzen.eus\/es\/ya-estan-en-marcha-las-subvenciones-de-2015-destinadas-a-promover-la-economia-de-la-comarca\/\" \/>\n<meta property=\"og:site_name\" content=\"Iraurgi Berritzen\" \/>\n<meta property=\"article:published_time\" content=\"2015-03-24T06:06:41+00:00\" \/>\n<meta name=\"author\" content=\"kudeatzailea\" \/>\n<meta name=\"twitter:card\" content=\"summary_large_image\" \/>\n<meta name=\"twitter:label1\" content=\"Escrito por\" \/>\n\t<meta name=\"twitter:data1\" content=\"kudeatzailea\" \/>\n\t<meta name=\"twitter:label2\" content=\"Tiempo de lectura\" \/>\n\t<meta name=\"twitter:data2\" content=\"1 minuto\" \/>\n<script type=\"application\/ld+json\" class=\"yoast-schema-graph\">{\"@context\":\"https:\\\/\\\/schema.org\",\"@graph\":[{\"@type\":\"Article\",\"@id\":\"https:\\\/\\\/iraurgiberritzen.eus\\\/es\\\/ya-estan-en-marcha-las-subvenciones-de-2015-destinadas-a-promover-la-economia-de-la-comarca\\\/#article\",\"isPartOf\":{\"@id\":\"https:\\\/\\\/iraurgiberritzen.eus\\\/es\\\/ya-estan-en-marcha-las-subvenciones-de-2015-destinadas-a-promover-la-economia-de-la-comarca\\\/\"},\"author\":{\"name\":\"kudeatzailea\",\"@id\":\"https:\\\/\\\/iraurgiberritzen.eus\\\/es\\\/#\\\/schema\\\/person\\\/5ab41aaf388a9097177601ebf45738d2\"},\"headline\":\"Ya est\u00e1n en marcha las subvenciones de 2015 destinadas a promover la econom\u00eda de la comarca\",\"datePublished\":\"2015-03-24T06:06:41+00:00\",\"mainEntityOfPage\":{\"@id\":\"https:\\\/\\\/iraurgiberritzen.eus\\\/es\\\/ya-estan-en-marcha-las-subvenciones-de-2015-destinadas-a-promover-la-economia-de-la-comarca\\\/\"},\"wordCount\":262,\"publisher\":{\"@id\":\"https:\\\/\\\/iraurgiberritzen.eus\\\/es\\\/#organization\"},\"image\":{\"@id\":\"https:\\\/\\\/iraurgiberritzen.eus\\\/es\\\/ya-estan-en-marcha-las-subvenciones-de-2015-destinadas-a-promover-la-economia-de-la-comarca\\\/#primaryimage\"},\"thumbnailUrl\":\"https:\\\/\\\/iraurgiberritzen.eus\\\/wp-content\\\/uploads\\\/2023\\\/09\\\/63955aa9869cf7707ada1662dbfb31e2.jpg\",\"articleSection\":[\"Noticias\"],\"inLanguage\":\"es\"},{\"@type\":\"WebPage\",\"@id\":\"https:\\\/\\\/iraurgiberritzen.eus\\\/es\\\/ya-estan-en-marcha-las-subvenciones-de-2015-destinadas-a-promover-la-economia-de-la-comarca\\\/\",\"url\":\"https:\\\/\\\/iraurgiberritzen.eus\\\/es\\\/ya-estan-en-marcha-las-subvenciones-de-2015-destinadas-a-promover-la-economia-de-la-comarca\\\/\",\"name\":\"Ya est\u00e1n en marcha las subvenciones de 2015 destinadas a promover la econom\u00eda de la comarca - Iraurgi Berritzen\",\"isPartOf\":{\"@id\":\"https:\\\/\\\/iraurgiberritzen.eus\\\/es\\\/#website\"},\"primaryImageOfPage\":{\"@id\":\"https:\\\/\\\/iraurgiberritzen.eus\\\/es\\\/ya-estan-en-marcha-las-subvenciones-de-2015-destinadas-a-promover-la-economia-de-la-comarca\\\/#primaryimage\"},\"image\":{\"@id\":\"https:\\\/\\\/iraurgiberritzen.eus\\\/es\\\/ya-estan-en-marcha-las-subvenciones-de-2015-destinadas-a-promover-la-economia-de-la-comarca\\\/#primaryimage\"},\"thumbnailUrl\":\"https:\\\/\\\/iraurgiberritzen.eus\\\/wp-content\\\/uploads\\\/2023\\\/09\\\/63955aa9869cf7707ada1662dbfb31e2.jpg\",\"datePublished\":\"2015-03-24T06:06:41+00:00\",\"breadcrumb\":{\"@id\":\"https:\\\/\\\/iraurgiberritzen.eus\\\/es\\\/ya-estan-en-marcha-las-subvenciones-de-2015-destinadas-a-promover-la-economia-de-la-comarca\\\/#breadcrumb\"},\"inLanguage\":\"es\",\"potentialAction\":[{\"@type\":\"ReadAction\",\"target\":[\"https:\\\/\\\/iraurgiberritzen.eus\\\/es\\\/ya-estan-en-marcha-las-subvenciones-de-2015-destinadas-a-promover-la-economia-de-la-comarca\\\/\"]}]},{\"@type\":\"ImageObject\",\"inLanguage\":\"es\",\"@id\":\"https:\\\/\\\/iraurgiberritzen.eus\\\/es\\\/ya-estan-en-marcha-las-subvenciones-de-2015-destinadas-a-promover-la-economia-de-la-comarca\\\/#primaryimage\",\"url\":\"https:\\\/\\\/iraurgiberritzen.eus\\\/wp-content\\\/uploads\\\/2023\\\/09\\\/63955aa9869cf7707ada1662dbfb31e2.jpg\",\"contentUrl\":\"https:\\\/\\\/iraurgiberritzen.eus\\\/wp-content\\\/uploads\\\/2023\\\/09\\\/63955aa9869cf7707ada1662dbfb31e2.jpg\",\"width\":600,\"height\":386},{\"@type\":\"BreadcrumbList\",\"@id\":\"https:\\\/\\\/iraurgiberritzen.eus\\\/es\\\/ya-estan-en-marcha-las-subvenciones-de-2015-destinadas-a-promover-la-economia-de-la-comarca\\\/#breadcrumb\",\"itemListElement\":[{\"@type\":\"ListItem\",\"position\":1,\"name\":\"Home\",\"item\":\"https:\\\/\\\/iraurgiberritzen.eus\\\/es\\\/\"},{\"@type\":\"ListItem\",\"position\":2,\"name\":\"Ya est\u00e1n en marcha las subvenciones de 2015 destinadas a promover la econom\u00eda de la comarca\"}]},{\"@type\":\"WebSite\",\"@id\":\"https:\\\/\\\/iraurgiberritzen.eus\\\/es\\\/#website\",\"url\":\"https:\\\/\\\/iraurgiberritzen.eus\\\/es\\\/\",\"name\":\"Iraurgi Berritzen\",\"description\":\"Urola Erdiko Garapen Agentzia\",\"publisher\":{\"@id\":\"https:\\\/\\\/iraurgiberritzen.eus\\\/es\\\/#organization\"},\"potentialAction\":[{\"@type\":\"SearchAction\",\"target\":{\"@type\":\"EntryPoint\",\"urlTemplate\":\"https:\\\/\\\/iraurgiberritzen.eus\\\/es\\\/?s={search_term_string}\"},\"query-input\":{\"@type\":\"PropertyValueSpecification\",\"valueRequired\":true,\"valueName\":\"search_term_string\"}}],\"inLanguage\":\"es\"},{\"@type\":\"Organization\",\"@id\":\"https:\\\/\\\/iraurgiberritzen.eus\\\/es\\\/#organization\",\"name\":\"Iraurgi Berritzen\",\"url\":\"https:\\\/\\\/iraurgiberritzen.eus\\\/es\\\/\",\"logo\":{\"@type\":\"ImageObject\",\"inLanguage\":\"es\",\"@id\":\"https:\\\/\\\/iraurgiberritzen.eus\\\/es\\\/#\\\/schema\\\/logo\\\/image\\\/\",\"url\":\"https:\\\/\\\/iraurgiberritzen.eus\\\/wp-content\\\/uploads\\\/2024\\\/02\\\/IRAURGI-BERRITZEN-logotipoa_2.png\",\"contentUrl\":\"https:\\\/\\\/iraurgiberritzen.eus\\\/wp-content\\\/uploads\\\/2024\\\/02\\\/IRAURGI-BERRITZEN-logotipoa_2.png\",\"width\":496,\"height\":190,\"caption\":\"Iraurgi Berritzen\"},\"image\":{\"@id\":\"https:\\\/\\\/iraurgiberritzen.eus\\\/es\\\/#\\\/schema\\\/logo\\\/image\\\/\"}},{\"@type\":\"Person\",\"@id\":\"https:\\\/\\\/iraurgiberritzen.eus\\\/es\\\/#\\\/schema\\\/person\\\/5ab41aaf388a9097177601ebf45738d2\",\"name\":\"kudeatzailea\",\"sameAs\":[\"https:\\\/\\\/iraurgiberritzen.eus\"]}]}<\/script>\n<!-- \/ Yoast SEO plugin. -->","yoast_head_json":{"title":"Ya est\u00e1n en marcha las subvenciones de 2015 destinadas a promover la econom\u00eda de la comarca - Iraurgi Berritzen","robots":{"index":"index","follow":"follow","max-snippet":"max-snippet:-1","max-image-preview":"max-image-preview:large","max-video-preview":"max-video-preview:-1"},"canonical":"https:\/\/iraurgiberritzen.eus\/es\/ya-estan-en-marcha-las-subvenciones-de-2015-destinadas-a-promover-la-economia-de-la-comarca\/","og_locale":"es_ES","og_type":"article","og_title":"Ya est\u00e1n en marcha las subvenciones de 2015 destinadas a promover la econom\u00eda de la comarca - Iraurgi Berritzen","og_description":"El Ayuntamiento de Azpeitia destin\u00f3 350.000\u20ac de los presupuestos municipales, para la promoci\u00f3n de la econom\u00eda y logr\u00f3 impulsar 80 puesto del trabajo. Siendo positiva la valoraci\u00f3n realizada, durante el 2015 se han vuelto a destinar otros 350.000\u20ac. Ya est\u00e1 abierta la convocatoria para poder solicitar estas ayudas y el plazo termina el 31 de [&hellip;]","og_url":"https:\/\/iraurgiberritzen.eus\/es\/ya-estan-en-marcha-las-subvenciones-de-2015-destinadas-a-promover-la-economia-de-la-comarca\/","og_site_name":"Iraurgi Berritzen","article_published_time":"2015-03-24T06:06:41+00:00","author":"kudeatzailea","twitter_card":"summary_large_image","twitter_misc":{"Escrito por":"kudeatzailea","Tiempo de lectura":"1 minuto"},"schema":{"@context":"https:\/\/schema.org","@graph":[{"@type":"Article","@id":"https:\/\/iraurgiberritzen.eus\/es\/ya-estan-en-marcha-las-subvenciones-de-2015-destinadas-a-promover-la-economia-de-la-comarca\/#article","isPartOf":{"@id":"https:\/\/iraurgiberritzen.eus\/es\/ya-estan-en-marcha-las-subvenciones-de-2015-destinadas-a-promover-la-economia-de-la-comarca\/"},"author":{"name":"kudeatzailea","@id":"https:\/\/iraurgiberritzen.eus\/es\/#\/schema\/person\/5ab41aaf388a9097177601ebf45738d2"},"headline":"Ya est\u00e1n en marcha las subvenciones de 2015 destinadas a promover la econom\u00eda de la comarca","datePublished":"2015-03-24T06:06:41+00:00","mainEntityOfPage":{"@id":"https:\/\/iraurgiberritzen.eus\/es\/ya-estan-en-marcha-las-subvenciones-de-2015-destinadas-a-promover-la-economia-de-la-comarca\/"},"wordCount":262,"publisher":{"@id":"https:\/\/iraurgiberritzen.eus\/es\/#organization"},"image":{"@id":"https:\/\/iraurgiberritzen.eus\/es\/ya-estan-en-marcha-las-subvenciones-de-2015-destinadas-a-promover-la-economia-de-la-comarca\/#primaryimage"},"thumbnailUrl":"https:\/\/iraurgiberritzen.eus\/wp-content\/uploads\/2023\/09\/63955aa9869cf7707ada1662dbfb31e2.jpg","articleSection":["Noticias"],"inLanguage":"es"},{"@type":"WebPage","@id":"https:\/\/iraurgiberritzen.eus\/es\/ya-estan-en-marcha-las-subvenciones-de-2015-destinadas-a-promover-la-economia-de-la-comarca\/","url":"https:\/\/iraurgiberritzen.eus\/es\/ya-estan-en-marcha-las-subvenciones-de-2015-destinadas-a-promover-la-economia-de-la-comarca\/","name":"Ya est\u00e1n en marcha las subvenciones de 2015 destinadas a promover la econom\u00eda de la comarca - Iraurgi Berritzen","isPartOf":{"@id":"https:\/\/iraurgiberritzen.eus\/es\/#website"},"primaryImageOfPage":{"@id":"https:\/\/iraurgiberritzen.eus\/es\/ya-estan-en-marcha-las-subvenciones-de-2015-destinadas-a-promover-la-economia-de-la-comarca\/#primaryimage"},"image":{"@id":"https:\/\/iraurgiberritzen.eus\/es\/ya-estan-en-marcha-las-subvenciones-de-2015-destinadas-a-promover-la-economia-de-la-comarca\/#primaryimage"},"thumbnailUrl":"https:\/\/iraurgiberritzen.eus\/wp-content\/uploads\/2023\/09\/63955aa9869cf7707ada1662dbfb31e2.jpg","datePublished":"2015-03-24T06:06:41+00:00","breadcrumb":{"@id":"https:\/\/iraurgiberritzen.eus\/es\/ya-estan-en-marcha-las-subvenciones-de-2015-destinadas-a-promover-la-economia-de-la-comarca\/#breadcrumb"},"inLanguage":"es","potentialAction":[{"@type":"ReadAction","target":["https:\/\/iraurgiberritzen.eus\/es\/ya-estan-en-marcha-las-subvenciones-de-2015-destinadas-a-promover-la-economia-de-la-comarca\/"]}]},{"@type":"ImageObject","inLanguage":"es","@id":"https:\/\/iraurgiberritzen.eus\/es\/ya-estan-en-marcha-las-subvenciones-de-2015-destinadas-a-promover-la-economia-de-la-comarca\/#primaryimage","url":"https:\/\/iraurgiberritzen.eus\/wp-content\/uploads\/2023\/09\/63955aa9869cf7707ada1662dbfb31e2.jpg","contentUrl":"https:\/\/iraurgiberritzen.eus\/wp-content\/uploads\/2023\/09\/63955aa9869cf7707ada1662dbfb31e2.jpg","width":600,"height":386},{"@type":"BreadcrumbList","@id":"https:\/\/iraurgiberritzen.eus\/es\/ya-estan-en-marcha-las-subvenciones-de-2015-destinadas-a-promover-la-economia-de-la-comarca\/#breadcrumb","itemListElement":[{"@type":"ListItem","position":1,"name":"Home","item":"https:\/\/iraurgiberritzen.eus\/es\/"},{"@type":"ListItem","position":2,"name":"Ya est\u00e1n en marcha las subvenciones de 2015 destinadas a promover la econom\u00eda de la comarca"}]},{"@type":"WebSite","@id":"https:\/\/iraurgiberritzen.eus\/es\/#website","url":"https:\/\/iraurgiberritzen.eus\/es\/","name":"Iraurgi Berritzen","description":"Urola Erdiko Garapen Agentzia","publisher":{"@id":"https:\/\/iraurgiberritzen.eus\/es\/#organization"},"potentialAction":[{"@type":"SearchAction","target":{"@type":"EntryPoint","urlTemplate":"https:\/\/iraurgiberritzen.eus\/es\/?s={search_term_string}"},"query-input":{"@type":"PropertyValueSpecification","valueRequired":true,"valueName":"search_term_string"}}],"inLanguage":"es"},{"@type":"Organization","@id":"https:\/\/iraurgiberritzen.eus\/es\/#organization","name":"Iraurgi Berritzen","url":"https:\/\/iraurgiberritzen.eus\/es\/","logo":{"@type":"ImageObject","inLanguage":"es","@id":"https:\/\/iraurgiberritzen.eus\/es\/#\/schema\/logo\/image\/","url":"https:\/\/iraurgiberritzen.eus\/wp-content\/uploads\/2024\/02\/IRAURGI-BERRITZEN-logotipoa_2.png","contentUrl":"https:\/\/iraurgiberritzen.eus\/wp-content\/uploads\/2024\/02\/IRAURGI-BERRITZEN-logotipoa_2.png","width":496,"height":190,"caption":"Iraurgi Berritzen"},"image":{"@id":"https:\/\/iraurgiberritzen.eus\/es\/#\/schema\/logo\/image\/"}},{"@type":"Person","@id":"https:\/\/iraurgiberritzen.eus\/es\/#\/schema\/person\/5ab41aaf388a9097177601ebf45738d2","name":"kudeatzailea","sameAs":["https:\/\/iraurgiberritzen.eus"]}]}},"_links":{"self":[{"href":"https:\/\/iraurgiberritzen.eus\/es\/wp-json\/wp\/v2\/posts\/11820","targetHints":{"allow":["GET"]}}],"collection":[{"href":"https:\/\/iraurgiberritzen.eus\/es\/wp-json\/wp\/v2\/posts"}],"about":[{"href":"https:\/\/iraurgiberritzen.eus\/es\/wp-json\/wp\/v2\/types\/post"}],"author":[{"embeddable":true,"href":"https:\/\/iraurgiberritzen.eus\/es\/wp-json\/wp\/v2\/users\/1"}],"replies":[{"embeddable":true,"href":"https:\/\/iraurgiberritzen.eus\/es\/wp-json\/wp\/v2\/comments?post=11820"}],"version-history":[{"count":0,"href":"https:\/\/iraurgiberritzen.eus\/es\/wp-json\/wp\/v2\/posts\/11820\/revisions"}],"wp:featuredmedia":[{"embeddable":true,"href":"https:\/\/iraurgiberritzen.eus\/es\/wp-json\/wp\/v2\/media\/18044"}],"wp:attachment":[{"href":"https:\/\/iraurgiberritzen.eus\/es\/wp-json\/wp\/v2\/media?parent=11820"}],"wp:term":[{"taxonomy":"category","embeddable":true,"href":"https:\/\/iraurgiberritzen.eus\/es\/wp-json\/wp\/v2\/categories?post=11820"},{"taxonomy":"post_tag","embeddable":true,"href":"https:\/\/iraurgiberritzen.eus\/es\/wp-json\/wp\/v2\/tags?post=11820"}],"curies":[{"name":"wp","href":"https:\/\/api.w.org\/{rel}","templated":true}]}}