{"id":11823,"date":"2015-03-24T10:57:08","date_gmt":"2015-03-24T08:57:08","guid":{"rendered":"https:\/\/iraurgiberritzen.eus\/seminario-de-capacitacion-y-sensibilizacion-bajo-el-lema-impulsando-la-empresa-participativa-en-urola-erdia\/"},"modified":"2015-03-24T10:57:08","modified_gmt":"2015-03-24T08:57:08","slug":"seminario-de-capacitacion-y-sensibilizacion-bajo-el-lema-impulsando-la-empresa-participativa-en-urola-erdia","status":"publish","type":"post","link":"https:\/\/iraurgiberritzen.eus\/es\/seminario-de-capacitacion-y-sensibilizacion-bajo-el-lema-impulsando-la-empresa-participativa-en-urola-erdia\/","title":{"rendered":"Seminario de capacitaci\u00f3n y sensibilizaci\u00f3n bajo el lema \u201cimpulsando la empresa participativa en Urola Erdia\u201d"},"content":{"rendered":"<p style=\"text-align: justify;\">Iraurgi Berritzen ha organizado un seminario sobre empresa participada, que se celebrar\u00e1 este jueves, 26 de Marzo, de 16:00 a 18:30 de la tarde en Sindikatu Zaharra, y se dirigir\u00e1 a las empresas, administraciones p\u00fablicas y agentes socio-econ\u00f3micos de la comarca (representantes de empresariado y sindicatos, otros agentes de apoyo a la empresa, etc.).<\/p>\n<p style=\"text-align: justify;\">Este seminario de sensibilizaci\u00f3n y capacitaci\u00f3n dirigido a todas las empresas, administraciones p\u00fablicas y agentes socio-econ\u00f3micos de la comarca, se enmarca dentro del proceso de trabajo que Iraurgi Berritzen, como agencia de promoci\u00f3n socioecon\u00f3mica e innovaci\u00f3n de Urola Erdia, ha puesto en marcha. Dicho proceso pretende fomentar la construcci\u00f3n de proyectos territoriales y empresariales m\u00e1s compartidos, competitivos y sostenibles en la comarca a trav\u00e9s del impulso de la participaci\u00f3n de las personas en las organizaciones, garantizando la transformaci\u00f3n y mejora del posicionamiento competitivo de Urola Erdia a largo plazo.<\/p>\n<p style=\"text-align: justify;\">El objetivo principal de la sesi\u00f3n es <strong>conocer de primera mano ejemplos de empresas vascas participadas, y compartir aprendizajes y recomendaciones pr\u00e1cticas para el desarrollo de modelos participativos en la comarca<\/strong>.<\/p>\n<p style=\"text-align: justify;\">Los asistentes a este seminario obtendr\u00e1n una clara visi\u00f3n de las claves de la participaci\u00f3n de las personas en las organizaciones, a trav\u00e9s de la experiencia pr\u00e1ctica de varios expertos y directivos, tanto de la comarca, como de otras zonas.<\/p>\n<p style=\"text-align: justify;\">Entre los ponentes cabe destacar la presencia de <strong>Sabin Azua, Socio-Director de B+I Strategy<\/strong> y <strong>Luis Unceta-Barrenechea, Socio-Director de BSK Legal &amp; Fiscal<\/strong>. En el \u00e1mbito empresarial, los participantes tendr\u00e1n la oportunidad de conocer las experiencias pr\u00e1cticas de <strong>Lorenzo Mendieta, Director General de Alcorta Forging Group, Jon Agirre, Presidente de AMPO <\/strong>y<strong> Koldo Arandia, Director General de Ibarmia Group<\/strong>.<\/p>\n<p>Para acceder a la agenda de la sesi\u00f3n o saber m\u00e1s al respecto se puede clickar <a href=\"images\/iraurgiberritzen\/berriak\/2015\/20150326__Invitacion_seminario_de__sensibilizacion_y_capacitacion_ES.pdf\" target=\"_blank\" rel=\"noopener\">aqu\u00ed<\/a>.<\/p>\n<p style=\"text-align: justify;\">En caso de estar interesado en participar en este seminario, puedes ponerte en contacto con Iraurgi Berritzen llamando al <strong>943 02 60 69<\/strong> o escribiendo a la direcci\u00f3n <a href=\"mailto:info@iraurgiberritzen.net\">info@iraurgiberritzen.net<\/a><\/p>\n<p style=\"text-align: justify;\">&nbsp;<\/p>\n<p style=\"text-align: justify;\">&nbsp;<\/p>\n","protected":false},"excerpt":{"rendered":"<p>Iraurgi Berritzen ha organizado un seminario sobre empresa participada, que se celebrar\u00e1 este jueves, 26 de Marzo, de 16:00 a 18:30 de la tarde en Sindikatu Zaharra, y se dirigir\u00e1 a las empresas, administraciones p\u00fablicas y agentes socio-econ\u00f3micos de la comarca (representantes de empresariado y sindicatos, otros agentes de apoyo a la empresa, etc.). Este [&hellip;]<\/p>\n","protected":false},"author":1,"featured_media":18045,"comment_status":"","ping_status":"closed","sticky":false,"template":"","format":"standard","meta":{"_acf_changed":false,"footnotes":""},"categories":[4],"tags":[],"class_list":["post-11823","post","type-post","status-publish","format-standard","has-post-thumbnail","hentry","category-noticias"],"acf":[],"yoast_head":"<!-- This site is optimized with the Yoast SEO plugin v27.4 - https:\/\/yoast.com\/product\/yoast-seo-wordpress\/ -->\n<title>Seminario de capacitaci\u00f3n y sensibilizaci\u00f3n bajo el lema \u201cimpulsando la empresa participativa en Urola Erdia\u201d - Iraurgi Berritzen<\/title>\n<meta name=\"robots\" content=\"index, follow, max-snippet:-1, max-image-preview:large, max-video-preview:-1\" \/>\n<link rel=\"canonical\" href=\"https:\/\/iraurgiberritzen.eus\/es\/seminario-de-capacitacion-y-sensibilizacion-bajo-el-lema-impulsando-la-empresa-participativa-en-urola-erdia\/\" \/>\n<meta property=\"og:locale\" content=\"es_ES\" \/>\n<meta property=\"og:type\" content=\"article\" \/>\n<meta property=\"og:title\" content=\"Seminario de capacitaci\u00f3n y sensibilizaci\u00f3n bajo el lema \u201cimpulsando la empresa participativa en Urola Erdia\u201d - Iraurgi Berritzen\" \/>\n<meta property=\"og:description\" content=\"Iraurgi Berritzen ha organizado un seminario sobre empresa participada, que se celebrar\u00e1 este jueves, 26 de Marzo, de 16:00 a 18:30 de la tarde en Sindikatu Zaharra, y se dirigir\u00e1 a las empresas, administraciones p\u00fablicas y agentes socio-econ\u00f3micos de la comarca (representantes de empresariado y sindicatos, otros agentes de apoyo a la empresa, etc.). Este [&hellip;]\" \/>\n<meta property=\"og:url\" content=\"https:\/\/iraurgiberritzen.eus\/es\/seminario-de-capacitacion-y-sensibilizacion-bajo-el-lema-impulsando-la-empresa-participativa-en-urola-erdia\/\" \/>\n<meta property=\"og:site_name\" content=\"Iraurgi Berritzen\" \/>\n<meta property=\"article:published_time\" content=\"2015-03-24T08:57:08+00:00\" \/>\n<meta name=\"author\" content=\"kudeatzailea\" \/>\n<meta name=\"twitter:card\" content=\"summary_large_image\" \/>\n<meta name=\"twitter:label1\" content=\"Escrito por\" \/>\n\t<meta name=\"twitter:data1\" content=\"kudeatzailea\" \/>\n\t<meta name=\"twitter:label2\" content=\"Tiempo de lectura\" \/>\n\t<meta name=\"twitter:data2\" content=\"2 minutos\" \/>\n<script type=\"application\/ld+json\" class=\"yoast-schema-graph\">{\"@context\":\"https:\\\/\\\/schema.org\",\"@graph\":[{\"@type\":\"Article\",\"@id\":\"https:\\\/\\\/iraurgiberritzen.eus\\\/es\\\/seminario-de-capacitacion-y-sensibilizacion-bajo-el-lema-impulsando-la-empresa-participativa-en-urola-erdia\\\/#article\",\"isPartOf\":{\"@id\":\"https:\\\/\\\/iraurgiberritzen.eus\\\/es\\\/seminario-de-capacitacion-y-sensibilizacion-bajo-el-lema-impulsando-la-empresa-participativa-en-urola-erdia\\\/\"},\"author\":{\"name\":\"kudeatzailea\",\"@id\":\"https:\\\/\\\/iraurgiberritzen.eus\\\/es\\\/#\\\/schema\\\/person\\\/5ab41aaf388a9097177601ebf45738d2\"},\"headline\":\"Seminario de capacitaci\u00f3n y sensibilizaci\u00f3n bajo el lema \u201cimpulsando la empresa participativa en Urola Erdia\u201d\",\"datePublished\":\"2015-03-24T08:57:08+00:00\",\"mainEntityOfPage\":{\"@id\":\"https:\\\/\\\/iraurgiberritzen.eus\\\/es\\\/seminario-de-capacitacion-y-sensibilizacion-bajo-el-lema-impulsando-la-empresa-participativa-en-urola-erdia\\\/\"},\"wordCount\":360,\"publisher\":{\"@id\":\"https:\\\/\\\/iraurgiberritzen.eus\\\/es\\\/#organization\"},\"image\":{\"@id\":\"https:\\\/\\\/iraurgiberritzen.eus\\\/es\\\/seminario-de-capacitacion-y-sensibilizacion-bajo-el-lema-impulsando-la-empresa-participativa-en-urola-erdia\\\/#primaryimage\"},\"thumbnailUrl\":\"https:\\\/\\\/iraurgiberritzen.eus\\\/wp-content\\\/uploads\\\/2023\\\/09\\\/dbe05350458c15fa6c802fb686391131.jpg\",\"articleSection\":[\"Noticias\"],\"inLanguage\":\"es\"},{\"@type\":\"WebPage\",\"@id\":\"https:\\\/\\\/iraurgiberritzen.eus\\\/es\\\/seminario-de-capacitacion-y-sensibilizacion-bajo-el-lema-impulsando-la-empresa-participativa-en-urola-erdia\\\/\",\"url\":\"https:\\\/\\\/iraurgiberritzen.eus\\\/es\\\/seminario-de-capacitacion-y-sensibilizacion-bajo-el-lema-impulsando-la-empresa-participativa-en-urola-erdia\\\/\",\"name\":\"Seminario de capacitaci\u00f3n y sensibilizaci\u00f3n bajo el lema \u201cimpulsando la empresa participativa en Urola Erdia\u201d - Iraurgi Berritzen\",\"isPartOf\":{\"@id\":\"https:\\\/\\\/iraurgiberritzen.eus\\\/es\\\/#website\"},\"primaryImageOfPage\":{\"@id\":\"https:\\\/\\\/iraurgiberritzen.eus\\\/es\\\/seminario-de-capacitacion-y-sensibilizacion-bajo-el-lema-impulsando-la-empresa-participativa-en-urola-erdia\\\/#primaryimage\"},\"image\":{\"@id\":\"https:\\\/\\\/iraurgiberritzen.eus\\\/es\\\/seminario-de-capacitacion-y-sensibilizacion-bajo-el-lema-impulsando-la-empresa-participativa-en-urola-erdia\\\/#primaryimage\"},\"thumbnailUrl\":\"https:\\\/\\\/iraurgiberritzen.eus\\\/wp-content\\\/uploads\\\/2023\\\/09\\\/dbe05350458c15fa6c802fb686391131.jpg\",\"datePublished\":\"2015-03-24T08:57:08+00:00\",\"breadcrumb\":{\"@id\":\"https:\\\/\\\/iraurgiberritzen.eus\\\/es\\\/seminario-de-capacitacion-y-sensibilizacion-bajo-el-lema-impulsando-la-empresa-participativa-en-urola-erdia\\\/#breadcrumb\"},\"inLanguage\":\"es\",\"potentialAction\":[{\"@type\":\"ReadAction\",\"target\":[\"https:\\\/\\\/iraurgiberritzen.eus\\\/es\\\/seminario-de-capacitacion-y-sensibilizacion-bajo-el-lema-impulsando-la-empresa-participativa-en-urola-erdia\\\/\"]}]},{\"@type\":\"ImageObject\",\"inLanguage\":\"es\",\"@id\":\"https:\\\/\\\/iraurgiberritzen.eus\\\/es\\\/seminario-de-capacitacion-y-sensibilizacion-bajo-el-lema-impulsando-la-empresa-participativa-en-urola-erdia\\\/#primaryimage\",\"url\":\"https:\\\/\\\/iraurgiberritzen.eus\\\/wp-content\\\/uploads\\\/2023\\\/09\\\/dbe05350458c15fa6c802fb686391131.jpg\",\"contentUrl\":\"https:\\\/\\\/iraurgiberritzen.eus\\\/wp-content\\\/uploads\\\/2023\\\/09\\\/dbe05350458c15fa6c802fb686391131.jpg\",\"width\":600,\"height\":386},{\"@type\":\"BreadcrumbList\",\"@id\":\"https:\\\/\\\/iraurgiberritzen.eus\\\/es\\\/seminario-de-capacitacion-y-sensibilizacion-bajo-el-lema-impulsando-la-empresa-participativa-en-urola-erdia\\\/#breadcrumb\",\"itemListElement\":[{\"@type\":\"ListItem\",\"position\":1,\"name\":\"Home\",\"item\":\"https:\\\/\\\/iraurgiberritzen.eus\\\/es\\\/\"},{\"@type\":\"ListItem\",\"position\":2,\"name\":\"Seminario de capacitaci\u00f3n y sensibilizaci\u00f3n bajo el lema \u201cimpulsando la empresa participativa en Urola Erdia\u201d\"}]},{\"@type\":\"WebSite\",\"@id\":\"https:\\\/\\\/iraurgiberritzen.eus\\\/es\\\/#website\",\"url\":\"https:\\\/\\\/iraurgiberritzen.eus\\\/es\\\/\",\"name\":\"Iraurgi Berritzen\",\"description\":\"Urola Erdiko Garapen Agentzia\",\"publisher\":{\"@id\":\"https:\\\/\\\/iraurgiberritzen.eus\\\/es\\\/#organization\"},\"potentialAction\":[{\"@type\":\"SearchAction\",\"target\":{\"@type\":\"EntryPoint\",\"urlTemplate\":\"https:\\\/\\\/iraurgiberritzen.eus\\\/es\\\/?s={search_term_string}\"},\"query-input\":{\"@type\":\"PropertyValueSpecification\",\"valueRequired\":true,\"valueName\":\"search_term_string\"}}],\"inLanguage\":\"es\"},{\"@type\":\"Organization\",\"@id\":\"https:\\\/\\\/iraurgiberritzen.eus\\\/es\\\/#organization\",\"name\":\"Iraurgi Berritzen\",\"url\":\"https:\\\/\\\/iraurgiberritzen.eus\\\/es\\\/\",\"logo\":{\"@type\":\"ImageObject\",\"inLanguage\":\"es\",\"@id\":\"https:\\\/\\\/iraurgiberritzen.eus\\\/es\\\/#\\\/schema\\\/logo\\\/image\\\/\",\"url\":\"https:\\\/\\\/iraurgiberritzen.eus\\\/wp-content\\\/uploads\\\/2024\\\/02\\\/IRAURGI-BERRITZEN-logotipoa_2.png\",\"contentUrl\":\"https:\\\/\\\/iraurgiberritzen.eus\\\/wp-content\\\/uploads\\\/2024\\\/02\\\/IRAURGI-BERRITZEN-logotipoa_2.png\",\"width\":496,\"height\":190,\"caption\":\"Iraurgi Berritzen\"},\"image\":{\"@id\":\"https:\\\/\\\/iraurgiberritzen.eus\\\/es\\\/#\\\/schema\\\/logo\\\/image\\\/\"}},{\"@type\":\"Person\",\"@id\":\"https:\\\/\\\/iraurgiberritzen.eus\\\/es\\\/#\\\/schema\\\/person\\\/5ab41aaf388a9097177601ebf45738d2\",\"name\":\"kudeatzailea\",\"sameAs\":[\"https:\\\/\\\/iraurgiberritzen.eus\"]}]}<\/script>\n<!-- \/ Yoast SEO plugin. -->","yoast_head_json":{"title":"Seminario de capacitaci\u00f3n y sensibilizaci\u00f3n bajo el lema \u201cimpulsando la empresa participativa en Urola Erdia\u201d - Iraurgi Berritzen","robots":{"index":"index","follow":"follow","max-snippet":"max-snippet:-1","max-image-preview":"max-image-preview:large","max-video-preview":"max-video-preview:-1"},"canonical":"https:\/\/iraurgiberritzen.eus\/es\/seminario-de-capacitacion-y-sensibilizacion-bajo-el-lema-impulsando-la-empresa-participativa-en-urola-erdia\/","og_locale":"es_ES","og_type":"article","og_title":"Seminario de capacitaci\u00f3n y sensibilizaci\u00f3n bajo el lema \u201cimpulsando la empresa participativa en Urola Erdia\u201d - Iraurgi Berritzen","og_description":"Iraurgi Berritzen ha organizado un seminario sobre empresa participada, que se celebrar\u00e1 este jueves, 26 de Marzo, de 16:00 a 18:30 de la tarde en Sindikatu Zaharra, y se dirigir\u00e1 a las empresas, administraciones p\u00fablicas y agentes socio-econ\u00f3micos de la comarca (representantes de empresariado y sindicatos, otros agentes de apoyo a la empresa, etc.). Este [&hellip;]","og_url":"https:\/\/iraurgiberritzen.eus\/es\/seminario-de-capacitacion-y-sensibilizacion-bajo-el-lema-impulsando-la-empresa-participativa-en-urola-erdia\/","og_site_name":"Iraurgi Berritzen","article_published_time":"2015-03-24T08:57:08+00:00","author":"kudeatzailea","twitter_card":"summary_large_image","twitter_misc":{"Escrito por":"kudeatzailea","Tiempo de lectura":"2 minutos"},"schema":{"@context":"https:\/\/schema.org","@graph":[{"@type":"Article","@id":"https:\/\/iraurgiberritzen.eus\/es\/seminario-de-capacitacion-y-sensibilizacion-bajo-el-lema-impulsando-la-empresa-participativa-en-urola-erdia\/#article","isPartOf":{"@id":"https:\/\/iraurgiberritzen.eus\/es\/seminario-de-capacitacion-y-sensibilizacion-bajo-el-lema-impulsando-la-empresa-participativa-en-urola-erdia\/"},"author":{"name":"kudeatzailea","@id":"https:\/\/iraurgiberritzen.eus\/es\/#\/schema\/person\/5ab41aaf388a9097177601ebf45738d2"},"headline":"Seminario de capacitaci\u00f3n y sensibilizaci\u00f3n bajo el lema \u201cimpulsando la empresa participativa en Urola Erdia\u201d","datePublished":"2015-03-24T08:57:08+00:00","mainEntityOfPage":{"@id":"https:\/\/iraurgiberritzen.eus\/es\/seminario-de-capacitacion-y-sensibilizacion-bajo-el-lema-impulsando-la-empresa-participativa-en-urola-erdia\/"},"wordCount":360,"publisher":{"@id":"https:\/\/iraurgiberritzen.eus\/es\/#organization"},"image":{"@id":"https:\/\/iraurgiberritzen.eus\/es\/seminario-de-capacitacion-y-sensibilizacion-bajo-el-lema-impulsando-la-empresa-participativa-en-urola-erdia\/#primaryimage"},"thumbnailUrl":"https:\/\/iraurgiberritzen.eus\/wp-content\/uploads\/2023\/09\/dbe05350458c15fa6c802fb686391131.jpg","articleSection":["Noticias"],"inLanguage":"es"},{"@type":"WebPage","@id":"https:\/\/iraurgiberritzen.eus\/es\/seminario-de-capacitacion-y-sensibilizacion-bajo-el-lema-impulsando-la-empresa-participativa-en-urola-erdia\/","url":"https:\/\/iraurgiberritzen.eus\/es\/seminario-de-capacitacion-y-sensibilizacion-bajo-el-lema-impulsando-la-empresa-participativa-en-urola-erdia\/","name":"Seminario de capacitaci\u00f3n y sensibilizaci\u00f3n bajo el lema \u201cimpulsando la empresa participativa en Urola Erdia\u201d - Iraurgi Berritzen","isPartOf":{"@id":"https:\/\/iraurgiberritzen.eus\/es\/#website"},"primaryImageOfPage":{"@id":"https:\/\/iraurgiberritzen.eus\/es\/seminario-de-capacitacion-y-sensibilizacion-bajo-el-lema-impulsando-la-empresa-participativa-en-urola-erdia\/#primaryimage"},"image":{"@id":"https:\/\/iraurgiberritzen.eus\/es\/seminario-de-capacitacion-y-sensibilizacion-bajo-el-lema-impulsando-la-empresa-participativa-en-urola-erdia\/#primaryimage"},"thumbnailUrl":"https:\/\/iraurgiberritzen.eus\/wp-content\/uploads\/2023\/09\/dbe05350458c15fa6c802fb686391131.jpg","datePublished":"2015-03-24T08:57:08+00:00","breadcrumb":{"@id":"https:\/\/iraurgiberritzen.eus\/es\/seminario-de-capacitacion-y-sensibilizacion-bajo-el-lema-impulsando-la-empresa-participativa-en-urola-erdia\/#breadcrumb"},"inLanguage":"es","potentialAction":[{"@type":"ReadAction","target":["https:\/\/iraurgiberritzen.eus\/es\/seminario-de-capacitacion-y-sensibilizacion-bajo-el-lema-impulsando-la-empresa-participativa-en-urola-erdia\/"]}]},{"@type":"ImageObject","inLanguage":"es","@id":"https:\/\/iraurgiberritzen.eus\/es\/seminario-de-capacitacion-y-sensibilizacion-bajo-el-lema-impulsando-la-empresa-participativa-en-urola-erdia\/#primaryimage","url":"https:\/\/iraurgiberritzen.eus\/wp-content\/uploads\/2023\/09\/dbe05350458c15fa6c802fb686391131.jpg","contentUrl":"https:\/\/iraurgiberritzen.eus\/wp-content\/uploads\/2023\/09\/dbe05350458c15fa6c802fb686391131.jpg","width":600,"height":386},{"@type":"BreadcrumbList","@id":"https:\/\/iraurgiberritzen.eus\/es\/seminario-de-capacitacion-y-sensibilizacion-bajo-el-lema-impulsando-la-empresa-participativa-en-urola-erdia\/#breadcrumb","itemListElement":[{"@type":"ListItem","position":1,"name":"Home","item":"https:\/\/iraurgiberritzen.eus\/es\/"},{"@type":"ListItem","position":2,"name":"Seminario de capacitaci\u00f3n y sensibilizaci\u00f3n bajo el lema \u201cimpulsando la empresa participativa en Urola Erdia\u201d"}]},{"@type":"WebSite","@id":"https:\/\/iraurgiberritzen.eus\/es\/#website","url":"https:\/\/iraurgiberritzen.eus\/es\/","name":"Iraurgi Berritzen","description":"Urola Erdiko Garapen Agentzia","publisher":{"@id":"https:\/\/iraurgiberritzen.eus\/es\/#organization"},"potentialAction":[{"@type":"SearchAction","target":{"@type":"EntryPoint","urlTemplate":"https:\/\/iraurgiberritzen.eus\/es\/?s={search_term_string}"},"query-input":{"@type":"PropertyValueSpecification","valueRequired":true,"valueName":"search_term_string"}}],"inLanguage":"es"},{"@type":"Organization","@id":"https:\/\/iraurgiberritzen.eus\/es\/#organization","name":"Iraurgi Berritzen","url":"https:\/\/iraurgiberritzen.eus\/es\/","logo":{"@type":"ImageObject","inLanguage":"es","@id":"https:\/\/iraurgiberritzen.eus\/es\/#\/schema\/logo\/image\/","url":"https:\/\/iraurgiberritzen.eus\/wp-content\/uploads\/2024\/02\/IRAURGI-BERRITZEN-logotipoa_2.png","contentUrl":"https:\/\/iraurgiberritzen.eus\/wp-content\/uploads\/2024\/02\/IRAURGI-BERRITZEN-logotipoa_2.png","width":496,"height":190,"caption":"Iraurgi Berritzen"},"image":{"@id":"https:\/\/iraurgiberritzen.eus\/es\/#\/schema\/logo\/image\/"}},{"@type":"Person","@id":"https:\/\/iraurgiberritzen.eus\/es\/#\/schema\/person\/5ab41aaf388a9097177601ebf45738d2","name":"kudeatzailea","sameAs":["https:\/\/iraurgiberritzen.eus"]}]}},"_links":{"self":[{"href":"https:\/\/iraurgiberritzen.eus\/es\/wp-json\/wp\/v2\/posts\/11823","targetHints":{"allow":["GET"]}}],"collection":[{"href":"https:\/\/iraurgiberritzen.eus\/es\/wp-json\/wp\/v2\/posts"}],"about":[{"href":"https:\/\/iraurgiberritzen.eus\/es\/wp-json\/wp\/v2\/types\/post"}],"author":[{"embeddable":true,"href":"https:\/\/iraurgiberritzen.eus\/es\/wp-json\/wp\/v2\/users\/1"}],"replies":[{"embeddable":true,"href":"https:\/\/iraurgiberritzen.eus\/es\/wp-json\/wp\/v2\/comments?post=11823"}],"version-history":[{"count":0,"href":"https:\/\/iraurgiberritzen.eus\/es\/wp-json\/wp\/v2\/posts\/11823\/revisions"}],"wp:featuredmedia":[{"embeddable":true,"href":"https:\/\/iraurgiberritzen.eus\/es\/wp-json\/wp\/v2\/media\/18045"}],"wp:attachment":[{"href":"https:\/\/iraurgiberritzen.eus\/es\/wp-json\/wp\/v2\/media?parent=11823"}],"wp:term":[{"taxonomy":"category","embeddable":true,"href":"https:\/\/iraurgiberritzen.eus\/es\/wp-json\/wp\/v2\/categories?post=11823"},{"taxonomy":"post_tag","embeddable":true,"href":"https:\/\/iraurgiberritzen.eus\/es\/wp-json\/wp\/v2\/tags?post=11823"}],"curies":[{"name":"wp","href":"https:\/\/api.w.org\/{rel}","templated":true}]}}