{"id":11826,"date":"2015-03-30T09:53:35","date_gmt":"2015-03-30T07:53:35","guid":{"rendered":"https:\/\/iraurgiberritzen.eus\/seminario-dirigido-a-los-agentes-de-la-comarca-impulsando-la-empresa-participativa-en-urola-erdia\/"},"modified":"2015-03-30T09:53:35","modified_gmt":"2015-03-30T07:53:35","slug":"seminario-dirigido-a-los-agentes-de-la-comarca-impulsando-la-empresa-participativa-en-urola-erdia","status":"publish","type":"post","link":"https:\/\/iraurgiberritzen.eus\/es\/seminario-dirigido-a-los-agentes-de-la-comarca-impulsando-la-empresa-participativa-en-urola-erdia\/","title":{"rendered":"Seminario dirigido a los agentes de la comarca. Impulsando la empresa participativa en Urola Erdia."},"content":{"rendered":"<p style=\"text-align: justify;\">El pasado 26 de Marzo Iraurgi Berritzen organiz\u00f3 un seminario dirigido a los agentes socio-econ\u00f3micos de la comarca, bajo el lema impulsando la empresa participativa en Urola Erdia.<\/p>\n<p style=\"text-align: justify;\">Representantes de varios agentes, directivos de empresas de diferentes sectores y tama\u00f1os, sindicatos e instituciones se dieron cita en el Sindikatu Zaharra de Azpeitia. El objetivo principal del seminario fue conocer de primera mano ejemplos sobre empresas vascas participadas, y compartir aprendizajes y recomendaciones pr\u00e1cticas para el desarrollo de modelos participativos de la comarca.<\/p>\n<p style=\"text-align: justify;\">Este seminario dio la oportunidad de intercambiar experiencias con varios expertos y directivos:<\/p>\n<ul>\n<li style=\"text-align: justify;\">Desde la empresa participada a la empresa competitiva sostenible (Sabin Azua. Socio-Director de B+I Strategy)<\/li>\n<li style=\"text-align: justify;\">Condicionantes y alternativas legales y fiscales de los modelos participativos (Luis Unceta-Barrenechea. Socio-Director de BSK Legal &amp; Fiscal)<\/li>\n<li style=\"text-align: justify;\">Presentaci\u00f3n de modelos vascos de empresas participadas: Lorenzo Mendieta. Director General de Alcorta Forging Group; Jon Agirre. Presidente de AMPO; Koldo Arandia. Director General de IBARMIA<\/li>\n<\/ul>\n<p style=\"text-align: justify;\">Despu\u00e9s, hubo un coloquio con los participantes, donde se analiz\u00f3 y debati\u00f3 sobre las recomendaciones, dificultades y requisitos para el desarrollo de modelos participativos en las empresas. Fueron de destacar entre otros: la transparencia de la informaci\u00f3n y la necesidad de compartirla, las responsabilidades y capacidades de las personas; tener claros los objetivos de los modelos participativos y el proceso de aprendizaje y camino que supone el desarrollo de los mismos para todos los agentes implicados. Por parte de Iraurgi Berritzen se mostr\u00f3 el compromiso para continuar con este proceso, mediante los eventos que se organizar\u00e1n seguidamente en el seno de este proyecto.<\/p>\n<p style=\"text-align: justify;\">Esta iniciativa, coordinada por Iraurgi Berritzen como agencia de promoci\u00f3n socioecon\u00f3mica e innovaci\u00f3n de la comarca de Urola Erdia, est\u00e1 financiada dentro del \u00abPrograma para la promoci\u00f3n de un territorio socialmente responsable\u00bb del Departamento de Innovaci\u00f3n, Desarrollo Rural y Turismo de la Diputaci\u00f3n Foral de Gipuzkoa, y ha contado con la colaboraci\u00f3n de la consultor\u00eda B+I Strategy.<\/p>\n","protected":false},"excerpt":{"rendered":"<p>El pasado 26 de Marzo Iraurgi Berritzen organiz\u00f3 un seminario dirigido a los agentes socio-econ\u00f3micos de la comarca, bajo el lema impulsando la empresa participativa en Urola Erdia. Representantes de varios agentes, directivos de empresas de diferentes sectores y tama\u00f1os, sindicatos e instituciones se dieron cita en el Sindikatu Zaharra de Azpeitia. El objetivo principal [&hellip;]<\/p>\n","protected":false},"author":1,"featured_media":18046,"comment_status":"","ping_status":"closed","sticky":false,"template":"","format":"standard","meta":{"_acf_changed":false,"footnotes":""},"categories":[4],"tags":[],"class_list":["post-11826","post","type-post","status-publish","format-standard","has-post-thumbnail","hentry","category-noticias"],"acf":[],"yoast_head":"<!-- This site is optimized with the Yoast SEO plugin v27.4 - https:\/\/yoast.com\/product\/yoast-seo-wordpress\/ -->\n<title>Seminario dirigido a los agentes de la comarca. Impulsando la empresa participativa en Urola Erdia. - Iraurgi Berritzen<\/title>\n<meta name=\"robots\" content=\"index, follow, max-snippet:-1, max-image-preview:large, max-video-preview:-1\" \/>\n<link rel=\"canonical\" href=\"https:\/\/iraurgiberritzen.eus\/es\/seminario-dirigido-a-los-agentes-de-la-comarca-impulsando-la-empresa-participativa-en-urola-erdia\/\" \/>\n<meta property=\"og:locale\" content=\"es_ES\" \/>\n<meta property=\"og:type\" content=\"article\" \/>\n<meta property=\"og:title\" content=\"Seminario dirigido a los agentes de la comarca. Impulsando la empresa participativa en Urola Erdia. - Iraurgi Berritzen\" \/>\n<meta property=\"og:description\" content=\"El pasado 26 de Marzo Iraurgi Berritzen organiz\u00f3 un seminario dirigido a los agentes socio-econ\u00f3micos de la comarca, bajo el lema impulsando la empresa participativa en Urola Erdia. Representantes de varios agentes, directivos de empresas de diferentes sectores y tama\u00f1os, sindicatos e instituciones se dieron cita en el Sindikatu Zaharra de Azpeitia. El objetivo principal [&hellip;]\" \/>\n<meta property=\"og:url\" content=\"https:\/\/iraurgiberritzen.eus\/es\/seminario-dirigido-a-los-agentes-de-la-comarca-impulsando-la-empresa-participativa-en-urola-erdia\/\" \/>\n<meta property=\"og:site_name\" content=\"Iraurgi Berritzen\" \/>\n<meta property=\"article:published_time\" content=\"2015-03-30T07:53:35+00:00\" \/>\n<meta name=\"author\" content=\"kudeatzailea\" \/>\n<meta name=\"twitter:card\" content=\"summary_large_image\" \/>\n<meta name=\"twitter:label1\" content=\"Escrito por\" \/>\n\t<meta name=\"twitter:data1\" content=\"kudeatzailea\" \/>\n\t<meta name=\"twitter:label2\" content=\"Tiempo de lectura\" \/>\n\t<meta name=\"twitter:data2\" content=\"2 minutos\" \/>\n<script type=\"application\/ld+json\" class=\"yoast-schema-graph\">{\"@context\":\"https:\\\/\\\/schema.org\",\"@graph\":[{\"@type\":\"Article\",\"@id\":\"https:\\\/\\\/iraurgiberritzen.eus\\\/es\\\/seminario-dirigido-a-los-agentes-de-la-comarca-impulsando-la-empresa-participativa-en-urola-erdia\\\/#article\",\"isPartOf\":{\"@id\":\"https:\\\/\\\/iraurgiberritzen.eus\\\/es\\\/seminario-dirigido-a-los-agentes-de-la-comarca-impulsando-la-empresa-participativa-en-urola-erdia\\\/\"},\"author\":{\"name\":\"kudeatzailea\",\"@id\":\"https:\\\/\\\/iraurgiberritzen.eus\\\/es\\\/#\\\/schema\\\/person\\\/5ab41aaf388a9097177601ebf45738d2\"},\"headline\":\"Seminario dirigido a los agentes de la comarca. Impulsando la empresa participativa en Urola Erdia.\",\"datePublished\":\"2015-03-30T07:53:35+00:00\",\"mainEntityOfPage\":{\"@id\":\"https:\\\/\\\/iraurgiberritzen.eus\\\/es\\\/seminario-dirigido-a-los-agentes-de-la-comarca-impulsando-la-empresa-participativa-en-urola-erdia\\\/\"},\"wordCount\":345,\"publisher\":{\"@id\":\"https:\\\/\\\/iraurgiberritzen.eus\\\/es\\\/#organization\"},\"image\":{\"@id\":\"https:\\\/\\\/iraurgiberritzen.eus\\\/es\\\/seminario-dirigido-a-los-agentes-de-la-comarca-impulsando-la-empresa-participativa-en-urola-erdia\\\/#primaryimage\"},\"thumbnailUrl\":\"https:\\\/\\\/iraurgiberritzen.eus\\\/wp-content\\\/uploads\\\/2023\\\/09\\\/ea82697ed9755e975f3c7d735db2070c.jpg\",\"articleSection\":[\"Noticias\"],\"inLanguage\":\"es\"},{\"@type\":\"WebPage\",\"@id\":\"https:\\\/\\\/iraurgiberritzen.eus\\\/es\\\/seminario-dirigido-a-los-agentes-de-la-comarca-impulsando-la-empresa-participativa-en-urola-erdia\\\/\",\"url\":\"https:\\\/\\\/iraurgiberritzen.eus\\\/es\\\/seminario-dirigido-a-los-agentes-de-la-comarca-impulsando-la-empresa-participativa-en-urola-erdia\\\/\",\"name\":\"Seminario dirigido a los agentes de la comarca. Impulsando la empresa participativa en Urola Erdia. - Iraurgi Berritzen\",\"isPartOf\":{\"@id\":\"https:\\\/\\\/iraurgiberritzen.eus\\\/es\\\/#website\"},\"primaryImageOfPage\":{\"@id\":\"https:\\\/\\\/iraurgiberritzen.eus\\\/es\\\/seminario-dirigido-a-los-agentes-de-la-comarca-impulsando-la-empresa-participativa-en-urola-erdia\\\/#primaryimage\"},\"image\":{\"@id\":\"https:\\\/\\\/iraurgiberritzen.eus\\\/es\\\/seminario-dirigido-a-los-agentes-de-la-comarca-impulsando-la-empresa-participativa-en-urola-erdia\\\/#primaryimage\"},\"thumbnailUrl\":\"https:\\\/\\\/iraurgiberritzen.eus\\\/wp-content\\\/uploads\\\/2023\\\/09\\\/ea82697ed9755e975f3c7d735db2070c.jpg\",\"datePublished\":\"2015-03-30T07:53:35+00:00\",\"breadcrumb\":{\"@id\":\"https:\\\/\\\/iraurgiberritzen.eus\\\/es\\\/seminario-dirigido-a-los-agentes-de-la-comarca-impulsando-la-empresa-participativa-en-urola-erdia\\\/#breadcrumb\"},\"inLanguage\":\"es\",\"potentialAction\":[{\"@type\":\"ReadAction\",\"target\":[\"https:\\\/\\\/iraurgiberritzen.eus\\\/es\\\/seminario-dirigido-a-los-agentes-de-la-comarca-impulsando-la-empresa-participativa-en-urola-erdia\\\/\"]}]},{\"@type\":\"ImageObject\",\"inLanguage\":\"es\",\"@id\":\"https:\\\/\\\/iraurgiberritzen.eus\\\/es\\\/seminario-dirigido-a-los-agentes-de-la-comarca-impulsando-la-empresa-participativa-en-urola-erdia\\\/#primaryimage\",\"url\":\"https:\\\/\\\/iraurgiberritzen.eus\\\/wp-content\\\/uploads\\\/2023\\\/09\\\/ea82697ed9755e975f3c7d735db2070c.jpg\",\"contentUrl\":\"https:\\\/\\\/iraurgiberritzen.eus\\\/wp-content\\\/uploads\\\/2023\\\/09\\\/ea82697ed9755e975f3c7d735db2070c.jpg\",\"width\":600,\"height\":386},{\"@type\":\"BreadcrumbList\",\"@id\":\"https:\\\/\\\/iraurgiberritzen.eus\\\/es\\\/seminario-dirigido-a-los-agentes-de-la-comarca-impulsando-la-empresa-participativa-en-urola-erdia\\\/#breadcrumb\",\"itemListElement\":[{\"@type\":\"ListItem\",\"position\":1,\"name\":\"Home\",\"item\":\"https:\\\/\\\/iraurgiberritzen.eus\\\/es\\\/\"},{\"@type\":\"ListItem\",\"position\":2,\"name\":\"Seminario dirigido a los agentes de la comarca. Impulsando la empresa participativa en Urola Erdia.\"}]},{\"@type\":\"WebSite\",\"@id\":\"https:\\\/\\\/iraurgiberritzen.eus\\\/es\\\/#website\",\"url\":\"https:\\\/\\\/iraurgiberritzen.eus\\\/es\\\/\",\"name\":\"Iraurgi Berritzen\",\"description\":\"Urola Erdiko Garapen Agentzia\",\"publisher\":{\"@id\":\"https:\\\/\\\/iraurgiberritzen.eus\\\/es\\\/#organization\"},\"potentialAction\":[{\"@type\":\"SearchAction\",\"target\":{\"@type\":\"EntryPoint\",\"urlTemplate\":\"https:\\\/\\\/iraurgiberritzen.eus\\\/es\\\/?s={search_term_string}\"},\"query-input\":{\"@type\":\"PropertyValueSpecification\",\"valueRequired\":true,\"valueName\":\"search_term_string\"}}],\"inLanguage\":\"es\"},{\"@type\":\"Organization\",\"@id\":\"https:\\\/\\\/iraurgiberritzen.eus\\\/es\\\/#organization\",\"name\":\"Iraurgi Berritzen\",\"url\":\"https:\\\/\\\/iraurgiberritzen.eus\\\/es\\\/\",\"logo\":{\"@type\":\"ImageObject\",\"inLanguage\":\"es\",\"@id\":\"https:\\\/\\\/iraurgiberritzen.eus\\\/es\\\/#\\\/schema\\\/logo\\\/image\\\/\",\"url\":\"https:\\\/\\\/iraurgiberritzen.eus\\\/wp-content\\\/uploads\\\/2024\\\/02\\\/IRAURGI-BERRITZEN-logotipoa_2.png\",\"contentUrl\":\"https:\\\/\\\/iraurgiberritzen.eus\\\/wp-content\\\/uploads\\\/2024\\\/02\\\/IRAURGI-BERRITZEN-logotipoa_2.png\",\"width\":496,\"height\":190,\"caption\":\"Iraurgi Berritzen\"},\"image\":{\"@id\":\"https:\\\/\\\/iraurgiberritzen.eus\\\/es\\\/#\\\/schema\\\/logo\\\/image\\\/\"}},{\"@type\":\"Person\",\"@id\":\"https:\\\/\\\/iraurgiberritzen.eus\\\/es\\\/#\\\/schema\\\/person\\\/5ab41aaf388a9097177601ebf45738d2\",\"name\":\"kudeatzailea\",\"sameAs\":[\"https:\\\/\\\/iraurgiberritzen.eus\"]}]}<\/script>\n<!-- \/ Yoast SEO plugin. -->","yoast_head_json":{"title":"Seminario dirigido a los agentes de la comarca. Impulsando la empresa participativa en Urola Erdia. - Iraurgi Berritzen","robots":{"index":"index","follow":"follow","max-snippet":"max-snippet:-1","max-image-preview":"max-image-preview:large","max-video-preview":"max-video-preview:-1"},"canonical":"https:\/\/iraurgiberritzen.eus\/es\/seminario-dirigido-a-los-agentes-de-la-comarca-impulsando-la-empresa-participativa-en-urola-erdia\/","og_locale":"es_ES","og_type":"article","og_title":"Seminario dirigido a los agentes de la comarca. Impulsando la empresa participativa en Urola Erdia. - Iraurgi Berritzen","og_description":"El pasado 26 de Marzo Iraurgi Berritzen organiz\u00f3 un seminario dirigido a los agentes socio-econ\u00f3micos de la comarca, bajo el lema impulsando la empresa participativa en Urola Erdia. Representantes de varios agentes, directivos de empresas de diferentes sectores y tama\u00f1os, sindicatos e instituciones se dieron cita en el Sindikatu Zaharra de Azpeitia. El objetivo principal [&hellip;]","og_url":"https:\/\/iraurgiberritzen.eus\/es\/seminario-dirigido-a-los-agentes-de-la-comarca-impulsando-la-empresa-participativa-en-urola-erdia\/","og_site_name":"Iraurgi Berritzen","article_published_time":"2015-03-30T07:53:35+00:00","author":"kudeatzailea","twitter_card":"summary_large_image","twitter_misc":{"Escrito por":"kudeatzailea","Tiempo de lectura":"2 minutos"},"schema":{"@context":"https:\/\/schema.org","@graph":[{"@type":"Article","@id":"https:\/\/iraurgiberritzen.eus\/es\/seminario-dirigido-a-los-agentes-de-la-comarca-impulsando-la-empresa-participativa-en-urola-erdia\/#article","isPartOf":{"@id":"https:\/\/iraurgiberritzen.eus\/es\/seminario-dirigido-a-los-agentes-de-la-comarca-impulsando-la-empresa-participativa-en-urola-erdia\/"},"author":{"name":"kudeatzailea","@id":"https:\/\/iraurgiberritzen.eus\/es\/#\/schema\/person\/5ab41aaf388a9097177601ebf45738d2"},"headline":"Seminario dirigido a los agentes de la comarca. Impulsando la empresa participativa en Urola Erdia.","datePublished":"2015-03-30T07:53:35+00:00","mainEntityOfPage":{"@id":"https:\/\/iraurgiberritzen.eus\/es\/seminario-dirigido-a-los-agentes-de-la-comarca-impulsando-la-empresa-participativa-en-urola-erdia\/"},"wordCount":345,"publisher":{"@id":"https:\/\/iraurgiberritzen.eus\/es\/#organization"},"image":{"@id":"https:\/\/iraurgiberritzen.eus\/es\/seminario-dirigido-a-los-agentes-de-la-comarca-impulsando-la-empresa-participativa-en-urola-erdia\/#primaryimage"},"thumbnailUrl":"https:\/\/iraurgiberritzen.eus\/wp-content\/uploads\/2023\/09\/ea82697ed9755e975f3c7d735db2070c.jpg","articleSection":["Noticias"],"inLanguage":"es"},{"@type":"WebPage","@id":"https:\/\/iraurgiberritzen.eus\/es\/seminario-dirigido-a-los-agentes-de-la-comarca-impulsando-la-empresa-participativa-en-urola-erdia\/","url":"https:\/\/iraurgiberritzen.eus\/es\/seminario-dirigido-a-los-agentes-de-la-comarca-impulsando-la-empresa-participativa-en-urola-erdia\/","name":"Seminario dirigido a los agentes de la comarca. Impulsando la empresa participativa en Urola Erdia. - Iraurgi Berritzen","isPartOf":{"@id":"https:\/\/iraurgiberritzen.eus\/es\/#website"},"primaryImageOfPage":{"@id":"https:\/\/iraurgiberritzen.eus\/es\/seminario-dirigido-a-los-agentes-de-la-comarca-impulsando-la-empresa-participativa-en-urola-erdia\/#primaryimage"},"image":{"@id":"https:\/\/iraurgiberritzen.eus\/es\/seminario-dirigido-a-los-agentes-de-la-comarca-impulsando-la-empresa-participativa-en-urola-erdia\/#primaryimage"},"thumbnailUrl":"https:\/\/iraurgiberritzen.eus\/wp-content\/uploads\/2023\/09\/ea82697ed9755e975f3c7d735db2070c.jpg","datePublished":"2015-03-30T07:53:35+00:00","breadcrumb":{"@id":"https:\/\/iraurgiberritzen.eus\/es\/seminario-dirigido-a-los-agentes-de-la-comarca-impulsando-la-empresa-participativa-en-urola-erdia\/#breadcrumb"},"inLanguage":"es","potentialAction":[{"@type":"ReadAction","target":["https:\/\/iraurgiberritzen.eus\/es\/seminario-dirigido-a-los-agentes-de-la-comarca-impulsando-la-empresa-participativa-en-urola-erdia\/"]}]},{"@type":"ImageObject","inLanguage":"es","@id":"https:\/\/iraurgiberritzen.eus\/es\/seminario-dirigido-a-los-agentes-de-la-comarca-impulsando-la-empresa-participativa-en-urola-erdia\/#primaryimage","url":"https:\/\/iraurgiberritzen.eus\/wp-content\/uploads\/2023\/09\/ea82697ed9755e975f3c7d735db2070c.jpg","contentUrl":"https:\/\/iraurgiberritzen.eus\/wp-content\/uploads\/2023\/09\/ea82697ed9755e975f3c7d735db2070c.jpg","width":600,"height":386},{"@type":"BreadcrumbList","@id":"https:\/\/iraurgiberritzen.eus\/es\/seminario-dirigido-a-los-agentes-de-la-comarca-impulsando-la-empresa-participativa-en-urola-erdia\/#breadcrumb","itemListElement":[{"@type":"ListItem","position":1,"name":"Home","item":"https:\/\/iraurgiberritzen.eus\/es\/"},{"@type":"ListItem","position":2,"name":"Seminario dirigido a los agentes de la comarca. Impulsando la empresa participativa en Urola Erdia."}]},{"@type":"WebSite","@id":"https:\/\/iraurgiberritzen.eus\/es\/#website","url":"https:\/\/iraurgiberritzen.eus\/es\/","name":"Iraurgi Berritzen","description":"Urola Erdiko Garapen Agentzia","publisher":{"@id":"https:\/\/iraurgiberritzen.eus\/es\/#organization"},"potentialAction":[{"@type":"SearchAction","target":{"@type":"EntryPoint","urlTemplate":"https:\/\/iraurgiberritzen.eus\/es\/?s={search_term_string}"},"query-input":{"@type":"PropertyValueSpecification","valueRequired":true,"valueName":"search_term_string"}}],"inLanguage":"es"},{"@type":"Organization","@id":"https:\/\/iraurgiberritzen.eus\/es\/#organization","name":"Iraurgi Berritzen","url":"https:\/\/iraurgiberritzen.eus\/es\/","logo":{"@type":"ImageObject","inLanguage":"es","@id":"https:\/\/iraurgiberritzen.eus\/es\/#\/schema\/logo\/image\/","url":"https:\/\/iraurgiberritzen.eus\/wp-content\/uploads\/2024\/02\/IRAURGI-BERRITZEN-logotipoa_2.png","contentUrl":"https:\/\/iraurgiberritzen.eus\/wp-content\/uploads\/2024\/02\/IRAURGI-BERRITZEN-logotipoa_2.png","width":496,"height":190,"caption":"Iraurgi Berritzen"},"image":{"@id":"https:\/\/iraurgiberritzen.eus\/es\/#\/schema\/logo\/image\/"}},{"@type":"Person","@id":"https:\/\/iraurgiberritzen.eus\/es\/#\/schema\/person\/5ab41aaf388a9097177601ebf45738d2","name":"kudeatzailea","sameAs":["https:\/\/iraurgiberritzen.eus"]}]}},"_links":{"self":[{"href":"https:\/\/iraurgiberritzen.eus\/es\/wp-json\/wp\/v2\/posts\/11826","targetHints":{"allow":["GET"]}}],"collection":[{"href":"https:\/\/iraurgiberritzen.eus\/es\/wp-json\/wp\/v2\/posts"}],"about":[{"href":"https:\/\/iraurgiberritzen.eus\/es\/wp-json\/wp\/v2\/types\/post"}],"author":[{"embeddable":true,"href":"https:\/\/iraurgiberritzen.eus\/es\/wp-json\/wp\/v2\/users\/1"}],"replies":[{"embeddable":true,"href":"https:\/\/iraurgiberritzen.eus\/es\/wp-json\/wp\/v2\/comments?post=11826"}],"version-history":[{"count":0,"href":"https:\/\/iraurgiberritzen.eus\/es\/wp-json\/wp\/v2\/posts\/11826\/revisions"}],"wp:featuredmedia":[{"embeddable":true,"href":"https:\/\/iraurgiberritzen.eus\/es\/wp-json\/wp\/v2\/media\/18046"}],"wp:attachment":[{"href":"https:\/\/iraurgiberritzen.eus\/es\/wp-json\/wp\/v2\/media?parent=11826"}],"wp:term":[{"taxonomy":"category","embeddable":true,"href":"https:\/\/iraurgiberritzen.eus\/es\/wp-json\/wp\/v2\/categories?post=11826"},{"taxonomy":"post_tag","embeddable":true,"href":"https:\/\/iraurgiberritzen.eus\/es\/wp-json\/wp\/v2\/tags?post=11826"}],"curies":[{"name":"wp","href":"https:\/\/api.w.org\/{rel}","templated":true}]}}