{"id":11829,"date":"2015-03-31T11:24:23","date_gmt":"2015-03-31T09:24:23","guid":{"rendered":"https:\/\/iraurgiberritzen.eus\/convocatoria-2015-de-ayudas-destinadas-a-la-contratacion-de-personas-jovenes-desempleadas-en-empresas-vascas-programa-lehen-aukera\/"},"modified":"2015-03-31T11:24:23","modified_gmt":"2015-03-31T09:24:23","slug":"convocatoria-2015-de-ayudas-destinadas-a-la-contratacion-de-personas-jovenes-desempleadas-en-empresas-vascas-programa-lehen-aukera","status":"publish","type":"post","link":"https:\/\/iraurgiberritzen.eus\/es\/convocatoria-2015-de-ayudas-destinadas-a-la-contratacion-de-personas-jovenes-desempleadas-en-empresas-vascas-programa-lehen-aukera\/","title":{"rendered":"Convocatoria 2015 de ayudas destinadas a la Contrataci\u00f3n de personas j\u00f3venes desempleadas en empresas vascas. Programa Lehen Aukera."},"content":{"rendered":"<p>Os informamos desde Iraurgi Berritzen que ya est\u00e1 abierta la convocatoria \u00abLehen Aukera\u00bb, de est\u00edmulo a la contrataci\u00f3n en pr\u00e1cticas de personas j\u00f3venes desempleadas.<\/p>\n<p style=\"text-align: justify;\">Los requisitos a cumplir para presentarse a esta convocatoria son los siguientes:<strong> tener menos de 30 a\u00f1os y m\u00e1s de 16; haber finalizado recientemente los estudios universitarios o de Formaci\u00f3n Profesional; residir en la CAPV y estar registrado en Lanbide como demandante de empleo<\/strong>.<\/p>\n<p style=\"text-align: justify;\">El objeto de la presente convocatoria es establecer las bases y regular las ayudas a conceder por la contrataci\u00f3n de personas j\u00f3venes, en situaci\u00f3n de desempleo y sin previa o con escasa experiencia laboral, en empleos relacionados con su titulaci\u00f3n, por las empresas vascas u otras entidades, previstas en el art\u00edculo 4, como medida para favorecer la mejora de su empleabilidad, a trav\u00e9s de la adquisici\u00f3n de experiencia profesional, y de consolidad su inserci\u00f3n laboral.<\/p>\n<p style=\"text-align: justify;\">En los siguientes links pod\u00e9is disponer de m\u00e1s informaci\u00f3n acerca de los requisitos a cumplir por parte de las personas y empresas, y de otros aspectos relacionados con esta convocatoria:<\/p>\n<p>\u2022 <a href=\"http:\/\/www.lanbide.euskadi.eus\/contenidos\/ayuda_subvencion\/benefit_2015lehenaukera\/es_def\/adjuntos\/EMPRESAS.pdf\" target=\"_blank\" rel=\"noopener\">Empresas<\/a><br \/>\u2022 <a href=\"http:\/\/www.lanbide.euskadi.eus\/contenidos\/ayuda_subvencion\/benefit_2015lehenaukera\/es_def\/adjuntos\/PERSONAS.pdf\" target=\"_blank\" rel=\"noopener\">Personas<\/a><\/p>\n<p style=\"text-align: justify;\">Para m\u00e1s informaci\u00f3n pod\u00e9is contactar con Iraurgi Berritzen en los siguiente n\u00fameros de tel\u00e9fono: <strong>943 02 60 69<\/strong> o <strong>943 85 11 00<\/strong> o escribiendo a la siguiente direcci\u00f3n de correo info@iraurgiberritzen.net.<\/p>\n","protected":false},"excerpt":{"rendered":"<p>Os informamos desde Iraurgi Berritzen que ya est\u00e1 abierta la convocatoria \u00abLehen Aukera\u00bb, de est\u00edmulo a la contrataci\u00f3n en pr\u00e1cticas de personas j\u00f3venes desempleadas. Los requisitos a cumplir para presentarse a esta convocatoria son los siguientes: tener menos de 30 a\u00f1os y m\u00e1s de 16; haber finalizado recientemente los estudios universitarios o de Formaci\u00f3n Profesional; [&hellip;]<\/p>\n","protected":false},"author":1,"featured_media":18047,"comment_status":"","ping_status":"closed","sticky":false,"template":"","format":"standard","meta":{"_acf_changed":false,"footnotes":""},"categories":[4],"tags":[],"class_list":["post-11829","post","type-post","status-publish","format-standard","has-post-thumbnail","hentry","category-noticias"],"acf":[],"yoast_head":"<!-- This site is optimized with the Yoast SEO plugin v27.4 - https:\/\/yoast.com\/product\/yoast-seo-wordpress\/ -->\n<title>Convocatoria 2015 de ayudas destinadas a la Contrataci\u00f3n de personas j\u00f3venes desempleadas en empresas vascas. Programa Lehen Aukera. - Iraurgi Berritzen<\/title>\n<meta name=\"robots\" content=\"index, follow, max-snippet:-1, max-image-preview:large, max-video-preview:-1\" \/>\n<link rel=\"canonical\" href=\"https:\/\/iraurgiberritzen.eus\/es\/convocatoria-2015-de-ayudas-destinadas-a-la-contratacion-de-personas-jovenes-desempleadas-en-empresas-vascas-programa-lehen-aukera\/\" \/>\n<meta property=\"og:locale\" content=\"es_ES\" \/>\n<meta property=\"og:type\" content=\"article\" \/>\n<meta property=\"og:title\" content=\"Convocatoria 2015 de ayudas destinadas a la Contrataci\u00f3n de personas j\u00f3venes desempleadas en empresas vascas. Programa Lehen Aukera. - Iraurgi Berritzen\" \/>\n<meta property=\"og:description\" content=\"Os informamos desde Iraurgi Berritzen que ya est\u00e1 abierta la convocatoria \u00abLehen Aukera\u00bb, de est\u00edmulo a la contrataci\u00f3n en pr\u00e1cticas de personas j\u00f3venes desempleadas. Los requisitos a cumplir para presentarse a esta convocatoria son los siguientes: tener menos de 30 a\u00f1os y m\u00e1s de 16; haber finalizado recientemente los estudios universitarios o de Formaci\u00f3n Profesional; [&hellip;]\" \/>\n<meta property=\"og:url\" content=\"https:\/\/iraurgiberritzen.eus\/es\/convocatoria-2015-de-ayudas-destinadas-a-la-contratacion-de-personas-jovenes-desempleadas-en-empresas-vascas-programa-lehen-aukera\/\" \/>\n<meta property=\"og:site_name\" content=\"Iraurgi Berritzen\" \/>\n<meta property=\"article:published_time\" content=\"2015-03-31T09:24:23+00:00\" \/>\n<meta name=\"author\" content=\"kudeatzailea\" \/>\n<meta name=\"twitter:card\" content=\"summary_large_image\" \/>\n<meta name=\"twitter:label1\" content=\"Escrito por\" \/>\n\t<meta name=\"twitter:data1\" content=\"kudeatzailea\" \/>\n\t<meta name=\"twitter:label2\" content=\"Tiempo de lectura\" \/>\n\t<meta name=\"twitter:data2\" content=\"1 minuto\" \/>\n<script type=\"application\/ld+json\" class=\"yoast-schema-graph\">{\"@context\":\"https:\\\/\\\/schema.org\",\"@graph\":[{\"@type\":\"Article\",\"@id\":\"https:\\\/\\\/iraurgiberritzen.eus\\\/es\\\/convocatoria-2015-de-ayudas-destinadas-a-la-contratacion-de-personas-jovenes-desempleadas-en-empresas-vascas-programa-lehen-aukera\\\/#article\",\"isPartOf\":{\"@id\":\"https:\\\/\\\/iraurgiberritzen.eus\\\/es\\\/convocatoria-2015-de-ayudas-destinadas-a-la-contratacion-de-personas-jovenes-desempleadas-en-empresas-vascas-programa-lehen-aukera\\\/\"},\"author\":{\"name\":\"kudeatzailea\",\"@id\":\"https:\\\/\\\/iraurgiberritzen.eus\\\/es\\\/#\\\/schema\\\/person\\\/5ab41aaf388a9097177601ebf45738d2\"},\"headline\":\"Convocatoria 2015 de ayudas destinadas a la Contrataci\u00f3n de personas j\u00f3venes desempleadas en empresas vascas. Programa Lehen Aukera.\",\"datePublished\":\"2015-03-31T09:24:23+00:00\",\"mainEntityOfPage\":{\"@id\":\"https:\\\/\\\/iraurgiberritzen.eus\\\/es\\\/convocatoria-2015-de-ayudas-destinadas-a-la-contratacion-de-personas-jovenes-desempleadas-en-empresas-vascas-programa-lehen-aukera\\\/\"},\"wordCount\":241,\"publisher\":{\"@id\":\"https:\\\/\\\/iraurgiberritzen.eus\\\/es\\\/#organization\"},\"image\":{\"@id\":\"https:\\\/\\\/iraurgiberritzen.eus\\\/es\\\/convocatoria-2015-de-ayudas-destinadas-a-la-contratacion-de-personas-jovenes-desempleadas-en-empresas-vascas-programa-lehen-aukera\\\/#primaryimage\"},\"thumbnailUrl\":\"https:\\\/\\\/iraurgiberritzen.eus\\\/wp-content\\\/uploads\\\/2023\\\/09\\\/71ab1197965a26d2e4379f8b23c36ebb.jpg\",\"articleSection\":[\"Noticias\"],\"inLanguage\":\"es\"},{\"@type\":\"WebPage\",\"@id\":\"https:\\\/\\\/iraurgiberritzen.eus\\\/es\\\/convocatoria-2015-de-ayudas-destinadas-a-la-contratacion-de-personas-jovenes-desempleadas-en-empresas-vascas-programa-lehen-aukera\\\/\",\"url\":\"https:\\\/\\\/iraurgiberritzen.eus\\\/es\\\/convocatoria-2015-de-ayudas-destinadas-a-la-contratacion-de-personas-jovenes-desempleadas-en-empresas-vascas-programa-lehen-aukera\\\/\",\"name\":\"Convocatoria 2015 de ayudas destinadas a la Contrataci\u00f3n de personas j\u00f3venes desempleadas en empresas vascas. Programa Lehen Aukera. - Iraurgi Berritzen\",\"isPartOf\":{\"@id\":\"https:\\\/\\\/iraurgiberritzen.eus\\\/es\\\/#website\"},\"primaryImageOfPage\":{\"@id\":\"https:\\\/\\\/iraurgiberritzen.eus\\\/es\\\/convocatoria-2015-de-ayudas-destinadas-a-la-contratacion-de-personas-jovenes-desempleadas-en-empresas-vascas-programa-lehen-aukera\\\/#primaryimage\"},\"image\":{\"@id\":\"https:\\\/\\\/iraurgiberritzen.eus\\\/es\\\/convocatoria-2015-de-ayudas-destinadas-a-la-contratacion-de-personas-jovenes-desempleadas-en-empresas-vascas-programa-lehen-aukera\\\/#primaryimage\"},\"thumbnailUrl\":\"https:\\\/\\\/iraurgiberritzen.eus\\\/wp-content\\\/uploads\\\/2023\\\/09\\\/71ab1197965a26d2e4379f8b23c36ebb.jpg\",\"datePublished\":\"2015-03-31T09:24:23+00:00\",\"breadcrumb\":{\"@id\":\"https:\\\/\\\/iraurgiberritzen.eus\\\/es\\\/convocatoria-2015-de-ayudas-destinadas-a-la-contratacion-de-personas-jovenes-desempleadas-en-empresas-vascas-programa-lehen-aukera\\\/#breadcrumb\"},\"inLanguage\":\"es\",\"potentialAction\":[{\"@type\":\"ReadAction\",\"target\":[\"https:\\\/\\\/iraurgiberritzen.eus\\\/es\\\/convocatoria-2015-de-ayudas-destinadas-a-la-contratacion-de-personas-jovenes-desempleadas-en-empresas-vascas-programa-lehen-aukera\\\/\"]}]},{\"@type\":\"ImageObject\",\"inLanguage\":\"es\",\"@id\":\"https:\\\/\\\/iraurgiberritzen.eus\\\/es\\\/convocatoria-2015-de-ayudas-destinadas-a-la-contratacion-de-personas-jovenes-desempleadas-en-empresas-vascas-programa-lehen-aukera\\\/#primaryimage\",\"url\":\"https:\\\/\\\/iraurgiberritzen.eus\\\/wp-content\\\/uploads\\\/2023\\\/09\\\/71ab1197965a26d2e4379f8b23c36ebb.jpg\",\"contentUrl\":\"https:\\\/\\\/iraurgiberritzen.eus\\\/wp-content\\\/uploads\\\/2023\\\/09\\\/71ab1197965a26d2e4379f8b23c36ebb.jpg\",\"width\":600,\"height\":386},{\"@type\":\"BreadcrumbList\",\"@id\":\"https:\\\/\\\/iraurgiberritzen.eus\\\/es\\\/convocatoria-2015-de-ayudas-destinadas-a-la-contratacion-de-personas-jovenes-desempleadas-en-empresas-vascas-programa-lehen-aukera\\\/#breadcrumb\",\"itemListElement\":[{\"@type\":\"ListItem\",\"position\":1,\"name\":\"Home\",\"item\":\"https:\\\/\\\/iraurgiberritzen.eus\\\/es\\\/\"},{\"@type\":\"ListItem\",\"position\":2,\"name\":\"Convocatoria 2015 de ayudas destinadas a la Contrataci\u00f3n de personas j\u00f3venes desempleadas en empresas vascas. Programa Lehen Aukera.\"}]},{\"@type\":\"WebSite\",\"@id\":\"https:\\\/\\\/iraurgiberritzen.eus\\\/es\\\/#website\",\"url\":\"https:\\\/\\\/iraurgiberritzen.eus\\\/es\\\/\",\"name\":\"Iraurgi Berritzen\",\"description\":\"Urola Erdiko Garapen Agentzia\",\"publisher\":{\"@id\":\"https:\\\/\\\/iraurgiberritzen.eus\\\/es\\\/#organization\"},\"potentialAction\":[{\"@type\":\"SearchAction\",\"target\":{\"@type\":\"EntryPoint\",\"urlTemplate\":\"https:\\\/\\\/iraurgiberritzen.eus\\\/es\\\/?s={search_term_string}\"},\"query-input\":{\"@type\":\"PropertyValueSpecification\",\"valueRequired\":true,\"valueName\":\"search_term_string\"}}],\"inLanguage\":\"es\"},{\"@type\":\"Organization\",\"@id\":\"https:\\\/\\\/iraurgiberritzen.eus\\\/es\\\/#organization\",\"name\":\"Iraurgi Berritzen\",\"url\":\"https:\\\/\\\/iraurgiberritzen.eus\\\/es\\\/\",\"logo\":{\"@type\":\"ImageObject\",\"inLanguage\":\"es\",\"@id\":\"https:\\\/\\\/iraurgiberritzen.eus\\\/es\\\/#\\\/schema\\\/logo\\\/image\\\/\",\"url\":\"https:\\\/\\\/iraurgiberritzen.eus\\\/wp-content\\\/uploads\\\/2024\\\/02\\\/IRAURGI-BERRITZEN-logotipoa_2.png\",\"contentUrl\":\"https:\\\/\\\/iraurgiberritzen.eus\\\/wp-content\\\/uploads\\\/2024\\\/02\\\/IRAURGI-BERRITZEN-logotipoa_2.png\",\"width\":496,\"height\":190,\"caption\":\"Iraurgi Berritzen\"},\"image\":{\"@id\":\"https:\\\/\\\/iraurgiberritzen.eus\\\/es\\\/#\\\/schema\\\/logo\\\/image\\\/\"}},{\"@type\":\"Person\",\"@id\":\"https:\\\/\\\/iraurgiberritzen.eus\\\/es\\\/#\\\/schema\\\/person\\\/5ab41aaf388a9097177601ebf45738d2\",\"name\":\"kudeatzailea\",\"sameAs\":[\"https:\\\/\\\/iraurgiberritzen.eus\"]}]}<\/script>\n<!-- \/ Yoast SEO plugin. -->","yoast_head_json":{"title":"Convocatoria 2015 de ayudas destinadas a la Contrataci\u00f3n de personas j\u00f3venes desempleadas en empresas vascas. Programa Lehen Aukera. - Iraurgi Berritzen","robots":{"index":"index","follow":"follow","max-snippet":"max-snippet:-1","max-image-preview":"max-image-preview:large","max-video-preview":"max-video-preview:-1"},"canonical":"https:\/\/iraurgiberritzen.eus\/es\/convocatoria-2015-de-ayudas-destinadas-a-la-contratacion-de-personas-jovenes-desempleadas-en-empresas-vascas-programa-lehen-aukera\/","og_locale":"es_ES","og_type":"article","og_title":"Convocatoria 2015 de ayudas destinadas a la Contrataci\u00f3n de personas j\u00f3venes desempleadas en empresas vascas. Programa Lehen Aukera. - Iraurgi Berritzen","og_description":"Os informamos desde Iraurgi Berritzen que ya est\u00e1 abierta la convocatoria \u00abLehen Aukera\u00bb, de est\u00edmulo a la contrataci\u00f3n en pr\u00e1cticas de personas j\u00f3venes desempleadas. Los requisitos a cumplir para presentarse a esta convocatoria son los siguientes: tener menos de 30 a\u00f1os y m\u00e1s de 16; haber finalizado recientemente los estudios universitarios o de Formaci\u00f3n Profesional; [&hellip;]","og_url":"https:\/\/iraurgiberritzen.eus\/es\/convocatoria-2015-de-ayudas-destinadas-a-la-contratacion-de-personas-jovenes-desempleadas-en-empresas-vascas-programa-lehen-aukera\/","og_site_name":"Iraurgi Berritzen","article_published_time":"2015-03-31T09:24:23+00:00","author":"kudeatzailea","twitter_card":"summary_large_image","twitter_misc":{"Escrito por":"kudeatzailea","Tiempo de lectura":"1 minuto"},"schema":{"@context":"https:\/\/schema.org","@graph":[{"@type":"Article","@id":"https:\/\/iraurgiberritzen.eus\/es\/convocatoria-2015-de-ayudas-destinadas-a-la-contratacion-de-personas-jovenes-desempleadas-en-empresas-vascas-programa-lehen-aukera\/#article","isPartOf":{"@id":"https:\/\/iraurgiberritzen.eus\/es\/convocatoria-2015-de-ayudas-destinadas-a-la-contratacion-de-personas-jovenes-desempleadas-en-empresas-vascas-programa-lehen-aukera\/"},"author":{"name":"kudeatzailea","@id":"https:\/\/iraurgiberritzen.eus\/es\/#\/schema\/person\/5ab41aaf388a9097177601ebf45738d2"},"headline":"Convocatoria 2015 de ayudas destinadas a la Contrataci\u00f3n de personas j\u00f3venes desempleadas en empresas vascas. Programa Lehen Aukera.","datePublished":"2015-03-31T09:24:23+00:00","mainEntityOfPage":{"@id":"https:\/\/iraurgiberritzen.eus\/es\/convocatoria-2015-de-ayudas-destinadas-a-la-contratacion-de-personas-jovenes-desempleadas-en-empresas-vascas-programa-lehen-aukera\/"},"wordCount":241,"publisher":{"@id":"https:\/\/iraurgiberritzen.eus\/es\/#organization"},"image":{"@id":"https:\/\/iraurgiberritzen.eus\/es\/convocatoria-2015-de-ayudas-destinadas-a-la-contratacion-de-personas-jovenes-desempleadas-en-empresas-vascas-programa-lehen-aukera\/#primaryimage"},"thumbnailUrl":"https:\/\/iraurgiberritzen.eus\/wp-content\/uploads\/2023\/09\/71ab1197965a26d2e4379f8b23c36ebb.jpg","articleSection":["Noticias"],"inLanguage":"es"},{"@type":"WebPage","@id":"https:\/\/iraurgiberritzen.eus\/es\/convocatoria-2015-de-ayudas-destinadas-a-la-contratacion-de-personas-jovenes-desempleadas-en-empresas-vascas-programa-lehen-aukera\/","url":"https:\/\/iraurgiberritzen.eus\/es\/convocatoria-2015-de-ayudas-destinadas-a-la-contratacion-de-personas-jovenes-desempleadas-en-empresas-vascas-programa-lehen-aukera\/","name":"Convocatoria 2015 de ayudas destinadas a la Contrataci\u00f3n de personas j\u00f3venes desempleadas en empresas vascas. Programa Lehen Aukera. - Iraurgi Berritzen","isPartOf":{"@id":"https:\/\/iraurgiberritzen.eus\/es\/#website"},"primaryImageOfPage":{"@id":"https:\/\/iraurgiberritzen.eus\/es\/convocatoria-2015-de-ayudas-destinadas-a-la-contratacion-de-personas-jovenes-desempleadas-en-empresas-vascas-programa-lehen-aukera\/#primaryimage"},"image":{"@id":"https:\/\/iraurgiberritzen.eus\/es\/convocatoria-2015-de-ayudas-destinadas-a-la-contratacion-de-personas-jovenes-desempleadas-en-empresas-vascas-programa-lehen-aukera\/#primaryimage"},"thumbnailUrl":"https:\/\/iraurgiberritzen.eus\/wp-content\/uploads\/2023\/09\/71ab1197965a26d2e4379f8b23c36ebb.jpg","datePublished":"2015-03-31T09:24:23+00:00","breadcrumb":{"@id":"https:\/\/iraurgiberritzen.eus\/es\/convocatoria-2015-de-ayudas-destinadas-a-la-contratacion-de-personas-jovenes-desempleadas-en-empresas-vascas-programa-lehen-aukera\/#breadcrumb"},"inLanguage":"es","potentialAction":[{"@type":"ReadAction","target":["https:\/\/iraurgiberritzen.eus\/es\/convocatoria-2015-de-ayudas-destinadas-a-la-contratacion-de-personas-jovenes-desempleadas-en-empresas-vascas-programa-lehen-aukera\/"]}]},{"@type":"ImageObject","inLanguage":"es","@id":"https:\/\/iraurgiberritzen.eus\/es\/convocatoria-2015-de-ayudas-destinadas-a-la-contratacion-de-personas-jovenes-desempleadas-en-empresas-vascas-programa-lehen-aukera\/#primaryimage","url":"https:\/\/iraurgiberritzen.eus\/wp-content\/uploads\/2023\/09\/71ab1197965a26d2e4379f8b23c36ebb.jpg","contentUrl":"https:\/\/iraurgiberritzen.eus\/wp-content\/uploads\/2023\/09\/71ab1197965a26d2e4379f8b23c36ebb.jpg","width":600,"height":386},{"@type":"BreadcrumbList","@id":"https:\/\/iraurgiberritzen.eus\/es\/convocatoria-2015-de-ayudas-destinadas-a-la-contratacion-de-personas-jovenes-desempleadas-en-empresas-vascas-programa-lehen-aukera\/#breadcrumb","itemListElement":[{"@type":"ListItem","position":1,"name":"Home","item":"https:\/\/iraurgiberritzen.eus\/es\/"},{"@type":"ListItem","position":2,"name":"Convocatoria 2015 de ayudas destinadas a la Contrataci\u00f3n de personas j\u00f3venes desempleadas en empresas vascas. Programa Lehen Aukera."}]},{"@type":"WebSite","@id":"https:\/\/iraurgiberritzen.eus\/es\/#website","url":"https:\/\/iraurgiberritzen.eus\/es\/","name":"Iraurgi Berritzen","description":"Urola Erdiko Garapen Agentzia","publisher":{"@id":"https:\/\/iraurgiberritzen.eus\/es\/#organization"},"potentialAction":[{"@type":"SearchAction","target":{"@type":"EntryPoint","urlTemplate":"https:\/\/iraurgiberritzen.eus\/es\/?s={search_term_string}"},"query-input":{"@type":"PropertyValueSpecification","valueRequired":true,"valueName":"search_term_string"}}],"inLanguage":"es"},{"@type":"Organization","@id":"https:\/\/iraurgiberritzen.eus\/es\/#organization","name":"Iraurgi Berritzen","url":"https:\/\/iraurgiberritzen.eus\/es\/","logo":{"@type":"ImageObject","inLanguage":"es","@id":"https:\/\/iraurgiberritzen.eus\/es\/#\/schema\/logo\/image\/","url":"https:\/\/iraurgiberritzen.eus\/wp-content\/uploads\/2024\/02\/IRAURGI-BERRITZEN-logotipoa_2.png","contentUrl":"https:\/\/iraurgiberritzen.eus\/wp-content\/uploads\/2024\/02\/IRAURGI-BERRITZEN-logotipoa_2.png","width":496,"height":190,"caption":"Iraurgi Berritzen"},"image":{"@id":"https:\/\/iraurgiberritzen.eus\/es\/#\/schema\/logo\/image\/"}},{"@type":"Person","@id":"https:\/\/iraurgiberritzen.eus\/es\/#\/schema\/person\/5ab41aaf388a9097177601ebf45738d2","name":"kudeatzailea","sameAs":["https:\/\/iraurgiberritzen.eus"]}]}},"_links":{"self":[{"href":"https:\/\/iraurgiberritzen.eus\/es\/wp-json\/wp\/v2\/posts\/11829","targetHints":{"allow":["GET"]}}],"collection":[{"href":"https:\/\/iraurgiberritzen.eus\/es\/wp-json\/wp\/v2\/posts"}],"about":[{"href":"https:\/\/iraurgiberritzen.eus\/es\/wp-json\/wp\/v2\/types\/post"}],"author":[{"embeddable":true,"href":"https:\/\/iraurgiberritzen.eus\/es\/wp-json\/wp\/v2\/users\/1"}],"replies":[{"embeddable":true,"href":"https:\/\/iraurgiberritzen.eus\/es\/wp-json\/wp\/v2\/comments?post=11829"}],"version-history":[{"count":0,"href":"https:\/\/iraurgiberritzen.eus\/es\/wp-json\/wp\/v2\/posts\/11829\/revisions"}],"wp:featuredmedia":[{"embeddable":true,"href":"https:\/\/iraurgiberritzen.eus\/es\/wp-json\/wp\/v2\/media\/18047"}],"wp:attachment":[{"href":"https:\/\/iraurgiberritzen.eus\/es\/wp-json\/wp\/v2\/media?parent=11829"}],"wp:term":[{"taxonomy":"category","embeddable":true,"href":"https:\/\/iraurgiberritzen.eus\/es\/wp-json\/wp\/v2\/categories?post=11829"},{"taxonomy":"post_tag","embeddable":true,"href":"https:\/\/iraurgiberritzen.eus\/es\/wp-json\/wp\/v2\/tags?post=11829"}],"curies":[{"name":"wp","href":"https:\/\/api.w.org\/{rel}","templated":true}]}}