{"id":11835,"date":"2015-04-24T10:44:36","date_gmt":"2015-04-24T08:44:36","guid":{"rendered":"https:\/\/iraurgiberritzen.eus\/iraurgi-berritzen-organiza-un-curso-bajo-el-lema-las-pruebas-de-seleccion-en-las-entrevistas-de-trabajo\/"},"modified":"2015-04-24T10:44:36","modified_gmt":"2015-04-24T08:44:36","slug":"iraurgi-berritzen-organiza-un-curso-bajo-el-lema-las-pruebas-de-seleccion-en-las-entrevistas-de-trabajo","status":"publish","type":"post","link":"https:\/\/iraurgiberritzen.eus\/es\/iraurgi-berritzen-organiza-un-curso-bajo-el-lema-las-pruebas-de-seleccion-en-las-entrevistas-de-trabajo\/","title":{"rendered":"Iraurgi Berritzen organiza un curso bajo el lema \u201cLas pruebas de Selecci\u00f3n en las Entrevistas de Trabajo\u201d"},"content":{"rendered":"<p>Este curso se celebrar\u00e1 el mi\u00e9rcoles 29 de abril, en el tercer piso del Sindikatu Zaharra de Azpeitia.<\/p>\n<p>A trav\u00e9s de esta actividad, conocer\u00e1s cuales son los diferentes tipos de pruebas e identificar\u00e1s qu\u00e9 valoran en cada fase de selecci\u00f3n<\/p>\n<p style=\"text-align: justify;\">En caso de estar interesado en inscribirte puedes llamar al <strong>943 02 60 69<\/strong> y preguntar por Sandra Fern\u00e1ndez. El curso ser\u00e1 en castellano y tendr\u00e1 una duraci\u00f3n de 3 horas, concretamente ser\u00e1 de 15:30 a 17:45 de la tarde. La modalidad de impartici\u00f3n ser\u00e1 presencial.<\/p>\n","protected":false},"excerpt":{"rendered":"<p>Este curso se celebrar\u00e1 el mi\u00e9rcoles 29 de abril, en el tercer piso del Sindikatu Zaharra de Azpeitia. A trav\u00e9s de esta actividad, conocer\u00e1s cuales son los diferentes tipos de pruebas e identificar\u00e1s qu\u00e9 valoran en cada fase de selecci\u00f3n En caso de estar interesado en inscribirte puedes llamar al 943 02 60 69 y [&hellip;]<\/p>\n","protected":false},"author":1,"featured_media":18049,"comment_status":"","ping_status":"closed","sticky":false,"template":"","format":"standard","meta":{"_acf_changed":false,"footnotes":""},"categories":[4],"tags":[],"class_list":["post-11835","post","type-post","status-publish","format-standard","has-post-thumbnail","hentry","category-noticias"],"acf":[],"yoast_head":"<!-- This site is optimized with the Yoast SEO plugin v27.4 - https:\/\/yoast.com\/product\/yoast-seo-wordpress\/ -->\n<title>Iraurgi Berritzen organiza un curso bajo el lema \u201cLas pruebas de Selecci\u00f3n en las Entrevistas de Trabajo\u201d - Iraurgi Berritzen<\/title>\n<meta name=\"robots\" content=\"index, follow, max-snippet:-1, max-image-preview:large, max-video-preview:-1\" \/>\n<link rel=\"canonical\" href=\"https:\/\/iraurgiberritzen.eus\/es\/iraurgi-berritzen-organiza-un-curso-bajo-el-lema-las-pruebas-de-seleccion-en-las-entrevistas-de-trabajo\/\" \/>\n<meta property=\"og:locale\" content=\"es_ES\" \/>\n<meta property=\"og:type\" content=\"article\" \/>\n<meta property=\"og:title\" content=\"Iraurgi Berritzen organiza un curso bajo el lema \u201cLas pruebas de Selecci\u00f3n en las Entrevistas de Trabajo\u201d - Iraurgi Berritzen\" \/>\n<meta property=\"og:description\" content=\"Este curso se celebrar\u00e1 el mi\u00e9rcoles 29 de abril, en el tercer piso del Sindikatu Zaharra de Azpeitia. A trav\u00e9s de esta actividad, conocer\u00e1s cuales son los diferentes tipos de pruebas e identificar\u00e1s qu\u00e9 valoran en cada fase de selecci\u00f3n En caso de estar interesado en inscribirte puedes llamar al 943 02 60 69 y [&hellip;]\" \/>\n<meta property=\"og:url\" content=\"https:\/\/iraurgiberritzen.eus\/es\/iraurgi-berritzen-organiza-un-curso-bajo-el-lema-las-pruebas-de-seleccion-en-las-entrevistas-de-trabajo\/\" \/>\n<meta property=\"og:site_name\" content=\"Iraurgi Berritzen\" \/>\n<meta property=\"article:published_time\" content=\"2015-04-24T08:44:36+00:00\" \/>\n<meta name=\"author\" content=\"kudeatzailea\" \/>\n<meta name=\"twitter:card\" content=\"summary_large_image\" \/>\n<meta name=\"twitter:label1\" content=\"Escrito por\" \/>\n\t<meta name=\"twitter:data1\" content=\"kudeatzailea\" \/>\n<script type=\"application\/ld+json\" class=\"yoast-schema-graph\">{\"@context\":\"https:\\\/\\\/schema.org\",\"@graph\":[{\"@type\":\"Article\",\"@id\":\"https:\\\/\\\/iraurgiberritzen.eus\\\/es\\\/iraurgi-berritzen-organiza-un-curso-bajo-el-lema-las-pruebas-de-seleccion-en-las-entrevistas-de-trabajo\\\/#article\",\"isPartOf\":{\"@id\":\"https:\\\/\\\/iraurgiberritzen.eus\\\/es\\\/iraurgi-berritzen-organiza-un-curso-bajo-el-lema-las-pruebas-de-seleccion-en-las-entrevistas-de-trabajo\\\/\"},\"author\":{\"name\":\"kudeatzailea\",\"@id\":\"https:\\\/\\\/iraurgiberritzen.eus\\\/es\\\/#\\\/schema\\\/person\\\/5ab41aaf388a9097177601ebf45738d2\"},\"headline\":\"Iraurgi Berritzen organiza un curso bajo el lema \u201cLas pruebas de Selecci\u00f3n en las Entrevistas de Trabajo\u201d\",\"datePublished\":\"2015-04-24T08:44:36+00:00\",\"mainEntityOfPage\":{\"@id\":\"https:\\\/\\\/iraurgiberritzen.eus\\\/es\\\/iraurgi-berritzen-organiza-un-curso-bajo-el-lema-las-pruebas-de-seleccion-en-las-entrevistas-de-trabajo\\\/\"},\"wordCount\":104,\"publisher\":{\"@id\":\"https:\\\/\\\/iraurgiberritzen.eus\\\/es\\\/#organization\"},\"image\":{\"@id\":\"https:\\\/\\\/iraurgiberritzen.eus\\\/es\\\/iraurgi-berritzen-organiza-un-curso-bajo-el-lema-las-pruebas-de-seleccion-en-las-entrevistas-de-trabajo\\\/#primaryimage\"},\"thumbnailUrl\":\"https:\\\/\\\/iraurgiberritzen.eus\\\/wp-content\\\/uploads\\\/2023\\\/09\\\/821ee19c73076a9074fe1f4f0b493d5a.jpg\",\"articleSection\":[\"Noticias\"],\"inLanguage\":\"es\"},{\"@type\":\"WebPage\",\"@id\":\"https:\\\/\\\/iraurgiberritzen.eus\\\/es\\\/iraurgi-berritzen-organiza-un-curso-bajo-el-lema-las-pruebas-de-seleccion-en-las-entrevistas-de-trabajo\\\/\",\"url\":\"https:\\\/\\\/iraurgiberritzen.eus\\\/es\\\/iraurgi-berritzen-organiza-un-curso-bajo-el-lema-las-pruebas-de-seleccion-en-las-entrevistas-de-trabajo\\\/\",\"name\":\"Iraurgi Berritzen organiza un curso bajo el lema \u201cLas pruebas de Selecci\u00f3n en las Entrevistas de Trabajo\u201d - Iraurgi Berritzen\",\"isPartOf\":{\"@id\":\"https:\\\/\\\/iraurgiberritzen.eus\\\/es\\\/#website\"},\"primaryImageOfPage\":{\"@id\":\"https:\\\/\\\/iraurgiberritzen.eus\\\/es\\\/iraurgi-berritzen-organiza-un-curso-bajo-el-lema-las-pruebas-de-seleccion-en-las-entrevistas-de-trabajo\\\/#primaryimage\"},\"image\":{\"@id\":\"https:\\\/\\\/iraurgiberritzen.eus\\\/es\\\/iraurgi-berritzen-organiza-un-curso-bajo-el-lema-las-pruebas-de-seleccion-en-las-entrevistas-de-trabajo\\\/#primaryimage\"},\"thumbnailUrl\":\"https:\\\/\\\/iraurgiberritzen.eus\\\/wp-content\\\/uploads\\\/2023\\\/09\\\/821ee19c73076a9074fe1f4f0b493d5a.jpg\",\"datePublished\":\"2015-04-24T08:44:36+00:00\",\"breadcrumb\":{\"@id\":\"https:\\\/\\\/iraurgiberritzen.eus\\\/es\\\/iraurgi-berritzen-organiza-un-curso-bajo-el-lema-las-pruebas-de-seleccion-en-las-entrevistas-de-trabajo\\\/#breadcrumb\"},\"inLanguage\":\"es\",\"potentialAction\":[{\"@type\":\"ReadAction\",\"target\":[\"https:\\\/\\\/iraurgiberritzen.eus\\\/es\\\/iraurgi-berritzen-organiza-un-curso-bajo-el-lema-las-pruebas-de-seleccion-en-las-entrevistas-de-trabajo\\\/\"]}]},{\"@type\":\"ImageObject\",\"inLanguage\":\"es\",\"@id\":\"https:\\\/\\\/iraurgiberritzen.eus\\\/es\\\/iraurgi-berritzen-organiza-un-curso-bajo-el-lema-las-pruebas-de-seleccion-en-las-entrevistas-de-trabajo\\\/#primaryimage\",\"url\":\"https:\\\/\\\/iraurgiberritzen.eus\\\/wp-content\\\/uploads\\\/2023\\\/09\\\/821ee19c73076a9074fe1f4f0b493d5a.jpg\",\"contentUrl\":\"https:\\\/\\\/iraurgiberritzen.eus\\\/wp-content\\\/uploads\\\/2023\\\/09\\\/821ee19c73076a9074fe1f4f0b493d5a.jpg\",\"width\":600,\"height\":386},{\"@type\":\"BreadcrumbList\",\"@id\":\"https:\\\/\\\/iraurgiberritzen.eus\\\/es\\\/iraurgi-berritzen-organiza-un-curso-bajo-el-lema-las-pruebas-de-seleccion-en-las-entrevistas-de-trabajo\\\/#breadcrumb\",\"itemListElement\":[{\"@type\":\"ListItem\",\"position\":1,\"name\":\"Home\",\"item\":\"https:\\\/\\\/iraurgiberritzen.eus\\\/es\\\/\"},{\"@type\":\"ListItem\",\"position\":2,\"name\":\"Iraurgi Berritzen organiza un curso bajo el lema \u201cLas pruebas de Selecci\u00f3n en las Entrevistas de Trabajo\u201d\"}]},{\"@type\":\"WebSite\",\"@id\":\"https:\\\/\\\/iraurgiberritzen.eus\\\/es\\\/#website\",\"url\":\"https:\\\/\\\/iraurgiberritzen.eus\\\/es\\\/\",\"name\":\"Iraurgi Berritzen\",\"description\":\"Urola Erdiko Garapen Agentzia\",\"publisher\":{\"@id\":\"https:\\\/\\\/iraurgiberritzen.eus\\\/es\\\/#organization\"},\"potentialAction\":[{\"@type\":\"SearchAction\",\"target\":{\"@type\":\"EntryPoint\",\"urlTemplate\":\"https:\\\/\\\/iraurgiberritzen.eus\\\/es\\\/?s={search_term_string}\"},\"query-input\":{\"@type\":\"PropertyValueSpecification\",\"valueRequired\":true,\"valueName\":\"search_term_string\"}}],\"inLanguage\":\"es\"},{\"@type\":\"Organization\",\"@id\":\"https:\\\/\\\/iraurgiberritzen.eus\\\/es\\\/#organization\",\"name\":\"Iraurgi Berritzen\",\"url\":\"https:\\\/\\\/iraurgiberritzen.eus\\\/es\\\/\",\"logo\":{\"@type\":\"ImageObject\",\"inLanguage\":\"es\",\"@id\":\"https:\\\/\\\/iraurgiberritzen.eus\\\/es\\\/#\\\/schema\\\/logo\\\/image\\\/\",\"url\":\"https:\\\/\\\/iraurgiberritzen.eus\\\/wp-content\\\/uploads\\\/2024\\\/02\\\/IRAURGI-BERRITZEN-logotipoa_2.png\",\"contentUrl\":\"https:\\\/\\\/iraurgiberritzen.eus\\\/wp-content\\\/uploads\\\/2024\\\/02\\\/IRAURGI-BERRITZEN-logotipoa_2.png\",\"width\":496,\"height\":190,\"caption\":\"Iraurgi Berritzen\"},\"image\":{\"@id\":\"https:\\\/\\\/iraurgiberritzen.eus\\\/es\\\/#\\\/schema\\\/logo\\\/image\\\/\"}},{\"@type\":\"Person\",\"@id\":\"https:\\\/\\\/iraurgiberritzen.eus\\\/es\\\/#\\\/schema\\\/person\\\/5ab41aaf388a9097177601ebf45738d2\",\"name\":\"kudeatzailea\",\"sameAs\":[\"https:\\\/\\\/iraurgiberritzen.eus\"]}]}<\/script>\n<!-- \/ Yoast SEO plugin. -->","yoast_head_json":{"title":"Iraurgi Berritzen organiza un curso bajo el lema \u201cLas pruebas de Selecci\u00f3n en las Entrevistas de Trabajo\u201d - Iraurgi Berritzen","robots":{"index":"index","follow":"follow","max-snippet":"max-snippet:-1","max-image-preview":"max-image-preview:large","max-video-preview":"max-video-preview:-1"},"canonical":"https:\/\/iraurgiberritzen.eus\/es\/iraurgi-berritzen-organiza-un-curso-bajo-el-lema-las-pruebas-de-seleccion-en-las-entrevistas-de-trabajo\/","og_locale":"es_ES","og_type":"article","og_title":"Iraurgi Berritzen organiza un curso bajo el lema \u201cLas pruebas de Selecci\u00f3n en las Entrevistas de Trabajo\u201d - Iraurgi Berritzen","og_description":"Este curso se celebrar\u00e1 el mi\u00e9rcoles 29 de abril, en el tercer piso del Sindikatu Zaharra de Azpeitia. A trav\u00e9s de esta actividad, conocer\u00e1s cuales son los diferentes tipos de pruebas e identificar\u00e1s qu\u00e9 valoran en cada fase de selecci\u00f3n En caso de estar interesado en inscribirte puedes llamar al 943 02 60 69 y [&hellip;]","og_url":"https:\/\/iraurgiberritzen.eus\/es\/iraurgi-berritzen-organiza-un-curso-bajo-el-lema-las-pruebas-de-seleccion-en-las-entrevistas-de-trabajo\/","og_site_name":"Iraurgi Berritzen","article_published_time":"2015-04-24T08:44:36+00:00","author":"kudeatzailea","twitter_card":"summary_large_image","twitter_misc":{"Escrito por":"kudeatzailea"},"schema":{"@context":"https:\/\/schema.org","@graph":[{"@type":"Article","@id":"https:\/\/iraurgiberritzen.eus\/es\/iraurgi-berritzen-organiza-un-curso-bajo-el-lema-las-pruebas-de-seleccion-en-las-entrevistas-de-trabajo\/#article","isPartOf":{"@id":"https:\/\/iraurgiberritzen.eus\/es\/iraurgi-berritzen-organiza-un-curso-bajo-el-lema-las-pruebas-de-seleccion-en-las-entrevistas-de-trabajo\/"},"author":{"name":"kudeatzailea","@id":"https:\/\/iraurgiberritzen.eus\/es\/#\/schema\/person\/5ab41aaf388a9097177601ebf45738d2"},"headline":"Iraurgi Berritzen organiza un curso bajo el lema \u201cLas pruebas de Selecci\u00f3n en las Entrevistas de Trabajo\u201d","datePublished":"2015-04-24T08:44:36+00:00","mainEntityOfPage":{"@id":"https:\/\/iraurgiberritzen.eus\/es\/iraurgi-berritzen-organiza-un-curso-bajo-el-lema-las-pruebas-de-seleccion-en-las-entrevistas-de-trabajo\/"},"wordCount":104,"publisher":{"@id":"https:\/\/iraurgiberritzen.eus\/es\/#organization"},"image":{"@id":"https:\/\/iraurgiberritzen.eus\/es\/iraurgi-berritzen-organiza-un-curso-bajo-el-lema-las-pruebas-de-seleccion-en-las-entrevistas-de-trabajo\/#primaryimage"},"thumbnailUrl":"https:\/\/iraurgiberritzen.eus\/wp-content\/uploads\/2023\/09\/821ee19c73076a9074fe1f4f0b493d5a.jpg","articleSection":["Noticias"],"inLanguage":"es"},{"@type":"WebPage","@id":"https:\/\/iraurgiberritzen.eus\/es\/iraurgi-berritzen-organiza-un-curso-bajo-el-lema-las-pruebas-de-seleccion-en-las-entrevistas-de-trabajo\/","url":"https:\/\/iraurgiberritzen.eus\/es\/iraurgi-berritzen-organiza-un-curso-bajo-el-lema-las-pruebas-de-seleccion-en-las-entrevistas-de-trabajo\/","name":"Iraurgi Berritzen organiza un curso bajo el lema \u201cLas pruebas de Selecci\u00f3n en las Entrevistas de Trabajo\u201d - Iraurgi Berritzen","isPartOf":{"@id":"https:\/\/iraurgiberritzen.eus\/es\/#website"},"primaryImageOfPage":{"@id":"https:\/\/iraurgiberritzen.eus\/es\/iraurgi-berritzen-organiza-un-curso-bajo-el-lema-las-pruebas-de-seleccion-en-las-entrevistas-de-trabajo\/#primaryimage"},"image":{"@id":"https:\/\/iraurgiberritzen.eus\/es\/iraurgi-berritzen-organiza-un-curso-bajo-el-lema-las-pruebas-de-seleccion-en-las-entrevistas-de-trabajo\/#primaryimage"},"thumbnailUrl":"https:\/\/iraurgiberritzen.eus\/wp-content\/uploads\/2023\/09\/821ee19c73076a9074fe1f4f0b493d5a.jpg","datePublished":"2015-04-24T08:44:36+00:00","breadcrumb":{"@id":"https:\/\/iraurgiberritzen.eus\/es\/iraurgi-berritzen-organiza-un-curso-bajo-el-lema-las-pruebas-de-seleccion-en-las-entrevistas-de-trabajo\/#breadcrumb"},"inLanguage":"es","potentialAction":[{"@type":"ReadAction","target":["https:\/\/iraurgiberritzen.eus\/es\/iraurgi-berritzen-organiza-un-curso-bajo-el-lema-las-pruebas-de-seleccion-en-las-entrevistas-de-trabajo\/"]}]},{"@type":"ImageObject","inLanguage":"es","@id":"https:\/\/iraurgiberritzen.eus\/es\/iraurgi-berritzen-organiza-un-curso-bajo-el-lema-las-pruebas-de-seleccion-en-las-entrevistas-de-trabajo\/#primaryimage","url":"https:\/\/iraurgiberritzen.eus\/wp-content\/uploads\/2023\/09\/821ee19c73076a9074fe1f4f0b493d5a.jpg","contentUrl":"https:\/\/iraurgiberritzen.eus\/wp-content\/uploads\/2023\/09\/821ee19c73076a9074fe1f4f0b493d5a.jpg","width":600,"height":386},{"@type":"BreadcrumbList","@id":"https:\/\/iraurgiberritzen.eus\/es\/iraurgi-berritzen-organiza-un-curso-bajo-el-lema-las-pruebas-de-seleccion-en-las-entrevistas-de-trabajo\/#breadcrumb","itemListElement":[{"@type":"ListItem","position":1,"name":"Home","item":"https:\/\/iraurgiberritzen.eus\/es\/"},{"@type":"ListItem","position":2,"name":"Iraurgi Berritzen organiza un curso bajo el lema \u201cLas pruebas de Selecci\u00f3n en las Entrevistas de Trabajo\u201d"}]},{"@type":"WebSite","@id":"https:\/\/iraurgiberritzen.eus\/es\/#website","url":"https:\/\/iraurgiberritzen.eus\/es\/","name":"Iraurgi Berritzen","description":"Urola Erdiko Garapen Agentzia","publisher":{"@id":"https:\/\/iraurgiberritzen.eus\/es\/#organization"},"potentialAction":[{"@type":"SearchAction","target":{"@type":"EntryPoint","urlTemplate":"https:\/\/iraurgiberritzen.eus\/es\/?s={search_term_string}"},"query-input":{"@type":"PropertyValueSpecification","valueRequired":true,"valueName":"search_term_string"}}],"inLanguage":"es"},{"@type":"Organization","@id":"https:\/\/iraurgiberritzen.eus\/es\/#organization","name":"Iraurgi Berritzen","url":"https:\/\/iraurgiberritzen.eus\/es\/","logo":{"@type":"ImageObject","inLanguage":"es","@id":"https:\/\/iraurgiberritzen.eus\/es\/#\/schema\/logo\/image\/","url":"https:\/\/iraurgiberritzen.eus\/wp-content\/uploads\/2024\/02\/IRAURGI-BERRITZEN-logotipoa_2.png","contentUrl":"https:\/\/iraurgiberritzen.eus\/wp-content\/uploads\/2024\/02\/IRAURGI-BERRITZEN-logotipoa_2.png","width":496,"height":190,"caption":"Iraurgi Berritzen"},"image":{"@id":"https:\/\/iraurgiberritzen.eus\/es\/#\/schema\/logo\/image\/"}},{"@type":"Person","@id":"https:\/\/iraurgiberritzen.eus\/es\/#\/schema\/person\/5ab41aaf388a9097177601ebf45738d2","name":"kudeatzailea","sameAs":["https:\/\/iraurgiberritzen.eus"]}]}},"_links":{"self":[{"href":"https:\/\/iraurgiberritzen.eus\/es\/wp-json\/wp\/v2\/posts\/11835","targetHints":{"allow":["GET"]}}],"collection":[{"href":"https:\/\/iraurgiberritzen.eus\/es\/wp-json\/wp\/v2\/posts"}],"about":[{"href":"https:\/\/iraurgiberritzen.eus\/es\/wp-json\/wp\/v2\/types\/post"}],"author":[{"embeddable":true,"href":"https:\/\/iraurgiberritzen.eus\/es\/wp-json\/wp\/v2\/users\/1"}],"replies":[{"embeddable":true,"href":"https:\/\/iraurgiberritzen.eus\/es\/wp-json\/wp\/v2\/comments?post=11835"}],"version-history":[{"count":0,"href":"https:\/\/iraurgiberritzen.eus\/es\/wp-json\/wp\/v2\/posts\/11835\/revisions"}],"wp:featuredmedia":[{"embeddable":true,"href":"https:\/\/iraurgiberritzen.eus\/es\/wp-json\/wp\/v2\/media\/18049"}],"wp:attachment":[{"href":"https:\/\/iraurgiberritzen.eus\/es\/wp-json\/wp\/v2\/media?parent=11835"}],"wp:term":[{"taxonomy":"category","embeddable":true,"href":"https:\/\/iraurgiberritzen.eus\/es\/wp-json\/wp\/v2\/categories?post=11835"},{"taxonomy":"post_tag","embeddable":true,"href":"https:\/\/iraurgiberritzen.eus\/es\/wp-json\/wp\/v2\/tags?post=11835"}],"curies":[{"name":"wp","href":"https:\/\/api.w.org\/{rel}","templated":true}]}}