{"id":11844,"date":"2015-05-19T07:07:57","date_gmt":"2015-05-19T05:07:57","guid":{"rendered":"https:\/\/iraurgiberritzen.eus\/centros-educativos-del-urola-y-goierri-compartiendo-el-proyecto\/"},"modified":"2015-05-19T07:07:57","modified_gmt":"2015-05-19T05:07:57","slug":"centros-educativos-del-urola-y-goierri-compartiendo-el-proyecto","status":"publish","type":"post","link":"https:\/\/iraurgiberritzen.eus\/es\/centros-educativos-del-urola-y-goierri-compartiendo-el-proyecto\/","title":{"rendered":"Centros educativos del Urola y Goierri compartiendo el proyecto"},"content":{"rendered":"<p style=\"text-align: justify;\">El pasado 12 de mayo estuvimos en Ordizia (Goieki), compartiendo la experiencia de<strong> ELKARREKIN ERAIKITZEN<\/strong>, proyecto que estamos trabajando desde hace dos a\u00f1os entre <strong>5 centros educativos del Urola<\/strong> y tiene como objetivo, <strong>promover valores de emprendimiento entre los alumnos, cambiando los diferentes modos de hacer<\/strong>.<\/p>\n<p style=\"text-align: justify;\">El objetivo de la reuni\u00f3n fue la de trasladar nuestra experiencia a los diferentes centros educativos que conforman la comarca del Goierri En ella participamos 2 centros educativos del Urola, 7 del Goierri, el Berritzegune, las agencias de desarrollo de ambas comarcas Iraurgi Berritzen y Goieki, y Orkestra, como coordinadora del proyecto.<\/p>\n<p style=\"text-align: justify;\">Adem\u00e1s de compartir e intercambiar impresiones en base al proyecto, tuvimos oportunidad de debatir sobre diferentes claves que hay que tener presente en este tipo de procesos. <strong>Claves como la de reconocer el papel que pueden jugar los centros en el desarrollo de la comarca, la importancia del protagonismo del alumno en el desarrollo de proyectos, la aplicaci\u00f3n de nuevas metodolog\u00edas de ense\u00f1anza, la generaci\u00f3n de espacios para la reflexi\u00f3n y aprendizaje conjunto, el papel de las agencias en este tipo de procesos&#8230;<\/strong><\/p>\n<p style=\"text-align: justify;\">Esta acci\u00f3n se enmarca dentro del proyecto <strong>IKASGOIRAURKI<\/strong>, en la que colaboramos las agencias de desarrollo Goieki y Iraurgi Berritzen, con la coordinaci\u00f3n de Orkestra y financiado por la Diputaci\u00f3n Foral de Gipuzkoa.<\/p>\n<p><span style=\"font-family: arial,helvetica,sans-serif;\"><img decoding=\"async\" style=\"width: 100%;\" src=\"images\/iraurgiberritzen\/ezagutzasarea\/logoak\/garapengunealogoak.jpg\" alt=\"garapengunealogoak\" \/><\/span><\/p>\n<p>Link: <a href=\"https:\/\/elkarrekineraikitzen.wordpress.com\">https:\/\/elkarrekineraikitzen.wordpress.com<\/a><\/p>\n","protected":false},"excerpt":{"rendered":"<p>El pasado 12 de mayo estuvimos en Ordizia (Goieki), compartiendo la experiencia de ELKARREKIN ERAIKITZEN, proyecto que estamos trabajando desde hace dos a\u00f1os entre 5 centros educativos del Urola y tiene como objetivo, promover valores de emprendimiento entre los alumnos, cambiando los diferentes modos de hacer. El objetivo de la reuni\u00f3n fue la de trasladar [&hellip;]<\/p>\n","protected":false},"author":1,"featured_media":18032,"comment_status":"closed","ping_status":"closed","sticky":false,"template":"","format":"standard","meta":{"_acf_changed":false,"footnotes":""},"categories":[4],"tags":[],"class_list":["post-11844","post","type-post","status-publish","format-standard","has-post-thumbnail","hentry","category-noticias"],"acf":[],"yoast_head":"<!-- This site is optimized with the Yoast SEO plugin v27.4 - https:\/\/yoast.com\/product\/yoast-seo-wordpress\/ -->\n<title>Centros educativos del Urola y Goierri compartiendo el proyecto - Iraurgi Berritzen<\/title>\n<meta name=\"robots\" content=\"index, follow, max-snippet:-1, max-image-preview:large, max-video-preview:-1\" \/>\n<link rel=\"canonical\" href=\"https:\/\/iraurgiberritzen.eus\/es\/centros-educativos-del-urola-y-goierri-compartiendo-el-proyecto\/\" \/>\n<meta property=\"og:locale\" content=\"es_ES\" \/>\n<meta property=\"og:type\" content=\"article\" \/>\n<meta property=\"og:title\" content=\"Centros educativos del Urola y Goierri compartiendo el proyecto - Iraurgi Berritzen\" \/>\n<meta property=\"og:description\" content=\"El pasado 12 de mayo estuvimos en Ordizia (Goieki), compartiendo la experiencia de ELKARREKIN ERAIKITZEN, proyecto que estamos trabajando desde hace dos a\u00f1os entre 5 centros educativos del Urola y tiene como objetivo, promover valores de emprendimiento entre los alumnos, cambiando los diferentes modos de hacer. El objetivo de la reuni\u00f3n fue la de trasladar [&hellip;]\" \/>\n<meta property=\"og:url\" content=\"https:\/\/iraurgiberritzen.eus\/es\/centros-educativos-del-urola-y-goierri-compartiendo-el-proyecto\/\" \/>\n<meta property=\"og:site_name\" content=\"Iraurgi Berritzen\" \/>\n<meta property=\"article:published_time\" content=\"2015-05-19T05:07:57+00:00\" \/>\n<meta name=\"author\" content=\"kudeatzailea\" \/>\n<meta name=\"twitter:card\" content=\"summary_large_image\" \/>\n<meta name=\"twitter:label1\" content=\"Escrito por\" \/>\n\t<meta name=\"twitter:data1\" content=\"kudeatzailea\" \/>\n\t<meta name=\"twitter:label2\" content=\"Tiempo de lectura\" \/>\n\t<meta name=\"twitter:data2\" content=\"1 minuto\" \/>\n<script type=\"application\/ld+json\" class=\"yoast-schema-graph\">{\"@context\":\"https:\\\/\\\/schema.org\",\"@graph\":[{\"@type\":\"Article\",\"@id\":\"https:\\\/\\\/iraurgiberritzen.eus\\\/es\\\/centros-educativos-del-urola-y-goierri-compartiendo-el-proyecto\\\/#article\",\"isPartOf\":{\"@id\":\"https:\\\/\\\/iraurgiberritzen.eus\\\/es\\\/centros-educativos-del-urola-y-goierri-compartiendo-el-proyecto\\\/\"},\"author\":{\"name\":\"kudeatzailea\",\"@id\":\"https:\\\/\\\/iraurgiberritzen.eus\\\/es\\\/#\\\/schema\\\/person\\\/5ab41aaf388a9097177601ebf45738d2\"},\"headline\":\"Centros educativos del Urola y Goierri compartiendo el proyecto\",\"datePublished\":\"2015-05-19T05:07:57+00:00\",\"mainEntityOfPage\":{\"@id\":\"https:\\\/\\\/iraurgiberritzen.eus\\\/es\\\/centros-educativos-del-urola-y-goierri-compartiendo-el-proyecto\\\/\"},\"wordCount\":235,\"publisher\":{\"@id\":\"https:\\\/\\\/iraurgiberritzen.eus\\\/es\\\/#organization\"},\"image\":{\"@id\":\"https:\\\/\\\/iraurgiberritzen.eus\\\/es\\\/centros-educativos-del-urola-y-goierri-compartiendo-el-proyecto\\\/#primaryimage\"},\"thumbnailUrl\":\"https:\\\/\\\/iraurgiberritzen.eus\\\/wp-content\\\/uploads\\\/2023\\\/09\\\/eefd4fe8f589e64e0e66a4f2937ae4ae.jpg\",\"articleSection\":[\"Noticias\"],\"inLanguage\":\"es\"},{\"@type\":\"WebPage\",\"@id\":\"https:\\\/\\\/iraurgiberritzen.eus\\\/es\\\/centros-educativos-del-urola-y-goierri-compartiendo-el-proyecto\\\/\",\"url\":\"https:\\\/\\\/iraurgiberritzen.eus\\\/es\\\/centros-educativos-del-urola-y-goierri-compartiendo-el-proyecto\\\/\",\"name\":\"Centros educativos del Urola y Goierri compartiendo el proyecto - Iraurgi Berritzen\",\"isPartOf\":{\"@id\":\"https:\\\/\\\/iraurgiberritzen.eus\\\/es\\\/#website\"},\"primaryImageOfPage\":{\"@id\":\"https:\\\/\\\/iraurgiberritzen.eus\\\/es\\\/centros-educativos-del-urola-y-goierri-compartiendo-el-proyecto\\\/#primaryimage\"},\"image\":{\"@id\":\"https:\\\/\\\/iraurgiberritzen.eus\\\/es\\\/centros-educativos-del-urola-y-goierri-compartiendo-el-proyecto\\\/#primaryimage\"},\"thumbnailUrl\":\"https:\\\/\\\/iraurgiberritzen.eus\\\/wp-content\\\/uploads\\\/2023\\\/09\\\/eefd4fe8f589e64e0e66a4f2937ae4ae.jpg\",\"datePublished\":\"2015-05-19T05:07:57+00:00\",\"breadcrumb\":{\"@id\":\"https:\\\/\\\/iraurgiberritzen.eus\\\/es\\\/centros-educativos-del-urola-y-goierri-compartiendo-el-proyecto\\\/#breadcrumb\"},\"inLanguage\":\"es\",\"potentialAction\":[{\"@type\":\"ReadAction\",\"target\":[\"https:\\\/\\\/iraurgiberritzen.eus\\\/es\\\/centros-educativos-del-urola-y-goierri-compartiendo-el-proyecto\\\/\"]}]},{\"@type\":\"ImageObject\",\"inLanguage\":\"es\",\"@id\":\"https:\\\/\\\/iraurgiberritzen.eus\\\/es\\\/centros-educativos-del-urola-y-goierri-compartiendo-el-proyecto\\\/#primaryimage\",\"url\":\"https:\\\/\\\/iraurgiberritzen.eus\\\/wp-content\\\/uploads\\\/2023\\\/09\\\/eefd4fe8f589e64e0e66a4f2937ae4ae.jpg\",\"contentUrl\":\"https:\\\/\\\/iraurgiberritzen.eus\\\/wp-content\\\/uploads\\\/2023\\\/09\\\/eefd4fe8f589e64e0e66a4f2937ae4ae.jpg\",\"width\":600,\"height\":386},{\"@type\":\"BreadcrumbList\",\"@id\":\"https:\\\/\\\/iraurgiberritzen.eus\\\/es\\\/centros-educativos-del-urola-y-goierri-compartiendo-el-proyecto\\\/#breadcrumb\",\"itemListElement\":[{\"@type\":\"ListItem\",\"position\":1,\"name\":\"Home\",\"item\":\"https:\\\/\\\/iraurgiberritzen.eus\\\/es\\\/\"},{\"@type\":\"ListItem\",\"position\":2,\"name\":\"Centros educativos del Urola y Goierri compartiendo el proyecto\"}]},{\"@type\":\"WebSite\",\"@id\":\"https:\\\/\\\/iraurgiberritzen.eus\\\/es\\\/#website\",\"url\":\"https:\\\/\\\/iraurgiberritzen.eus\\\/es\\\/\",\"name\":\"Iraurgi Berritzen\",\"description\":\"Urola Erdiko Garapen Agentzia\",\"publisher\":{\"@id\":\"https:\\\/\\\/iraurgiberritzen.eus\\\/es\\\/#organization\"},\"potentialAction\":[{\"@type\":\"SearchAction\",\"target\":{\"@type\":\"EntryPoint\",\"urlTemplate\":\"https:\\\/\\\/iraurgiberritzen.eus\\\/es\\\/?s={search_term_string}\"},\"query-input\":{\"@type\":\"PropertyValueSpecification\",\"valueRequired\":true,\"valueName\":\"search_term_string\"}}],\"inLanguage\":\"es\"},{\"@type\":\"Organization\",\"@id\":\"https:\\\/\\\/iraurgiberritzen.eus\\\/es\\\/#organization\",\"name\":\"Iraurgi Berritzen\",\"url\":\"https:\\\/\\\/iraurgiberritzen.eus\\\/es\\\/\",\"logo\":{\"@type\":\"ImageObject\",\"inLanguage\":\"es\",\"@id\":\"https:\\\/\\\/iraurgiberritzen.eus\\\/es\\\/#\\\/schema\\\/logo\\\/image\\\/\",\"url\":\"https:\\\/\\\/iraurgiberritzen.eus\\\/wp-content\\\/uploads\\\/2024\\\/02\\\/IRAURGI-BERRITZEN-logotipoa_2.png\",\"contentUrl\":\"https:\\\/\\\/iraurgiberritzen.eus\\\/wp-content\\\/uploads\\\/2024\\\/02\\\/IRAURGI-BERRITZEN-logotipoa_2.png\",\"width\":496,\"height\":190,\"caption\":\"Iraurgi Berritzen\"},\"image\":{\"@id\":\"https:\\\/\\\/iraurgiberritzen.eus\\\/es\\\/#\\\/schema\\\/logo\\\/image\\\/\"}},{\"@type\":\"Person\",\"@id\":\"https:\\\/\\\/iraurgiberritzen.eus\\\/es\\\/#\\\/schema\\\/person\\\/5ab41aaf388a9097177601ebf45738d2\",\"name\":\"kudeatzailea\",\"sameAs\":[\"https:\\\/\\\/iraurgiberritzen.eus\"]}]}<\/script>\n<!-- \/ Yoast SEO plugin. -->","yoast_head_json":{"title":"Centros educativos del Urola y Goierri compartiendo el proyecto - Iraurgi Berritzen","robots":{"index":"index","follow":"follow","max-snippet":"max-snippet:-1","max-image-preview":"max-image-preview:large","max-video-preview":"max-video-preview:-1"},"canonical":"https:\/\/iraurgiberritzen.eus\/es\/centros-educativos-del-urola-y-goierri-compartiendo-el-proyecto\/","og_locale":"es_ES","og_type":"article","og_title":"Centros educativos del Urola y Goierri compartiendo el proyecto - Iraurgi Berritzen","og_description":"El pasado 12 de mayo estuvimos en Ordizia (Goieki), compartiendo la experiencia de ELKARREKIN ERAIKITZEN, proyecto que estamos trabajando desde hace dos a\u00f1os entre 5 centros educativos del Urola y tiene como objetivo, promover valores de emprendimiento entre los alumnos, cambiando los diferentes modos de hacer. El objetivo de la reuni\u00f3n fue la de trasladar [&hellip;]","og_url":"https:\/\/iraurgiberritzen.eus\/es\/centros-educativos-del-urola-y-goierri-compartiendo-el-proyecto\/","og_site_name":"Iraurgi Berritzen","article_published_time":"2015-05-19T05:07:57+00:00","author":"kudeatzailea","twitter_card":"summary_large_image","twitter_misc":{"Escrito por":"kudeatzailea","Tiempo de lectura":"1 minuto"},"schema":{"@context":"https:\/\/schema.org","@graph":[{"@type":"Article","@id":"https:\/\/iraurgiberritzen.eus\/es\/centros-educativos-del-urola-y-goierri-compartiendo-el-proyecto\/#article","isPartOf":{"@id":"https:\/\/iraurgiberritzen.eus\/es\/centros-educativos-del-urola-y-goierri-compartiendo-el-proyecto\/"},"author":{"name":"kudeatzailea","@id":"https:\/\/iraurgiberritzen.eus\/es\/#\/schema\/person\/5ab41aaf388a9097177601ebf45738d2"},"headline":"Centros educativos del Urola y Goierri compartiendo el proyecto","datePublished":"2015-05-19T05:07:57+00:00","mainEntityOfPage":{"@id":"https:\/\/iraurgiberritzen.eus\/es\/centros-educativos-del-urola-y-goierri-compartiendo-el-proyecto\/"},"wordCount":235,"publisher":{"@id":"https:\/\/iraurgiberritzen.eus\/es\/#organization"},"image":{"@id":"https:\/\/iraurgiberritzen.eus\/es\/centros-educativos-del-urola-y-goierri-compartiendo-el-proyecto\/#primaryimage"},"thumbnailUrl":"https:\/\/iraurgiberritzen.eus\/wp-content\/uploads\/2023\/09\/eefd4fe8f589e64e0e66a4f2937ae4ae.jpg","articleSection":["Noticias"],"inLanguage":"es"},{"@type":"WebPage","@id":"https:\/\/iraurgiberritzen.eus\/es\/centros-educativos-del-urola-y-goierri-compartiendo-el-proyecto\/","url":"https:\/\/iraurgiberritzen.eus\/es\/centros-educativos-del-urola-y-goierri-compartiendo-el-proyecto\/","name":"Centros educativos del Urola y Goierri compartiendo el proyecto - Iraurgi Berritzen","isPartOf":{"@id":"https:\/\/iraurgiberritzen.eus\/es\/#website"},"primaryImageOfPage":{"@id":"https:\/\/iraurgiberritzen.eus\/es\/centros-educativos-del-urola-y-goierri-compartiendo-el-proyecto\/#primaryimage"},"image":{"@id":"https:\/\/iraurgiberritzen.eus\/es\/centros-educativos-del-urola-y-goierri-compartiendo-el-proyecto\/#primaryimage"},"thumbnailUrl":"https:\/\/iraurgiberritzen.eus\/wp-content\/uploads\/2023\/09\/eefd4fe8f589e64e0e66a4f2937ae4ae.jpg","datePublished":"2015-05-19T05:07:57+00:00","breadcrumb":{"@id":"https:\/\/iraurgiberritzen.eus\/es\/centros-educativos-del-urola-y-goierri-compartiendo-el-proyecto\/#breadcrumb"},"inLanguage":"es","potentialAction":[{"@type":"ReadAction","target":["https:\/\/iraurgiberritzen.eus\/es\/centros-educativos-del-urola-y-goierri-compartiendo-el-proyecto\/"]}]},{"@type":"ImageObject","inLanguage":"es","@id":"https:\/\/iraurgiberritzen.eus\/es\/centros-educativos-del-urola-y-goierri-compartiendo-el-proyecto\/#primaryimage","url":"https:\/\/iraurgiberritzen.eus\/wp-content\/uploads\/2023\/09\/eefd4fe8f589e64e0e66a4f2937ae4ae.jpg","contentUrl":"https:\/\/iraurgiberritzen.eus\/wp-content\/uploads\/2023\/09\/eefd4fe8f589e64e0e66a4f2937ae4ae.jpg","width":600,"height":386},{"@type":"BreadcrumbList","@id":"https:\/\/iraurgiberritzen.eus\/es\/centros-educativos-del-urola-y-goierri-compartiendo-el-proyecto\/#breadcrumb","itemListElement":[{"@type":"ListItem","position":1,"name":"Home","item":"https:\/\/iraurgiberritzen.eus\/es\/"},{"@type":"ListItem","position":2,"name":"Centros educativos del Urola y Goierri compartiendo el proyecto"}]},{"@type":"WebSite","@id":"https:\/\/iraurgiberritzen.eus\/es\/#website","url":"https:\/\/iraurgiberritzen.eus\/es\/","name":"Iraurgi Berritzen","description":"Urola Erdiko Garapen Agentzia","publisher":{"@id":"https:\/\/iraurgiberritzen.eus\/es\/#organization"},"potentialAction":[{"@type":"SearchAction","target":{"@type":"EntryPoint","urlTemplate":"https:\/\/iraurgiberritzen.eus\/es\/?s={search_term_string}"},"query-input":{"@type":"PropertyValueSpecification","valueRequired":true,"valueName":"search_term_string"}}],"inLanguage":"es"},{"@type":"Organization","@id":"https:\/\/iraurgiberritzen.eus\/es\/#organization","name":"Iraurgi Berritzen","url":"https:\/\/iraurgiberritzen.eus\/es\/","logo":{"@type":"ImageObject","inLanguage":"es","@id":"https:\/\/iraurgiberritzen.eus\/es\/#\/schema\/logo\/image\/","url":"https:\/\/iraurgiberritzen.eus\/wp-content\/uploads\/2024\/02\/IRAURGI-BERRITZEN-logotipoa_2.png","contentUrl":"https:\/\/iraurgiberritzen.eus\/wp-content\/uploads\/2024\/02\/IRAURGI-BERRITZEN-logotipoa_2.png","width":496,"height":190,"caption":"Iraurgi Berritzen"},"image":{"@id":"https:\/\/iraurgiberritzen.eus\/es\/#\/schema\/logo\/image\/"}},{"@type":"Person","@id":"https:\/\/iraurgiberritzen.eus\/es\/#\/schema\/person\/5ab41aaf388a9097177601ebf45738d2","name":"kudeatzailea","sameAs":["https:\/\/iraurgiberritzen.eus"]}]}},"_links":{"self":[{"href":"https:\/\/iraurgiberritzen.eus\/es\/wp-json\/wp\/v2\/posts\/11844","targetHints":{"allow":["GET"]}}],"collection":[{"href":"https:\/\/iraurgiberritzen.eus\/es\/wp-json\/wp\/v2\/posts"}],"about":[{"href":"https:\/\/iraurgiberritzen.eus\/es\/wp-json\/wp\/v2\/types\/post"}],"author":[{"embeddable":true,"href":"https:\/\/iraurgiberritzen.eus\/es\/wp-json\/wp\/v2\/users\/1"}],"replies":[{"embeddable":true,"href":"https:\/\/iraurgiberritzen.eus\/es\/wp-json\/wp\/v2\/comments?post=11844"}],"version-history":[{"count":0,"href":"https:\/\/iraurgiberritzen.eus\/es\/wp-json\/wp\/v2\/posts\/11844\/revisions"}],"wp:featuredmedia":[{"embeddable":true,"href":"https:\/\/iraurgiberritzen.eus\/es\/wp-json\/wp\/v2\/media\/18032"}],"wp:attachment":[{"href":"https:\/\/iraurgiberritzen.eus\/es\/wp-json\/wp\/v2\/media?parent=11844"}],"wp:term":[{"taxonomy":"category","embeddable":true,"href":"https:\/\/iraurgiberritzen.eus\/es\/wp-json\/wp\/v2\/categories?post=11844"},{"taxonomy":"post_tag","embeddable":true,"href":"https:\/\/iraurgiberritzen.eus\/es\/wp-json\/wp\/v2\/tags?post=11844"}],"curies":[{"name":"wp","href":"https:\/\/api.w.org\/{rel}","templated":true}]}}