{"id":11847,"date":"2015-05-19T07:22:00","date_gmt":"2015-05-19T05:22:00","guid":{"rendered":"https:\/\/iraurgiberritzen.eus\/compartiendo-y-desplegando-la-estrategia-dos-empresas-mas-desarrollan-el-proceso-estrategia-akzioan\/"},"modified":"2015-05-19T07:22:00","modified_gmt":"2015-05-19T05:22:00","slug":"compartiendo-y-desplegando-la-estrategia-dos-empresas-mas-desarrollan-el-proceso-estrategia-akzioan","status":"publish","type":"post","link":"https:\/\/iraurgiberritzen.eus\/es\/compartiendo-y-desplegando-la-estrategia-dos-empresas-mas-desarrollan-el-proceso-estrategia-akzioan\/","title":{"rendered":"\u00abCompartiendo y desplegando la estrategia\u00bb. Dos empresas m\u00e1s desarrollan el proceso Estrategia Akzioan"},"content":{"rendered":"<p style=\"text-align: justify;\">Tras la actuaci\u00f3n realizada en el 2014 en la que seis organizaciones de la comarca, incluida Irarurgi Berritzen, participaron en el proyecto \u00abEstrategia en Acci\u00f3n\u00bb, en el presente a\u00f1o dos empresas m\u00e1s se han incorporado. En este caso se trata de <em><strong>Kimu Bat y Alberdi Mekanizatuak.<\/strong><\/em><\/p>\n<p style=\"text-align: justify;\">El objetivo del proyecto es <em><strong>reflexionar sobre la estrategia de la empresa y sobre las din\u00e1micas internas<\/strong><\/em> para desplegarla. Todo ello, desde una primera idea de que la construcci\u00f3n de la estrategia es un proceso participativo en el que un grupo amplio de personas participan.<\/p>\n<p style=\"text-align: justify;\">Asimismo, se trata de un <em><strong>proyecto orientado a la acci\u00f3n<\/strong><strong>, a la puesta en marcha de actuaciones consecuencia de la reflexi\u00f3n<\/strong><\/em>. No se trata por tanto de centrarse en la reflexi\u00f3n sino de orientar esta reflexi\u00f3n a la acci\u00f3n.<\/p>\n<p style=\"text-align: justify;\">Como consecuencia del trabajo, en cada empresa se han <em><strong>priorizado los proyectos m\u00e1s importantes a poner en marcha y se ha dinamizado su aplicaci\u00f3n en el medio plazo<\/strong><\/em>.<\/p>\n<p>Como dinamizador del proyecto se ha contado con la colaboraci\u00f3n de Alberto Etxeandia (<a href=\"http:\/\/www.dinamikak.com\/\" target=\"_blank\" rel=\"noopener\">Dinamikak<\/a>).<\/p>\n","protected":false},"excerpt":{"rendered":"<p>Tras la actuaci\u00f3n realizada en el 2014 en la que seis organizaciones de la comarca, incluida Irarurgi Berritzen, participaron en el proyecto \u00abEstrategia en Acci\u00f3n\u00bb, en el presente a\u00f1o dos empresas m\u00e1s se han incorporado. En este caso se trata de Kimu Bat y Alberdi Mekanizatuak. El objetivo del proyecto es reflexionar sobre la estrategia [&hellip;]<\/p>\n","protected":false},"author":1,"featured_media":18033,"comment_status":"","ping_status":"closed","sticky":false,"template":"","format":"standard","meta":{"_acf_changed":false,"footnotes":""},"categories":[4],"tags":[],"class_list":["post-11847","post","type-post","status-publish","format-standard","has-post-thumbnail","hentry","category-noticias"],"acf":[],"yoast_head":"<!-- This site is optimized with the Yoast SEO plugin v27.4 - https:\/\/yoast.com\/product\/yoast-seo-wordpress\/ -->\n<title>&quot;Compartiendo y desplegando la estrategia&quot;. Dos empresas m\u00e1s desarrollan el proceso Estrategia Akzioan - Iraurgi Berritzen<\/title>\n<meta name=\"robots\" content=\"index, follow, max-snippet:-1, max-image-preview:large, max-video-preview:-1\" \/>\n<link rel=\"canonical\" href=\"https:\/\/iraurgiberritzen.eus\/es\/compartiendo-y-desplegando-la-estrategia-dos-empresas-mas-desarrollan-el-proceso-estrategia-akzioan\/\" \/>\n<meta property=\"og:locale\" content=\"es_ES\" \/>\n<meta property=\"og:type\" content=\"article\" \/>\n<meta property=\"og:title\" content=\"&quot;Compartiendo y desplegando la estrategia&quot;. Dos empresas m\u00e1s desarrollan el proceso Estrategia Akzioan - Iraurgi Berritzen\" \/>\n<meta property=\"og:description\" content=\"Tras la actuaci\u00f3n realizada en el 2014 en la que seis organizaciones de la comarca, incluida Irarurgi Berritzen, participaron en el proyecto \u00abEstrategia en Acci\u00f3n\u00bb, en el presente a\u00f1o dos empresas m\u00e1s se han incorporado. En este caso se trata de Kimu Bat y Alberdi Mekanizatuak. El objetivo del proyecto es reflexionar sobre la estrategia [&hellip;]\" \/>\n<meta property=\"og:url\" content=\"https:\/\/iraurgiberritzen.eus\/es\/compartiendo-y-desplegando-la-estrategia-dos-empresas-mas-desarrollan-el-proceso-estrategia-akzioan\/\" \/>\n<meta property=\"og:site_name\" content=\"Iraurgi Berritzen\" \/>\n<meta property=\"article:published_time\" content=\"2015-05-19T05:22:00+00:00\" \/>\n<meta name=\"author\" content=\"kudeatzailea\" \/>\n<meta name=\"twitter:card\" content=\"summary_large_image\" \/>\n<meta name=\"twitter:label1\" content=\"Escrito por\" \/>\n\t<meta name=\"twitter:data1\" content=\"kudeatzailea\" \/>\n\t<meta name=\"twitter:label2\" content=\"Tiempo de lectura\" \/>\n\t<meta name=\"twitter:data2\" content=\"1 minuto\" \/>\n<script type=\"application\/ld+json\" class=\"yoast-schema-graph\">{\"@context\":\"https:\\\/\\\/schema.org\",\"@graph\":[{\"@type\":\"Article\",\"@id\":\"https:\\\/\\\/iraurgiberritzen.eus\\\/es\\\/compartiendo-y-desplegando-la-estrategia-dos-empresas-mas-desarrollan-el-proceso-estrategia-akzioan\\\/#article\",\"isPartOf\":{\"@id\":\"https:\\\/\\\/iraurgiberritzen.eus\\\/es\\\/compartiendo-y-desplegando-la-estrategia-dos-empresas-mas-desarrollan-el-proceso-estrategia-akzioan\\\/\"},\"author\":{\"name\":\"kudeatzailea\",\"@id\":\"https:\\\/\\\/iraurgiberritzen.eus\\\/es\\\/#\\\/schema\\\/person\\\/5ab41aaf388a9097177601ebf45738d2\"},\"headline\":\"\u00abCompartiendo y desplegando la estrategia\u00bb. Dos empresas m\u00e1s desarrollan el proceso Estrategia Akzioan\",\"datePublished\":\"2015-05-19T05:22:00+00:00\",\"mainEntityOfPage\":{\"@id\":\"https:\\\/\\\/iraurgiberritzen.eus\\\/es\\\/compartiendo-y-desplegando-la-estrategia-dos-empresas-mas-desarrollan-el-proceso-estrategia-akzioan\\\/\"},\"wordCount\":199,\"publisher\":{\"@id\":\"https:\\\/\\\/iraurgiberritzen.eus\\\/es\\\/#organization\"},\"image\":{\"@id\":\"https:\\\/\\\/iraurgiberritzen.eus\\\/es\\\/compartiendo-y-desplegando-la-estrategia-dos-empresas-mas-desarrollan-el-proceso-estrategia-akzioan\\\/#primaryimage\"},\"thumbnailUrl\":\"https:\\\/\\\/iraurgiberritzen.eus\\\/wp-content\\\/uploads\\\/2023\\\/09\\\/fbb4b6a86e716d470f9aaf0dffc43cd5.jpg\",\"articleSection\":[\"Noticias\"],\"inLanguage\":\"es\"},{\"@type\":\"WebPage\",\"@id\":\"https:\\\/\\\/iraurgiberritzen.eus\\\/es\\\/compartiendo-y-desplegando-la-estrategia-dos-empresas-mas-desarrollan-el-proceso-estrategia-akzioan\\\/\",\"url\":\"https:\\\/\\\/iraurgiberritzen.eus\\\/es\\\/compartiendo-y-desplegando-la-estrategia-dos-empresas-mas-desarrollan-el-proceso-estrategia-akzioan\\\/\",\"name\":\"\\\"Compartiendo y desplegando la estrategia\\\". Dos empresas m\u00e1s desarrollan el proceso Estrategia Akzioan - Iraurgi Berritzen\",\"isPartOf\":{\"@id\":\"https:\\\/\\\/iraurgiberritzen.eus\\\/es\\\/#website\"},\"primaryImageOfPage\":{\"@id\":\"https:\\\/\\\/iraurgiberritzen.eus\\\/es\\\/compartiendo-y-desplegando-la-estrategia-dos-empresas-mas-desarrollan-el-proceso-estrategia-akzioan\\\/#primaryimage\"},\"image\":{\"@id\":\"https:\\\/\\\/iraurgiberritzen.eus\\\/es\\\/compartiendo-y-desplegando-la-estrategia-dos-empresas-mas-desarrollan-el-proceso-estrategia-akzioan\\\/#primaryimage\"},\"thumbnailUrl\":\"https:\\\/\\\/iraurgiberritzen.eus\\\/wp-content\\\/uploads\\\/2023\\\/09\\\/fbb4b6a86e716d470f9aaf0dffc43cd5.jpg\",\"datePublished\":\"2015-05-19T05:22:00+00:00\",\"breadcrumb\":{\"@id\":\"https:\\\/\\\/iraurgiberritzen.eus\\\/es\\\/compartiendo-y-desplegando-la-estrategia-dos-empresas-mas-desarrollan-el-proceso-estrategia-akzioan\\\/#breadcrumb\"},\"inLanguage\":\"es\",\"potentialAction\":[{\"@type\":\"ReadAction\",\"target\":[\"https:\\\/\\\/iraurgiberritzen.eus\\\/es\\\/compartiendo-y-desplegando-la-estrategia-dos-empresas-mas-desarrollan-el-proceso-estrategia-akzioan\\\/\"]}]},{\"@type\":\"ImageObject\",\"inLanguage\":\"es\",\"@id\":\"https:\\\/\\\/iraurgiberritzen.eus\\\/es\\\/compartiendo-y-desplegando-la-estrategia-dos-empresas-mas-desarrollan-el-proceso-estrategia-akzioan\\\/#primaryimage\",\"url\":\"https:\\\/\\\/iraurgiberritzen.eus\\\/wp-content\\\/uploads\\\/2023\\\/09\\\/fbb4b6a86e716d470f9aaf0dffc43cd5.jpg\",\"contentUrl\":\"https:\\\/\\\/iraurgiberritzen.eus\\\/wp-content\\\/uploads\\\/2023\\\/09\\\/fbb4b6a86e716d470f9aaf0dffc43cd5.jpg\",\"width\":600,\"height\":386},{\"@type\":\"BreadcrumbList\",\"@id\":\"https:\\\/\\\/iraurgiberritzen.eus\\\/es\\\/compartiendo-y-desplegando-la-estrategia-dos-empresas-mas-desarrollan-el-proceso-estrategia-akzioan\\\/#breadcrumb\",\"itemListElement\":[{\"@type\":\"ListItem\",\"position\":1,\"name\":\"Home\",\"item\":\"https:\\\/\\\/iraurgiberritzen.eus\\\/es\\\/\"},{\"@type\":\"ListItem\",\"position\":2,\"name\":\"&#8220;Compartiendo y desplegando la estrategia&#8221;. Dos empresas m\u00e1s desarrollan el proceso Estrategia Akzioan\"}]},{\"@type\":\"WebSite\",\"@id\":\"https:\\\/\\\/iraurgiberritzen.eus\\\/es\\\/#website\",\"url\":\"https:\\\/\\\/iraurgiberritzen.eus\\\/es\\\/\",\"name\":\"Iraurgi Berritzen\",\"description\":\"Urola Erdiko Garapen Agentzia\",\"publisher\":{\"@id\":\"https:\\\/\\\/iraurgiberritzen.eus\\\/es\\\/#organization\"},\"potentialAction\":[{\"@type\":\"SearchAction\",\"target\":{\"@type\":\"EntryPoint\",\"urlTemplate\":\"https:\\\/\\\/iraurgiberritzen.eus\\\/es\\\/?s={search_term_string}\"},\"query-input\":{\"@type\":\"PropertyValueSpecification\",\"valueRequired\":true,\"valueName\":\"search_term_string\"}}],\"inLanguage\":\"es\"},{\"@type\":\"Organization\",\"@id\":\"https:\\\/\\\/iraurgiberritzen.eus\\\/es\\\/#organization\",\"name\":\"Iraurgi Berritzen\",\"url\":\"https:\\\/\\\/iraurgiberritzen.eus\\\/es\\\/\",\"logo\":{\"@type\":\"ImageObject\",\"inLanguage\":\"es\",\"@id\":\"https:\\\/\\\/iraurgiberritzen.eus\\\/es\\\/#\\\/schema\\\/logo\\\/image\\\/\",\"url\":\"https:\\\/\\\/iraurgiberritzen.eus\\\/wp-content\\\/uploads\\\/2024\\\/02\\\/IRAURGI-BERRITZEN-logotipoa_2.png\",\"contentUrl\":\"https:\\\/\\\/iraurgiberritzen.eus\\\/wp-content\\\/uploads\\\/2024\\\/02\\\/IRAURGI-BERRITZEN-logotipoa_2.png\",\"width\":496,\"height\":190,\"caption\":\"Iraurgi Berritzen\"},\"image\":{\"@id\":\"https:\\\/\\\/iraurgiberritzen.eus\\\/es\\\/#\\\/schema\\\/logo\\\/image\\\/\"}},{\"@type\":\"Person\",\"@id\":\"https:\\\/\\\/iraurgiberritzen.eus\\\/es\\\/#\\\/schema\\\/person\\\/5ab41aaf388a9097177601ebf45738d2\",\"name\":\"kudeatzailea\",\"sameAs\":[\"https:\\\/\\\/iraurgiberritzen.eus\"]}]}<\/script>\n<!-- \/ Yoast SEO plugin. -->","yoast_head_json":{"title":"\"Compartiendo y desplegando la estrategia\". Dos empresas m\u00e1s desarrollan el proceso Estrategia Akzioan - Iraurgi Berritzen","robots":{"index":"index","follow":"follow","max-snippet":"max-snippet:-1","max-image-preview":"max-image-preview:large","max-video-preview":"max-video-preview:-1"},"canonical":"https:\/\/iraurgiberritzen.eus\/es\/compartiendo-y-desplegando-la-estrategia-dos-empresas-mas-desarrollan-el-proceso-estrategia-akzioan\/","og_locale":"es_ES","og_type":"article","og_title":"\"Compartiendo y desplegando la estrategia\". Dos empresas m\u00e1s desarrollan el proceso Estrategia Akzioan - Iraurgi Berritzen","og_description":"Tras la actuaci\u00f3n realizada en el 2014 en la que seis organizaciones de la comarca, incluida Irarurgi Berritzen, participaron en el proyecto \u00abEstrategia en Acci\u00f3n\u00bb, en el presente a\u00f1o dos empresas m\u00e1s se han incorporado. En este caso se trata de Kimu Bat y Alberdi Mekanizatuak. El objetivo del proyecto es reflexionar sobre la estrategia [&hellip;]","og_url":"https:\/\/iraurgiberritzen.eus\/es\/compartiendo-y-desplegando-la-estrategia-dos-empresas-mas-desarrollan-el-proceso-estrategia-akzioan\/","og_site_name":"Iraurgi Berritzen","article_published_time":"2015-05-19T05:22:00+00:00","author":"kudeatzailea","twitter_card":"summary_large_image","twitter_misc":{"Escrito por":"kudeatzailea","Tiempo de lectura":"1 minuto"},"schema":{"@context":"https:\/\/schema.org","@graph":[{"@type":"Article","@id":"https:\/\/iraurgiberritzen.eus\/es\/compartiendo-y-desplegando-la-estrategia-dos-empresas-mas-desarrollan-el-proceso-estrategia-akzioan\/#article","isPartOf":{"@id":"https:\/\/iraurgiberritzen.eus\/es\/compartiendo-y-desplegando-la-estrategia-dos-empresas-mas-desarrollan-el-proceso-estrategia-akzioan\/"},"author":{"name":"kudeatzailea","@id":"https:\/\/iraurgiberritzen.eus\/es\/#\/schema\/person\/5ab41aaf388a9097177601ebf45738d2"},"headline":"\u00abCompartiendo y desplegando la estrategia\u00bb. Dos empresas m\u00e1s desarrollan el proceso Estrategia Akzioan","datePublished":"2015-05-19T05:22:00+00:00","mainEntityOfPage":{"@id":"https:\/\/iraurgiberritzen.eus\/es\/compartiendo-y-desplegando-la-estrategia-dos-empresas-mas-desarrollan-el-proceso-estrategia-akzioan\/"},"wordCount":199,"publisher":{"@id":"https:\/\/iraurgiberritzen.eus\/es\/#organization"},"image":{"@id":"https:\/\/iraurgiberritzen.eus\/es\/compartiendo-y-desplegando-la-estrategia-dos-empresas-mas-desarrollan-el-proceso-estrategia-akzioan\/#primaryimage"},"thumbnailUrl":"https:\/\/iraurgiberritzen.eus\/wp-content\/uploads\/2023\/09\/fbb4b6a86e716d470f9aaf0dffc43cd5.jpg","articleSection":["Noticias"],"inLanguage":"es"},{"@type":"WebPage","@id":"https:\/\/iraurgiberritzen.eus\/es\/compartiendo-y-desplegando-la-estrategia-dos-empresas-mas-desarrollan-el-proceso-estrategia-akzioan\/","url":"https:\/\/iraurgiberritzen.eus\/es\/compartiendo-y-desplegando-la-estrategia-dos-empresas-mas-desarrollan-el-proceso-estrategia-akzioan\/","name":"\"Compartiendo y desplegando la estrategia\". Dos empresas m\u00e1s desarrollan el proceso Estrategia Akzioan - Iraurgi Berritzen","isPartOf":{"@id":"https:\/\/iraurgiberritzen.eus\/es\/#website"},"primaryImageOfPage":{"@id":"https:\/\/iraurgiberritzen.eus\/es\/compartiendo-y-desplegando-la-estrategia-dos-empresas-mas-desarrollan-el-proceso-estrategia-akzioan\/#primaryimage"},"image":{"@id":"https:\/\/iraurgiberritzen.eus\/es\/compartiendo-y-desplegando-la-estrategia-dos-empresas-mas-desarrollan-el-proceso-estrategia-akzioan\/#primaryimage"},"thumbnailUrl":"https:\/\/iraurgiberritzen.eus\/wp-content\/uploads\/2023\/09\/fbb4b6a86e716d470f9aaf0dffc43cd5.jpg","datePublished":"2015-05-19T05:22:00+00:00","breadcrumb":{"@id":"https:\/\/iraurgiberritzen.eus\/es\/compartiendo-y-desplegando-la-estrategia-dos-empresas-mas-desarrollan-el-proceso-estrategia-akzioan\/#breadcrumb"},"inLanguage":"es","potentialAction":[{"@type":"ReadAction","target":["https:\/\/iraurgiberritzen.eus\/es\/compartiendo-y-desplegando-la-estrategia-dos-empresas-mas-desarrollan-el-proceso-estrategia-akzioan\/"]}]},{"@type":"ImageObject","inLanguage":"es","@id":"https:\/\/iraurgiberritzen.eus\/es\/compartiendo-y-desplegando-la-estrategia-dos-empresas-mas-desarrollan-el-proceso-estrategia-akzioan\/#primaryimage","url":"https:\/\/iraurgiberritzen.eus\/wp-content\/uploads\/2023\/09\/fbb4b6a86e716d470f9aaf0dffc43cd5.jpg","contentUrl":"https:\/\/iraurgiberritzen.eus\/wp-content\/uploads\/2023\/09\/fbb4b6a86e716d470f9aaf0dffc43cd5.jpg","width":600,"height":386},{"@type":"BreadcrumbList","@id":"https:\/\/iraurgiberritzen.eus\/es\/compartiendo-y-desplegando-la-estrategia-dos-empresas-mas-desarrollan-el-proceso-estrategia-akzioan\/#breadcrumb","itemListElement":[{"@type":"ListItem","position":1,"name":"Home","item":"https:\/\/iraurgiberritzen.eus\/es\/"},{"@type":"ListItem","position":2,"name":"&#8220;Compartiendo y desplegando la estrategia&#8221;. Dos empresas m\u00e1s desarrollan el proceso Estrategia Akzioan"}]},{"@type":"WebSite","@id":"https:\/\/iraurgiberritzen.eus\/es\/#website","url":"https:\/\/iraurgiberritzen.eus\/es\/","name":"Iraurgi Berritzen","description":"Urola Erdiko Garapen Agentzia","publisher":{"@id":"https:\/\/iraurgiberritzen.eus\/es\/#organization"},"potentialAction":[{"@type":"SearchAction","target":{"@type":"EntryPoint","urlTemplate":"https:\/\/iraurgiberritzen.eus\/es\/?s={search_term_string}"},"query-input":{"@type":"PropertyValueSpecification","valueRequired":true,"valueName":"search_term_string"}}],"inLanguage":"es"},{"@type":"Organization","@id":"https:\/\/iraurgiberritzen.eus\/es\/#organization","name":"Iraurgi Berritzen","url":"https:\/\/iraurgiberritzen.eus\/es\/","logo":{"@type":"ImageObject","inLanguage":"es","@id":"https:\/\/iraurgiberritzen.eus\/es\/#\/schema\/logo\/image\/","url":"https:\/\/iraurgiberritzen.eus\/wp-content\/uploads\/2024\/02\/IRAURGI-BERRITZEN-logotipoa_2.png","contentUrl":"https:\/\/iraurgiberritzen.eus\/wp-content\/uploads\/2024\/02\/IRAURGI-BERRITZEN-logotipoa_2.png","width":496,"height":190,"caption":"Iraurgi Berritzen"},"image":{"@id":"https:\/\/iraurgiberritzen.eus\/es\/#\/schema\/logo\/image\/"}},{"@type":"Person","@id":"https:\/\/iraurgiberritzen.eus\/es\/#\/schema\/person\/5ab41aaf388a9097177601ebf45738d2","name":"kudeatzailea","sameAs":["https:\/\/iraurgiberritzen.eus"]}]}},"_links":{"self":[{"href":"https:\/\/iraurgiberritzen.eus\/es\/wp-json\/wp\/v2\/posts\/11847","targetHints":{"allow":["GET"]}}],"collection":[{"href":"https:\/\/iraurgiberritzen.eus\/es\/wp-json\/wp\/v2\/posts"}],"about":[{"href":"https:\/\/iraurgiberritzen.eus\/es\/wp-json\/wp\/v2\/types\/post"}],"author":[{"embeddable":true,"href":"https:\/\/iraurgiberritzen.eus\/es\/wp-json\/wp\/v2\/users\/1"}],"replies":[{"embeddable":true,"href":"https:\/\/iraurgiberritzen.eus\/es\/wp-json\/wp\/v2\/comments?post=11847"}],"version-history":[{"count":0,"href":"https:\/\/iraurgiberritzen.eus\/es\/wp-json\/wp\/v2\/posts\/11847\/revisions"}],"wp:featuredmedia":[{"embeddable":true,"href":"https:\/\/iraurgiberritzen.eus\/es\/wp-json\/wp\/v2\/media\/18033"}],"wp:attachment":[{"href":"https:\/\/iraurgiberritzen.eus\/es\/wp-json\/wp\/v2\/media?parent=11847"}],"wp:term":[{"taxonomy":"category","embeddable":true,"href":"https:\/\/iraurgiberritzen.eus\/es\/wp-json\/wp\/v2\/categories?post=11847"},{"taxonomy":"post_tag","embeddable":true,"href":"https:\/\/iraurgiberritzen.eus\/es\/wp-json\/wp\/v2\/tags?post=11847"}],"curies":[{"name":"wp","href":"https:\/\/api.w.org\/{rel}","templated":true}]}}