{"id":11862,"date":"2015-06-17T08:01:07","date_gmt":"2015-06-17T06:01:07","guid":{"rendered":"https:\/\/iraurgiberritzen.eus\/el-proximo-jueves-18-de-junio-se-celebrara-la-clausura-del-proyecto-elkarrekin-eraikitzen-2014-15\/"},"modified":"2015-06-17T08:01:07","modified_gmt":"2015-06-17T06:01:07","slug":"el-proximo-jueves-18-de-junio-se-celebrara-la-clausura-del-proyecto-elkarrekin-eraikitzen-2014-15","status":"publish","type":"post","link":"https:\/\/iraurgiberritzen.eus\/es\/el-proximo-jueves-18-de-junio-se-celebrara-la-clausura-del-proyecto-elkarrekin-eraikitzen-2014-15\/","title":{"rendered":"El pr\u00f3ximo jueves 18 de junio se celebrar\u00e1 la clausura del Proyecto Elkarrekin Eraikitzen 2014-15"},"content":{"rendered":"<p style=\"text-align: justify;\">El pr\u00f3ximo jueves 18 de junio se celebrar\u00e1 por segundo a\u00f1o consecutivo la jornada de clausura del proyecto Elkarrekin Eraikitzen 2014-15, en el 5\u00ba piso del Ayuntamiento de Azpeitia. La sesi\u00f3n ser\u00e1 de 11:00 a 13:00 y empezar\u00e1 con la presentaci\u00f3n de los datos de evaluaci\u00f3n y participaci\u00f3n de esta edici\u00f3n.<\/p>\n<p style=\"text-align: justify;\">Despu\u00e9s, los alumnos de los centros educativos participantes del proyecto presentar\u00e1n las experiencias vividas durante el proyecto y las reflexiones realizadas. El acto acabar\u00e1 con un coloquio en el que participaran diferentes agentes: representantes de los ayuntamientos, empresas, centros educativos y un t\u00e9cnico de Iraurgi Berritzen.<\/p>\n<p style=\"text-align: justify;\">En la edici\u00f3n de este a\u00f1o han participado como el a\u00f1o pasado 5 centros de ense\u00f1anza (\u00abFloreaga Salestar Ikastetxea\u00bb, \u00abIraurgi Ikastetxea\u00bb, \u00abIkasberri Azpeitiko Ikastola\u00bb, \u00abXabier Munibe Azkoitiko Ikastola\u00bb y \u00abUrola Ikastola\u00bb). Los coordinadores de este proyecto han sido Iraurgi Berritzen \u2013Agencia de desarrollo e innovaci\u00f3n de Urola Erdia- y la empresa de consultor\u00eda Ie Team. Esta edici\u00f3n, desarrollada en colaboraci\u00f3n por 7 agentes, comenz\u00f3 su andadura el oto\u00f1o del 2014 y acabar\u00e1 con la jornada del d\u00eda 18. El pr\u00f3ximo curso se dar\u00e1 continuidad al proyecto con una nueva edici\u00f3n.<\/p>\n<p style=\"text-align: justify;\">En el proyecto Elkarrekin Eraikitzen el alumno se convierte en protagonista tanto del proyecto como del proceso de aprendizaje que lleva consigo. Adem\u00e1s, son tres los objetivos principales del proyecto. Por un lado pretende impulsar los valores y capacidades esenciales del emprendimiento, como son la iniciativa o la habilidad de comunicaci\u00f3n. En segundo lugar, para poder lograr este primer objetivo, el proyecto ofrece a los profesores la oportunidad de experimentar con metodolog\u00edas innovadoras. El tercer y \u00faltimo objetivo del proyecto es que los alumnos conozcan la situaci\u00f3n socioecon\u00f3mica de la comarca y tengan la m\u00e1xima informaci\u00f3n sobre \u00e9sta, para que en un futuro puedan tomar las decisiones m\u00e1s oportunas antes de entrar en el mercado laboral.<\/p>\n<p style=\"text-align: justify;\">Este a\u00f1o al igual que el a\u00f1o anterior, el proyecto se ha estructurado en dos fases. Primero, los profesores de los centros de ense\u00f1anza de la comarca han experimentado las metodolog\u00edas innovadoras que han aplicado despu\u00e9s a los alumnos y para terminar cada centro de ense\u00f1anza ha planificado un proyecto en base a sus necesidades e intereses. En la segunda fase en cambio, siguiendo el proceso de planificaci\u00f3n de sus profesores, los alumnos se han reunido en grupos peque\u00f1os y han reflexionado sobre los 8 casos reales propuestos por Iraurgi Berritzen presentando un trabajo como resultado final.<\/p>\n<p style=\"text-align: justify;\">Los participantes del proyecto, y en especial los alumnos y profesores, han realizado tambi\u00e9n una valoraci\u00f3n positiva de esta edici\u00f3n y los datos de participaci\u00f3n corroboran este hecho. Durante el proyecto han participado 15 profesores y cerca de 250 alumnos. Adem\u00e1s, han participado con buena voluntad m\u00e1s de 40 agentes en las entrevistas y an\u00e1lisis realizados por los alumnos a lo largo de este proceso. Entre otros, los alumnos han tenido la oportunidad de hablar con los representantes de las siguientes instituciones: varias empresas, ayuntamientos de Azpeitia y Azkoitia, Urkome, la Asociaci\u00f3n de comerciantes, Iraurgi Berritzen, centros de salud y responsables de varias explotaciones del primer sector.<\/p>\n<p>Blog del proyecto: <a href=\"https:\/\/elkarrekineraikitzen.wordpress.com\/\" target=\"_blank\" rel=\"noopener\">www.elkarrekineraikitzen.wordpress.com<\/a><br \/>M\u00e1s informaci\u00f3n: Jon Zubizarreta (<a href=\"mailto:jzubizarreta@iraurgiberritzen.net\" target=\"_blank\" rel=\"noopener\">jzubizarreta@iraurgiberritzen.net<\/a>)<br \/>Iosu Sorazu (<a href=\"mailto:isorazu@iraurgiberritzen.net\" target=\"_blank\" rel=\"noopener\">isorazu@iraurgiberritzen.net<\/a>)<\/p>\n","protected":false},"excerpt":{"rendered":"<p>El pr\u00f3ximo jueves 18 de junio se celebrar\u00e1 por segundo a\u00f1o consecutivo la jornada de clausura del proyecto Elkarrekin Eraikitzen 2014-15, en el 5\u00ba piso del Ayuntamiento de Azpeitia. La sesi\u00f3n ser\u00e1 de 11:00 a 13:00 y empezar\u00e1 con la presentaci\u00f3n de los datos de evaluaci\u00f3n y participaci\u00f3n de esta edici\u00f3n. Despu\u00e9s, los alumnos de [&hellip;]<\/p>\n","protected":false},"author":1,"featured_media":18038,"comment_status":"closed","ping_status":"closed","sticky":false,"template":"","format":"standard","meta":{"_acf_changed":false,"footnotes":""},"categories":[4],"tags":[],"class_list":["post-11862","post","type-post","status-publish","format-standard","has-post-thumbnail","hentry","category-noticias"],"acf":[],"yoast_head":"<!-- This site is optimized with the Yoast SEO plugin v27.4 - https:\/\/yoast.com\/product\/yoast-seo-wordpress\/ -->\n<title>El pr\u00f3ximo jueves 18 de junio se celebrar\u00e1 la clausura del Proyecto Elkarrekin Eraikitzen 2014-15 - Iraurgi Berritzen<\/title>\n<meta name=\"robots\" content=\"index, follow, max-snippet:-1, max-image-preview:large, max-video-preview:-1\" \/>\n<link rel=\"canonical\" href=\"https:\/\/iraurgiberritzen.eus\/es\/el-proximo-jueves-18-de-junio-se-celebrara-la-clausura-del-proyecto-elkarrekin-eraikitzen-2014-15\/\" \/>\n<meta property=\"og:locale\" content=\"es_ES\" \/>\n<meta property=\"og:type\" content=\"article\" \/>\n<meta property=\"og:title\" content=\"El pr\u00f3ximo jueves 18 de junio se celebrar\u00e1 la clausura del Proyecto Elkarrekin Eraikitzen 2014-15 - Iraurgi Berritzen\" \/>\n<meta property=\"og:description\" content=\"El pr\u00f3ximo jueves 18 de junio se celebrar\u00e1 por segundo a\u00f1o consecutivo la jornada de clausura del proyecto Elkarrekin Eraikitzen 2014-15, en el 5\u00ba piso del Ayuntamiento de Azpeitia. La sesi\u00f3n ser\u00e1 de 11:00 a 13:00 y empezar\u00e1 con la presentaci\u00f3n de los datos de evaluaci\u00f3n y participaci\u00f3n de esta edici\u00f3n. Despu\u00e9s, los alumnos de [&hellip;]\" \/>\n<meta property=\"og:url\" content=\"https:\/\/iraurgiberritzen.eus\/es\/el-proximo-jueves-18-de-junio-se-celebrara-la-clausura-del-proyecto-elkarrekin-eraikitzen-2014-15\/\" \/>\n<meta property=\"og:site_name\" content=\"Iraurgi Berritzen\" \/>\n<meta property=\"article:published_time\" content=\"2015-06-17T06:01:07+00:00\" \/>\n<meta name=\"author\" content=\"kudeatzailea\" \/>\n<meta name=\"twitter:card\" content=\"summary_large_image\" \/>\n<meta name=\"twitter:label1\" content=\"Escrito por\" \/>\n\t<meta name=\"twitter:data1\" content=\"kudeatzailea\" \/>\n\t<meta name=\"twitter:label2\" content=\"Tiempo de lectura\" \/>\n\t<meta name=\"twitter:data2\" content=\"3 minutos\" \/>\n<script type=\"application\/ld+json\" class=\"yoast-schema-graph\">{\"@context\":\"https:\\\/\\\/schema.org\",\"@graph\":[{\"@type\":\"Article\",\"@id\":\"https:\\\/\\\/iraurgiberritzen.eus\\\/es\\\/el-proximo-jueves-18-de-junio-se-celebrara-la-clausura-del-proyecto-elkarrekin-eraikitzen-2014-15\\\/#article\",\"isPartOf\":{\"@id\":\"https:\\\/\\\/iraurgiberritzen.eus\\\/es\\\/el-proximo-jueves-18-de-junio-se-celebrara-la-clausura-del-proyecto-elkarrekin-eraikitzen-2014-15\\\/\"},\"author\":{\"name\":\"kudeatzailea\",\"@id\":\"https:\\\/\\\/iraurgiberritzen.eus\\\/es\\\/#\\\/schema\\\/person\\\/5ab41aaf388a9097177601ebf45738d2\"},\"headline\":\"El pr\u00f3ximo jueves 18 de junio se celebrar\u00e1 la clausura del Proyecto Elkarrekin Eraikitzen 2014-15\",\"datePublished\":\"2015-06-17T06:01:07+00:00\",\"mainEntityOfPage\":{\"@id\":\"https:\\\/\\\/iraurgiberritzen.eus\\\/es\\\/el-proximo-jueves-18-de-junio-se-celebrara-la-clausura-del-proyecto-elkarrekin-eraikitzen-2014-15\\\/\"},\"wordCount\":577,\"publisher\":{\"@id\":\"https:\\\/\\\/iraurgiberritzen.eus\\\/es\\\/#organization\"},\"image\":{\"@id\":\"https:\\\/\\\/iraurgiberritzen.eus\\\/es\\\/el-proximo-jueves-18-de-junio-se-celebrara-la-clausura-del-proyecto-elkarrekin-eraikitzen-2014-15\\\/#primaryimage\"},\"thumbnailUrl\":\"https:\\\/\\\/iraurgiberritzen.eus\\\/wp-content\\\/uploads\\\/2023\\\/09\\\/5f9ec0b2e765a617089a13fe6f9b5c6d.jpg\",\"articleSection\":[\"Noticias\"],\"inLanguage\":\"es\"},{\"@type\":\"WebPage\",\"@id\":\"https:\\\/\\\/iraurgiberritzen.eus\\\/es\\\/el-proximo-jueves-18-de-junio-se-celebrara-la-clausura-del-proyecto-elkarrekin-eraikitzen-2014-15\\\/\",\"url\":\"https:\\\/\\\/iraurgiberritzen.eus\\\/es\\\/el-proximo-jueves-18-de-junio-se-celebrara-la-clausura-del-proyecto-elkarrekin-eraikitzen-2014-15\\\/\",\"name\":\"El pr\u00f3ximo jueves 18 de junio se celebrar\u00e1 la clausura del Proyecto Elkarrekin Eraikitzen 2014-15 - Iraurgi Berritzen\",\"isPartOf\":{\"@id\":\"https:\\\/\\\/iraurgiberritzen.eus\\\/es\\\/#website\"},\"primaryImageOfPage\":{\"@id\":\"https:\\\/\\\/iraurgiberritzen.eus\\\/es\\\/el-proximo-jueves-18-de-junio-se-celebrara-la-clausura-del-proyecto-elkarrekin-eraikitzen-2014-15\\\/#primaryimage\"},\"image\":{\"@id\":\"https:\\\/\\\/iraurgiberritzen.eus\\\/es\\\/el-proximo-jueves-18-de-junio-se-celebrara-la-clausura-del-proyecto-elkarrekin-eraikitzen-2014-15\\\/#primaryimage\"},\"thumbnailUrl\":\"https:\\\/\\\/iraurgiberritzen.eus\\\/wp-content\\\/uploads\\\/2023\\\/09\\\/5f9ec0b2e765a617089a13fe6f9b5c6d.jpg\",\"datePublished\":\"2015-06-17T06:01:07+00:00\",\"breadcrumb\":{\"@id\":\"https:\\\/\\\/iraurgiberritzen.eus\\\/es\\\/el-proximo-jueves-18-de-junio-se-celebrara-la-clausura-del-proyecto-elkarrekin-eraikitzen-2014-15\\\/#breadcrumb\"},\"inLanguage\":\"es\",\"potentialAction\":[{\"@type\":\"ReadAction\",\"target\":[\"https:\\\/\\\/iraurgiberritzen.eus\\\/es\\\/el-proximo-jueves-18-de-junio-se-celebrara-la-clausura-del-proyecto-elkarrekin-eraikitzen-2014-15\\\/\"]}]},{\"@type\":\"ImageObject\",\"inLanguage\":\"es\",\"@id\":\"https:\\\/\\\/iraurgiberritzen.eus\\\/es\\\/el-proximo-jueves-18-de-junio-se-celebrara-la-clausura-del-proyecto-elkarrekin-eraikitzen-2014-15\\\/#primaryimage\",\"url\":\"https:\\\/\\\/iraurgiberritzen.eus\\\/wp-content\\\/uploads\\\/2023\\\/09\\\/5f9ec0b2e765a617089a13fe6f9b5c6d.jpg\",\"contentUrl\":\"https:\\\/\\\/iraurgiberritzen.eus\\\/wp-content\\\/uploads\\\/2023\\\/09\\\/5f9ec0b2e765a617089a13fe6f9b5c6d.jpg\",\"width\":600,\"height\":386},{\"@type\":\"BreadcrumbList\",\"@id\":\"https:\\\/\\\/iraurgiberritzen.eus\\\/es\\\/el-proximo-jueves-18-de-junio-se-celebrara-la-clausura-del-proyecto-elkarrekin-eraikitzen-2014-15\\\/#breadcrumb\",\"itemListElement\":[{\"@type\":\"ListItem\",\"position\":1,\"name\":\"Home\",\"item\":\"https:\\\/\\\/iraurgiberritzen.eus\\\/es\\\/\"},{\"@type\":\"ListItem\",\"position\":2,\"name\":\"El pr\u00f3ximo jueves 18 de junio se celebrar\u00e1 la clausura del Proyecto Elkarrekin Eraikitzen 2014-15\"}]},{\"@type\":\"WebSite\",\"@id\":\"https:\\\/\\\/iraurgiberritzen.eus\\\/es\\\/#website\",\"url\":\"https:\\\/\\\/iraurgiberritzen.eus\\\/es\\\/\",\"name\":\"Iraurgi Berritzen\",\"description\":\"Urola Erdiko Garapen Agentzia\",\"publisher\":{\"@id\":\"https:\\\/\\\/iraurgiberritzen.eus\\\/es\\\/#organization\"},\"potentialAction\":[{\"@type\":\"SearchAction\",\"target\":{\"@type\":\"EntryPoint\",\"urlTemplate\":\"https:\\\/\\\/iraurgiberritzen.eus\\\/es\\\/?s={search_term_string}\"},\"query-input\":{\"@type\":\"PropertyValueSpecification\",\"valueRequired\":true,\"valueName\":\"search_term_string\"}}],\"inLanguage\":\"es\"},{\"@type\":\"Organization\",\"@id\":\"https:\\\/\\\/iraurgiberritzen.eus\\\/es\\\/#organization\",\"name\":\"Iraurgi Berritzen\",\"url\":\"https:\\\/\\\/iraurgiberritzen.eus\\\/es\\\/\",\"logo\":{\"@type\":\"ImageObject\",\"inLanguage\":\"es\",\"@id\":\"https:\\\/\\\/iraurgiberritzen.eus\\\/es\\\/#\\\/schema\\\/logo\\\/image\\\/\",\"url\":\"https:\\\/\\\/iraurgiberritzen.eus\\\/wp-content\\\/uploads\\\/2024\\\/02\\\/IRAURGI-BERRITZEN-logotipoa_2.png\",\"contentUrl\":\"https:\\\/\\\/iraurgiberritzen.eus\\\/wp-content\\\/uploads\\\/2024\\\/02\\\/IRAURGI-BERRITZEN-logotipoa_2.png\",\"width\":496,\"height\":190,\"caption\":\"Iraurgi Berritzen\"},\"image\":{\"@id\":\"https:\\\/\\\/iraurgiberritzen.eus\\\/es\\\/#\\\/schema\\\/logo\\\/image\\\/\"}},{\"@type\":\"Person\",\"@id\":\"https:\\\/\\\/iraurgiberritzen.eus\\\/es\\\/#\\\/schema\\\/person\\\/5ab41aaf388a9097177601ebf45738d2\",\"name\":\"kudeatzailea\",\"sameAs\":[\"https:\\\/\\\/iraurgiberritzen.eus\"]}]}<\/script>\n<!-- \/ Yoast SEO plugin. -->","yoast_head_json":{"title":"El pr\u00f3ximo jueves 18 de junio se celebrar\u00e1 la clausura del Proyecto Elkarrekin Eraikitzen 2014-15 - Iraurgi Berritzen","robots":{"index":"index","follow":"follow","max-snippet":"max-snippet:-1","max-image-preview":"max-image-preview:large","max-video-preview":"max-video-preview:-1"},"canonical":"https:\/\/iraurgiberritzen.eus\/es\/el-proximo-jueves-18-de-junio-se-celebrara-la-clausura-del-proyecto-elkarrekin-eraikitzen-2014-15\/","og_locale":"es_ES","og_type":"article","og_title":"El pr\u00f3ximo jueves 18 de junio se celebrar\u00e1 la clausura del Proyecto Elkarrekin Eraikitzen 2014-15 - Iraurgi Berritzen","og_description":"El pr\u00f3ximo jueves 18 de junio se celebrar\u00e1 por segundo a\u00f1o consecutivo la jornada de clausura del proyecto Elkarrekin Eraikitzen 2014-15, en el 5\u00ba piso del Ayuntamiento de Azpeitia. La sesi\u00f3n ser\u00e1 de 11:00 a 13:00 y empezar\u00e1 con la presentaci\u00f3n de los datos de evaluaci\u00f3n y participaci\u00f3n de esta edici\u00f3n. Despu\u00e9s, los alumnos de [&hellip;]","og_url":"https:\/\/iraurgiberritzen.eus\/es\/el-proximo-jueves-18-de-junio-se-celebrara-la-clausura-del-proyecto-elkarrekin-eraikitzen-2014-15\/","og_site_name":"Iraurgi Berritzen","article_published_time":"2015-06-17T06:01:07+00:00","author":"kudeatzailea","twitter_card":"summary_large_image","twitter_misc":{"Escrito por":"kudeatzailea","Tiempo de lectura":"3 minutos"},"schema":{"@context":"https:\/\/schema.org","@graph":[{"@type":"Article","@id":"https:\/\/iraurgiberritzen.eus\/es\/el-proximo-jueves-18-de-junio-se-celebrara-la-clausura-del-proyecto-elkarrekin-eraikitzen-2014-15\/#article","isPartOf":{"@id":"https:\/\/iraurgiberritzen.eus\/es\/el-proximo-jueves-18-de-junio-se-celebrara-la-clausura-del-proyecto-elkarrekin-eraikitzen-2014-15\/"},"author":{"name":"kudeatzailea","@id":"https:\/\/iraurgiberritzen.eus\/es\/#\/schema\/person\/5ab41aaf388a9097177601ebf45738d2"},"headline":"El pr\u00f3ximo jueves 18 de junio se celebrar\u00e1 la clausura del Proyecto Elkarrekin Eraikitzen 2014-15","datePublished":"2015-06-17T06:01:07+00:00","mainEntityOfPage":{"@id":"https:\/\/iraurgiberritzen.eus\/es\/el-proximo-jueves-18-de-junio-se-celebrara-la-clausura-del-proyecto-elkarrekin-eraikitzen-2014-15\/"},"wordCount":577,"publisher":{"@id":"https:\/\/iraurgiberritzen.eus\/es\/#organization"},"image":{"@id":"https:\/\/iraurgiberritzen.eus\/es\/el-proximo-jueves-18-de-junio-se-celebrara-la-clausura-del-proyecto-elkarrekin-eraikitzen-2014-15\/#primaryimage"},"thumbnailUrl":"https:\/\/iraurgiberritzen.eus\/wp-content\/uploads\/2023\/09\/5f9ec0b2e765a617089a13fe6f9b5c6d.jpg","articleSection":["Noticias"],"inLanguage":"es"},{"@type":"WebPage","@id":"https:\/\/iraurgiberritzen.eus\/es\/el-proximo-jueves-18-de-junio-se-celebrara-la-clausura-del-proyecto-elkarrekin-eraikitzen-2014-15\/","url":"https:\/\/iraurgiberritzen.eus\/es\/el-proximo-jueves-18-de-junio-se-celebrara-la-clausura-del-proyecto-elkarrekin-eraikitzen-2014-15\/","name":"El pr\u00f3ximo jueves 18 de junio se celebrar\u00e1 la clausura del Proyecto Elkarrekin Eraikitzen 2014-15 - Iraurgi Berritzen","isPartOf":{"@id":"https:\/\/iraurgiberritzen.eus\/es\/#website"},"primaryImageOfPage":{"@id":"https:\/\/iraurgiberritzen.eus\/es\/el-proximo-jueves-18-de-junio-se-celebrara-la-clausura-del-proyecto-elkarrekin-eraikitzen-2014-15\/#primaryimage"},"image":{"@id":"https:\/\/iraurgiberritzen.eus\/es\/el-proximo-jueves-18-de-junio-se-celebrara-la-clausura-del-proyecto-elkarrekin-eraikitzen-2014-15\/#primaryimage"},"thumbnailUrl":"https:\/\/iraurgiberritzen.eus\/wp-content\/uploads\/2023\/09\/5f9ec0b2e765a617089a13fe6f9b5c6d.jpg","datePublished":"2015-06-17T06:01:07+00:00","breadcrumb":{"@id":"https:\/\/iraurgiberritzen.eus\/es\/el-proximo-jueves-18-de-junio-se-celebrara-la-clausura-del-proyecto-elkarrekin-eraikitzen-2014-15\/#breadcrumb"},"inLanguage":"es","potentialAction":[{"@type":"ReadAction","target":["https:\/\/iraurgiberritzen.eus\/es\/el-proximo-jueves-18-de-junio-se-celebrara-la-clausura-del-proyecto-elkarrekin-eraikitzen-2014-15\/"]}]},{"@type":"ImageObject","inLanguage":"es","@id":"https:\/\/iraurgiberritzen.eus\/es\/el-proximo-jueves-18-de-junio-se-celebrara-la-clausura-del-proyecto-elkarrekin-eraikitzen-2014-15\/#primaryimage","url":"https:\/\/iraurgiberritzen.eus\/wp-content\/uploads\/2023\/09\/5f9ec0b2e765a617089a13fe6f9b5c6d.jpg","contentUrl":"https:\/\/iraurgiberritzen.eus\/wp-content\/uploads\/2023\/09\/5f9ec0b2e765a617089a13fe6f9b5c6d.jpg","width":600,"height":386},{"@type":"BreadcrumbList","@id":"https:\/\/iraurgiberritzen.eus\/es\/el-proximo-jueves-18-de-junio-se-celebrara-la-clausura-del-proyecto-elkarrekin-eraikitzen-2014-15\/#breadcrumb","itemListElement":[{"@type":"ListItem","position":1,"name":"Home","item":"https:\/\/iraurgiberritzen.eus\/es\/"},{"@type":"ListItem","position":2,"name":"El pr\u00f3ximo jueves 18 de junio se celebrar\u00e1 la clausura del Proyecto Elkarrekin Eraikitzen 2014-15"}]},{"@type":"WebSite","@id":"https:\/\/iraurgiberritzen.eus\/es\/#website","url":"https:\/\/iraurgiberritzen.eus\/es\/","name":"Iraurgi Berritzen","description":"Urola Erdiko Garapen Agentzia","publisher":{"@id":"https:\/\/iraurgiberritzen.eus\/es\/#organization"},"potentialAction":[{"@type":"SearchAction","target":{"@type":"EntryPoint","urlTemplate":"https:\/\/iraurgiberritzen.eus\/es\/?s={search_term_string}"},"query-input":{"@type":"PropertyValueSpecification","valueRequired":true,"valueName":"search_term_string"}}],"inLanguage":"es"},{"@type":"Organization","@id":"https:\/\/iraurgiberritzen.eus\/es\/#organization","name":"Iraurgi Berritzen","url":"https:\/\/iraurgiberritzen.eus\/es\/","logo":{"@type":"ImageObject","inLanguage":"es","@id":"https:\/\/iraurgiberritzen.eus\/es\/#\/schema\/logo\/image\/","url":"https:\/\/iraurgiberritzen.eus\/wp-content\/uploads\/2024\/02\/IRAURGI-BERRITZEN-logotipoa_2.png","contentUrl":"https:\/\/iraurgiberritzen.eus\/wp-content\/uploads\/2024\/02\/IRAURGI-BERRITZEN-logotipoa_2.png","width":496,"height":190,"caption":"Iraurgi Berritzen"},"image":{"@id":"https:\/\/iraurgiberritzen.eus\/es\/#\/schema\/logo\/image\/"}},{"@type":"Person","@id":"https:\/\/iraurgiberritzen.eus\/es\/#\/schema\/person\/5ab41aaf388a9097177601ebf45738d2","name":"kudeatzailea","sameAs":["https:\/\/iraurgiberritzen.eus"]}]}},"_links":{"self":[{"href":"https:\/\/iraurgiberritzen.eus\/es\/wp-json\/wp\/v2\/posts\/11862","targetHints":{"allow":["GET"]}}],"collection":[{"href":"https:\/\/iraurgiberritzen.eus\/es\/wp-json\/wp\/v2\/posts"}],"about":[{"href":"https:\/\/iraurgiberritzen.eus\/es\/wp-json\/wp\/v2\/types\/post"}],"author":[{"embeddable":true,"href":"https:\/\/iraurgiberritzen.eus\/es\/wp-json\/wp\/v2\/users\/1"}],"replies":[{"embeddable":true,"href":"https:\/\/iraurgiberritzen.eus\/es\/wp-json\/wp\/v2\/comments?post=11862"}],"version-history":[{"count":0,"href":"https:\/\/iraurgiberritzen.eus\/es\/wp-json\/wp\/v2\/posts\/11862\/revisions"}],"wp:featuredmedia":[{"embeddable":true,"href":"https:\/\/iraurgiberritzen.eus\/es\/wp-json\/wp\/v2\/media\/18038"}],"wp:attachment":[{"href":"https:\/\/iraurgiberritzen.eus\/es\/wp-json\/wp\/v2\/media?parent=11862"}],"wp:term":[{"taxonomy":"category","embeddable":true,"href":"https:\/\/iraurgiberritzen.eus\/es\/wp-json\/wp\/v2\/categories?post=11862"},{"taxonomy":"post_tag","embeddable":true,"href":"https:\/\/iraurgiberritzen.eus\/es\/wp-json\/wp\/v2\/tags?post=11862"}],"curies":[{"name":"wp","href":"https:\/\/api.w.org\/{rel}","templated":true}]}}