{"id":11870,"date":"2015-06-29T07:40:26","date_gmt":"2015-06-29T05:40:26","guid":{"rendered":"https:\/\/iraurgiberritzen.eus\/impulsando-proyectos-en-colaboracion-entre-empresa-tractoras-y-proveedoras-de-la-comarca-en-el-seno-del-proyecto-hornitu\/"},"modified":"2015-06-29T07:40:26","modified_gmt":"2015-06-29T05:40:26","slug":"impulsando-proyectos-en-colaboracion-entre-empresa-tractoras-y-proveedoras-de-la-comarca-en-el-seno-del-proyecto-hornitu","status":"publish","type":"post","link":"https:\/\/iraurgiberritzen.eus\/es\/impulsando-proyectos-en-colaboracion-entre-empresa-tractoras-y-proveedoras-de-la-comarca-en-el-seno-del-proyecto-hornitu\/","title":{"rendered":"Impulsando proyectos en colaboraci\u00f3n entre empresa tractoras y proveedoras de la comarca en el seno del PROYECTO HORNITU"},"content":{"rendered":"<p>El pasado 19 de junio reunimos en el Sindikatu Zaharra de Azpeitia a 15 representantes de grandes empresas tractoras y de peque\u00f1as empresas proveedoras, para compartir y valorar el proyecto desarrollado en colaboraci\u00f3n por las empresas en los \u00faltimos a\u00f1os en el Goierri.<\/p>\n<p>Esta iniciativa ha sido desarrollada dentro del Proyecto Ikasgoiraurki financiado por la Diputaci\u00f3n Foral de Gipuzkoa, con el objetivo de impulsar el proceso de aprendizaje entre las comarcas de Urola Erdia y Goierri.<\/p>\n<p>Iraurgi Berritzen est\u00e1 impulsando dentro del proyecto HORNITU la cooperaci\u00f3n entre empresas tractoras y peque\u00f1os proveedores con el objetivo de promover su desarrollo y competitividad.<\/p>\n","protected":false},"excerpt":{"rendered":"<p>El pasado 19 de junio reunimos en el Sindikatu Zaharra de Azpeitia a 15 representantes de grandes empresas tractoras y de peque\u00f1as empresas proveedoras, para compartir y valorar el proyecto desarrollado en colaboraci\u00f3n por las empresas en los \u00faltimos a\u00f1os en el Goierri. Esta iniciativa ha sido desarrollada dentro del Proyecto Ikasgoiraurki financiado por la [&hellip;]<\/p>\n","protected":false},"author":1,"featured_media":18040,"comment_status":"","ping_status":"closed","sticky":false,"template":"","format":"standard","meta":{"_acf_changed":false,"footnotes":""},"categories":[4],"tags":[],"class_list":["post-11870","post","type-post","status-publish","format-standard","has-post-thumbnail","hentry","category-noticias"],"acf":[],"yoast_head":"<!-- This site is optimized with the Yoast SEO plugin v27.4 - https:\/\/yoast.com\/product\/yoast-seo-wordpress\/ -->\n<title>Impulsando proyectos en colaboraci\u00f3n entre empresa tractoras y proveedoras de la comarca en el seno del PROYECTO HORNITU - Iraurgi Berritzen<\/title>\n<meta name=\"robots\" content=\"index, follow, max-snippet:-1, max-image-preview:large, max-video-preview:-1\" \/>\n<link rel=\"canonical\" href=\"https:\/\/iraurgiberritzen.eus\/es\/impulsando-proyectos-en-colaboracion-entre-empresa-tractoras-y-proveedoras-de-la-comarca-en-el-seno-del-proyecto-hornitu\/\" \/>\n<meta property=\"og:locale\" content=\"es_ES\" \/>\n<meta property=\"og:type\" content=\"article\" \/>\n<meta property=\"og:title\" content=\"Impulsando proyectos en colaboraci\u00f3n entre empresa tractoras y proveedoras de la comarca en el seno del PROYECTO HORNITU - Iraurgi Berritzen\" \/>\n<meta property=\"og:description\" content=\"El pasado 19 de junio reunimos en el Sindikatu Zaharra de Azpeitia a 15 representantes de grandes empresas tractoras y de peque\u00f1as empresas proveedoras, para compartir y valorar el proyecto desarrollado en colaboraci\u00f3n por las empresas en los \u00faltimos a\u00f1os en el Goierri. Esta iniciativa ha sido desarrollada dentro del Proyecto Ikasgoiraurki financiado por la [&hellip;]\" \/>\n<meta property=\"og:url\" content=\"https:\/\/iraurgiberritzen.eus\/es\/impulsando-proyectos-en-colaboracion-entre-empresa-tractoras-y-proveedoras-de-la-comarca-en-el-seno-del-proyecto-hornitu\/\" \/>\n<meta property=\"og:site_name\" content=\"Iraurgi Berritzen\" \/>\n<meta property=\"article:published_time\" content=\"2015-06-29T05:40:26+00:00\" \/>\n<meta name=\"author\" content=\"kudeatzailea\" \/>\n<meta name=\"twitter:card\" content=\"summary_large_image\" \/>\n<meta name=\"twitter:label1\" content=\"Escrito por\" \/>\n\t<meta name=\"twitter:data1\" content=\"kudeatzailea\" \/>\n\t<meta name=\"twitter:label2\" content=\"Tiempo de lectura\" \/>\n\t<meta name=\"twitter:data2\" content=\"1 minuto\" \/>\n<script type=\"application\/ld+json\" class=\"yoast-schema-graph\">{\"@context\":\"https:\\\/\\\/schema.org\",\"@graph\":[{\"@type\":\"Article\",\"@id\":\"https:\\\/\\\/iraurgiberritzen.eus\\\/es\\\/impulsando-proyectos-en-colaboracion-entre-empresa-tractoras-y-proveedoras-de-la-comarca-en-el-seno-del-proyecto-hornitu\\\/#article\",\"isPartOf\":{\"@id\":\"https:\\\/\\\/iraurgiberritzen.eus\\\/es\\\/impulsando-proyectos-en-colaboracion-entre-empresa-tractoras-y-proveedoras-de-la-comarca-en-el-seno-del-proyecto-hornitu\\\/\"},\"author\":{\"name\":\"kudeatzailea\",\"@id\":\"https:\\\/\\\/iraurgiberritzen.eus\\\/es\\\/#\\\/schema\\\/person\\\/5ab41aaf388a9097177601ebf45738d2\"},\"headline\":\"Impulsando proyectos en colaboraci\u00f3n entre empresa tractoras y proveedoras de la comarca en el seno del PROYECTO HORNITU\",\"datePublished\":\"2015-06-29T05:40:26+00:00\",\"mainEntityOfPage\":{\"@id\":\"https:\\\/\\\/iraurgiberritzen.eus\\\/es\\\/impulsando-proyectos-en-colaboracion-entre-empresa-tractoras-y-proveedoras-de-la-comarca-en-el-seno-del-proyecto-hornitu\\\/\"},\"wordCount\":124,\"publisher\":{\"@id\":\"https:\\\/\\\/iraurgiberritzen.eus\\\/es\\\/#organization\"},\"image\":{\"@id\":\"https:\\\/\\\/iraurgiberritzen.eus\\\/es\\\/impulsando-proyectos-en-colaboracion-entre-empresa-tractoras-y-proveedoras-de-la-comarca-en-el-seno-del-proyecto-hornitu\\\/#primaryimage\"},\"thumbnailUrl\":\"https:\\\/\\\/iraurgiberritzen.eus\\\/wp-content\\\/uploads\\\/2023\\\/09\\\/7ced67c0d648122bcae10129de981341.jpg\",\"articleSection\":[\"Noticias\"],\"inLanguage\":\"es\"},{\"@type\":\"WebPage\",\"@id\":\"https:\\\/\\\/iraurgiberritzen.eus\\\/es\\\/impulsando-proyectos-en-colaboracion-entre-empresa-tractoras-y-proveedoras-de-la-comarca-en-el-seno-del-proyecto-hornitu\\\/\",\"url\":\"https:\\\/\\\/iraurgiberritzen.eus\\\/es\\\/impulsando-proyectos-en-colaboracion-entre-empresa-tractoras-y-proveedoras-de-la-comarca-en-el-seno-del-proyecto-hornitu\\\/\",\"name\":\"Impulsando proyectos en colaboraci\u00f3n entre empresa tractoras y proveedoras de la comarca en el seno del PROYECTO HORNITU - Iraurgi Berritzen\",\"isPartOf\":{\"@id\":\"https:\\\/\\\/iraurgiberritzen.eus\\\/es\\\/#website\"},\"primaryImageOfPage\":{\"@id\":\"https:\\\/\\\/iraurgiberritzen.eus\\\/es\\\/impulsando-proyectos-en-colaboracion-entre-empresa-tractoras-y-proveedoras-de-la-comarca-en-el-seno-del-proyecto-hornitu\\\/#primaryimage\"},\"image\":{\"@id\":\"https:\\\/\\\/iraurgiberritzen.eus\\\/es\\\/impulsando-proyectos-en-colaboracion-entre-empresa-tractoras-y-proveedoras-de-la-comarca-en-el-seno-del-proyecto-hornitu\\\/#primaryimage\"},\"thumbnailUrl\":\"https:\\\/\\\/iraurgiberritzen.eus\\\/wp-content\\\/uploads\\\/2023\\\/09\\\/7ced67c0d648122bcae10129de981341.jpg\",\"datePublished\":\"2015-06-29T05:40:26+00:00\",\"breadcrumb\":{\"@id\":\"https:\\\/\\\/iraurgiberritzen.eus\\\/es\\\/impulsando-proyectos-en-colaboracion-entre-empresa-tractoras-y-proveedoras-de-la-comarca-en-el-seno-del-proyecto-hornitu\\\/#breadcrumb\"},\"inLanguage\":\"es\",\"potentialAction\":[{\"@type\":\"ReadAction\",\"target\":[\"https:\\\/\\\/iraurgiberritzen.eus\\\/es\\\/impulsando-proyectos-en-colaboracion-entre-empresa-tractoras-y-proveedoras-de-la-comarca-en-el-seno-del-proyecto-hornitu\\\/\"]}]},{\"@type\":\"ImageObject\",\"inLanguage\":\"es\",\"@id\":\"https:\\\/\\\/iraurgiberritzen.eus\\\/es\\\/impulsando-proyectos-en-colaboracion-entre-empresa-tractoras-y-proveedoras-de-la-comarca-en-el-seno-del-proyecto-hornitu\\\/#primaryimage\",\"url\":\"https:\\\/\\\/iraurgiberritzen.eus\\\/wp-content\\\/uploads\\\/2023\\\/09\\\/7ced67c0d648122bcae10129de981341.jpg\",\"contentUrl\":\"https:\\\/\\\/iraurgiberritzen.eus\\\/wp-content\\\/uploads\\\/2023\\\/09\\\/7ced67c0d648122bcae10129de981341.jpg\",\"width\":600,\"height\":386},{\"@type\":\"BreadcrumbList\",\"@id\":\"https:\\\/\\\/iraurgiberritzen.eus\\\/es\\\/impulsando-proyectos-en-colaboracion-entre-empresa-tractoras-y-proveedoras-de-la-comarca-en-el-seno-del-proyecto-hornitu\\\/#breadcrumb\",\"itemListElement\":[{\"@type\":\"ListItem\",\"position\":1,\"name\":\"Home\",\"item\":\"https:\\\/\\\/iraurgiberritzen.eus\\\/es\\\/\"},{\"@type\":\"ListItem\",\"position\":2,\"name\":\"Impulsando proyectos en colaboraci\u00f3n entre empresa tractoras y proveedoras de la comarca en el seno del PROYECTO HORNITU\"}]},{\"@type\":\"WebSite\",\"@id\":\"https:\\\/\\\/iraurgiberritzen.eus\\\/es\\\/#website\",\"url\":\"https:\\\/\\\/iraurgiberritzen.eus\\\/es\\\/\",\"name\":\"Iraurgi Berritzen\",\"description\":\"Urola Erdiko Garapen Agentzia\",\"publisher\":{\"@id\":\"https:\\\/\\\/iraurgiberritzen.eus\\\/es\\\/#organization\"},\"potentialAction\":[{\"@type\":\"SearchAction\",\"target\":{\"@type\":\"EntryPoint\",\"urlTemplate\":\"https:\\\/\\\/iraurgiberritzen.eus\\\/es\\\/?s={search_term_string}\"},\"query-input\":{\"@type\":\"PropertyValueSpecification\",\"valueRequired\":true,\"valueName\":\"search_term_string\"}}],\"inLanguage\":\"es\"},{\"@type\":\"Organization\",\"@id\":\"https:\\\/\\\/iraurgiberritzen.eus\\\/es\\\/#organization\",\"name\":\"Iraurgi Berritzen\",\"url\":\"https:\\\/\\\/iraurgiberritzen.eus\\\/es\\\/\",\"logo\":{\"@type\":\"ImageObject\",\"inLanguage\":\"es\",\"@id\":\"https:\\\/\\\/iraurgiberritzen.eus\\\/es\\\/#\\\/schema\\\/logo\\\/image\\\/\",\"url\":\"https:\\\/\\\/iraurgiberritzen.eus\\\/wp-content\\\/uploads\\\/2024\\\/02\\\/IRAURGI-BERRITZEN-logotipoa_2.png\",\"contentUrl\":\"https:\\\/\\\/iraurgiberritzen.eus\\\/wp-content\\\/uploads\\\/2024\\\/02\\\/IRAURGI-BERRITZEN-logotipoa_2.png\",\"width\":496,\"height\":190,\"caption\":\"Iraurgi Berritzen\"},\"image\":{\"@id\":\"https:\\\/\\\/iraurgiberritzen.eus\\\/es\\\/#\\\/schema\\\/logo\\\/image\\\/\"}},{\"@type\":\"Person\",\"@id\":\"https:\\\/\\\/iraurgiberritzen.eus\\\/es\\\/#\\\/schema\\\/person\\\/5ab41aaf388a9097177601ebf45738d2\",\"name\":\"kudeatzailea\",\"sameAs\":[\"https:\\\/\\\/iraurgiberritzen.eus\"]}]}<\/script>\n<!-- \/ Yoast SEO plugin. -->","yoast_head_json":{"title":"Impulsando proyectos en colaboraci\u00f3n entre empresa tractoras y proveedoras de la comarca en el seno del PROYECTO HORNITU - Iraurgi Berritzen","robots":{"index":"index","follow":"follow","max-snippet":"max-snippet:-1","max-image-preview":"max-image-preview:large","max-video-preview":"max-video-preview:-1"},"canonical":"https:\/\/iraurgiberritzen.eus\/es\/impulsando-proyectos-en-colaboracion-entre-empresa-tractoras-y-proveedoras-de-la-comarca-en-el-seno-del-proyecto-hornitu\/","og_locale":"es_ES","og_type":"article","og_title":"Impulsando proyectos en colaboraci\u00f3n entre empresa tractoras y proveedoras de la comarca en el seno del PROYECTO HORNITU - Iraurgi Berritzen","og_description":"El pasado 19 de junio reunimos en el Sindikatu Zaharra de Azpeitia a 15 representantes de grandes empresas tractoras y de peque\u00f1as empresas proveedoras, para compartir y valorar el proyecto desarrollado en colaboraci\u00f3n por las empresas en los \u00faltimos a\u00f1os en el Goierri. Esta iniciativa ha sido desarrollada dentro del Proyecto Ikasgoiraurki financiado por la [&hellip;]","og_url":"https:\/\/iraurgiberritzen.eus\/es\/impulsando-proyectos-en-colaboracion-entre-empresa-tractoras-y-proveedoras-de-la-comarca-en-el-seno-del-proyecto-hornitu\/","og_site_name":"Iraurgi Berritzen","article_published_time":"2015-06-29T05:40:26+00:00","author":"kudeatzailea","twitter_card":"summary_large_image","twitter_misc":{"Escrito por":"kudeatzailea","Tiempo de lectura":"1 minuto"},"schema":{"@context":"https:\/\/schema.org","@graph":[{"@type":"Article","@id":"https:\/\/iraurgiberritzen.eus\/es\/impulsando-proyectos-en-colaboracion-entre-empresa-tractoras-y-proveedoras-de-la-comarca-en-el-seno-del-proyecto-hornitu\/#article","isPartOf":{"@id":"https:\/\/iraurgiberritzen.eus\/es\/impulsando-proyectos-en-colaboracion-entre-empresa-tractoras-y-proveedoras-de-la-comarca-en-el-seno-del-proyecto-hornitu\/"},"author":{"name":"kudeatzailea","@id":"https:\/\/iraurgiberritzen.eus\/es\/#\/schema\/person\/5ab41aaf388a9097177601ebf45738d2"},"headline":"Impulsando proyectos en colaboraci\u00f3n entre empresa tractoras y proveedoras de la comarca en el seno del PROYECTO HORNITU","datePublished":"2015-06-29T05:40:26+00:00","mainEntityOfPage":{"@id":"https:\/\/iraurgiberritzen.eus\/es\/impulsando-proyectos-en-colaboracion-entre-empresa-tractoras-y-proveedoras-de-la-comarca-en-el-seno-del-proyecto-hornitu\/"},"wordCount":124,"publisher":{"@id":"https:\/\/iraurgiberritzen.eus\/es\/#organization"},"image":{"@id":"https:\/\/iraurgiberritzen.eus\/es\/impulsando-proyectos-en-colaboracion-entre-empresa-tractoras-y-proveedoras-de-la-comarca-en-el-seno-del-proyecto-hornitu\/#primaryimage"},"thumbnailUrl":"https:\/\/iraurgiberritzen.eus\/wp-content\/uploads\/2023\/09\/7ced67c0d648122bcae10129de981341.jpg","articleSection":["Noticias"],"inLanguage":"es"},{"@type":"WebPage","@id":"https:\/\/iraurgiberritzen.eus\/es\/impulsando-proyectos-en-colaboracion-entre-empresa-tractoras-y-proveedoras-de-la-comarca-en-el-seno-del-proyecto-hornitu\/","url":"https:\/\/iraurgiberritzen.eus\/es\/impulsando-proyectos-en-colaboracion-entre-empresa-tractoras-y-proveedoras-de-la-comarca-en-el-seno-del-proyecto-hornitu\/","name":"Impulsando proyectos en colaboraci\u00f3n entre empresa tractoras y proveedoras de la comarca en el seno del PROYECTO HORNITU - Iraurgi Berritzen","isPartOf":{"@id":"https:\/\/iraurgiberritzen.eus\/es\/#website"},"primaryImageOfPage":{"@id":"https:\/\/iraurgiberritzen.eus\/es\/impulsando-proyectos-en-colaboracion-entre-empresa-tractoras-y-proveedoras-de-la-comarca-en-el-seno-del-proyecto-hornitu\/#primaryimage"},"image":{"@id":"https:\/\/iraurgiberritzen.eus\/es\/impulsando-proyectos-en-colaboracion-entre-empresa-tractoras-y-proveedoras-de-la-comarca-en-el-seno-del-proyecto-hornitu\/#primaryimage"},"thumbnailUrl":"https:\/\/iraurgiberritzen.eus\/wp-content\/uploads\/2023\/09\/7ced67c0d648122bcae10129de981341.jpg","datePublished":"2015-06-29T05:40:26+00:00","breadcrumb":{"@id":"https:\/\/iraurgiberritzen.eus\/es\/impulsando-proyectos-en-colaboracion-entre-empresa-tractoras-y-proveedoras-de-la-comarca-en-el-seno-del-proyecto-hornitu\/#breadcrumb"},"inLanguage":"es","potentialAction":[{"@type":"ReadAction","target":["https:\/\/iraurgiberritzen.eus\/es\/impulsando-proyectos-en-colaboracion-entre-empresa-tractoras-y-proveedoras-de-la-comarca-en-el-seno-del-proyecto-hornitu\/"]}]},{"@type":"ImageObject","inLanguage":"es","@id":"https:\/\/iraurgiberritzen.eus\/es\/impulsando-proyectos-en-colaboracion-entre-empresa-tractoras-y-proveedoras-de-la-comarca-en-el-seno-del-proyecto-hornitu\/#primaryimage","url":"https:\/\/iraurgiberritzen.eus\/wp-content\/uploads\/2023\/09\/7ced67c0d648122bcae10129de981341.jpg","contentUrl":"https:\/\/iraurgiberritzen.eus\/wp-content\/uploads\/2023\/09\/7ced67c0d648122bcae10129de981341.jpg","width":600,"height":386},{"@type":"BreadcrumbList","@id":"https:\/\/iraurgiberritzen.eus\/es\/impulsando-proyectos-en-colaboracion-entre-empresa-tractoras-y-proveedoras-de-la-comarca-en-el-seno-del-proyecto-hornitu\/#breadcrumb","itemListElement":[{"@type":"ListItem","position":1,"name":"Home","item":"https:\/\/iraurgiberritzen.eus\/es\/"},{"@type":"ListItem","position":2,"name":"Impulsando proyectos en colaboraci\u00f3n entre empresa tractoras y proveedoras de la comarca en el seno del PROYECTO HORNITU"}]},{"@type":"WebSite","@id":"https:\/\/iraurgiberritzen.eus\/es\/#website","url":"https:\/\/iraurgiberritzen.eus\/es\/","name":"Iraurgi Berritzen","description":"Urola Erdiko Garapen Agentzia","publisher":{"@id":"https:\/\/iraurgiberritzen.eus\/es\/#organization"},"potentialAction":[{"@type":"SearchAction","target":{"@type":"EntryPoint","urlTemplate":"https:\/\/iraurgiberritzen.eus\/es\/?s={search_term_string}"},"query-input":{"@type":"PropertyValueSpecification","valueRequired":true,"valueName":"search_term_string"}}],"inLanguage":"es"},{"@type":"Organization","@id":"https:\/\/iraurgiberritzen.eus\/es\/#organization","name":"Iraurgi Berritzen","url":"https:\/\/iraurgiberritzen.eus\/es\/","logo":{"@type":"ImageObject","inLanguage":"es","@id":"https:\/\/iraurgiberritzen.eus\/es\/#\/schema\/logo\/image\/","url":"https:\/\/iraurgiberritzen.eus\/wp-content\/uploads\/2024\/02\/IRAURGI-BERRITZEN-logotipoa_2.png","contentUrl":"https:\/\/iraurgiberritzen.eus\/wp-content\/uploads\/2024\/02\/IRAURGI-BERRITZEN-logotipoa_2.png","width":496,"height":190,"caption":"Iraurgi Berritzen"},"image":{"@id":"https:\/\/iraurgiberritzen.eus\/es\/#\/schema\/logo\/image\/"}},{"@type":"Person","@id":"https:\/\/iraurgiberritzen.eus\/es\/#\/schema\/person\/5ab41aaf388a9097177601ebf45738d2","name":"kudeatzailea","sameAs":["https:\/\/iraurgiberritzen.eus"]}]}},"_links":{"self":[{"href":"https:\/\/iraurgiberritzen.eus\/es\/wp-json\/wp\/v2\/posts\/11870","targetHints":{"allow":["GET"]}}],"collection":[{"href":"https:\/\/iraurgiberritzen.eus\/es\/wp-json\/wp\/v2\/posts"}],"about":[{"href":"https:\/\/iraurgiberritzen.eus\/es\/wp-json\/wp\/v2\/types\/post"}],"author":[{"embeddable":true,"href":"https:\/\/iraurgiberritzen.eus\/es\/wp-json\/wp\/v2\/users\/1"}],"replies":[{"embeddable":true,"href":"https:\/\/iraurgiberritzen.eus\/es\/wp-json\/wp\/v2\/comments?post=11870"}],"version-history":[{"count":0,"href":"https:\/\/iraurgiberritzen.eus\/es\/wp-json\/wp\/v2\/posts\/11870\/revisions"}],"wp:featuredmedia":[{"embeddable":true,"href":"https:\/\/iraurgiberritzen.eus\/es\/wp-json\/wp\/v2\/media\/18040"}],"wp:attachment":[{"href":"https:\/\/iraurgiberritzen.eus\/es\/wp-json\/wp\/v2\/media?parent=11870"}],"wp:term":[{"taxonomy":"category","embeddable":true,"href":"https:\/\/iraurgiberritzen.eus\/es\/wp-json\/wp\/v2\/categories?post=11870"},{"taxonomy":"post_tag","embeddable":true,"href":"https:\/\/iraurgiberritzen.eus\/es\/wp-json\/wp\/v2\/tags?post=11870"}],"curies":[{"name":"wp","href":"https:\/\/api.w.org\/{rel}","templated":true}]}}