{"id":11873,"date":"2015-07-01T10:17:29","date_gmt":"2015-07-01T08:17:29","guid":{"rendered":"https:\/\/iraurgiberritzen.eus\/ayudas-para-la-modernizacion-de-establecimientos-comerciales\/"},"modified":"2015-07-01T10:17:29","modified_gmt":"2015-07-01T08:17:29","slug":"ayudas-para-la-modernizacion-de-establecimientos-comerciales","status":"publish","type":"post","link":"https:\/\/iraurgiberritzen.eus\/es\/ayudas-para-la-modernizacion-de-establecimientos-comerciales\/","title":{"rendered":"Ayudas para la Modernizaci\u00f3n de Establecimientos Comerciales"},"content":{"rendered":"<p>El Gobierno Vasco ha convocado el <a href=\"images\/iraurgiberritzen\/Diru_laguntzak\/Zirkularra_MEC_20155.pdf\" target=\"_blank\" rel=\"noopener\">Programa de Ayudas a la Modernizaci\u00f3n de Establecimientos Comerciales<\/a>. El plazo de solicitud de estas ayudas ser\u00e1 del 2 de Julio al 15 de Septiembre.<\/p>\n<p style=\"text-align: justify;\">Se beneficiar\u00e1n de estas ayudas las empresas cuya actividad principal sea comercial, o en su caso, la empresa se encuentre ejerciendo la misma actividad comercial con un m\u00ednimo de un a\u00f1o.<\/p>\n<p style=\"text-align: justify;\">Ser\u00e1n subvencionables las inversiones dirigidas a la reforma y modernizaci\u00f3n del local, el mobiliario, los equipamentos y elementos tanto internos como externos. as\u00ed como las balanzas electr\u00f3nicas de mercader\u00edas, equipos inform\u00e1ticos, aplicaciones y complementos de lo mismos.<\/p>\n<p style=\"text-align: justify;\">Para m\u00e1s informaci\u00f3n pod\u00e9is contactar con nosotros en: alarranaga@iraurgiberritzen.net , 943 85 11 00.<\/p>\n","protected":false},"excerpt":{"rendered":"<p>El Gobierno Vasco ha convocado el Programa de Ayudas a la Modernizaci\u00f3n de Establecimientos Comerciales. El plazo de solicitud de estas ayudas ser\u00e1 del 2 de Julio al 15 de Septiembre. Se beneficiar\u00e1n de estas ayudas las empresas cuya actividad principal sea comercial, o en su caso, la empresa se encuentre ejerciendo la misma actividad [&hellip;]<\/p>\n","protected":false},"author":1,"featured_media":18021,"comment_status":"","ping_status":"closed","sticky":false,"template":"","format":"standard","meta":{"_acf_changed":false,"footnotes":""},"categories":[4],"tags":[],"class_list":["post-11873","post","type-post","status-publish","format-standard","has-post-thumbnail","hentry","category-noticias"],"acf":[],"yoast_head":"<!-- This site is optimized with the Yoast SEO plugin v27.4 - https:\/\/yoast.com\/product\/yoast-seo-wordpress\/ -->\n<title>Ayudas para la Modernizaci\u00f3n de Establecimientos Comerciales - Iraurgi Berritzen<\/title>\n<meta name=\"robots\" content=\"index, follow, max-snippet:-1, max-image-preview:large, max-video-preview:-1\" \/>\n<link rel=\"canonical\" href=\"https:\/\/iraurgiberritzen.eus\/es\/ayudas-para-la-modernizacion-de-establecimientos-comerciales\/\" \/>\n<meta property=\"og:locale\" content=\"es_ES\" \/>\n<meta property=\"og:type\" content=\"article\" \/>\n<meta property=\"og:title\" content=\"Ayudas para la Modernizaci\u00f3n de Establecimientos Comerciales - Iraurgi Berritzen\" \/>\n<meta property=\"og:description\" content=\"El Gobierno Vasco ha convocado el Programa de Ayudas a la Modernizaci\u00f3n de Establecimientos Comerciales. El plazo de solicitud de estas ayudas ser\u00e1 del 2 de Julio al 15 de Septiembre. Se beneficiar\u00e1n de estas ayudas las empresas cuya actividad principal sea comercial, o en su caso, la empresa se encuentre ejerciendo la misma actividad [&hellip;]\" \/>\n<meta property=\"og:url\" content=\"https:\/\/iraurgiberritzen.eus\/es\/ayudas-para-la-modernizacion-de-establecimientos-comerciales\/\" \/>\n<meta property=\"og:site_name\" content=\"Iraurgi Berritzen\" \/>\n<meta property=\"article:published_time\" content=\"2015-07-01T08:17:29+00:00\" \/>\n<meta name=\"author\" content=\"kudeatzailea\" \/>\n<meta name=\"twitter:card\" content=\"summary_large_image\" \/>\n<meta name=\"twitter:label1\" content=\"Escrito por\" \/>\n\t<meta name=\"twitter:data1\" content=\"kudeatzailea\" \/>\n\t<meta name=\"twitter:label2\" content=\"Tiempo de lectura\" \/>\n\t<meta name=\"twitter:data2\" content=\"1 minuto\" \/>\n<script type=\"application\/ld+json\" class=\"yoast-schema-graph\">{\"@context\":\"https:\\\/\\\/schema.org\",\"@graph\":[{\"@type\":\"Article\",\"@id\":\"https:\\\/\\\/iraurgiberritzen.eus\\\/es\\\/ayudas-para-la-modernizacion-de-establecimientos-comerciales\\\/#article\",\"isPartOf\":{\"@id\":\"https:\\\/\\\/iraurgiberritzen.eus\\\/es\\\/ayudas-para-la-modernizacion-de-establecimientos-comerciales\\\/\"},\"author\":{\"name\":\"kudeatzailea\",\"@id\":\"https:\\\/\\\/iraurgiberritzen.eus\\\/es\\\/#\\\/schema\\\/person\\\/5ab41aaf388a9097177601ebf45738d2\"},\"headline\":\"Ayudas para la Modernizaci\u00f3n de Establecimientos Comerciales\",\"datePublished\":\"2015-07-01T08:17:29+00:00\",\"mainEntityOfPage\":{\"@id\":\"https:\\\/\\\/iraurgiberritzen.eus\\\/es\\\/ayudas-para-la-modernizacion-de-establecimientos-comerciales\\\/\"},\"wordCount\":128,\"publisher\":{\"@id\":\"https:\\\/\\\/iraurgiberritzen.eus\\\/es\\\/#organization\"},\"image\":{\"@id\":\"https:\\\/\\\/iraurgiberritzen.eus\\\/es\\\/ayudas-para-la-modernizacion-de-establecimientos-comerciales\\\/#primaryimage\"},\"thumbnailUrl\":\"https:\\\/\\\/iraurgiberritzen.eus\\\/wp-content\\\/uploads\\\/2023\\\/09\\\/218fa54275e0e31c37b4e5091d9112ba.jpg\",\"articleSection\":[\"Noticias\"],\"inLanguage\":\"es\"},{\"@type\":\"WebPage\",\"@id\":\"https:\\\/\\\/iraurgiberritzen.eus\\\/es\\\/ayudas-para-la-modernizacion-de-establecimientos-comerciales\\\/\",\"url\":\"https:\\\/\\\/iraurgiberritzen.eus\\\/es\\\/ayudas-para-la-modernizacion-de-establecimientos-comerciales\\\/\",\"name\":\"Ayudas para la Modernizaci\u00f3n de Establecimientos Comerciales - Iraurgi Berritzen\",\"isPartOf\":{\"@id\":\"https:\\\/\\\/iraurgiberritzen.eus\\\/es\\\/#website\"},\"primaryImageOfPage\":{\"@id\":\"https:\\\/\\\/iraurgiberritzen.eus\\\/es\\\/ayudas-para-la-modernizacion-de-establecimientos-comerciales\\\/#primaryimage\"},\"image\":{\"@id\":\"https:\\\/\\\/iraurgiberritzen.eus\\\/es\\\/ayudas-para-la-modernizacion-de-establecimientos-comerciales\\\/#primaryimage\"},\"thumbnailUrl\":\"https:\\\/\\\/iraurgiberritzen.eus\\\/wp-content\\\/uploads\\\/2023\\\/09\\\/218fa54275e0e31c37b4e5091d9112ba.jpg\",\"datePublished\":\"2015-07-01T08:17:29+00:00\",\"breadcrumb\":{\"@id\":\"https:\\\/\\\/iraurgiberritzen.eus\\\/es\\\/ayudas-para-la-modernizacion-de-establecimientos-comerciales\\\/#breadcrumb\"},\"inLanguage\":\"es\",\"potentialAction\":[{\"@type\":\"ReadAction\",\"target\":[\"https:\\\/\\\/iraurgiberritzen.eus\\\/es\\\/ayudas-para-la-modernizacion-de-establecimientos-comerciales\\\/\"]}]},{\"@type\":\"ImageObject\",\"inLanguage\":\"es\",\"@id\":\"https:\\\/\\\/iraurgiberritzen.eus\\\/es\\\/ayudas-para-la-modernizacion-de-establecimientos-comerciales\\\/#primaryimage\",\"url\":\"https:\\\/\\\/iraurgiberritzen.eus\\\/wp-content\\\/uploads\\\/2023\\\/09\\\/218fa54275e0e31c37b4e5091d9112ba.jpg\",\"contentUrl\":\"https:\\\/\\\/iraurgiberritzen.eus\\\/wp-content\\\/uploads\\\/2023\\\/09\\\/218fa54275e0e31c37b4e5091d9112ba.jpg\",\"width\":600,\"height\":386},{\"@type\":\"BreadcrumbList\",\"@id\":\"https:\\\/\\\/iraurgiberritzen.eus\\\/es\\\/ayudas-para-la-modernizacion-de-establecimientos-comerciales\\\/#breadcrumb\",\"itemListElement\":[{\"@type\":\"ListItem\",\"position\":1,\"name\":\"Home\",\"item\":\"https:\\\/\\\/iraurgiberritzen.eus\\\/es\\\/\"},{\"@type\":\"ListItem\",\"position\":2,\"name\":\"Ayudas para la Modernizaci\u00f3n de Establecimientos Comerciales\"}]},{\"@type\":\"WebSite\",\"@id\":\"https:\\\/\\\/iraurgiberritzen.eus\\\/es\\\/#website\",\"url\":\"https:\\\/\\\/iraurgiberritzen.eus\\\/es\\\/\",\"name\":\"Iraurgi Berritzen\",\"description\":\"Urola Erdiko Garapen Agentzia\",\"publisher\":{\"@id\":\"https:\\\/\\\/iraurgiberritzen.eus\\\/es\\\/#organization\"},\"potentialAction\":[{\"@type\":\"SearchAction\",\"target\":{\"@type\":\"EntryPoint\",\"urlTemplate\":\"https:\\\/\\\/iraurgiberritzen.eus\\\/es\\\/?s={search_term_string}\"},\"query-input\":{\"@type\":\"PropertyValueSpecification\",\"valueRequired\":true,\"valueName\":\"search_term_string\"}}],\"inLanguage\":\"es\"},{\"@type\":\"Organization\",\"@id\":\"https:\\\/\\\/iraurgiberritzen.eus\\\/es\\\/#organization\",\"name\":\"Iraurgi Berritzen\",\"url\":\"https:\\\/\\\/iraurgiberritzen.eus\\\/es\\\/\",\"logo\":{\"@type\":\"ImageObject\",\"inLanguage\":\"es\",\"@id\":\"https:\\\/\\\/iraurgiberritzen.eus\\\/es\\\/#\\\/schema\\\/logo\\\/image\\\/\",\"url\":\"https:\\\/\\\/iraurgiberritzen.eus\\\/wp-content\\\/uploads\\\/2024\\\/02\\\/IRAURGI-BERRITZEN-logotipoa_2.png\",\"contentUrl\":\"https:\\\/\\\/iraurgiberritzen.eus\\\/wp-content\\\/uploads\\\/2024\\\/02\\\/IRAURGI-BERRITZEN-logotipoa_2.png\",\"width\":496,\"height\":190,\"caption\":\"Iraurgi Berritzen\"},\"image\":{\"@id\":\"https:\\\/\\\/iraurgiberritzen.eus\\\/es\\\/#\\\/schema\\\/logo\\\/image\\\/\"}},{\"@type\":\"Person\",\"@id\":\"https:\\\/\\\/iraurgiberritzen.eus\\\/es\\\/#\\\/schema\\\/person\\\/5ab41aaf388a9097177601ebf45738d2\",\"name\":\"kudeatzailea\",\"sameAs\":[\"https:\\\/\\\/iraurgiberritzen.eus\"]}]}<\/script>\n<!-- \/ Yoast SEO plugin. -->","yoast_head_json":{"title":"Ayudas para la Modernizaci\u00f3n de Establecimientos Comerciales - Iraurgi Berritzen","robots":{"index":"index","follow":"follow","max-snippet":"max-snippet:-1","max-image-preview":"max-image-preview:large","max-video-preview":"max-video-preview:-1"},"canonical":"https:\/\/iraurgiberritzen.eus\/es\/ayudas-para-la-modernizacion-de-establecimientos-comerciales\/","og_locale":"es_ES","og_type":"article","og_title":"Ayudas para la Modernizaci\u00f3n de Establecimientos Comerciales - Iraurgi Berritzen","og_description":"El Gobierno Vasco ha convocado el Programa de Ayudas a la Modernizaci\u00f3n de Establecimientos Comerciales. El plazo de solicitud de estas ayudas ser\u00e1 del 2 de Julio al 15 de Septiembre. Se beneficiar\u00e1n de estas ayudas las empresas cuya actividad principal sea comercial, o en su caso, la empresa se encuentre ejerciendo la misma actividad [&hellip;]","og_url":"https:\/\/iraurgiberritzen.eus\/es\/ayudas-para-la-modernizacion-de-establecimientos-comerciales\/","og_site_name":"Iraurgi Berritzen","article_published_time":"2015-07-01T08:17:29+00:00","author":"kudeatzailea","twitter_card":"summary_large_image","twitter_misc":{"Escrito por":"kudeatzailea","Tiempo de lectura":"1 minuto"},"schema":{"@context":"https:\/\/schema.org","@graph":[{"@type":"Article","@id":"https:\/\/iraurgiberritzen.eus\/es\/ayudas-para-la-modernizacion-de-establecimientos-comerciales\/#article","isPartOf":{"@id":"https:\/\/iraurgiberritzen.eus\/es\/ayudas-para-la-modernizacion-de-establecimientos-comerciales\/"},"author":{"name":"kudeatzailea","@id":"https:\/\/iraurgiberritzen.eus\/es\/#\/schema\/person\/5ab41aaf388a9097177601ebf45738d2"},"headline":"Ayudas para la Modernizaci\u00f3n de Establecimientos Comerciales","datePublished":"2015-07-01T08:17:29+00:00","mainEntityOfPage":{"@id":"https:\/\/iraurgiberritzen.eus\/es\/ayudas-para-la-modernizacion-de-establecimientos-comerciales\/"},"wordCount":128,"publisher":{"@id":"https:\/\/iraurgiberritzen.eus\/es\/#organization"},"image":{"@id":"https:\/\/iraurgiberritzen.eus\/es\/ayudas-para-la-modernizacion-de-establecimientos-comerciales\/#primaryimage"},"thumbnailUrl":"https:\/\/iraurgiberritzen.eus\/wp-content\/uploads\/2023\/09\/218fa54275e0e31c37b4e5091d9112ba.jpg","articleSection":["Noticias"],"inLanguage":"es"},{"@type":"WebPage","@id":"https:\/\/iraurgiberritzen.eus\/es\/ayudas-para-la-modernizacion-de-establecimientos-comerciales\/","url":"https:\/\/iraurgiberritzen.eus\/es\/ayudas-para-la-modernizacion-de-establecimientos-comerciales\/","name":"Ayudas para la Modernizaci\u00f3n de Establecimientos Comerciales - Iraurgi Berritzen","isPartOf":{"@id":"https:\/\/iraurgiberritzen.eus\/es\/#website"},"primaryImageOfPage":{"@id":"https:\/\/iraurgiberritzen.eus\/es\/ayudas-para-la-modernizacion-de-establecimientos-comerciales\/#primaryimage"},"image":{"@id":"https:\/\/iraurgiberritzen.eus\/es\/ayudas-para-la-modernizacion-de-establecimientos-comerciales\/#primaryimage"},"thumbnailUrl":"https:\/\/iraurgiberritzen.eus\/wp-content\/uploads\/2023\/09\/218fa54275e0e31c37b4e5091d9112ba.jpg","datePublished":"2015-07-01T08:17:29+00:00","breadcrumb":{"@id":"https:\/\/iraurgiberritzen.eus\/es\/ayudas-para-la-modernizacion-de-establecimientos-comerciales\/#breadcrumb"},"inLanguage":"es","potentialAction":[{"@type":"ReadAction","target":["https:\/\/iraurgiberritzen.eus\/es\/ayudas-para-la-modernizacion-de-establecimientos-comerciales\/"]}]},{"@type":"ImageObject","inLanguage":"es","@id":"https:\/\/iraurgiberritzen.eus\/es\/ayudas-para-la-modernizacion-de-establecimientos-comerciales\/#primaryimage","url":"https:\/\/iraurgiberritzen.eus\/wp-content\/uploads\/2023\/09\/218fa54275e0e31c37b4e5091d9112ba.jpg","contentUrl":"https:\/\/iraurgiberritzen.eus\/wp-content\/uploads\/2023\/09\/218fa54275e0e31c37b4e5091d9112ba.jpg","width":600,"height":386},{"@type":"BreadcrumbList","@id":"https:\/\/iraurgiberritzen.eus\/es\/ayudas-para-la-modernizacion-de-establecimientos-comerciales\/#breadcrumb","itemListElement":[{"@type":"ListItem","position":1,"name":"Home","item":"https:\/\/iraurgiberritzen.eus\/es\/"},{"@type":"ListItem","position":2,"name":"Ayudas para la Modernizaci\u00f3n de Establecimientos Comerciales"}]},{"@type":"WebSite","@id":"https:\/\/iraurgiberritzen.eus\/es\/#website","url":"https:\/\/iraurgiberritzen.eus\/es\/","name":"Iraurgi Berritzen","description":"Urola Erdiko Garapen Agentzia","publisher":{"@id":"https:\/\/iraurgiberritzen.eus\/es\/#organization"},"potentialAction":[{"@type":"SearchAction","target":{"@type":"EntryPoint","urlTemplate":"https:\/\/iraurgiberritzen.eus\/es\/?s={search_term_string}"},"query-input":{"@type":"PropertyValueSpecification","valueRequired":true,"valueName":"search_term_string"}}],"inLanguage":"es"},{"@type":"Organization","@id":"https:\/\/iraurgiberritzen.eus\/es\/#organization","name":"Iraurgi Berritzen","url":"https:\/\/iraurgiberritzen.eus\/es\/","logo":{"@type":"ImageObject","inLanguage":"es","@id":"https:\/\/iraurgiberritzen.eus\/es\/#\/schema\/logo\/image\/","url":"https:\/\/iraurgiberritzen.eus\/wp-content\/uploads\/2024\/02\/IRAURGI-BERRITZEN-logotipoa_2.png","contentUrl":"https:\/\/iraurgiberritzen.eus\/wp-content\/uploads\/2024\/02\/IRAURGI-BERRITZEN-logotipoa_2.png","width":496,"height":190,"caption":"Iraurgi Berritzen"},"image":{"@id":"https:\/\/iraurgiberritzen.eus\/es\/#\/schema\/logo\/image\/"}},{"@type":"Person","@id":"https:\/\/iraurgiberritzen.eus\/es\/#\/schema\/person\/5ab41aaf388a9097177601ebf45738d2","name":"kudeatzailea","sameAs":["https:\/\/iraurgiberritzen.eus"]}]}},"_links":{"self":[{"href":"https:\/\/iraurgiberritzen.eus\/es\/wp-json\/wp\/v2\/posts\/11873","targetHints":{"allow":["GET"]}}],"collection":[{"href":"https:\/\/iraurgiberritzen.eus\/es\/wp-json\/wp\/v2\/posts"}],"about":[{"href":"https:\/\/iraurgiberritzen.eus\/es\/wp-json\/wp\/v2\/types\/post"}],"author":[{"embeddable":true,"href":"https:\/\/iraurgiberritzen.eus\/es\/wp-json\/wp\/v2\/users\/1"}],"replies":[{"embeddable":true,"href":"https:\/\/iraurgiberritzen.eus\/es\/wp-json\/wp\/v2\/comments?post=11873"}],"version-history":[{"count":0,"href":"https:\/\/iraurgiberritzen.eus\/es\/wp-json\/wp\/v2\/posts\/11873\/revisions"}],"wp:featuredmedia":[{"embeddable":true,"href":"https:\/\/iraurgiberritzen.eus\/es\/wp-json\/wp\/v2\/media\/18021"}],"wp:attachment":[{"href":"https:\/\/iraurgiberritzen.eus\/es\/wp-json\/wp\/v2\/media?parent=11873"}],"wp:term":[{"taxonomy":"category","embeddable":true,"href":"https:\/\/iraurgiberritzen.eus\/es\/wp-json\/wp\/v2\/categories?post=11873"},{"taxonomy":"post_tag","embeddable":true,"href":"https:\/\/iraurgiberritzen.eus\/es\/wp-json\/wp\/v2\/tags?post=11873"}],"curies":[{"name":"wp","href":"https:\/\/api.w.org\/{rel}","templated":true}]}}