{"id":11876,"date":"2015-07-02T09:39:04","date_gmt":"2015-07-02T07:39:04","guid":{"rendered":"https:\/\/iraurgiberritzen.eus\/las-becas-global-training-2015-ya-estan-en-marcha\/"},"modified":"2015-07-02T09:39:04","modified_gmt":"2015-07-02T07:39:04","slug":"las-becas-global-training-2015-ya-estan-en-marcha","status":"publish","type":"post","link":"https:\/\/iraurgiberritzen.eus\/es\/las-becas-global-training-2015-ya-estan-en-marcha\/","title":{"rendered":"Las becas Global Training 2015 ya est\u00e1n en marcha"},"content":{"rendered":"<p style=\"text-align: justify;\">Os informamos desde Iraurgi Berritzen que Garapen, Asociaci\u00f3n Vasca de Agencias de Desarrollo, y Fomento de San Sebasti\u00e1n, Agencia de Desarrollo y Departamento de Promoci\u00f3n Econ\u00f3mica de San Sebasti\u00e1n, en colaboraci\u00f3n con Gobierno Vasco, lanzan, un a\u00f1o m\u00e1s 60 Becas Global Training.<\/p>\n<p style=\"text-align: justify;\">De estas 60 Becas son propias de Garapen las siguientes. En el siguiente listado pod\u00e9is disponer de informaci\u00f3n acerca de empresas situadas en distintos pa\u00edses:<\/p>\n<ul>\n<li style=\"text-align: justify;\"><a href=\"images\/iraurgiberritzen\/Diru_laguntzak\/2015\/Eusko_Jaurlarltza\/Anexo_V_Berotz_Bolivia.doc\" target=\"_blank\" rel=\"noopener\">Bolivia<\/a><\/li>\n<li style=\"text-align: justify;\"><a href=\"images\/iraurgiberritzen\/Diru_laguntzak\/2015\/Eusko_Jaurlarltza\/Anexo_V_Berotz_El_Salvador.doc\" target=\"_blank\" rel=\"noopener\">El Salvador<\/a><\/li>\n<li style=\"text-align: justify;\"><a href=\"images\/iraurgiberritzen\/Diru_laguntzak\/2015\/Eusko_Jaurlarltza\/Anexo_V_Berotz_Panama_1.doc\" target=\"_blank\" rel=\"noopener\">Panama\u0301 (1)<\/a><\/li>\n<li style=\"text-align: justify;\"><a href=\"images\/iraurgiberritzen\/Diru_laguntzak\/2015\/Eusko_Jaurlarltza\/Anexo_V_Berotz_Panama_2.doc\" target=\"_blank\" rel=\"noopener\">Panama\u0301 (2)<\/a><\/li>\n<li style=\"text-align: justify;\"><a href=\"images\/iraurgiberritzen\/Diru_laguntzak\/2015\/Eusko_Jaurlarltza\/Anexo_V_Bogota.doc\" target=\"_blank\" rel=\"noopener\">Colombia<\/a><\/li>\n<li style=\"text-align: justify;\"><a href=\"images\/iraurgiberritzen\/Diru_laguntzak\/2015\/Eusko_Jaurlarltza\/Anexo_V_CAF.doc\" target=\"_blank\" rel=\"noopener\">M\u00e9xico (1)<\/a><\/li>\n<li style=\"text-align: justify;\"><a href=\"images\/iraurgiberritzen\/Diru_laguntzak\/2015\/Eusko_Jaurlarltza\/Anexo_V_COBRA_MEXICO.doc\" target=\"_blank\" rel=\"noopener\">M\u00e9xico (2)<\/a><\/li>\n<li style=\"text-align: justify;\"><a href=\"images\/iraurgiberritzen\/Diru_laguntzak\/2015\/Eusko_Jaurlarltza\/Anexo_V_CRIT.doc\" target=\"_blank\" rel=\"noopener\">Italia (1)<\/a><\/li>\n<li style=\"text-align: justify;\"><a href=\"images\/iraurgiberritzen\/Diru_laguntzak\/2015\/Eusko_Jaurlarltza\/Anexo_V_CSCS.doc\" target=\"_blank\" rel=\"noopener\">Italia (2)<\/a><\/li>\n<li style=\"text-align: justify;\"><a href=\"images\/iraurgiberritzen\/Diru_laguntzak\/2015\/Eusko_Jaurlarltza\/Anexo_V_Huerto_Urbano.doc\" target=\"_blank\" rel=\"noopener\">Ecuador<\/a><\/li>\n<li style=\"text-align: justify;\"><a href=\"images\/iraurgiberritzen\/Diru_laguntzak\/2015\/Eusko_Jaurlarltza\/Anexo_V_ITP.doc\" target=\"_blank\" rel=\"noopener\">UK<\/a><\/li>\n<li style=\"text-align: justify;\"><a href=\"images\/iraurgiberritzen\/Diru_laguntzak\/2015\/Eusko_Jaurlarltza\/Anexo_V_Juno.doc\" target=\"_blank\" rel=\"noopener\">Irlanda<\/a><\/li>\n<li style=\"text-align: justify;\"><a href=\"images\/iraurgiberritzen\/Diru_laguntzak\/2015\/Eusko_Jaurlarltza\/Anexo_V_Leartiker.doc\" target=\"_blank\" rel=\"noopener\">Alemania<\/a><\/li>\n<li style=\"text-align: justify;\"><a href=\"images\/iraurgiberritzen\/Diru_laguntzak\/2015\/Eusko_Jaurlarltza\/Anexo_V_Samoa.doc\" target=\"_blank\" rel=\"noopener\">Francia<\/a><\/li>\n<li style=\"text-align: justify;\"><a href=\"images\/iraurgiberritzen\/Diru_laguntzak\/2015\/Eusko_Jaurlarltza\/Anexo_V_Transbiaga_1.doc\" target=\"_blank\" rel=\"noopener\">Brasil (1)<\/a><\/li>\n<li style=\"text-align: justify;\"><a href=\"images\/iraurgiberritzen\/Diru_laguntzak\/2015\/Eusko_Jaurlarltza\/Anexo_V_Transbiaga_2.doc\" target=\"_blank\" rel=\"noopener\">Brasil (2)<\/a><\/li>\n<li style=\"text-align: justify;\"><a href=\"images\/iraurgiberritzen\/Diru_laguntzak\/2015\/Eusko_Jaurlarltza\/Anexo_V_USA_Safibox.doc\" target=\"_blank\" rel=\"noopener\">USA<\/a><\/li>\n<li style=\"text-align: justify;\"><a href=\"images\/iraurgiberritzen\/Diru_laguntzak\/2015\/Eusko_Jaurlarltza\/Anexo_V_ZIV_India.doc\" target=\"_blank\" rel=\"noopener\">India<\/a><\/li>\n<\/ul>\n<p style=\"text-align: justify;\">Dicho programa de Becas pone en el mercado y a disposici\u00f3n de nuestros j\u00f3venes, memores de 30 a\u00f1os, con titulaci\u00f3n universitaria y formaci\u00f3n profesional de grado superior un potente mecanismo que permite realizar pr\u00e1cticas remuneradas en empresas y organismos en el extranjero, en actividades y proyectos relacionados con su perfil acad\u00e9mico y profesional durante al menos 6 meses.<\/p>\n<p style=\"text-align: justify;\">El plazo de inscripci\u00f3n finaliza el <strong>27 de Julio<\/strong>, y para ello se puede hacer uso de esta direcci\u00f3n: <a href=\"http:\/\/www.becasglobaltraining.eus\">http:\/\/www.becasglobaltraining.eus<\/a>.<\/p>\n<p style=\"text-align: justify;\">Para m\u00e1s informaci\u00f3n pod\u00e9is contactar con Iraurgi Berritzen en el siguiente n\u00ba de tel\u00e9fono 943 85 11 00 ( Alazne Larra\u00f1aga) o escribiendo a la siguiente direcci\u00f3n <a href=\"mailto:info@iraurgiberritzen.net\">info@iraurgiberritzen.net<\/a>.<\/p>\n","protected":false},"excerpt":{"rendered":"<p>Os informamos desde Iraurgi Berritzen que Garapen, Asociaci\u00f3n Vasca de Agencias de Desarrollo, y Fomento de San Sebasti\u00e1n, Agencia de Desarrollo y Departamento de Promoci\u00f3n Econ\u00f3mica de San Sebasti\u00e1n, en colaboraci\u00f3n con Gobierno Vasco, lanzan, un a\u00f1o m\u00e1s 60 Becas Global Training. De estas 60 Becas son propias de Garapen las siguientes. En el siguiente [&hellip;]<\/p>\n","protected":false},"author":1,"featured_media":18022,"comment_status":"","ping_status":"closed","sticky":false,"template":"","format":"standard","meta":{"_acf_changed":false,"footnotes":""},"categories":[4],"tags":[],"class_list":["post-11876","post","type-post","status-publish","format-standard","has-post-thumbnail","hentry","category-noticias"],"acf":[],"yoast_head":"<!-- This site is optimized with the Yoast SEO plugin v27.4 - https:\/\/yoast.com\/product\/yoast-seo-wordpress\/ -->\n<title>Las becas Global Training 2015 ya est\u00e1n en marcha - Iraurgi Berritzen<\/title>\n<meta name=\"robots\" content=\"index, follow, max-snippet:-1, max-image-preview:large, max-video-preview:-1\" \/>\n<link rel=\"canonical\" href=\"https:\/\/iraurgiberritzen.eus\/es\/las-becas-global-training-2015-ya-estan-en-marcha\/\" \/>\n<meta property=\"og:locale\" content=\"es_ES\" \/>\n<meta property=\"og:type\" content=\"article\" \/>\n<meta property=\"og:title\" content=\"Las becas Global Training 2015 ya est\u00e1n en marcha - Iraurgi Berritzen\" \/>\n<meta property=\"og:description\" content=\"Os informamos desde Iraurgi Berritzen que Garapen, Asociaci\u00f3n Vasca de Agencias de Desarrollo, y Fomento de San Sebasti\u00e1n, Agencia de Desarrollo y Departamento de Promoci\u00f3n Econ\u00f3mica de San Sebasti\u00e1n, en colaboraci\u00f3n con Gobierno Vasco, lanzan, un a\u00f1o m\u00e1s 60 Becas Global Training. De estas 60 Becas son propias de Garapen las siguientes. En el siguiente [&hellip;]\" \/>\n<meta property=\"og:url\" content=\"https:\/\/iraurgiberritzen.eus\/es\/las-becas-global-training-2015-ya-estan-en-marcha\/\" \/>\n<meta property=\"og:site_name\" content=\"Iraurgi Berritzen\" \/>\n<meta property=\"article:published_time\" content=\"2015-07-02T07:39:04+00:00\" \/>\n<meta name=\"author\" content=\"kudeatzailea\" \/>\n<meta name=\"twitter:card\" content=\"summary_large_image\" \/>\n<meta name=\"twitter:label1\" content=\"Escrito por\" \/>\n\t<meta name=\"twitter:data1\" content=\"kudeatzailea\" \/>\n\t<meta name=\"twitter:label2\" content=\"Tiempo de lectura\" \/>\n\t<meta name=\"twitter:data2\" content=\"1 minuto\" \/>\n<script type=\"application\/ld+json\" class=\"yoast-schema-graph\">{\"@context\":\"https:\\\/\\\/schema.org\",\"@graph\":[{\"@type\":\"Article\",\"@id\":\"https:\\\/\\\/iraurgiberritzen.eus\\\/es\\\/las-becas-global-training-2015-ya-estan-en-marcha\\\/#article\",\"isPartOf\":{\"@id\":\"https:\\\/\\\/iraurgiberritzen.eus\\\/es\\\/las-becas-global-training-2015-ya-estan-en-marcha\\\/\"},\"author\":{\"name\":\"kudeatzailea\",\"@id\":\"https:\\\/\\\/iraurgiberritzen.eus\\\/es\\\/#\\\/schema\\\/person\\\/5ab41aaf388a9097177601ebf45738d2\"},\"headline\":\"Las becas Global Training 2015 ya est\u00e1n en marcha\",\"datePublished\":\"2015-07-02T07:39:04+00:00\",\"mainEntityOfPage\":{\"@id\":\"https:\\\/\\\/iraurgiberritzen.eus\\\/es\\\/las-becas-global-training-2015-ya-estan-en-marcha\\\/\"},\"wordCount\":224,\"publisher\":{\"@id\":\"https:\\\/\\\/iraurgiberritzen.eus\\\/es\\\/#organization\"},\"image\":{\"@id\":\"https:\\\/\\\/iraurgiberritzen.eus\\\/es\\\/las-becas-global-training-2015-ya-estan-en-marcha\\\/#primaryimage\"},\"thumbnailUrl\":\"https:\\\/\\\/iraurgiberritzen.eus\\\/wp-content\\\/uploads\\\/2023\\\/09\\\/3b77d3f73b59742412f393cd0d264b14.jpg\",\"articleSection\":[\"Noticias\"],\"inLanguage\":\"es\"},{\"@type\":\"WebPage\",\"@id\":\"https:\\\/\\\/iraurgiberritzen.eus\\\/es\\\/las-becas-global-training-2015-ya-estan-en-marcha\\\/\",\"url\":\"https:\\\/\\\/iraurgiberritzen.eus\\\/es\\\/las-becas-global-training-2015-ya-estan-en-marcha\\\/\",\"name\":\"Las becas Global Training 2015 ya est\u00e1n en marcha - Iraurgi Berritzen\",\"isPartOf\":{\"@id\":\"https:\\\/\\\/iraurgiberritzen.eus\\\/es\\\/#website\"},\"primaryImageOfPage\":{\"@id\":\"https:\\\/\\\/iraurgiberritzen.eus\\\/es\\\/las-becas-global-training-2015-ya-estan-en-marcha\\\/#primaryimage\"},\"image\":{\"@id\":\"https:\\\/\\\/iraurgiberritzen.eus\\\/es\\\/las-becas-global-training-2015-ya-estan-en-marcha\\\/#primaryimage\"},\"thumbnailUrl\":\"https:\\\/\\\/iraurgiberritzen.eus\\\/wp-content\\\/uploads\\\/2023\\\/09\\\/3b77d3f73b59742412f393cd0d264b14.jpg\",\"datePublished\":\"2015-07-02T07:39:04+00:00\",\"breadcrumb\":{\"@id\":\"https:\\\/\\\/iraurgiberritzen.eus\\\/es\\\/las-becas-global-training-2015-ya-estan-en-marcha\\\/#breadcrumb\"},\"inLanguage\":\"es\",\"potentialAction\":[{\"@type\":\"ReadAction\",\"target\":[\"https:\\\/\\\/iraurgiberritzen.eus\\\/es\\\/las-becas-global-training-2015-ya-estan-en-marcha\\\/\"]}]},{\"@type\":\"ImageObject\",\"inLanguage\":\"es\",\"@id\":\"https:\\\/\\\/iraurgiberritzen.eus\\\/es\\\/las-becas-global-training-2015-ya-estan-en-marcha\\\/#primaryimage\",\"url\":\"https:\\\/\\\/iraurgiberritzen.eus\\\/wp-content\\\/uploads\\\/2023\\\/09\\\/3b77d3f73b59742412f393cd0d264b14.jpg\",\"contentUrl\":\"https:\\\/\\\/iraurgiberritzen.eus\\\/wp-content\\\/uploads\\\/2023\\\/09\\\/3b77d3f73b59742412f393cd0d264b14.jpg\",\"width\":600,\"height\":386},{\"@type\":\"BreadcrumbList\",\"@id\":\"https:\\\/\\\/iraurgiberritzen.eus\\\/es\\\/las-becas-global-training-2015-ya-estan-en-marcha\\\/#breadcrumb\",\"itemListElement\":[{\"@type\":\"ListItem\",\"position\":1,\"name\":\"Home\",\"item\":\"https:\\\/\\\/iraurgiberritzen.eus\\\/es\\\/\"},{\"@type\":\"ListItem\",\"position\":2,\"name\":\"Las becas Global Training 2015 ya est\u00e1n en marcha\"}]},{\"@type\":\"WebSite\",\"@id\":\"https:\\\/\\\/iraurgiberritzen.eus\\\/es\\\/#website\",\"url\":\"https:\\\/\\\/iraurgiberritzen.eus\\\/es\\\/\",\"name\":\"Iraurgi Berritzen\",\"description\":\"Urola Erdiko Garapen Agentzia\",\"publisher\":{\"@id\":\"https:\\\/\\\/iraurgiberritzen.eus\\\/es\\\/#organization\"},\"potentialAction\":[{\"@type\":\"SearchAction\",\"target\":{\"@type\":\"EntryPoint\",\"urlTemplate\":\"https:\\\/\\\/iraurgiberritzen.eus\\\/es\\\/?s={search_term_string}\"},\"query-input\":{\"@type\":\"PropertyValueSpecification\",\"valueRequired\":true,\"valueName\":\"search_term_string\"}}],\"inLanguage\":\"es\"},{\"@type\":\"Organization\",\"@id\":\"https:\\\/\\\/iraurgiberritzen.eus\\\/es\\\/#organization\",\"name\":\"Iraurgi Berritzen\",\"url\":\"https:\\\/\\\/iraurgiberritzen.eus\\\/es\\\/\",\"logo\":{\"@type\":\"ImageObject\",\"inLanguage\":\"es\",\"@id\":\"https:\\\/\\\/iraurgiberritzen.eus\\\/es\\\/#\\\/schema\\\/logo\\\/image\\\/\",\"url\":\"https:\\\/\\\/iraurgiberritzen.eus\\\/wp-content\\\/uploads\\\/2024\\\/02\\\/IRAURGI-BERRITZEN-logotipoa_2.png\",\"contentUrl\":\"https:\\\/\\\/iraurgiberritzen.eus\\\/wp-content\\\/uploads\\\/2024\\\/02\\\/IRAURGI-BERRITZEN-logotipoa_2.png\",\"width\":496,\"height\":190,\"caption\":\"Iraurgi Berritzen\"},\"image\":{\"@id\":\"https:\\\/\\\/iraurgiberritzen.eus\\\/es\\\/#\\\/schema\\\/logo\\\/image\\\/\"}},{\"@type\":\"Person\",\"@id\":\"https:\\\/\\\/iraurgiberritzen.eus\\\/es\\\/#\\\/schema\\\/person\\\/5ab41aaf388a9097177601ebf45738d2\",\"name\":\"kudeatzailea\",\"sameAs\":[\"https:\\\/\\\/iraurgiberritzen.eus\"]}]}<\/script>\n<!-- \/ Yoast SEO plugin. -->","yoast_head_json":{"title":"Las becas Global Training 2015 ya est\u00e1n en marcha - Iraurgi Berritzen","robots":{"index":"index","follow":"follow","max-snippet":"max-snippet:-1","max-image-preview":"max-image-preview:large","max-video-preview":"max-video-preview:-1"},"canonical":"https:\/\/iraurgiberritzen.eus\/es\/las-becas-global-training-2015-ya-estan-en-marcha\/","og_locale":"es_ES","og_type":"article","og_title":"Las becas Global Training 2015 ya est\u00e1n en marcha - Iraurgi Berritzen","og_description":"Os informamos desde Iraurgi Berritzen que Garapen, Asociaci\u00f3n Vasca de Agencias de Desarrollo, y Fomento de San Sebasti\u00e1n, Agencia de Desarrollo y Departamento de Promoci\u00f3n Econ\u00f3mica de San Sebasti\u00e1n, en colaboraci\u00f3n con Gobierno Vasco, lanzan, un a\u00f1o m\u00e1s 60 Becas Global Training. De estas 60 Becas son propias de Garapen las siguientes. En el siguiente [&hellip;]","og_url":"https:\/\/iraurgiberritzen.eus\/es\/las-becas-global-training-2015-ya-estan-en-marcha\/","og_site_name":"Iraurgi Berritzen","article_published_time":"2015-07-02T07:39:04+00:00","author":"kudeatzailea","twitter_card":"summary_large_image","twitter_misc":{"Escrito por":"kudeatzailea","Tiempo de lectura":"1 minuto"},"schema":{"@context":"https:\/\/schema.org","@graph":[{"@type":"Article","@id":"https:\/\/iraurgiberritzen.eus\/es\/las-becas-global-training-2015-ya-estan-en-marcha\/#article","isPartOf":{"@id":"https:\/\/iraurgiberritzen.eus\/es\/las-becas-global-training-2015-ya-estan-en-marcha\/"},"author":{"name":"kudeatzailea","@id":"https:\/\/iraurgiberritzen.eus\/es\/#\/schema\/person\/5ab41aaf388a9097177601ebf45738d2"},"headline":"Las becas Global Training 2015 ya est\u00e1n en marcha","datePublished":"2015-07-02T07:39:04+00:00","mainEntityOfPage":{"@id":"https:\/\/iraurgiberritzen.eus\/es\/las-becas-global-training-2015-ya-estan-en-marcha\/"},"wordCount":224,"publisher":{"@id":"https:\/\/iraurgiberritzen.eus\/es\/#organization"},"image":{"@id":"https:\/\/iraurgiberritzen.eus\/es\/las-becas-global-training-2015-ya-estan-en-marcha\/#primaryimage"},"thumbnailUrl":"https:\/\/iraurgiberritzen.eus\/wp-content\/uploads\/2023\/09\/3b77d3f73b59742412f393cd0d264b14.jpg","articleSection":["Noticias"],"inLanguage":"es"},{"@type":"WebPage","@id":"https:\/\/iraurgiberritzen.eus\/es\/las-becas-global-training-2015-ya-estan-en-marcha\/","url":"https:\/\/iraurgiberritzen.eus\/es\/las-becas-global-training-2015-ya-estan-en-marcha\/","name":"Las becas Global Training 2015 ya est\u00e1n en marcha - Iraurgi Berritzen","isPartOf":{"@id":"https:\/\/iraurgiberritzen.eus\/es\/#website"},"primaryImageOfPage":{"@id":"https:\/\/iraurgiberritzen.eus\/es\/las-becas-global-training-2015-ya-estan-en-marcha\/#primaryimage"},"image":{"@id":"https:\/\/iraurgiberritzen.eus\/es\/las-becas-global-training-2015-ya-estan-en-marcha\/#primaryimage"},"thumbnailUrl":"https:\/\/iraurgiberritzen.eus\/wp-content\/uploads\/2023\/09\/3b77d3f73b59742412f393cd0d264b14.jpg","datePublished":"2015-07-02T07:39:04+00:00","breadcrumb":{"@id":"https:\/\/iraurgiberritzen.eus\/es\/las-becas-global-training-2015-ya-estan-en-marcha\/#breadcrumb"},"inLanguage":"es","potentialAction":[{"@type":"ReadAction","target":["https:\/\/iraurgiberritzen.eus\/es\/las-becas-global-training-2015-ya-estan-en-marcha\/"]}]},{"@type":"ImageObject","inLanguage":"es","@id":"https:\/\/iraurgiberritzen.eus\/es\/las-becas-global-training-2015-ya-estan-en-marcha\/#primaryimage","url":"https:\/\/iraurgiberritzen.eus\/wp-content\/uploads\/2023\/09\/3b77d3f73b59742412f393cd0d264b14.jpg","contentUrl":"https:\/\/iraurgiberritzen.eus\/wp-content\/uploads\/2023\/09\/3b77d3f73b59742412f393cd0d264b14.jpg","width":600,"height":386},{"@type":"BreadcrumbList","@id":"https:\/\/iraurgiberritzen.eus\/es\/las-becas-global-training-2015-ya-estan-en-marcha\/#breadcrumb","itemListElement":[{"@type":"ListItem","position":1,"name":"Home","item":"https:\/\/iraurgiberritzen.eus\/es\/"},{"@type":"ListItem","position":2,"name":"Las becas Global Training 2015 ya est\u00e1n en marcha"}]},{"@type":"WebSite","@id":"https:\/\/iraurgiberritzen.eus\/es\/#website","url":"https:\/\/iraurgiberritzen.eus\/es\/","name":"Iraurgi Berritzen","description":"Urola Erdiko Garapen Agentzia","publisher":{"@id":"https:\/\/iraurgiberritzen.eus\/es\/#organization"},"potentialAction":[{"@type":"SearchAction","target":{"@type":"EntryPoint","urlTemplate":"https:\/\/iraurgiberritzen.eus\/es\/?s={search_term_string}"},"query-input":{"@type":"PropertyValueSpecification","valueRequired":true,"valueName":"search_term_string"}}],"inLanguage":"es"},{"@type":"Organization","@id":"https:\/\/iraurgiberritzen.eus\/es\/#organization","name":"Iraurgi Berritzen","url":"https:\/\/iraurgiberritzen.eus\/es\/","logo":{"@type":"ImageObject","inLanguage":"es","@id":"https:\/\/iraurgiberritzen.eus\/es\/#\/schema\/logo\/image\/","url":"https:\/\/iraurgiberritzen.eus\/wp-content\/uploads\/2024\/02\/IRAURGI-BERRITZEN-logotipoa_2.png","contentUrl":"https:\/\/iraurgiberritzen.eus\/wp-content\/uploads\/2024\/02\/IRAURGI-BERRITZEN-logotipoa_2.png","width":496,"height":190,"caption":"Iraurgi Berritzen"},"image":{"@id":"https:\/\/iraurgiberritzen.eus\/es\/#\/schema\/logo\/image\/"}},{"@type":"Person","@id":"https:\/\/iraurgiberritzen.eus\/es\/#\/schema\/person\/5ab41aaf388a9097177601ebf45738d2","name":"kudeatzailea","sameAs":["https:\/\/iraurgiberritzen.eus"]}]}},"_links":{"self":[{"href":"https:\/\/iraurgiberritzen.eus\/es\/wp-json\/wp\/v2\/posts\/11876","targetHints":{"allow":["GET"]}}],"collection":[{"href":"https:\/\/iraurgiberritzen.eus\/es\/wp-json\/wp\/v2\/posts"}],"about":[{"href":"https:\/\/iraurgiberritzen.eus\/es\/wp-json\/wp\/v2\/types\/post"}],"author":[{"embeddable":true,"href":"https:\/\/iraurgiberritzen.eus\/es\/wp-json\/wp\/v2\/users\/1"}],"replies":[{"embeddable":true,"href":"https:\/\/iraurgiberritzen.eus\/es\/wp-json\/wp\/v2\/comments?post=11876"}],"version-history":[{"count":0,"href":"https:\/\/iraurgiberritzen.eus\/es\/wp-json\/wp\/v2\/posts\/11876\/revisions"}],"wp:featuredmedia":[{"embeddable":true,"href":"https:\/\/iraurgiberritzen.eus\/es\/wp-json\/wp\/v2\/media\/18022"}],"wp:attachment":[{"href":"https:\/\/iraurgiberritzen.eus\/es\/wp-json\/wp\/v2\/media?parent=11876"}],"wp:term":[{"taxonomy":"category","embeddable":true,"href":"https:\/\/iraurgiberritzen.eus\/es\/wp-json\/wp\/v2\/categories?post=11876"},{"taxonomy":"post_tag","embeddable":true,"href":"https:\/\/iraurgiberritzen.eus\/es\/wp-json\/wp\/v2\/tags?post=11876"}],"curies":[{"name":"wp","href":"https:\/\/api.w.org\/{rel}","templated":true}]}}