{"id":11879,"date":"2015-07-20T08:33:09","date_gmt":"2015-07-20T06:33:09","guid":{"rendered":"https:\/\/iraurgiberritzen.eus\/ha-finalizado-la-edicion-de-este-ano-del-proyecto-elkarrekin-eraikitzen\/"},"modified":"2015-07-20T08:33:09","modified_gmt":"2015-07-20T06:33:09","slug":"ha-finalizado-la-edicion-de-este-ano-del-proyecto-elkarrekin-eraikitzen","status":"publish","type":"post","link":"https:\/\/iraurgiberritzen.eus\/es\/ha-finalizado-la-edicion-de-este-ano-del-proyecto-elkarrekin-eraikitzen\/","title":{"rendered":"Ha finalizado la edici\u00f3n de este a\u00f1o del Proyecto \u00abElkarrekin Eraikitzen\u00bb"},"content":{"rendered":"<p>El pasado 18 de Junio se celebr\u00f3 el acto de clausura del proyecto <a href=\"https:\/\/elkarrekineraikitzen.wordpress.com\/\" target=\"_blank\" rel=\"noopener\">\u00abElkarrekin Eraikitzen 2014-15\u00bb<\/a> en el \u00faltimo piso del Ayuntamiento de Azpeitia, donde fueron protagonistas los alumnos de los 5 centros de ense\u00f1anza de la comarca.<\/p>\n<p style=\"text-align: justify;\">Los alumnos presentaron ante los diferentes agentes y espectadores que se acercaron al evento los trabajos realizados y las experiencias vividas durante el proyecto. Los alumnos valoraron muy positivamente el proyecto:<\/p>\n<p style=\"text-align: center;\"><em>\u00abAunque al principio nos sent\u00edamos un poco perdidos, a medida que hemos ido desarrollando el proyecto y despu\u00e9s de reunirnos con los agentes, todo se nos ha hecho m\u00e1s f\u00e1cil, y en general nos ha gustado mucho participar en el proyecto\u00bb dec\u00eda uno de los alumnos ante los espectadores.<\/em><\/p>\n<p style=\"text-align: justify;\">Por otro lado, hubo tambi\u00e9n alumnos que quisieron agradecer a los agentes su participaci\u00f3n:<\/p>\n<p style=\"text-align: justify;\"><em>\u00abHa sido verdaderamente interesante, sobre todo el modo de trabajar, as\u00ed como las entrevistas realizadas a los agentes, y les recomendar\u00edamos a todos los alumnos que participen en el mismo\u00bb.<\/em><\/p>\n<p style=\"text-align: justify;\">El acto termin\u00f3 con un coloquio donde participaron los agentes involucrados en el proyecto. Participaron en el mismo, Eneko Etxeberria \u2013 Alcalde de Azpeitia-, Ana Errasti \u2013 Directora del Ambulatorio de Azpeitia-, Ana Mari Juaristi \u2013 Responsable de Personal de la empresa Juaristi-, Koldo Gurrutxaga \u2013 Director Pedag\u00f3gico de Floreaga Salestar Ikastetxea o Jon Zubizarreta \u2013 T\u00e9cnico de Iraurgi Berritzen-. Tal y como hicieron los alumnos, \u00e9stos tambi\u00e9n compartieron lo vivido durante el proceso, cada uno desde su perspectiva.<\/p>\n<p style=\"text-align: justify;\">As\u00ed dec\u00eda uno de los representantes:<\/p>\n<p style=\"text-align: justify;\"><em>\u00abHa sido muy bonito lo vivido con los alumnos en las entrevistas realizadas cara a cara, es positivo que sean ellos mismos los protagonistas del proceso, ya que les da la oportunidad de conocer de primera mano la realidad de la comarca\u00bb.<\/em><\/p>\n<p style=\"text-align: justify;\">En relaci\u00f3n a las reflexiones de los alumnos, ha sido imprescindible la participaci\u00f3n de los agentes en el proyecto, destacando la participaci\u00f3n de empresas comarcales, agentes del Primer Sector, la Asociaci\u00f3n de Desarrollo Rural, Comerciantes, as\u00ed como los Centros de Salud de la comarca.<\/p>\n<p style=\"text-align: justify;\">En general, ha sido muy positiva la valoraci\u00f3n realizada en relaci\u00f3n al proyecto, donde han participado cerca de 250 alumnos, 15 profesores y m\u00e1s de 40 agentes, y el curso que viene se le dar\u00e1 continuidad, incorporando en su estructura las innovaciones propuestas durante este a\u00f1o.<\/p>\n<p style=\"text-align: justify;\">El proyecto tiene tres objetivos principales, trabajar nuevas habilidades con los alumnos, conocer la realidad socioecon\u00f3mica de la comarca desde la experiencia y ofrecer a los profesores la oportunidad de experimentar con metodolog\u00edas innovadoras. Han participado en el proyecto los siguientes centros: Floreaga, Iraurgi, Ikasberri, Xabier Munibe y Urola. El coordinador del proyecto ha sido Iraurgi Berritzen, que ha contado con la colaboraci\u00f3n de la empresa de consultor\u00eda \u00abIe Team\u00bb.<\/p>\n<p style=\"text-align: justify;\">{myFlickr}photoset_id=72157653788268623{\/myFlickr}<\/p>\n","protected":false},"excerpt":{"rendered":"<p>El pasado 18 de Junio se celebr\u00f3 el acto de clausura del proyecto \u00abElkarrekin Eraikitzen 2014-15\u00bb en el \u00faltimo piso del Ayuntamiento de Azpeitia, donde fueron protagonistas los alumnos de los 5 centros de ense\u00f1anza de la comarca. Los alumnos presentaron ante los diferentes agentes y espectadores que se acercaron al evento los trabajos realizados [&hellip;]<\/p>\n","protected":false},"author":1,"featured_media":18023,"comment_status":"closed","ping_status":"closed","sticky":false,"template":"","format":"standard","meta":{"_acf_changed":false,"footnotes":""},"categories":[4],"tags":[],"class_list":["post-11879","post","type-post","status-publish","format-standard","has-post-thumbnail","hentry","category-noticias"],"acf":[],"yoast_head":"<!-- This site is optimized with the Yoast SEO plugin v27.4 - https:\/\/yoast.com\/product\/yoast-seo-wordpress\/ -->\n<title>Ha finalizado la edici\u00f3n de este a\u00f1o del Proyecto &quot;Elkarrekin Eraikitzen&quot; - Iraurgi Berritzen<\/title>\n<meta name=\"robots\" content=\"index, follow, max-snippet:-1, max-image-preview:large, max-video-preview:-1\" \/>\n<link rel=\"canonical\" href=\"https:\/\/iraurgiberritzen.eus\/es\/ha-finalizado-la-edicion-de-este-ano-del-proyecto-elkarrekin-eraikitzen\/\" \/>\n<meta property=\"og:locale\" content=\"es_ES\" \/>\n<meta property=\"og:type\" content=\"article\" \/>\n<meta property=\"og:title\" content=\"Ha finalizado la edici\u00f3n de este a\u00f1o del Proyecto &quot;Elkarrekin Eraikitzen&quot; - Iraurgi Berritzen\" \/>\n<meta property=\"og:description\" content=\"El pasado 18 de Junio se celebr\u00f3 el acto de clausura del proyecto \u00abElkarrekin Eraikitzen 2014-15\u00bb en el \u00faltimo piso del Ayuntamiento de Azpeitia, donde fueron protagonistas los alumnos de los 5 centros de ense\u00f1anza de la comarca. Los alumnos presentaron ante los diferentes agentes y espectadores que se acercaron al evento los trabajos realizados [&hellip;]\" \/>\n<meta property=\"og:url\" content=\"https:\/\/iraurgiberritzen.eus\/es\/ha-finalizado-la-edicion-de-este-ano-del-proyecto-elkarrekin-eraikitzen\/\" \/>\n<meta property=\"og:site_name\" content=\"Iraurgi Berritzen\" \/>\n<meta property=\"article:published_time\" content=\"2015-07-20T06:33:09+00:00\" \/>\n<meta name=\"author\" content=\"kudeatzailea\" \/>\n<meta name=\"twitter:card\" content=\"summary_large_image\" \/>\n<meta name=\"twitter:label1\" content=\"Escrito por\" \/>\n\t<meta name=\"twitter:data1\" content=\"kudeatzailea\" \/>\n\t<meta name=\"twitter:label2\" content=\"Tiempo de lectura\" \/>\n\t<meta name=\"twitter:data2\" content=\"2 minutos\" \/>\n<script type=\"application\/ld+json\" class=\"yoast-schema-graph\">{\"@context\":\"https:\\\/\\\/schema.org\",\"@graph\":[{\"@type\":\"Article\",\"@id\":\"https:\\\/\\\/iraurgiberritzen.eus\\\/es\\\/ha-finalizado-la-edicion-de-este-ano-del-proyecto-elkarrekin-eraikitzen\\\/#article\",\"isPartOf\":{\"@id\":\"https:\\\/\\\/iraurgiberritzen.eus\\\/es\\\/ha-finalizado-la-edicion-de-este-ano-del-proyecto-elkarrekin-eraikitzen\\\/\"},\"author\":{\"name\":\"kudeatzailea\",\"@id\":\"https:\\\/\\\/iraurgiberritzen.eus\\\/es\\\/#\\\/schema\\\/person\\\/5ab41aaf388a9097177601ebf45738d2\"},\"headline\":\"Ha finalizado la edici\u00f3n de este a\u00f1o del Proyecto \u00abElkarrekin Eraikitzen\u00bb\",\"datePublished\":\"2015-07-20T06:33:09+00:00\",\"mainEntityOfPage\":{\"@id\":\"https:\\\/\\\/iraurgiberritzen.eus\\\/es\\\/ha-finalizado-la-edicion-de-este-ano-del-proyecto-elkarrekin-eraikitzen\\\/\"},\"wordCount\":481,\"publisher\":{\"@id\":\"https:\\\/\\\/iraurgiberritzen.eus\\\/es\\\/#organization\"},\"image\":{\"@id\":\"https:\\\/\\\/iraurgiberritzen.eus\\\/es\\\/ha-finalizado-la-edicion-de-este-ano-del-proyecto-elkarrekin-eraikitzen\\\/#primaryimage\"},\"thumbnailUrl\":\"https:\\\/\\\/iraurgiberritzen.eus\\\/wp-content\\\/uploads\\\/2023\\\/09\\\/9ad74ebcc3d83e86bcc0098026ed5e9f.jpg\",\"articleSection\":[\"Noticias\"],\"inLanguage\":\"es\"},{\"@type\":\"WebPage\",\"@id\":\"https:\\\/\\\/iraurgiberritzen.eus\\\/es\\\/ha-finalizado-la-edicion-de-este-ano-del-proyecto-elkarrekin-eraikitzen\\\/\",\"url\":\"https:\\\/\\\/iraurgiberritzen.eus\\\/es\\\/ha-finalizado-la-edicion-de-este-ano-del-proyecto-elkarrekin-eraikitzen\\\/\",\"name\":\"Ha finalizado la edici\u00f3n de este a\u00f1o del Proyecto \\\"Elkarrekin Eraikitzen\\\" - Iraurgi Berritzen\",\"isPartOf\":{\"@id\":\"https:\\\/\\\/iraurgiberritzen.eus\\\/es\\\/#website\"},\"primaryImageOfPage\":{\"@id\":\"https:\\\/\\\/iraurgiberritzen.eus\\\/es\\\/ha-finalizado-la-edicion-de-este-ano-del-proyecto-elkarrekin-eraikitzen\\\/#primaryimage\"},\"image\":{\"@id\":\"https:\\\/\\\/iraurgiberritzen.eus\\\/es\\\/ha-finalizado-la-edicion-de-este-ano-del-proyecto-elkarrekin-eraikitzen\\\/#primaryimage\"},\"thumbnailUrl\":\"https:\\\/\\\/iraurgiberritzen.eus\\\/wp-content\\\/uploads\\\/2023\\\/09\\\/9ad74ebcc3d83e86bcc0098026ed5e9f.jpg\",\"datePublished\":\"2015-07-20T06:33:09+00:00\",\"breadcrumb\":{\"@id\":\"https:\\\/\\\/iraurgiberritzen.eus\\\/es\\\/ha-finalizado-la-edicion-de-este-ano-del-proyecto-elkarrekin-eraikitzen\\\/#breadcrumb\"},\"inLanguage\":\"es\",\"potentialAction\":[{\"@type\":\"ReadAction\",\"target\":[\"https:\\\/\\\/iraurgiberritzen.eus\\\/es\\\/ha-finalizado-la-edicion-de-este-ano-del-proyecto-elkarrekin-eraikitzen\\\/\"]}]},{\"@type\":\"ImageObject\",\"inLanguage\":\"es\",\"@id\":\"https:\\\/\\\/iraurgiberritzen.eus\\\/es\\\/ha-finalizado-la-edicion-de-este-ano-del-proyecto-elkarrekin-eraikitzen\\\/#primaryimage\",\"url\":\"https:\\\/\\\/iraurgiberritzen.eus\\\/wp-content\\\/uploads\\\/2023\\\/09\\\/9ad74ebcc3d83e86bcc0098026ed5e9f.jpg\",\"contentUrl\":\"https:\\\/\\\/iraurgiberritzen.eus\\\/wp-content\\\/uploads\\\/2023\\\/09\\\/9ad74ebcc3d83e86bcc0098026ed5e9f.jpg\",\"width\":600,\"height\":386},{\"@type\":\"BreadcrumbList\",\"@id\":\"https:\\\/\\\/iraurgiberritzen.eus\\\/es\\\/ha-finalizado-la-edicion-de-este-ano-del-proyecto-elkarrekin-eraikitzen\\\/#breadcrumb\",\"itemListElement\":[{\"@type\":\"ListItem\",\"position\":1,\"name\":\"Home\",\"item\":\"https:\\\/\\\/iraurgiberritzen.eus\\\/es\\\/\"},{\"@type\":\"ListItem\",\"position\":2,\"name\":\"Ha finalizado la edici\u00f3n de este a\u00f1o del Proyecto &#8220;Elkarrekin Eraikitzen&#8221;\"}]},{\"@type\":\"WebSite\",\"@id\":\"https:\\\/\\\/iraurgiberritzen.eus\\\/es\\\/#website\",\"url\":\"https:\\\/\\\/iraurgiberritzen.eus\\\/es\\\/\",\"name\":\"Iraurgi Berritzen\",\"description\":\"Urola Erdiko Garapen Agentzia\",\"publisher\":{\"@id\":\"https:\\\/\\\/iraurgiberritzen.eus\\\/es\\\/#organization\"},\"potentialAction\":[{\"@type\":\"SearchAction\",\"target\":{\"@type\":\"EntryPoint\",\"urlTemplate\":\"https:\\\/\\\/iraurgiberritzen.eus\\\/es\\\/?s={search_term_string}\"},\"query-input\":{\"@type\":\"PropertyValueSpecification\",\"valueRequired\":true,\"valueName\":\"search_term_string\"}}],\"inLanguage\":\"es\"},{\"@type\":\"Organization\",\"@id\":\"https:\\\/\\\/iraurgiberritzen.eus\\\/es\\\/#organization\",\"name\":\"Iraurgi Berritzen\",\"url\":\"https:\\\/\\\/iraurgiberritzen.eus\\\/es\\\/\",\"logo\":{\"@type\":\"ImageObject\",\"inLanguage\":\"es\",\"@id\":\"https:\\\/\\\/iraurgiberritzen.eus\\\/es\\\/#\\\/schema\\\/logo\\\/image\\\/\",\"url\":\"https:\\\/\\\/iraurgiberritzen.eus\\\/wp-content\\\/uploads\\\/2024\\\/02\\\/IRAURGI-BERRITZEN-logotipoa_2.png\",\"contentUrl\":\"https:\\\/\\\/iraurgiberritzen.eus\\\/wp-content\\\/uploads\\\/2024\\\/02\\\/IRAURGI-BERRITZEN-logotipoa_2.png\",\"width\":496,\"height\":190,\"caption\":\"Iraurgi Berritzen\"},\"image\":{\"@id\":\"https:\\\/\\\/iraurgiberritzen.eus\\\/es\\\/#\\\/schema\\\/logo\\\/image\\\/\"}},{\"@type\":\"Person\",\"@id\":\"https:\\\/\\\/iraurgiberritzen.eus\\\/es\\\/#\\\/schema\\\/person\\\/5ab41aaf388a9097177601ebf45738d2\",\"name\":\"kudeatzailea\",\"sameAs\":[\"https:\\\/\\\/iraurgiberritzen.eus\"]}]}<\/script>\n<!-- \/ Yoast SEO plugin. -->","yoast_head_json":{"title":"Ha finalizado la edici\u00f3n de este a\u00f1o del Proyecto \"Elkarrekin Eraikitzen\" - Iraurgi Berritzen","robots":{"index":"index","follow":"follow","max-snippet":"max-snippet:-1","max-image-preview":"max-image-preview:large","max-video-preview":"max-video-preview:-1"},"canonical":"https:\/\/iraurgiberritzen.eus\/es\/ha-finalizado-la-edicion-de-este-ano-del-proyecto-elkarrekin-eraikitzen\/","og_locale":"es_ES","og_type":"article","og_title":"Ha finalizado la edici\u00f3n de este a\u00f1o del Proyecto \"Elkarrekin Eraikitzen\" - Iraurgi Berritzen","og_description":"El pasado 18 de Junio se celebr\u00f3 el acto de clausura del proyecto \u00abElkarrekin Eraikitzen 2014-15\u00bb en el \u00faltimo piso del Ayuntamiento de Azpeitia, donde fueron protagonistas los alumnos de los 5 centros de ense\u00f1anza de la comarca. Los alumnos presentaron ante los diferentes agentes y espectadores que se acercaron al evento los trabajos realizados [&hellip;]","og_url":"https:\/\/iraurgiberritzen.eus\/es\/ha-finalizado-la-edicion-de-este-ano-del-proyecto-elkarrekin-eraikitzen\/","og_site_name":"Iraurgi Berritzen","article_published_time":"2015-07-20T06:33:09+00:00","author":"kudeatzailea","twitter_card":"summary_large_image","twitter_misc":{"Escrito por":"kudeatzailea","Tiempo de lectura":"2 minutos"},"schema":{"@context":"https:\/\/schema.org","@graph":[{"@type":"Article","@id":"https:\/\/iraurgiberritzen.eus\/es\/ha-finalizado-la-edicion-de-este-ano-del-proyecto-elkarrekin-eraikitzen\/#article","isPartOf":{"@id":"https:\/\/iraurgiberritzen.eus\/es\/ha-finalizado-la-edicion-de-este-ano-del-proyecto-elkarrekin-eraikitzen\/"},"author":{"name":"kudeatzailea","@id":"https:\/\/iraurgiberritzen.eus\/es\/#\/schema\/person\/5ab41aaf388a9097177601ebf45738d2"},"headline":"Ha finalizado la edici\u00f3n de este a\u00f1o del Proyecto \u00abElkarrekin Eraikitzen\u00bb","datePublished":"2015-07-20T06:33:09+00:00","mainEntityOfPage":{"@id":"https:\/\/iraurgiberritzen.eus\/es\/ha-finalizado-la-edicion-de-este-ano-del-proyecto-elkarrekin-eraikitzen\/"},"wordCount":481,"publisher":{"@id":"https:\/\/iraurgiberritzen.eus\/es\/#organization"},"image":{"@id":"https:\/\/iraurgiberritzen.eus\/es\/ha-finalizado-la-edicion-de-este-ano-del-proyecto-elkarrekin-eraikitzen\/#primaryimage"},"thumbnailUrl":"https:\/\/iraurgiberritzen.eus\/wp-content\/uploads\/2023\/09\/9ad74ebcc3d83e86bcc0098026ed5e9f.jpg","articleSection":["Noticias"],"inLanguage":"es"},{"@type":"WebPage","@id":"https:\/\/iraurgiberritzen.eus\/es\/ha-finalizado-la-edicion-de-este-ano-del-proyecto-elkarrekin-eraikitzen\/","url":"https:\/\/iraurgiberritzen.eus\/es\/ha-finalizado-la-edicion-de-este-ano-del-proyecto-elkarrekin-eraikitzen\/","name":"Ha finalizado la edici\u00f3n de este a\u00f1o del Proyecto \"Elkarrekin Eraikitzen\" - Iraurgi Berritzen","isPartOf":{"@id":"https:\/\/iraurgiberritzen.eus\/es\/#website"},"primaryImageOfPage":{"@id":"https:\/\/iraurgiberritzen.eus\/es\/ha-finalizado-la-edicion-de-este-ano-del-proyecto-elkarrekin-eraikitzen\/#primaryimage"},"image":{"@id":"https:\/\/iraurgiberritzen.eus\/es\/ha-finalizado-la-edicion-de-este-ano-del-proyecto-elkarrekin-eraikitzen\/#primaryimage"},"thumbnailUrl":"https:\/\/iraurgiberritzen.eus\/wp-content\/uploads\/2023\/09\/9ad74ebcc3d83e86bcc0098026ed5e9f.jpg","datePublished":"2015-07-20T06:33:09+00:00","breadcrumb":{"@id":"https:\/\/iraurgiberritzen.eus\/es\/ha-finalizado-la-edicion-de-este-ano-del-proyecto-elkarrekin-eraikitzen\/#breadcrumb"},"inLanguage":"es","potentialAction":[{"@type":"ReadAction","target":["https:\/\/iraurgiberritzen.eus\/es\/ha-finalizado-la-edicion-de-este-ano-del-proyecto-elkarrekin-eraikitzen\/"]}]},{"@type":"ImageObject","inLanguage":"es","@id":"https:\/\/iraurgiberritzen.eus\/es\/ha-finalizado-la-edicion-de-este-ano-del-proyecto-elkarrekin-eraikitzen\/#primaryimage","url":"https:\/\/iraurgiberritzen.eus\/wp-content\/uploads\/2023\/09\/9ad74ebcc3d83e86bcc0098026ed5e9f.jpg","contentUrl":"https:\/\/iraurgiberritzen.eus\/wp-content\/uploads\/2023\/09\/9ad74ebcc3d83e86bcc0098026ed5e9f.jpg","width":600,"height":386},{"@type":"BreadcrumbList","@id":"https:\/\/iraurgiberritzen.eus\/es\/ha-finalizado-la-edicion-de-este-ano-del-proyecto-elkarrekin-eraikitzen\/#breadcrumb","itemListElement":[{"@type":"ListItem","position":1,"name":"Home","item":"https:\/\/iraurgiberritzen.eus\/es\/"},{"@type":"ListItem","position":2,"name":"Ha finalizado la edici\u00f3n de este a\u00f1o del Proyecto &#8220;Elkarrekin Eraikitzen&#8221;"}]},{"@type":"WebSite","@id":"https:\/\/iraurgiberritzen.eus\/es\/#website","url":"https:\/\/iraurgiberritzen.eus\/es\/","name":"Iraurgi Berritzen","description":"Urola Erdiko Garapen Agentzia","publisher":{"@id":"https:\/\/iraurgiberritzen.eus\/es\/#organization"},"potentialAction":[{"@type":"SearchAction","target":{"@type":"EntryPoint","urlTemplate":"https:\/\/iraurgiberritzen.eus\/es\/?s={search_term_string}"},"query-input":{"@type":"PropertyValueSpecification","valueRequired":true,"valueName":"search_term_string"}}],"inLanguage":"es"},{"@type":"Organization","@id":"https:\/\/iraurgiberritzen.eus\/es\/#organization","name":"Iraurgi Berritzen","url":"https:\/\/iraurgiberritzen.eus\/es\/","logo":{"@type":"ImageObject","inLanguage":"es","@id":"https:\/\/iraurgiberritzen.eus\/es\/#\/schema\/logo\/image\/","url":"https:\/\/iraurgiberritzen.eus\/wp-content\/uploads\/2024\/02\/IRAURGI-BERRITZEN-logotipoa_2.png","contentUrl":"https:\/\/iraurgiberritzen.eus\/wp-content\/uploads\/2024\/02\/IRAURGI-BERRITZEN-logotipoa_2.png","width":496,"height":190,"caption":"Iraurgi Berritzen"},"image":{"@id":"https:\/\/iraurgiberritzen.eus\/es\/#\/schema\/logo\/image\/"}},{"@type":"Person","@id":"https:\/\/iraurgiberritzen.eus\/es\/#\/schema\/person\/5ab41aaf388a9097177601ebf45738d2","name":"kudeatzailea","sameAs":["https:\/\/iraurgiberritzen.eus"]}]}},"_links":{"self":[{"href":"https:\/\/iraurgiberritzen.eus\/es\/wp-json\/wp\/v2\/posts\/11879","targetHints":{"allow":["GET"]}}],"collection":[{"href":"https:\/\/iraurgiberritzen.eus\/es\/wp-json\/wp\/v2\/posts"}],"about":[{"href":"https:\/\/iraurgiberritzen.eus\/es\/wp-json\/wp\/v2\/types\/post"}],"author":[{"embeddable":true,"href":"https:\/\/iraurgiberritzen.eus\/es\/wp-json\/wp\/v2\/users\/1"}],"replies":[{"embeddable":true,"href":"https:\/\/iraurgiberritzen.eus\/es\/wp-json\/wp\/v2\/comments?post=11879"}],"version-history":[{"count":0,"href":"https:\/\/iraurgiberritzen.eus\/es\/wp-json\/wp\/v2\/posts\/11879\/revisions"}],"wp:featuredmedia":[{"embeddable":true,"href":"https:\/\/iraurgiberritzen.eus\/es\/wp-json\/wp\/v2\/media\/18023"}],"wp:attachment":[{"href":"https:\/\/iraurgiberritzen.eus\/es\/wp-json\/wp\/v2\/media?parent=11879"}],"wp:term":[{"taxonomy":"category","embeddable":true,"href":"https:\/\/iraurgiberritzen.eus\/es\/wp-json\/wp\/v2\/categories?post=11879"},{"taxonomy":"post_tag","embeddable":true,"href":"https:\/\/iraurgiberritzen.eus\/es\/wp-json\/wp\/v2\/tags?post=11879"}],"curies":[{"name":"wp","href":"https:\/\/api.w.org\/{rel}","templated":true}]}}