{"id":11885,"date":"2015-07-27T07:34:19","date_gmt":"2015-07-27T05:34:19","guid":{"rendered":"https:\/\/iraurgiberritzen.eus\/el-15-de-julio-se-reunieron-las-empresas-tractoras-en-el-seno-del-proyecto-hornitu\/"},"modified":"2015-07-27T07:34:19","modified_gmt":"2015-07-27T05:34:19","slug":"el-15-de-julio-se-reunieron-las-empresas-tractoras-en-el-seno-del-proyecto-hornitu","status":"publish","type":"post","link":"https:\/\/iraurgiberritzen.eus\/es\/el-15-de-julio-se-reunieron-las-empresas-tractoras-en-el-seno-del-proyecto-hornitu\/","title":{"rendered":"El 15 de julio se reunieron las Empresas Tractoras en el seno del proyecto Hornitu"},"content":{"rendered":"<p style=\"text-align: justify;\">Tras la primera reuni\u00f3n celebrada en junio como punto de partida del proyecto Hornitu, la segunda reuni\u00f3n se celebr\u00f3 el 15 de julio en Azkoitia, con los Responsables de Compras de Empresas Tractoras comarcales.<\/p>\n<p style=\"text-align: justify;\">El objetivo de este proyecto es el desarrollo de peque\u00f1as empresas proveedoras de la comarca, as\u00ed como el impulso de proyectos innovadores, mediante la colaboraci\u00f3n con empresas tractoras.<br \/>Es de destacar que este proyecto ha surgido como consecuencia de varios proyectos que han sido solicitados anterioemente para su desarrollo por parte de diferentes agentes.<\/p>\n<p style=\"text-align: justify;\">Las empresas participantes de esta reuni\u00f3n fueron las siguientes: Grupo Glual, Juaristi TS Comercial S.L., Biele Group, Grupo Ibarmia, Domusa S. Coop., Gerdau Aceros Especiales Europa S.L., Xubi Engranajes S.L., Sammic S.L. y Grupo Sarralle.<\/p>\n","protected":false},"excerpt":{"rendered":"<p>Tras la primera reuni\u00f3n celebrada en junio como punto de partida del proyecto Hornitu, la segunda reuni\u00f3n se celebr\u00f3 el 15 de julio en Azkoitia, con los Responsables de Compras de Empresas Tractoras comarcales. El objetivo de este proyecto es el desarrollo de peque\u00f1as empresas proveedoras de la comarca, as\u00ed como el impulso de proyectos [&hellip;]<\/p>\n","protected":false},"author":1,"featured_media":18025,"comment_status":"","ping_status":"closed","sticky":false,"template":"","format":"standard","meta":{"_acf_changed":false,"footnotes":""},"categories":[4],"tags":[],"class_list":["post-11885","post","type-post","status-publish","format-standard","has-post-thumbnail","hentry","category-noticias"],"acf":[],"yoast_head":"<!-- This site is optimized with the Yoast SEO plugin v27.4 - https:\/\/yoast.com\/product\/yoast-seo-wordpress\/ -->\n<title>El 15 de julio se reunieron las Empresas Tractoras en el seno del proyecto Hornitu - Iraurgi Berritzen<\/title>\n<meta name=\"robots\" content=\"index, follow, max-snippet:-1, max-image-preview:large, max-video-preview:-1\" \/>\n<link rel=\"canonical\" href=\"https:\/\/iraurgiberritzen.eus\/es\/el-15-de-julio-se-reunieron-las-empresas-tractoras-en-el-seno-del-proyecto-hornitu\/\" \/>\n<meta property=\"og:locale\" content=\"es_ES\" \/>\n<meta property=\"og:type\" content=\"article\" \/>\n<meta property=\"og:title\" content=\"El 15 de julio se reunieron las Empresas Tractoras en el seno del proyecto Hornitu - Iraurgi Berritzen\" \/>\n<meta property=\"og:description\" content=\"Tras la primera reuni\u00f3n celebrada en junio como punto de partida del proyecto Hornitu, la segunda reuni\u00f3n se celebr\u00f3 el 15 de julio en Azkoitia, con los Responsables de Compras de Empresas Tractoras comarcales. El objetivo de este proyecto es el desarrollo de peque\u00f1as empresas proveedoras de la comarca, as\u00ed como el impulso de proyectos [&hellip;]\" \/>\n<meta property=\"og:url\" content=\"https:\/\/iraurgiberritzen.eus\/es\/el-15-de-julio-se-reunieron-las-empresas-tractoras-en-el-seno-del-proyecto-hornitu\/\" \/>\n<meta property=\"og:site_name\" content=\"Iraurgi Berritzen\" \/>\n<meta property=\"article:published_time\" content=\"2015-07-27T05:34:19+00:00\" \/>\n<meta name=\"author\" content=\"kudeatzailea\" \/>\n<meta name=\"twitter:card\" content=\"summary_large_image\" \/>\n<meta name=\"twitter:label1\" content=\"Escrito por\" \/>\n\t<meta name=\"twitter:data1\" content=\"kudeatzailea\" \/>\n\t<meta name=\"twitter:label2\" content=\"Tiempo de lectura\" \/>\n\t<meta name=\"twitter:data2\" content=\"1 minuto\" \/>\n<script type=\"application\/ld+json\" class=\"yoast-schema-graph\">{\"@context\":\"https:\\\/\\\/schema.org\",\"@graph\":[{\"@type\":\"Article\",\"@id\":\"https:\\\/\\\/iraurgiberritzen.eus\\\/es\\\/el-15-de-julio-se-reunieron-las-empresas-tractoras-en-el-seno-del-proyecto-hornitu\\\/#article\",\"isPartOf\":{\"@id\":\"https:\\\/\\\/iraurgiberritzen.eus\\\/es\\\/el-15-de-julio-se-reunieron-las-empresas-tractoras-en-el-seno-del-proyecto-hornitu\\\/\"},\"author\":{\"name\":\"kudeatzailea\",\"@id\":\"https:\\\/\\\/iraurgiberritzen.eus\\\/es\\\/#\\\/schema\\\/person\\\/5ab41aaf388a9097177601ebf45738d2\"},\"headline\":\"El 15 de julio se reunieron las Empresas Tractoras en el seno del proyecto Hornitu\",\"datePublished\":\"2015-07-27T05:34:19+00:00\",\"mainEntityOfPage\":{\"@id\":\"https:\\\/\\\/iraurgiberritzen.eus\\\/es\\\/el-15-de-julio-se-reunieron-las-empresas-tractoras-en-el-seno-del-proyecto-hornitu\\\/\"},\"wordCount\":145,\"publisher\":{\"@id\":\"https:\\\/\\\/iraurgiberritzen.eus\\\/es\\\/#organization\"},\"image\":{\"@id\":\"https:\\\/\\\/iraurgiberritzen.eus\\\/es\\\/el-15-de-julio-se-reunieron-las-empresas-tractoras-en-el-seno-del-proyecto-hornitu\\\/#primaryimage\"},\"thumbnailUrl\":\"https:\\\/\\\/iraurgiberritzen.eus\\\/wp-content\\\/uploads\\\/2023\\\/09\\\/8b0dca3b357fcee94cf1b8a6c08994ea.jpg\",\"articleSection\":[\"Noticias\"],\"inLanguage\":\"es\"},{\"@type\":\"WebPage\",\"@id\":\"https:\\\/\\\/iraurgiberritzen.eus\\\/es\\\/el-15-de-julio-se-reunieron-las-empresas-tractoras-en-el-seno-del-proyecto-hornitu\\\/\",\"url\":\"https:\\\/\\\/iraurgiberritzen.eus\\\/es\\\/el-15-de-julio-se-reunieron-las-empresas-tractoras-en-el-seno-del-proyecto-hornitu\\\/\",\"name\":\"El 15 de julio se reunieron las Empresas Tractoras en el seno del proyecto Hornitu - Iraurgi Berritzen\",\"isPartOf\":{\"@id\":\"https:\\\/\\\/iraurgiberritzen.eus\\\/es\\\/#website\"},\"primaryImageOfPage\":{\"@id\":\"https:\\\/\\\/iraurgiberritzen.eus\\\/es\\\/el-15-de-julio-se-reunieron-las-empresas-tractoras-en-el-seno-del-proyecto-hornitu\\\/#primaryimage\"},\"image\":{\"@id\":\"https:\\\/\\\/iraurgiberritzen.eus\\\/es\\\/el-15-de-julio-se-reunieron-las-empresas-tractoras-en-el-seno-del-proyecto-hornitu\\\/#primaryimage\"},\"thumbnailUrl\":\"https:\\\/\\\/iraurgiberritzen.eus\\\/wp-content\\\/uploads\\\/2023\\\/09\\\/8b0dca3b357fcee94cf1b8a6c08994ea.jpg\",\"datePublished\":\"2015-07-27T05:34:19+00:00\",\"breadcrumb\":{\"@id\":\"https:\\\/\\\/iraurgiberritzen.eus\\\/es\\\/el-15-de-julio-se-reunieron-las-empresas-tractoras-en-el-seno-del-proyecto-hornitu\\\/#breadcrumb\"},\"inLanguage\":\"es\",\"potentialAction\":[{\"@type\":\"ReadAction\",\"target\":[\"https:\\\/\\\/iraurgiberritzen.eus\\\/es\\\/el-15-de-julio-se-reunieron-las-empresas-tractoras-en-el-seno-del-proyecto-hornitu\\\/\"]}]},{\"@type\":\"ImageObject\",\"inLanguage\":\"es\",\"@id\":\"https:\\\/\\\/iraurgiberritzen.eus\\\/es\\\/el-15-de-julio-se-reunieron-las-empresas-tractoras-en-el-seno-del-proyecto-hornitu\\\/#primaryimage\",\"url\":\"https:\\\/\\\/iraurgiberritzen.eus\\\/wp-content\\\/uploads\\\/2023\\\/09\\\/8b0dca3b357fcee94cf1b8a6c08994ea.jpg\",\"contentUrl\":\"https:\\\/\\\/iraurgiberritzen.eus\\\/wp-content\\\/uploads\\\/2023\\\/09\\\/8b0dca3b357fcee94cf1b8a6c08994ea.jpg\",\"width\":600,\"height\":386},{\"@type\":\"BreadcrumbList\",\"@id\":\"https:\\\/\\\/iraurgiberritzen.eus\\\/es\\\/el-15-de-julio-se-reunieron-las-empresas-tractoras-en-el-seno-del-proyecto-hornitu\\\/#breadcrumb\",\"itemListElement\":[{\"@type\":\"ListItem\",\"position\":1,\"name\":\"Home\",\"item\":\"https:\\\/\\\/iraurgiberritzen.eus\\\/es\\\/\"},{\"@type\":\"ListItem\",\"position\":2,\"name\":\"El 15 de julio se reunieron las Empresas Tractoras en el seno del proyecto Hornitu\"}]},{\"@type\":\"WebSite\",\"@id\":\"https:\\\/\\\/iraurgiberritzen.eus\\\/es\\\/#website\",\"url\":\"https:\\\/\\\/iraurgiberritzen.eus\\\/es\\\/\",\"name\":\"Iraurgi Berritzen\",\"description\":\"Urola Erdiko Garapen Agentzia\",\"publisher\":{\"@id\":\"https:\\\/\\\/iraurgiberritzen.eus\\\/es\\\/#organization\"},\"potentialAction\":[{\"@type\":\"SearchAction\",\"target\":{\"@type\":\"EntryPoint\",\"urlTemplate\":\"https:\\\/\\\/iraurgiberritzen.eus\\\/es\\\/?s={search_term_string}\"},\"query-input\":{\"@type\":\"PropertyValueSpecification\",\"valueRequired\":true,\"valueName\":\"search_term_string\"}}],\"inLanguage\":\"es\"},{\"@type\":\"Organization\",\"@id\":\"https:\\\/\\\/iraurgiberritzen.eus\\\/es\\\/#organization\",\"name\":\"Iraurgi Berritzen\",\"url\":\"https:\\\/\\\/iraurgiberritzen.eus\\\/es\\\/\",\"logo\":{\"@type\":\"ImageObject\",\"inLanguage\":\"es\",\"@id\":\"https:\\\/\\\/iraurgiberritzen.eus\\\/es\\\/#\\\/schema\\\/logo\\\/image\\\/\",\"url\":\"https:\\\/\\\/iraurgiberritzen.eus\\\/wp-content\\\/uploads\\\/2024\\\/02\\\/IRAURGI-BERRITZEN-logotipoa_2.png\",\"contentUrl\":\"https:\\\/\\\/iraurgiberritzen.eus\\\/wp-content\\\/uploads\\\/2024\\\/02\\\/IRAURGI-BERRITZEN-logotipoa_2.png\",\"width\":496,\"height\":190,\"caption\":\"Iraurgi Berritzen\"},\"image\":{\"@id\":\"https:\\\/\\\/iraurgiberritzen.eus\\\/es\\\/#\\\/schema\\\/logo\\\/image\\\/\"}},{\"@type\":\"Person\",\"@id\":\"https:\\\/\\\/iraurgiberritzen.eus\\\/es\\\/#\\\/schema\\\/person\\\/5ab41aaf388a9097177601ebf45738d2\",\"name\":\"kudeatzailea\",\"sameAs\":[\"https:\\\/\\\/iraurgiberritzen.eus\"]}]}<\/script>\n<!-- \/ Yoast SEO plugin. -->","yoast_head_json":{"title":"El 15 de julio se reunieron las Empresas Tractoras en el seno del proyecto Hornitu - Iraurgi Berritzen","robots":{"index":"index","follow":"follow","max-snippet":"max-snippet:-1","max-image-preview":"max-image-preview:large","max-video-preview":"max-video-preview:-1"},"canonical":"https:\/\/iraurgiberritzen.eus\/es\/el-15-de-julio-se-reunieron-las-empresas-tractoras-en-el-seno-del-proyecto-hornitu\/","og_locale":"es_ES","og_type":"article","og_title":"El 15 de julio se reunieron las Empresas Tractoras en el seno del proyecto Hornitu - Iraurgi Berritzen","og_description":"Tras la primera reuni\u00f3n celebrada en junio como punto de partida del proyecto Hornitu, la segunda reuni\u00f3n se celebr\u00f3 el 15 de julio en Azkoitia, con los Responsables de Compras de Empresas Tractoras comarcales. El objetivo de este proyecto es el desarrollo de peque\u00f1as empresas proveedoras de la comarca, as\u00ed como el impulso de proyectos [&hellip;]","og_url":"https:\/\/iraurgiberritzen.eus\/es\/el-15-de-julio-se-reunieron-las-empresas-tractoras-en-el-seno-del-proyecto-hornitu\/","og_site_name":"Iraurgi Berritzen","article_published_time":"2015-07-27T05:34:19+00:00","author":"kudeatzailea","twitter_card":"summary_large_image","twitter_misc":{"Escrito por":"kudeatzailea","Tiempo de lectura":"1 minuto"},"schema":{"@context":"https:\/\/schema.org","@graph":[{"@type":"Article","@id":"https:\/\/iraurgiberritzen.eus\/es\/el-15-de-julio-se-reunieron-las-empresas-tractoras-en-el-seno-del-proyecto-hornitu\/#article","isPartOf":{"@id":"https:\/\/iraurgiberritzen.eus\/es\/el-15-de-julio-se-reunieron-las-empresas-tractoras-en-el-seno-del-proyecto-hornitu\/"},"author":{"name":"kudeatzailea","@id":"https:\/\/iraurgiberritzen.eus\/es\/#\/schema\/person\/5ab41aaf388a9097177601ebf45738d2"},"headline":"El 15 de julio se reunieron las Empresas Tractoras en el seno del proyecto Hornitu","datePublished":"2015-07-27T05:34:19+00:00","mainEntityOfPage":{"@id":"https:\/\/iraurgiberritzen.eus\/es\/el-15-de-julio-se-reunieron-las-empresas-tractoras-en-el-seno-del-proyecto-hornitu\/"},"wordCount":145,"publisher":{"@id":"https:\/\/iraurgiberritzen.eus\/es\/#organization"},"image":{"@id":"https:\/\/iraurgiberritzen.eus\/es\/el-15-de-julio-se-reunieron-las-empresas-tractoras-en-el-seno-del-proyecto-hornitu\/#primaryimage"},"thumbnailUrl":"https:\/\/iraurgiberritzen.eus\/wp-content\/uploads\/2023\/09\/8b0dca3b357fcee94cf1b8a6c08994ea.jpg","articleSection":["Noticias"],"inLanguage":"es"},{"@type":"WebPage","@id":"https:\/\/iraurgiberritzen.eus\/es\/el-15-de-julio-se-reunieron-las-empresas-tractoras-en-el-seno-del-proyecto-hornitu\/","url":"https:\/\/iraurgiberritzen.eus\/es\/el-15-de-julio-se-reunieron-las-empresas-tractoras-en-el-seno-del-proyecto-hornitu\/","name":"El 15 de julio se reunieron las Empresas Tractoras en el seno del proyecto Hornitu - Iraurgi Berritzen","isPartOf":{"@id":"https:\/\/iraurgiberritzen.eus\/es\/#website"},"primaryImageOfPage":{"@id":"https:\/\/iraurgiberritzen.eus\/es\/el-15-de-julio-se-reunieron-las-empresas-tractoras-en-el-seno-del-proyecto-hornitu\/#primaryimage"},"image":{"@id":"https:\/\/iraurgiberritzen.eus\/es\/el-15-de-julio-se-reunieron-las-empresas-tractoras-en-el-seno-del-proyecto-hornitu\/#primaryimage"},"thumbnailUrl":"https:\/\/iraurgiberritzen.eus\/wp-content\/uploads\/2023\/09\/8b0dca3b357fcee94cf1b8a6c08994ea.jpg","datePublished":"2015-07-27T05:34:19+00:00","breadcrumb":{"@id":"https:\/\/iraurgiberritzen.eus\/es\/el-15-de-julio-se-reunieron-las-empresas-tractoras-en-el-seno-del-proyecto-hornitu\/#breadcrumb"},"inLanguage":"es","potentialAction":[{"@type":"ReadAction","target":["https:\/\/iraurgiberritzen.eus\/es\/el-15-de-julio-se-reunieron-las-empresas-tractoras-en-el-seno-del-proyecto-hornitu\/"]}]},{"@type":"ImageObject","inLanguage":"es","@id":"https:\/\/iraurgiberritzen.eus\/es\/el-15-de-julio-se-reunieron-las-empresas-tractoras-en-el-seno-del-proyecto-hornitu\/#primaryimage","url":"https:\/\/iraurgiberritzen.eus\/wp-content\/uploads\/2023\/09\/8b0dca3b357fcee94cf1b8a6c08994ea.jpg","contentUrl":"https:\/\/iraurgiberritzen.eus\/wp-content\/uploads\/2023\/09\/8b0dca3b357fcee94cf1b8a6c08994ea.jpg","width":600,"height":386},{"@type":"BreadcrumbList","@id":"https:\/\/iraurgiberritzen.eus\/es\/el-15-de-julio-se-reunieron-las-empresas-tractoras-en-el-seno-del-proyecto-hornitu\/#breadcrumb","itemListElement":[{"@type":"ListItem","position":1,"name":"Home","item":"https:\/\/iraurgiberritzen.eus\/es\/"},{"@type":"ListItem","position":2,"name":"El 15 de julio se reunieron las Empresas Tractoras en el seno del proyecto Hornitu"}]},{"@type":"WebSite","@id":"https:\/\/iraurgiberritzen.eus\/es\/#website","url":"https:\/\/iraurgiberritzen.eus\/es\/","name":"Iraurgi Berritzen","description":"Urola Erdiko Garapen Agentzia","publisher":{"@id":"https:\/\/iraurgiberritzen.eus\/es\/#organization"},"potentialAction":[{"@type":"SearchAction","target":{"@type":"EntryPoint","urlTemplate":"https:\/\/iraurgiberritzen.eus\/es\/?s={search_term_string}"},"query-input":{"@type":"PropertyValueSpecification","valueRequired":true,"valueName":"search_term_string"}}],"inLanguage":"es"},{"@type":"Organization","@id":"https:\/\/iraurgiberritzen.eus\/es\/#organization","name":"Iraurgi Berritzen","url":"https:\/\/iraurgiberritzen.eus\/es\/","logo":{"@type":"ImageObject","inLanguage":"es","@id":"https:\/\/iraurgiberritzen.eus\/es\/#\/schema\/logo\/image\/","url":"https:\/\/iraurgiberritzen.eus\/wp-content\/uploads\/2024\/02\/IRAURGI-BERRITZEN-logotipoa_2.png","contentUrl":"https:\/\/iraurgiberritzen.eus\/wp-content\/uploads\/2024\/02\/IRAURGI-BERRITZEN-logotipoa_2.png","width":496,"height":190,"caption":"Iraurgi Berritzen"},"image":{"@id":"https:\/\/iraurgiberritzen.eus\/es\/#\/schema\/logo\/image\/"}},{"@type":"Person","@id":"https:\/\/iraurgiberritzen.eus\/es\/#\/schema\/person\/5ab41aaf388a9097177601ebf45738d2","name":"kudeatzailea","sameAs":["https:\/\/iraurgiberritzen.eus"]}]}},"_links":{"self":[{"href":"https:\/\/iraurgiberritzen.eus\/es\/wp-json\/wp\/v2\/posts\/11885","targetHints":{"allow":["GET"]}}],"collection":[{"href":"https:\/\/iraurgiberritzen.eus\/es\/wp-json\/wp\/v2\/posts"}],"about":[{"href":"https:\/\/iraurgiberritzen.eus\/es\/wp-json\/wp\/v2\/types\/post"}],"author":[{"embeddable":true,"href":"https:\/\/iraurgiberritzen.eus\/es\/wp-json\/wp\/v2\/users\/1"}],"replies":[{"embeddable":true,"href":"https:\/\/iraurgiberritzen.eus\/es\/wp-json\/wp\/v2\/comments?post=11885"}],"version-history":[{"count":0,"href":"https:\/\/iraurgiberritzen.eus\/es\/wp-json\/wp\/v2\/posts\/11885\/revisions"}],"wp:featuredmedia":[{"embeddable":true,"href":"https:\/\/iraurgiberritzen.eus\/es\/wp-json\/wp\/v2\/media\/18025"}],"wp:attachment":[{"href":"https:\/\/iraurgiberritzen.eus\/es\/wp-json\/wp\/v2\/media?parent=11885"}],"wp:term":[{"taxonomy":"category","embeddable":true,"href":"https:\/\/iraurgiberritzen.eus\/es\/wp-json\/wp\/v2\/categories?post=11885"},{"taxonomy":"post_tag","embeddable":true,"href":"https:\/\/iraurgiberritzen.eus\/es\/wp-json\/wp\/v2\/tags?post=11885"}],"curies":[{"name":"wp","href":"https:\/\/api.w.org\/{rel}","templated":true}]}}