{"id":11888,"date":"2015-09-09T10:10:08","date_gmt":"2015-09-09T08:10:08","guid":{"rendered":"https:\/\/iraurgiberritzen.eus\/iraurgi-berritzen-organiza-una-jornada-bajo-el-lema\/"},"modified":"2015-09-09T10:10:08","modified_gmt":"2015-09-09T08:10:08","slug":"iraurgi-berritzen-organiza-una-jornada-bajo-el-lema","status":"publish","type":"post","link":"https:\/\/iraurgiberritzen.eus\/es\/iraurgi-berritzen-organiza-una-jornada-bajo-el-lema\/","title":{"rendered":"Iraurgi Berritzen organiza una jornada bajo el lema"},"content":{"rendered":"<p>Iraurgi Berritzen, en colaboraci\u00f3n con la C\u00e1mara de Comercio de Gipuzkoa, ha organizado una jornada, el pr\u00f3ximo d\u00eda 22 de Septiembre, bajo el t\u00edtulo <strong>\u00abEl Mercado del Norte de \u00c1frica\u00bb<\/strong>.<\/p>\n<p style=\"text-align: justify;\">\u00daltimamente, la crisis tambi\u00e9n ha afectado a mercados tradicionales de Europa y muchas empresas han visto la necesidad de salir fuera del mercado europeo. Pero la operatividad de estos mercados es m\u00e1s compleja y hay que tener en cuenta m\u00e1s factores a la hora de realizar transacciones.<\/p>\n<p style=\"text-align: justify;\">Los participantes en esta jornada tendr\u00e1n la oportunidad de conocer la situaci\u00f3n de mercado y oportunidades de negocio de este pa\u00eds, as\u00ed como la experiencia empresarial la empresa Sammic S.L. de la comarca. Este evento se dirige a todas las empresas de la comarca, anim\u00e1ndoos desde Iraurgi Berritzen a participar en el mismo.<\/p>\n<p style=\"text-align: justify;\">En caso de estar interesado en inscribirse se puede hacer uso de la siguiente <a href=\"images\/iraurgiberritzen\/berriak\/2015\/JORNADA_pais_NORTE_DE_AFRICA.docx\" target=\"_blank\" rel=\"noopener\">ficha<\/a> y mandarla rellenada a la siguiente direcci\u00f3n: <a href=\"mailto:alarranaga@iraurgiberritzen.net\">alarranaga@iraurgiberritzen.net<\/a>.<\/p>\n<p style=\"text-align: justify;\">Para m\u00e1s informaci\u00f3n, pod\u00e9is contactar con Iraurgi Berritzen (Alazne Larra\u00f1aga) en el siguiente n\u00ba de tel\u00e9fono 943 85 11 00.<\/p>\n","protected":false},"excerpt":{"rendered":"<p>Iraurgi Berritzen, en colaboraci\u00f3n con la C\u00e1mara de Comercio de Gipuzkoa, ha organizado una jornada, el pr\u00f3ximo d\u00eda 22 de Septiembre, bajo el t\u00edtulo \u00abEl Mercado del Norte de \u00c1frica\u00bb. \u00daltimamente, la crisis tambi\u00e9n ha afectado a mercados tradicionales de Europa y muchas empresas han visto la necesidad de salir fuera del mercado europeo. Pero [&hellip;]<\/p>\n","protected":false},"author":1,"featured_media":18026,"comment_status":"","ping_status":"closed","sticky":false,"template":"","format":"standard","meta":{"_acf_changed":false,"footnotes":""},"categories":[4],"tags":[],"class_list":["post-11888","post","type-post","status-publish","format-standard","has-post-thumbnail","hentry","category-noticias"],"acf":[],"yoast_head":"<!-- This site is optimized with the Yoast SEO plugin v27.4 - https:\/\/yoast.com\/product\/yoast-seo-wordpress\/ -->\n<title>Iraurgi Berritzen organiza una jornada bajo el lema - Iraurgi Berritzen<\/title>\n<meta name=\"robots\" content=\"index, follow, max-snippet:-1, max-image-preview:large, max-video-preview:-1\" \/>\n<link rel=\"canonical\" href=\"https:\/\/iraurgiberritzen.eus\/es\/iraurgi-berritzen-organiza-una-jornada-bajo-el-lema\/\" \/>\n<meta property=\"og:locale\" content=\"es_ES\" \/>\n<meta property=\"og:type\" content=\"article\" \/>\n<meta property=\"og:title\" content=\"Iraurgi Berritzen organiza una jornada bajo el lema - Iraurgi Berritzen\" \/>\n<meta property=\"og:description\" content=\"Iraurgi Berritzen, en colaboraci\u00f3n con la C\u00e1mara de Comercio de Gipuzkoa, ha organizado una jornada, el pr\u00f3ximo d\u00eda 22 de Septiembre, bajo el t\u00edtulo \u00abEl Mercado del Norte de \u00c1frica\u00bb. \u00daltimamente, la crisis tambi\u00e9n ha afectado a mercados tradicionales de Europa y muchas empresas han visto la necesidad de salir fuera del mercado europeo. Pero [&hellip;]\" \/>\n<meta property=\"og:url\" content=\"https:\/\/iraurgiberritzen.eus\/es\/iraurgi-berritzen-organiza-una-jornada-bajo-el-lema\/\" \/>\n<meta property=\"og:site_name\" content=\"Iraurgi Berritzen\" \/>\n<meta property=\"article:published_time\" content=\"2015-09-09T08:10:08+00:00\" \/>\n<meta name=\"author\" content=\"kudeatzailea\" \/>\n<meta name=\"twitter:card\" content=\"summary_large_image\" \/>\n<meta name=\"twitter:label1\" content=\"Escrito por\" \/>\n\t<meta name=\"twitter:data1\" content=\"kudeatzailea\" \/>\n\t<meta name=\"twitter:label2\" content=\"Tiempo de lectura\" \/>\n\t<meta name=\"twitter:data2\" content=\"1 minuto\" \/>\n<script type=\"application\/ld+json\" class=\"yoast-schema-graph\">{\"@context\":\"https:\\\/\\\/schema.org\",\"@graph\":[{\"@type\":\"Article\",\"@id\":\"https:\\\/\\\/iraurgiberritzen.eus\\\/es\\\/iraurgi-berritzen-organiza-una-jornada-bajo-el-lema\\\/#article\",\"isPartOf\":{\"@id\":\"https:\\\/\\\/iraurgiberritzen.eus\\\/es\\\/iraurgi-berritzen-organiza-una-jornada-bajo-el-lema\\\/\"},\"author\":{\"name\":\"kudeatzailea\",\"@id\":\"https:\\\/\\\/iraurgiberritzen.eus\\\/es\\\/#\\\/schema\\\/person\\\/5ab41aaf388a9097177601ebf45738d2\"},\"headline\":\"Iraurgi Berritzen organiza una jornada bajo el lema\",\"datePublished\":\"2015-09-09T08:10:08+00:00\",\"mainEntityOfPage\":{\"@id\":\"https:\\\/\\\/iraurgiberritzen.eus\\\/es\\\/iraurgi-berritzen-organiza-una-jornada-bajo-el-lema\\\/\"},\"wordCount\":197,\"publisher\":{\"@id\":\"https:\\\/\\\/iraurgiberritzen.eus\\\/es\\\/#organization\"},\"image\":{\"@id\":\"https:\\\/\\\/iraurgiberritzen.eus\\\/es\\\/iraurgi-berritzen-organiza-una-jornada-bajo-el-lema\\\/#primaryimage\"},\"thumbnailUrl\":\"https:\\\/\\\/iraurgiberritzen.eus\\\/wp-content\\\/uploads\\\/2023\\\/09\\\/391d45802a606be64095bd7b66c67316.jpg\",\"articleSection\":[\"Noticias\"],\"inLanguage\":\"es\"},{\"@type\":\"WebPage\",\"@id\":\"https:\\\/\\\/iraurgiberritzen.eus\\\/es\\\/iraurgi-berritzen-organiza-una-jornada-bajo-el-lema\\\/\",\"url\":\"https:\\\/\\\/iraurgiberritzen.eus\\\/es\\\/iraurgi-berritzen-organiza-una-jornada-bajo-el-lema\\\/\",\"name\":\"Iraurgi Berritzen organiza una jornada bajo el lema - Iraurgi Berritzen\",\"isPartOf\":{\"@id\":\"https:\\\/\\\/iraurgiberritzen.eus\\\/es\\\/#website\"},\"primaryImageOfPage\":{\"@id\":\"https:\\\/\\\/iraurgiberritzen.eus\\\/es\\\/iraurgi-berritzen-organiza-una-jornada-bajo-el-lema\\\/#primaryimage\"},\"image\":{\"@id\":\"https:\\\/\\\/iraurgiberritzen.eus\\\/es\\\/iraurgi-berritzen-organiza-una-jornada-bajo-el-lema\\\/#primaryimage\"},\"thumbnailUrl\":\"https:\\\/\\\/iraurgiberritzen.eus\\\/wp-content\\\/uploads\\\/2023\\\/09\\\/391d45802a606be64095bd7b66c67316.jpg\",\"datePublished\":\"2015-09-09T08:10:08+00:00\",\"breadcrumb\":{\"@id\":\"https:\\\/\\\/iraurgiberritzen.eus\\\/es\\\/iraurgi-berritzen-organiza-una-jornada-bajo-el-lema\\\/#breadcrumb\"},\"inLanguage\":\"es\",\"potentialAction\":[{\"@type\":\"ReadAction\",\"target\":[\"https:\\\/\\\/iraurgiberritzen.eus\\\/es\\\/iraurgi-berritzen-organiza-una-jornada-bajo-el-lema\\\/\"]}]},{\"@type\":\"ImageObject\",\"inLanguage\":\"es\",\"@id\":\"https:\\\/\\\/iraurgiberritzen.eus\\\/es\\\/iraurgi-berritzen-organiza-una-jornada-bajo-el-lema\\\/#primaryimage\",\"url\":\"https:\\\/\\\/iraurgiberritzen.eus\\\/wp-content\\\/uploads\\\/2023\\\/09\\\/391d45802a606be64095bd7b66c67316.jpg\",\"contentUrl\":\"https:\\\/\\\/iraurgiberritzen.eus\\\/wp-content\\\/uploads\\\/2023\\\/09\\\/391d45802a606be64095bd7b66c67316.jpg\",\"width\":600,\"height\":390},{\"@type\":\"BreadcrumbList\",\"@id\":\"https:\\\/\\\/iraurgiberritzen.eus\\\/es\\\/iraurgi-berritzen-organiza-una-jornada-bajo-el-lema\\\/#breadcrumb\",\"itemListElement\":[{\"@type\":\"ListItem\",\"position\":1,\"name\":\"Home\",\"item\":\"https:\\\/\\\/iraurgiberritzen.eus\\\/es\\\/\"},{\"@type\":\"ListItem\",\"position\":2,\"name\":\"Iraurgi Berritzen organiza una jornada bajo el lema\"}]},{\"@type\":\"WebSite\",\"@id\":\"https:\\\/\\\/iraurgiberritzen.eus\\\/es\\\/#website\",\"url\":\"https:\\\/\\\/iraurgiberritzen.eus\\\/es\\\/\",\"name\":\"Iraurgi Berritzen\",\"description\":\"Urola Erdiko Garapen Agentzia\",\"publisher\":{\"@id\":\"https:\\\/\\\/iraurgiberritzen.eus\\\/es\\\/#organization\"},\"potentialAction\":[{\"@type\":\"SearchAction\",\"target\":{\"@type\":\"EntryPoint\",\"urlTemplate\":\"https:\\\/\\\/iraurgiberritzen.eus\\\/es\\\/?s={search_term_string}\"},\"query-input\":{\"@type\":\"PropertyValueSpecification\",\"valueRequired\":true,\"valueName\":\"search_term_string\"}}],\"inLanguage\":\"es\"},{\"@type\":\"Organization\",\"@id\":\"https:\\\/\\\/iraurgiberritzen.eus\\\/es\\\/#organization\",\"name\":\"Iraurgi Berritzen\",\"url\":\"https:\\\/\\\/iraurgiberritzen.eus\\\/es\\\/\",\"logo\":{\"@type\":\"ImageObject\",\"inLanguage\":\"es\",\"@id\":\"https:\\\/\\\/iraurgiberritzen.eus\\\/es\\\/#\\\/schema\\\/logo\\\/image\\\/\",\"url\":\"https:\\\/\\\/iraurgiberritzen.eus\\\/wp-content\\\/uploads\\\/2024\\\/02\\\/IRAURGI-BERRITZEN-logotipoa_2.png\",\"contentUrl\":\"https:\\\/\\\/iraurgiberritzen.eus\\\/wp-content\\\/uploads\\\/2024\\\/02\\\/IRAURGI-BERRITZEN-logotipoa_2.png\",\"width\":496,\"height\":190,\"caption\":\"Iraurgi Berritzen\"},\"image\":{\"@id\":\"https:\\\/\\\/iraurgiberritzen.eus\\\/es\\\/#\\\/schema\\\/logo\\\/image\\\/\"}},{\"@type\":\"Person\",\"@id\":\"https:\\\/\\\/iraurgiberritzen.eus\\\/es\\\/#\\\/schema\\\/person\\\/5ab41aaf388a9097177601ebf45738d2\",\"name\":\"kudeatzailea\",\"sameAs\":[\"https:\\\/\\\/iraurgiberritzen.eus\"]}]}<\/script>\n<!-- \/ Yoast SEO plugin. -->","yoast_head_json":{"title":"Iraurgi Berritzen organiza una jornada bajo el lema - Iraurgi Berritzen","robots":{"index":"index","follow":"follow","max-snippet":"max-snippet:-1","max-image-preview":"max-image-preview:large","max-video-preview":"max-video-preview:-1"},"canonical":"https:\/\/iraurgiberritzen.eus\/es\/iraurgi-berritzen-organiza-una-jornada-bajo-el-lema\/","og_locale":"es_ES","og_type":"article","og_title":"Iraurgi Berritzen organiza una jornada bajo el lema - Iraurgi Berritzen","og_description":"Iraurgi Berritzen, en colaboraci\u00f3n con la C\u00e1mara de Comercio de Gipuzkoa, ha organizado una jornada, el pr\u00f3ximo d\u00eda 22 de Septiembre, bajo el t\u00edtulo \u00abEl Mercado del Norte de \u00c1frica\u00bb. \u00daltimamente, la crisis tambi\u00e9n ha afectado a mercados tradicionales de Europa y muchas empresas han visto la necesidad de salir fuera del mercado europeo. Pero [&hellip;]","og_url":"https:\/\/iraurgiberritzen.eus\/es\/iraurgi-berritzen-organiza-una-jornada-bajo-el-lema\/","og_site_name":"Iraurgi Berritzen","article_published_time":"2015-09-09T08:10:08+00:00","author":"kudeatzailea","twitter_card":"summary_large_image","twitter_misc":{"Escrito por":"kudeatzailea","Tiempo de lectura":"1 minuto"},"schema":{"@context":"https:\/\/schema.org","@graph":[{"@type":"Article","@id":"https:\/\/iraurgiberritzen.eus\/es\/iraurgi-berritzen-organiza-una-jornada-bajo-el-lema\/#article","isPartOf":{"@id":"https:\/\/iraurgiberritzen.eus\/es\/iraurgi-berritzen-organiza-una-jornada-bajo-el-lema\/"},"author":{"name":"kudeatzailea","@id":"https:\/\/iraurgiberritzen.eus\/es\/#\/schema\/person\/5ab41aaf388a9097177601ebf45738d2"},"headline":"Iraurgi Berritzen organiza una jornada bajo el lema","datePublished":"2015-09-09T08:10:08+00:00","mainEntityOfPage":{"@id":"https:\/\/iraurgiberritzen.eus\/es\/iraurgi-berritzen-organiza-una-jornada-bajo-el-lema\/"},"wordCount":197,"publisher":{"@id":"https:\/\/iraurgiberritzen.eus\/es\/#organization"},"image":{"@id":"https:\/\/iraurgiberritzen.eus\/es\/iraurgi-berritzen-organiza-una-jornada-bajo-el-lema\/#primaryimage"},"thumbnailUrl":"https:\/\/iraurgiberritzen.eus\/wp-content\/uploads\/2023\/09\/391d45802a606be64095bd7b66c67316.jpg","articleSection":["Noticias"],"inLanguage":"es"},{"@type":"WebPage","@id":"https:\/\/iraurgiberritzen.eus\/es\/iraurgi-berritzen-organiza-una-jornada-bajo-el-lema\/","url":"https:\/\/iraurgiberritzen.eus\/es\/iraurgi-berritzen-organiza-una-jornada-bajo-el-lema\/","name":"Iraurgi Berritzen organiza una jornada bajo el lema - Iraurgi Berritzen","isPartOf":{"@id":"https:\/\/iraurgiberritzen.eus\/es\/#website"},"primaryImageOfPage":{"@id":"https:\/\/iraurgiberritzen.eus\/es\/iraurgi-berritzen-organiza-una-jornada-bajo-el-lema\/#primaryimage"},"image":{"@id":"https:\/\/iraurgiberritzen.eus\/es\/iraurgi-berritzen-organiza-una-jornada-bajo-el-lema\/#primaryimage"},"thumbnailUrl":"https:\/\/iraurgiberritzen.eus\/wp-content\/uploads\/2023\/09\/391d45802a606be64095bd7b66c67316.jpg","datePublished":"2015-09-09T08:10:08+00:00","breadcrumb":{"@id":"https:\/\/iraurgiberritzen.eus\/es\/iraurgi-berritzen-organiza-una-jornada-bajo-el-lema\/#breadcrumb"},"inLanguage":"es","potentialAction":[{"@type":"ReadAction","target":["https:\/\/iraurgiberritzen.eus\/es\/iraurgi-berritzen-organiza-una-jornada-bajo-el-lema\/"]}]},{"@type":"ImageObject","inLanguage":"es","@id":"https:\/\/iraurgiberritzen.eus\/es\/iraurgi-berritzen-organiza-una-jornada-bajo-el-lema\/#primaryimage","url":"https:\/\/iraurgiberritzen.eus\/wp-content\/uploads\/2023\/09\/391d45802a606be64095bd7b66c67316.jpg","contentUrl":"https:\/\/iraurgiberritzen.eus\/wp-content\/uploads\/2023\/09\/391d45802a606be64095bd7b66c67316.jpg","width":600,"height":390},{"@type":"BreadcrumbList","@id":"https:\/\/iraurgiberritzen.eus\/es\/iraurgi-berritzen-organiza-una-jornada-bajo-el-lema\/#breadcrumb","itemListElement":[{"@type":"ListItem","position":1,"name":"Home","item":"https:\/\/iraurgiberritzen.eus\/es\/"},{"@type":"ListItem","position":2,"name":"Iraurgi Berritzen organiza una jornada bajo el lema"}]},{"@type":"WebSite","@id":"https:\/\/iraurgiberritzen.eus\/es\/#website","url":"https:\/\/iraurgiberritzen.eus\/es\/","name":"Iraurgi Berritzen","description":"Urola Erdiko Garapen Agentzia","publisher":{"@id":"https:\/\/iraurgiberritzen.eus\/es\/#organization"},"potentialAction":[{"@type":"SearchAction","target":{"@type":"EntryPoint","urlTemplate":"https:\/\/iraurgiberritzen.eus\/es\/?s={search_term_string}"},"query-input":{"@type":"PropertyValueSpecification","valueRequired":true,"valueName":"search_term_string"}}],"inLanguage":"es"},{"@type":"Organization","@id":"https:\/\/iraurgiberritzen.eus\/es\/#organization","name":"Iraurgi Berritzen","url":"https:\/\/iraurgiberritzen.eus\/es\/","logo":{"@type":"ImageObject","inLanguage":"es","@id":"https:\/\/iraurgiberritzen.eus\/es\/#\/schema\/logo\/image\/","url":"https:\/\/iraurgiberritzen.eus\/wp-content\/uploads\/2024\/02\/IRAURGI-BERRITZEN-logotipoa_2.png","contentUrl":"https:\/\/iraurgiberritzen.eus\/wp-content\/uploads\/2024\/02\/IRAURGI-BERRITZEN-logotipoa_2.png","width":496,"height":190,"caption":"Iraurgi Berritzen"},"image":{"@id":"https:\/\/iraurgiberritzen.eus\/es\/#\/schema\/logo\/image\/"}},{"@type":"Person","@id":"https:\/\/iraurgiberritzen.eus\/es\/#\/schema\/person\/5ab41aaf388a9097177601ebf45738d2","name":"kudeatzailea","sameAs":["https:\/\/iraurgiberritzen.eus"]}]}},"_links":{"self":[{"href":"https:\/\/iraurgiberritzen.eus\/es\/wp-json\/wp\/v2\/posts\/11888","targetHints":{"allow":["GET"]}}],"collection":[{"href":"https:\/\/iraurgiberritzen.eus\/es\/wp-json\/wp\/v2\/posts"}],"about":[{"href":"https:\/\/iraurgiberritzen.eus\/es\/wp-json\/wp\/v2\/types\/post"}],"author":[{"embeddable":true,"href":"https:\/\/iraurgiberritzen.eus\/es\/wp-json\/wp\/v2\/users\/1"}],"replies":[{"embeddable":true,"href":"https:\/\/iraurgiberritzen.eus\/es\/wp-json\/wp\/v2\/comments?post=11888"}],"version-history":[{"count":0,"href":"https:\/\/iraurgiberritzen.eus\/es\/wp-json\/wp\/v2\/posts\/11888\/revisions"}],"wp:featuredmedia":[{"embeddable":true,"href":"https:\/\/iraurgiberritzen.eus\/es\/wp-json\/wp\/v2\/media\/18026"}],"wp:attachment":[{"href":"https:\/\/iraurgiberritzen.eus\/es\/wp-json\/wp\/v2\/media?parent=11888"}],"wp:term":[{"taxonomy":"category","embeddable":true,"href":"https:\/\/iraurgiberritzen.eus\/es\/wp-json\/wp\/v2\/categories?post=11888"},{"taxonomy":"post_tag","embeddable":true,"href":"https:\/\/iraurgiberritzen.eus\/es\/wp-json\/wp\/v2\/tags?post=11888"}],"curies":[{"name":"wp","href":"https:\/\/api.w.org\/{rel}","templated":true}]}}