{"id":11891,"date":"2015-09-10T06:43:54","date_gmt":"2015-09-10T04:43:54","guid":{"rendered":"https:\/\/iraurgiberritzen.eus\/agentes-de-la-comarca-en-colaboracion-en-el-seno-del-proyecto-enparte\/"},"modified":"2015-09-10T06:43:54","modified_gmt":"2015-09-10T04:43:54","slug":"agentes-de-la-comarca-en-colaboracion-en-el-seno-del-proyecto-enparte","status":"publish","type":"post","link":"https:\/\/iraurgiberritzen.eus\/es\/agentes-de-la-comarca-en-colaboracion-en-el-seno-del-proyecto-enparte\/","title":{"rendered":"Agentes de la comarca en colaboraci\u00f3n en el seno del Proyecto Enparte"},"content":{"rendered":"<p style=\"text-align: justify;\">A lo largo del primer semestre de 2015, Iraurgi Berritzen, como agencia de promoci\u00f3n socioecon\u00f3mica e innovaci\u00f3n del Urola Erdia, ha impulsado un <strong>proceso de trabajo para garantizar la mejora del posicionamiento competitivo de la comarca a largo plazo, a trav\u00e9s del fomento de la participaci\u00f3n de las personas<\/strong>.<\/p>\n<p style=\"text-align: justify;\">El proceso, <strong>liderado por Iraurgi Berritzen,<\/strong> ha contado con el apoyo econ\u00f3mico del <strong>Departemanto de Innovaci\u00f3n<\/strong>, <strong>Desarrollo Rural y Turismo de la Diputaci\u00f3n Foral de Gipuzkoa<\/strong>, la colaboraci\u00f3n de la empresa de consultor\u00eda <strong>B+I Strategy<\/strong> y la participaci\u00f3n activa de diversos <strong>agentes socio-econ\u00f3micos comarcales y territoriales<\/strong>:<\/p>\n<ul>\n<li style=\"text-align: justify;\">22 Empresas de la comarca.<\/li>\n<li style=\"text-align: justify;\">Representantes de trabajadores: ELA, LAB, CCOO, UGT.<\/li>\n<li style=\"text-align: justify;\">Administraciones p\u00fablicas: Govierno Vasco, Ayuntamiento de Azkoitia y Ayuntamiento de Azpeitia.<\/li>\n<li style=\"text-align: justify;\">Otros agentes socio-econ\u00f3micos: Gipuzkoa Berritzen.<\/li>\n<\/ul>\n<p style=\"text-align: justify;\">Se han organizado cuatro foros de reflexi\u00f3n donde <strong>se ha debatido sobre la participaci\u00f3n en sus&nbsp; diferentes formas y grados, y los beneficios que aporta<\/strong>, a partir del aprendizaje de empresas que han optado por esta v\u00eda tanto en nuestra comarca, como en el resto de Euskadi y en el extranjero (EEUU, Alemania y Reino Unido).<\/p>\n<p style=\"text-align: justify;\">Por \u00faltimo, se han analizado <strong>los rasgos que deben tener las empresas participativas <\/strong>en la comarca, las <strong>condiciones de bases necesarias<\/strong> para avanzar en este camino y l<strong>as acciones que los diferentes agentes participantes nos planteamos para continuar impulsando la participaci\u00f3n<\/strong> y la construcci\u00f3n de proyectos territoriales y empresariales m\u00e1s compartidos, competitivos y sostenibles en la comarca.<\/p>\n<p style=\"text-align: justify;\">Concretamentes, hemos identificado <strong>cinco posibles l\u00edneas de trabajo<\/strong>, que deseamos impulsar en los pr\u00f3ximos a\u00f1os con la colaboraci\u00f3n de todos los agentes socioecon\u00f3micos de la comarca desde Iraurgi Berritzen como conclusi\u00f3n del proceso seguido y punto de partida siguiente:<\/p>\n<ol>\n<li style=\"text-align: justify;\"><strong>Presentar p\u00fablicamente<\/strong> y difundir las conclusiones del proceso desarrollado en los \u00faltimos meses.<\/li>\n<li style=\"text-align: justify;\">Dar continuidad desde Iraurgi Berritzen al proceso de <strong>divulgaci\u00f3n, promoci\u00f3n y sensibilizaci\u00f3n del Modelo de Empresa Participativa<\/strong> iniciado en este proyecto, a trav\u00e9s de jornadas, experiencias, seminarios de capacitaci\u00f3n, <strong>y proyectos dirigidos a grupos de trabajo<\/strong>, para profundizar en aspectos concretos y operativos sobre la participaci\u00f3n en la empresa.<\/li>\n<li style=\"text-align: justify;\"><strong>Apoyo a cada uno de los agentes participantes<\/strong> que lo requieran, en el proceso de trabajo de <strong>comunicaci\u00f3n interna<\/strong> (en sus organizaciones) de los contenidos y resultados obtenidos a lo largo de estos meses, as\u00ed como en el <strong>proceso de implantaci\u00f3n o impulso de modelos de participaci\u00f3n empresarial<\/strong>.<\/li>\n<li style=\"text-align: justify;\">Dise\u00f1ar y <strong>desarrollar un modelo propio de participaci\u00f3n<\/strong> de las personas en alguna de las <strong>administraciones p\u00fablicas locales o agentes comarcales<\/strong>, como proyecto piloto a lo largo de la legislatura 2015-2018.<\/li>\n<li style=\"text-align: justify;\"><strong>Involucrar y articular la voz de los representantes de los trabajadores<\/strong> en las din\u00e1micas de los proyectos comarcales desarrollados en la agencia.&nbsp;<\/li>\n<\/ol>\n<table style=\"margin-left: auto; margin-right: auto;\" border=\"0\">\n<tbody>\n<tr>\n<td style=\"text-align: center;\"><img loading=\"lazy\" decoding=\"async\" src=\"images\/LOGOAK\/Instituzioak\/gipuzkoa ekintzailea.JPG\" alt=\"\" width=\"111\" height=\"43\" \/>&nbsp;<\/td>\n<td style=\"text-align: center;\">\n<p style=\"text-align: center;\"><img loading=\"lazy\" decoding=\"async\" src=\"images\/LOGOAK\/Instituzioak\/GFA-Berrikuntza-LandaGarapena-Turismoa.JPG\" alt=\"\" width=\"131\" height=\"53\" \/><\/p>\n<\/td>\n<td style=\"text-align: center;\"><img loading=\"lazy\" decoding=\"async\" src=\"images\/FSEele1.jpg\" alt=\"FSEele1.jpg\" width=\"226\" height=\"43\" \/><\/td>\n<td style=\"text-align: center;\"><img loading=\"lazy\" decoding=\"async\" style=\"display: block; margin-left: auto; margin-right: auto;\" src=\"images\/iraurgi_berritzen.jpg\" alt=\"iraurgi_berritzen.jpg\" width=\"94\" height=\"67\" \/><\/td>\n<td style=\"text-align: center;\"><img loading=\"lazy\" decoding=\"async\" src=\"images\/bi.jpg\" alt=\"bi.jpg\" width=\"76\" height=\"76\" \/><\/td>\n<\/tr>\n<\/tbody>\n<\/table>\n","protected":false},"excerpt":{"rendered":"<p>A lo largo del primer semestre de 2015, Iraurgi Berritzen, como agencia de promoci\u00f3n socioecon\u00f3mica e innovaci\u00f3n del Urola Erdia, ha impulsado un proceso de trabajo para garantizar la mejora del posicionamiento competitivo de la comarca a largo plazo, a trav\u00e9s del fomento de la participaci\u00f3n de las personas. El proceso, liderado por Iraurgi Berritzen, [&hellip;]<\/p>\n","protected":false},"author":1,"featured_media":18027,"comment_status":"","ping_status":"closed","sticky":false,"template":"","format":"standard","meta":{"_acf_changed":false,"footnotes":""},"categories":[4],"tags":[],"class_list":["post-11891","post","type-post","status-publish","format-standard","has-post-thumbnail","hentry","category-noticias"],"acf":[],"yoast_head":"<!-- This site is optimized with the Yoast SEO plugin v27.4 - https:\/\/yoast.com\/product\/yoast-seo-wordpress\/ -->\n<title>Agentes de la comarca en colaboraci\u00f3n en el seno del Proyecto Enparte - Iraurgi Berritzen<\/title>\n<meta name=\"robots\" content=\"index, follow, max-snippet:-1, max-image-preview:large, max-video-preview:-1\" \/>\n<link rel=\"canonical\" href=\"https:\/\/iraurgiberritzen.eus\/es\/agentes-de-la-comarca-en-colaboracion-en-el-seno-del-proyecto-enparte\/\" \/>\n<meta property=\"og:locale\" content=\"es_ES\" \/>\n<meta property=\"og:type\" content=\"article\" \/>\n<meta property=\"og:title\" content=\"Agentes de la comarca en colaboraci\u00f3n en el seno del Proyecto Enparte - Iraurgi Berritzen\" \/>\n<meta property=\"og:description\" content=\"A lo largo del primer semestre de 2015, Iraurgi Berritzen, como agencia de promoci\u00f3n socioecon\u00f3mica e innovaci\u00f3n del Urola Erdia, ha impulsado un proceso de trabajo para garantizar la mejora del posicionamiento competitivo de la comarca a largo plazo, a trav\u00e9s del fomento de la participaci\u00f3n de las personas. El proceso, liderado por Iraurgi Berritzen, [&hellip;]\" \/>\n<meta property=\"og:url\" content=\"https:\/\/iraurgiberritzen.eus\/es\/agentes-de-la-comarca-en-colaboracion-en-el-seno-del-proyecto-enparte\/\" \/>\n<meta property=\"og:site_name\" content=\"Iraurgi Berritzen\" \/>\n<meta property=\"article:published_time\" content=\"2015-09-10T04:43:54+00:00\" \/>\n<meta name=\"author\" content=\"kudeatzailea\" \/>\n<meta name=\"twitter:card\" content=\"summary_large_image\" \/>\n<meta name=\"twitter:label1\" content=\"Escrito por\" \/>\n\t<meta name=\"twitter:data1\" content=\"kudeatzailea\" \/>\n\t<meta name=\"twitter:label2\" content=\"Tiempo de lectura\" \/>\n\t<meta name=\"twitter:data2\" content=\"2 minutos\" \/>\n<script type=\"application\/ld+json\" class=\"yoast-schema-graph\">{\"@context\":\"https:\\\/\\\/schema.org\",\"@graph\":[{\"@type\":\"Article\",\"@id\":\"https:\\\/\\\/iraurgiberritzen.eus\\\/es\\\/agentes-de-la-comarca-en-colaboracion-en-el-seno-del-proyecto-enparte\\\/#article\",\"isPartOf\":{\"@id\":\"https:\\\/\\\/iraurgiberritzen.eus\\\/es\\\/agentes-de-la-comarca-en-colaboracion-en-el-seno-del-proyecto-enparte\\\/\"},\"author\":{\"name\":\"kudeatzailea\",\"@id\":\"https:\\\/\\\/iraurgiberritzen.eus\\\/es\\\/#\\\/schema\\\/person\\\/5ab41aaf388a9097177601ebf45738d2\"},\"headline\":\"Agentes de la comarca en colaboraci\u00f3n en el seno del Proyecto Enparte\",\"datePublished\":\"2015-09-10T04:43:54+00:00\",\"mainEntityOfPage\":{\"@id\":\"https:\\\/\\\/iraurgiberritzen.eus\\\/es\\\/agentes-de-la-comarca-en-colaboracion-en-el-seno-del-proyecto-enparte\\\/\"},\"wordCount\":493,\"publisher\":{\"@id\":\"https:\\\/\\\/iraurgiberritzen.eus\\\/es\\\/#organization\"},\"image\":{\"@id\":\"https:\\\/\\\/iraurgiberritzen.eus\\\/es\\\/agentes-de-la-comarca-en-colaboracion-en-el-seno-del-proyecto-enparte\\\/#primaryimage\"},\"thumbnailUrl\":\"https:\\\/\\\/iraurgiberritzen.eus\\\/wp-content\\\/uploads\\\/2023\\\/09\\\/f203d630ce0c3265f9c9461092194e6b.jpg\",\"articleSection\":[\"Noticias\"],\"inLanguage\":\"es\"},{\"@type\":\"WebPage\",\"@id\":\"https:\\\/\\\/iraurgiberritzen.eus\\\/es\\\/agentes-de-la-comarca-en-colaboracion-en-el-seno-del-proyecto-enparte\\\/\",\"url\":\"https:\\\/\\\/iraurgiberritzen.eus\\\/es\\\/agentes-de-la-comarca-en-colaboracion-en-el-seno-del-proyecto-enparte\\\/\",\"name\":\"Agentes de la comarca en colaboraci\u00f3n en el seno del Proyecto Enparte - Iraurgi Berritzen\",\"isPartOf\":{\"@id\":\"https:\\\/\\\/iraurgiberritzen.eus\\\/es\\\/#website\"},\"primaryImageOfPage\":{\"@id\":\"https:\\\/\\\/iraurgiberritzen.eus\\\/es\\\/agentes-de-la-comarca-en-colaboracion-en-el-seno-del-proyecto-enparte\\\/#primaryimage\"},\"image\":{\"@id\":\"https:\\\/\\\/iraurgiberritzen.eus\\\/es\\\/agentes-de-la-comarca-en-colaboracion-en-el-seno-del-proyecto-enparte\\\/#primaryimage\"},\"thumbnailUrl\":\"https:\\\/\\\/iraurgiberritzen.eus\\\/wp-content\\\/uploads\\\/2023\\\/09\\\/f203d630ce0c3265f9c9461092194e6b.jpg\",\"datePublished\":\"2015-09-10T04:43:54+00:00\",\"breadcrumb\":{\"@id\":\"https:\\\/\\\/iraurgiberritzen.eus\\\/es\\\/agentes-de-la-comarca-en-colaboracion-en-el-seno-del-proyecto-enparte\\\/#breadcrumb\"},\"inLanguage\":\"es\",\"potentialAction\":[{\"@type\":\"ReadAction\",\"target\":[\"https:\\\/\\\/iraurgiberritzen.eus\\\/es\\\/agentes-de-la-comarca-en-colaboracion-en-el-seno-del-proyecto-enparte\\\/\"]}]},{\"@type\":\"ImageObject\",\"inLanguage\":\"es\",\"@id\":\"https:\\\/\\\/iraurgiberritzen.eus\\\/es\\\/agentes-de-la-comarca-en-colaboracion-en-el-seno-del-proyecto-enparte\\\/#primaryimage\",\"url\":\"https:\\\/\\\/iraurgiberritzen.eus\\\/wp-content\\\/uploads\\\/2023\\\/09\\\/f203d630ce0c3265f9c9461092194e6b.jpg\",\"contentUrl\":\"https:\\\/\\\/iraurgiberritzen.eus\\\/wp-content\\\/uploads\\\/2023\\\/09\\\/f203d630ce0c3265f9c9461092194e6b.jpg\",\"width\":600,\"height\":390},{\"@type\":\"BreadcrumbList\",\"@id\":\"https:\\\/\\\/iraurgiberritzen.eus\\\/es\\\/agentes-de-la-comarca-en-colaboracion-en-el-seno-del-proyecto-enparte\\\/#breadcrumb\",\"itemListElement\":[{\"@type\":\"ListItem\",\"position\":1,\"name\":\"Home\",\"item\":\"https:\\\/\\\/iraurgiberritzen.eus\\\/es\\\/\"},{\"@type\":\"ListItem\",\"position\":2,\"name\":\"Agentes de la comarca en colaboraci\u00f3n en el seno del Proyecto Enparte\"}]},{\"@type\":\"WebSite\",\"@id\":\"https:\\\/\\\/iraurgiberritzen.eus\\\/es\\\/#website\",\"url\":\"https:\\\/\\\/iraurgiberritzen.eus\\\/es\\\/\",\"name\":\"Iraurgi Berritzen\",\"description\":\"Urola Erdiko Garapen Agentzia\",\"publisher\":{\"@id\":\"https:\\\/\\\/iraurgiberritzen.eus\\\/es\\\/#organization\"},\"potentialAction\":[{\"@type\":\"SearchAction\",\"target\":{\"@type\":\"EntryPoint\",\"urlTemplate\":\"https:\\\/\\\/iraurgiberritzen.eus\\\/es\\\/?s={search_term_string}\"},\"query-input\":{\"@type\":\"PropertyValueSpecification\",\"valueRequired\":true,\"valueName\":\"search_term_string\"}}],\"inLanguage\":\"es\"},{\"@type\":\"Organization\",\"@id\":\"https:\\\/\\\/iraurgiberritzen.eus\\\/es\\\/#organization\",\"name\":\"Iraurgi Berritzen\",\"url\":\"https:\\\/\\\/iraurgiberritzen.eus\\\/es\\\/\",\"logo\":{\"@type\":\"ImageObject\",\"inLanguage\":\"es\",\"@id\":\"https:\\\/\\\/iraurgiberritzen.eus\\\/es\\\/#\\\/schema\\\/logo\\\/image\\\/\",\"url\":\"https:\\\/\\\/iraurgiberritzen.eus\\\/wp-content\\\/uploads\\\/2024\\\/02\\\/IRAURGI-BERRITZEN-logotipoa_2.png\",\"contentUrl\":\"https:\\\/\\\/iraurgiberritzen.eus\\\/wp-content\\\/uploads\\\/2024\\\/02\\\/IRAURGI-BERRITZEN-logotipoa_2.png\",\"width\":496,\"height\":190,\"caption\":\"Iraurgi Berritzen\"},\"image\":{\"@id\":\"https:\\\/\\\/iraurgiberritzen.eus\\\/es\\\/#\\\/schema\\\/logo\\\/image\\\/\"}},{\"@type\":\"Person\",\"@id\":\"https:\\\/\\\/iraurgiberritzen.eus\\\/es\\\/#\\\/schema\\\/person\\\/5ab41aaf388a9097177601ebf45738d2\",\"name\":\"kudeatzailea\",\"sameAs\":[\"https:\\\/\\\/iraurgiberritzen.eus\"]}]}<\/script>\n<!-- \/ Yoast SEO plugin. -->","yoast_head_json":{"title":"Agentes de la comarca en colaboraci\u00f3n en el seno del Proyecto Enparte - Iraurgi Berritzen","robots":{"index":"index","follow":"follow","max-snippet":"max-snippet:-1","max-image-preview":"max-image-preview:large","max-video-preview":"max-video-preview:-1"},"canonical":"https:\/\/iraurgiberritzen.eus\/es\/agentes-de-la-comarca-en-colaboracion-en-el-seno-del-proyecto-enparte\/","og_locale":"es_ES","og_type":"article","og_title":"Agentes de la comarca en colaboraci\u00f3n en el seno del Proyecto Enparte - Iraurgi Berritzen","og_description":"A lo largo del primer semestre de 2015, Iraurgi Berritzen, como agencia de promoci\u00f3n socioecon\u00f3mica e innovaci\u00f3n del Urola Erdia, ha impulsado un proceso de trabajo para garantizar la mejora del posicionamiento competitivo de la comarca a largo plazo, a trav\u00e9s del fomento de la participaci\u00f3n de las personas. El proceso, liderado por Iraurgi Berritzen, [&hellip;]","og_url":"https:\/\/iraurgiberritzen.eus\/es\/agentes-de-la-comarca-en-colaboracion-en-el-seno-del-proyecto-enparte\/","og_site_name":"Iraurgi Berritzen","article_published_time":"2015-09-10T04:43:54+00:00","author":"kudeatzailea","twitter_card":"summary_large_image","twitter_misc":{"Escrito por":"kudeatzailea","Tiempo de lectura":"2 minutos"},"schema":{"@context":"https:\/\/schema.org","@graph":[{"@type":"Article","@id":"https:\/\/iraurgiberritzen.eus\/es\/agentes-de-la-comarca-en-colaboracion-en-el-seno-del-proyecto-enparte\/#article","isPartOf":{"@id":"https:\/\/iraurgiberritzen.eus\/es\/agentes-de-la-comarca-en-colaboracion-en-el-seno-del-proyecto-enparte\/"},"author":{"name":"kudeatzailea","@id":"https:\/\/iraurgiberritzen.eus\/es\/#\/schema\/person\/5ab41aaf388a9097177601ebf45738d2"},"headline":"Agentes de la comarca en colaboraci\u00f3n en el seno del Proyecto Enparte","datePublished":"2015-09-10T04:43:54+00:00","mainEntityOfPage":{"@id":"https:\/\/iraurgiberritzen.eus\/es\/agentes-de-la-comarca-en-colaboracion-en-el-seno-del-proyecto-enparte\/"},"wordCount":493,"publisher":{"@id":"https:\/\/iraurgiberritzen.eus\/es\/#organization"},"image":{"@id":"https:\/\/iraurgiberritzen.eus\/es\/agentes-de-la-comarca-en-colaboracion-en-el-seno-del-proyecto-enparte\/#primaryimage"},"thumbnailUrl":"https:\/\/iraurgiberritzen.eus\/wp-content\/uploads\/2023\/09\/f203d630ce0c3265f9c9461092194e6b.jpg","articleSection":["Noticias"],"inLanguage":"es"},{"@type":"WebPage","@id":"https:\/\/iraurgiberritzen.eus\/es\/agentes-de-la-comarca-en-colaboracion-en-el-seno-del-proyecto-enparte\/","url":"https:\/\/iraurgiberritzen.eus\/es\/agentes-de-la-comarca-en-colaboracion-en-el-seno-del-proyecto-enparte\/","name":"Agentes de la comarca en colaboraci\u00f3n en el seno del Proyecto Enparte - Iraurgi Berritzen","isPartOf":{"@id":"https:\/\/iraurgiberritzen.eus\/es\/#website"},"primaryImageOfPage":{"@id":"https:\/\/iraurgiberritzen.eus\/es\/agentes-de-la-comarca-en-colaboracion-en-el-seno-del-proyecto-enparte\/#primaryimage"},"image":{"@id":"https:\/\/iraurgiberritzen.eus\/es\/agentes-de-la-comarca-en-colaboracion-en-el-seno-del-proyecto-enparte\/#primaryimage"},"thumbnailUrl":"https:\/\/iraurgiberritzen.eus\/wp-content\/uploads\/2023\/09\/f203d630ce0c3265f9c9461092194e6b.jpg","datePublished":"2015-09-10T04:43:54+00:00","breadcrumb":{"@id":"https:\/\/iraurgiberritzen.eus\/es\/agentes-de-la-comarca-en-colaboracion-en-el-seno-del-proyecto-enparte\/#breadcrumb"},"inLanguage":"es","potentialAction":[{"@type":"ReadAction","target":["https:\/\/iraurgiberritzen.eus\/es\/agentes-de-la-comarca-en-colaboracion-en-el-seno-del-proyecto-enparte\/"]}]},{"@type":"ImageObject","inLanguage":"es","@id":"https:\/\/iraurgiberritzen.eus\/es\/agentes-de-la-comarca-en-colaboracion-en-el-seno-del-proyecto-enparte\/#primaryimage","url":"https:\/\/iraurgiberritzen.eus\/wp-content\/uploads\/2023\/09\/f203d630ce0c3265f9c9461092194e6b.jpg","contentUrl":"https:\/\/iraurgiberritzen.eus\/wp-content\/uploads\/2023\/09\/f203d630ce0c3265f9c9461092194e6b.jpg","width":600,"height":390},{"@type":"BreadcrumbList","@id":"https:\/\/iraurgiberritzen.eus\/es\/agentes-de-la-comarca-en-colaboracion-en-el-seno-del-proyecto-enparte\/#breadcrumb","itemListElement":[{"@type":"ListItem","position":1,"name":"Home","item":"https:\/\/iraurgiberritzen.eus\/es\/"},{"@type":"ListItem","position":2,"name":"Agentes de la comarca en colaboraci\u00f3n en el seno del Proyecto Enparte"}]},{"@type":"WebSite","@id":"https:\/\/iraurgiberritzen.eus\/es\/#website","url":"https:\/\/iraurgiberritzen.eus\/es\/","name":"Iraurgi Berritzen","description":"Urola Erdiko Garapen Agentzia","publisher":{"@id":"https:\/\/iraurgiberritzen.eus\/es\/#organization"},"potentialAction":[{"@type":"SearchAction","target":{"@type":"EntryPoint","urlTemplate":"https:\/\/iraurgiberritzen.eus\/es\/?s={search_term_string}"},"query-input":{"@type":"PropertyValueSpecification","valueRequired":true,"valueName":"search_term_string"}}],"inLanguage":"es"},{"@type":"Organization","@id":"https:\/\/iraurgiberritzen.eus\/es\/#organization","name":"Iraurgi Berritzen","url":"https:\/\/iraurgiberritzen.eus\/es\/","logo":{"@type":"ImageObject","inLanguage":"es","@id":"https:\/\/iraurgiberritzen.eus\/es\/#\/schema\/logo\/image\/","url":"https:\/\/iraurgiberritzen.eus\/wp-content\/uploads\/2024\/02\/IRAURGI-BERRITZEN-logotipoa_2.png","contentUrl":"https:\/\/iraurgiberritzen.eus\/wp-content\/uploads\/2024\/02\/IRAURGI-BERRITZEN-logotipoa_2.png","width":496,"height":190,"caption":"Iraurgi Berritzen"},"image":{"@id":"https:\/\/iraurgiberritzen.eus\/es\/#\/schema\/logo\/image\/"}},{"@type":"Person","@id":"https:\/\/iraurgiberritzen.eus\/es\/#\/schema\/person\/5ab41aaf388a9097177601ebf45738d2","name":"kudeatzailea","sameAs":["https:\/\/iraurgiberritzen.eus"]}]}},"_links":{"self":[{"href":"https:\/\/iraurgiberritzen.eus\/es\/wp-json\/wp\/v2\/posts\/11891","targetHints":{"allow":["GET"]}}],"collection":[{"href":"https:\/\/iraurgiberritzen.eus\/es\/wp-json\/wp\/v2\/posts"}],"about":[{"href":"https:\/\/iraurgiberritzen.eus\/es\/wp-json\/wp\/v2\/types\/post"}],"author":[{"embeddable":true,"href":"https:\/\/iraurgiberritzen.eus\/es\/wp-json\/wp\/v2\/users\/1"}],"replies":[{"embeddable":true,"href":"https:\/\/iraurgiberritzen.eus\/es\/wp-json\/wp\/v2\/comments?post=11891"}],"version-history":[{"count":0,"href":"https:\/\/iraurgiberritzen.eus\/es\/wp-json\/wp\/v2\/posts\/11891\/revisions"}],"wp:featuredmedia":[{"embeddable":true,"href":"https:\/\/iraurgiberritzen.eus\/es\/wp-json\/wp\/v2\/media\/18027"}],"wp:attachment":[{"href":"https:\/\/iraurgiberritzen.eus\/es\/wp-json\/wp\/v2\/media?parent=11891"}],"wp:term":[{"taxonomy":"category","embeddable":true,"href":"https:\/\/iraurgiberritzen.eus\/es\/wp-json\/wp\/v2\/categories?post=11891"},{"taxonomy":"post_tag","embeddable":true,"href":"https:\/\/iraurgiberritzen.eus\/es\/wp-json\/wp\/v2\/tags?post=11891"}],"curies":[{"name":"wp","href":"https:\/\/api.w.org\/{rel}","templated":true}]}}