{"id":11897,"date":"2015-09-23T13:00:14","date_gmt":"2015-09-23T11:00:14","guid":{"rendered":"https:\/\/iraurgiberritzen.eus\/iraurgi-berritzen-organiza-varios-talleres-dirigidos-a-desempleados\/"},"modified":"2015-09-23T13:00:14","modified_gmt":"2015-09-23T11:00:14","slug":"iraurgi-berritzen-organiza-varios-talleres-dirigidos-a-desempleados","status":"publish","type":"post","link":"https:\/\/iraurgiberritzen.eus\/es\/iraurgi-berritzen-organiza-varios-talleres-dirigidos-a-desempleados\/","title":{"rendered":"Iraurgi Berritzen organiza varios talleres dirigidos a desempleados"},"content":{"rendered":"<p style=\"text-align: justify;\">Iraurgi Berritzen ha organizado varios cursos dirigidos a los desempleados de la comarca, los cuales se impartir\u00e1n en Septiembre y Octubre en Azkoitia y Azpeitia. A continuaci\u00f3n pod\u00e9is disponer de mas informaci\u00f3n acerca de estos talleres:<\/p>\n<ul>\n<li style=\"text-align: justify;\">Taller bajo el nombre <strong>\u00abObjetivos profesionales\u00bb<\/strong>: El 24 de Septiembre en Azkoitia (Bizenta Mogel, 6) y el 9 de Octubre en Azpeitia (Sindikatu Zaharra). El objetivo profesional es aquello que deseamos alcanzar durante nuestra vida profesional. Es importante pasar los a\u00f1os en activo que tenemos por delante en un trabajo que nos ofrezca oportunidades para autorrealizarnos. En este curso encontrar\u00e1s los aspectos clave para que puedas construir tu objetivo profesional. Entre otros se dar\u00e1n pautas para autoconocernos y conocer los puestos.<\/li>\n<li style=\"text-align: justify;\">Taller bajo el nombre <strong>\u00abTest psicot\u00e9cnicos \u2013 Pruebas de selecci\u00f3n\u00bb<\/strong>: El 15 de Octubre en Azkoitia (Bizenta Mogel, 6) y el 30 de Octubre en Azpeitia (Sindikatu Zaharra). Las pruebas de selecci\u00f3n y los test psicot\u00e9cnicos son un elemento de informaci\u00f3n \u00fatil para descartar a candidatos que no cumplen los requisitos o para confirmar la informaci\u00f3n que se obtiene en la entrevista personal. El objetivo del curso es, por lo tanto, evaluar el potencial del candidato\/a y averiguar en qu\u00e9 medida la persona candidata se adec\u00faa al puesto de trabajo y a un ambiente de trabajo determinado.<\/li>\n<\/ul>\n<p style=\"text-align: justify;\">En caso de estar interesado en inscribirte puedes llamar al <strong>943 02 60 69<\/strong> (los lunes, mi\u00e9rcoles y viernes) o al <strong>943 08 34 69<\/strong> (los martes y jueves) y preguntar por Maialen Ituarte. Los talleres ser\u00e1n en castellano y tendr\u00e1n una duraci\u00f3n de tres horas, concretamente ser\u00e1n de 15:00 a 18:00 de la tarde. La modalidad de impartici\u00f3n ser\u00e1 presencial.<\/p>\n","protected":false},"excerpt":{"rendered":"<p>Iraurgi Berritzen ha organizado varios cursos dirigidos a los desempleados de la comarca, los cuales se impartir\u00e1n en Septiembre y Octubre en Azkoitia y Azpeitia. A continuaci\u00f3n pod\u00e9is disponer de mas informaci\u00f3n acerca de estos talleres: Taller bajo el nombre \u00abObjetivos profesionales\u00bb: El 24 de Septiembre en Azkoitia (Bizenta Mogel, 6) y el 9 de [&hellip;]<\/p>\n","protected":false},"author":1,"featured_media":18029,"comment_status":"","ping_status":"closed","sticky":false,"template":"","format":"standard","meta":{"_acf_changed":false,"footnotes":""},"categories":[4],"tags":[],"class_list":["post-11897","post","type-post","status-publish","format-standard","has-post-thumbnail","hentry","category-noticias"],"acf":[],"yoast_head":"<!-- This site is optimized with the Yoast SEO plugin v27.4 - https:\/\/yoast.com\/product\/yoast-seo-wordpress\/ -->\n<title>Iraurgi Berritzen organiza varios talleres dirigidos a desempleados - Iraurgi Berritzen<\/title>\n<meta name=\"robots\" content=\"index, follow, max-snippet:-1, max-image-preview:large, max-video-preview:-1\" \/>\n<link rel=\"canonical\" href=\"https:\/\/iraurgiberritzen.eus\/es\/iraurgi-berritzen-organiza-varios-talleres-dirigidos-a-desempleados\/\" \/>\n<meta property=\"og:locale\" content=\"es_ES\" \/>\n<meta property=\"og:type\" content=\"article\" \/>\n<meta property=\"og:title\" content=\"Iraurgi Berritzen organiza varios talleres dirigidos a desempleados - Iraurgi Berritzen\" \/>\n<meta property=\"og:description\" content=\"Iraurgi Berritzen ha organizado varios cursos dirigidos a los desempleados de la comarca, los cuales se impartir\u00e1n en Septiembre y Octubre en Azkoitia y Azpeitia. A continuaci\u00f3n pod\u00e9is disponer de mas informaci\u00f3n acerca de estos talleres: Taller bajo el nombre \u00abObjetivos profesionales\u00bb: El 24 de Septiembre en Azkoitia (Bizenta Mogel, 6) y el 9 de [&hellip;]\" \/>\n<meta property=\"og:url\" content=\"https:\/\/iraurgiberritzen.eus\/es\/iraurgi-berritzen-organiza-varios-talleres-dirigidos-a-desempleados\/\" \/>\n<meta property=\"og:site_name\" content=\"Iraurgi Berritzen\" \/>\n<meta property=\"article:published_time\" content=\"2015-09-23T11:00:14+00:00\" \/>\n<meta name=\"author\" content=\"kudeatzailea\" \/>\n<meta name=\"twitter:card\" content=\"summary_large_image\" \/>\n<meta name=\"twitter:label1\" content=\"Escrito por\" \/>\n\t<meta name=\"twitter:data1\" content=\"kudeatzailea\" \/>\n\t<meta name=\"twitter:label2\" content=\"Tiempo de lectura\" \/>\n\t<meta name=\"twitter:data2\" content=\"1 minuto\" \/>\n<script type=\"application\/ld+json\" class=\"yoast-schema-graph\">{\"@context\":\"https:\\\/\\\/schema.org\",\"@graph\":[{\"@type\":\"Article\",\"@id\":\"https:\\\/\\\/iraurgiberritzen.eus\\\/es\\\/iraurgi-berritzen-organiza-varios-talleres-dirigidos-a-desempleados\\\/#article\",\"isPartOf\":{\"@id\":\"https:\\\/\\\/iraurgiberritzen.eus\\\/es\\\/iraurgi-berritzen-organiza-varios-talleres-dirigidos-a-desempleados\\\/\"},\"author\":{\"name\":\"kudeatzailea\",\"@id\":\"https:\\\/\\\/iraurgiberritzen.eus\\\/es\\\/#\\\/schema\\\/person\\\/5ab41aaf388a9097177601ebf45738d2\"},\"headline\":\"Iraurgi Berritzen organiza varios talleres dirigidos a desempleados\",\"datePublished\":\"2015-09-23T11:00:14+00:00\",\"mainEntityOfPage\":{\"@id\":\"https:\\\/\\\/iraurgiberritzen.eus\\\/es\\\/iraurgi-berritzen-organiza-varios-talleres-dirigidos-a-desempleados\\\/\"},\"wordCount\":287,\"publisher\":{\"@id\":\"https:\\\/\\\/iraurgiberritzen.eus\\\/es\\\/#organization\"},\"image\":{\"@id\":\"https:\\\/\\\/iraurgiberritzen.eus\\\/es\\\/iraurgi-berritzen-organiza-varios-talleres-dirigidos-a-desempleados\\\/#primaryimage\"},\"thumbnailUrl\":\"https:\\\/\\\/iraurgiberritzen.eus\\\/wp-content\\\/uploads\\\/2023\\\/09\\\/2d535442c2c0b0669d8f5a051ed00bcc.jpg\",\"articleSection\":[\"Noticias\"],\"inLanguage\":\"es\"},{\"@type\":\"WebPage\",\"@id\":\"https:\\\/\\\/iraurgiberritzen.eus\\\/es\\\/iraurgi-berritzen-organiza-varios-talleres-dirigidos-a-desempleados\\\/\",\"url\":\"https:\\\/\\\/iraurgiberritzen.eus\\\/es\\\/iraurgi-berritzen-organiza-varios-talleres-dirigidos-a-desempleados\\\/\",\"name\":\"Iraurgi Berritzen organiza varios talleres dirigidos a desempleados - Iraurgi Berritzen\",\"isPartOf\":{\"@id\":\"https:\\\/\\\/iraurgiberritzen.eus\\\/es\\\/#website\"},\"primaryImageOfPage\":{\"@id\":\"https:\\\/\\\/iraurgiberritzen.eus\\\/es\\\/iraurgi-berritzen-organiza-varios-talleres-dirigidos-a-desempleados\\\/#primaryimage\"},\"image\":{\"@id\":\"https:\\\/\\\/iraurgiberritzen.eus\\\/es\\\/iraurgi-berritzen-organiza-varios-talleres-dirigidos-a-desempleados\\\/#primaryimage\"},\"thumbnailUrl\":\"https:\\\/\\\/iraurgiberritzen.eus\\\/wp-content\\\/uploads\\\/2023\\\/09\\\/2d535442c2c0b0669d8f5a051ed00bcc.jpg\",\"datePublished\":\"2015-09-23T11:00:14+00:00\",\"breadcrumb\":{\"@id\":\"https:\\\/\\\/iraurgiberritzen.eus\\\/es\\\/iraurgi-berritzen-organiza-varios-talleres-dirigidos-a-desempleados\\\/#breadcrumb\"},\"inLanguage\":\"es\",\"potentialAction\":[{\"@type\":\"ReadAction\",\"target\":[\"https:\\\/\\\/iraurgiberritzen.eus\\\/es\\\/iraurgi-berritzen-organiza-varios-talleres-dirigidos-a-desempleados\\\/\"]}]},{\"@type\":\"ImageObject\",\"inLanguage\":\"es\",\"@id\":\"https:\\\/\\\/iraurgiberritzen.eus\\\/es\\\/iraurgi-berritzen-organiza-varios-talleres-dirigidos-a-desempleados\\\/#primaryimage\",\"url\":\"https:\\\/\\\/iraurgiberritzen.eus\\\/wp-content\\\/uploads\\\/2023\\\/09\\\/2d535442c2c0b0669d8f5a051ed00bcc.jpg\",\"contentUrl\":\"https:\\\/\\\/iraurgiberritzen.eus\\\/wp-content\\\/uploads\\\/2023\\\/09\\\/2d535442c2c0b0669d8f5a051ed00bcc.jpg\",\"width\":600,\"height\":386},{\"@type\":\"BreadcrumbList\",\"@id\":\"https:\\\/\\\/iraurgiberritzen.eus\\\/es\\\/iraurgi-berritzen-organiza-varios-talleres-dirigidos-a-desempleados\\\/#breadcrumb\",\"itemListElement\":[{\"@type\":\"ListItem\",\"position\":1,\"name\":\"Home\",\"item\":\"https:\\\/\\\/iraurgiberritzen.eus\\\/es\\\/\"},{\"@type\":\"ListItem\",\"position\":2,\"name\":\"Iraurgi Berritzen organiza varios talleres dirigidos a desempleados\"}]},{\"@type\":\"WebSite\",\"@id\":\"https:\\\/\\\/iraurgiberritzen.eus\\\/es\\\/#website\",\"url\":\"https:\\\/\\\/iraurgiberritzen.eus\\\/es\\\/\",\"name\":\"Iraurgi Berritzen\",\"description\":\"Urola Erdiko Garapen Agentzia\",\"publisher\":{\"@id\":\"https:\\\/\\\/iraurgiberritzen.eus\\\/es\\\/#organization\"},\"potentialAction\":[{\"@type\":\"SearchAction\",\"target\":{\"@type\":\"EntryPoint\",\"urlTemplate\":\"https:\\\/\\\/iraurgiberritzen.eus\\\/es\\\/?s={search_term_string}\"},\"query-input\":{\"@type\":\"PropertyValueSpecification\",\"valueRequired\":true,\"valueName\":\"search_term_string\"}}],\"inLanguage\":\"es\"},{\"@type\":\"Organization\",\"@id\":\"https:\\\/\\\/iraurgiberritzen.eus\\\/es\\\/#organization\",\"name\":\"Iraurgi Berritzen\",\"url\":\"https:\\\/\\\/iraurgiberritzen.eus\\\/es\\\/\",\"logo\":{\"@type\":\"ImageObject\",\"inLanguage\":\"es\",\"@id\":\"https:\\\/\\\/iraurgiberritzen.eus\\\/es\\\/#\\\/schema\\\/logo\\\/image\\\/\",\"url\":\"https:\\\/\\\/iraurgiberritzen.eus\\\/wp-content\\\/uploads\\\/2024\\\/02\\\/IRAURGI-BERRITZEN-logotipoa_2.png\",\"contentUrl\":\"https:\\\/\\\/iraurgiberritzen.eus\\\/wp-content\\\/uploads\\\/2024\\\/02\\\/IRAURGI-BERRITZEN-logotipoa_2.png\",\"width\":496,\"height\":190,\"caption\":\"Iraurgi Berritzen\"},\"image\":{\"@id\":\"https:\\\/\\\/iraurgiberritzen.eus\\\/es\\\/#\\\/schema\\\/logo\\\/image\\\/\"}},{\"@type\":\"Person\",\"@id\":\"https:\\\/\\\/iraurgiberritzen.eus\\\/es\\\/#\\\/schema\\\/person\\\/5ab41aaf388a9097177601ebf45738d2\",\"name\":\"kudeatzailea\",\"sameAs\":[\"https:\\\/\\\/iraurgiberritzen.eus\"]}]}<\/script>\n<!-- \/ Yoast SEO plugin. -->","yoast_head_json":{"title":"Iraurgi Berritzen organiza varios talleres dirigidos a desempleados - Iraurgi Berritzen","robots":{"index":"index","follow":"follow","max-snippet":"max-snippet:-1","max-image-preview":"max-image-preview:large","max-video-preview":"max-video-preview:-1"},"canonical":"https:\/\/iraurgiberritzen.eus\/es\/iraurgi-berritzen-organiza-varios-talleres-dirigidos-a-desempleados\/","og_locale":"es_ES","og_type":"article","og_title":"Iraurgi Berritzen organiza varios talleres dirigidos a desempleados - Iraurgi Berritzen","og_description":"Iraurgi Berritzen ha organizado varios cursos dirigidos a los desempleados de la comarca, los cuales se impartir\u00e1n en Septiembre y Octubre en Azkoitia y Azpeitia. A continuaci\u00f3n pod\u00e9is disponer de mas informaci\u00f3n acerca de estos talleres: Taller bajo el nombre \u00abObjetivos profesionales\u00bb: El 24 de Septiembre en Azkoitia (Bizenta Mogel, 6) y el 9 de [&hellip;]","og_url":"https:\/\/iraurgiberritzen.eus\/es\/iraurgi-berritzen-organiza-varios-talleres-dirigidos-a-desempleados\/","og_site_name":"Iraurgi Berritzen","article_published_time":"2015-09-23T11:00:14+00:00","author":"kudeatzailea","twitter_card":"summary_large_image","twitter_misc":{"Escrito por":"kudeatzailea","Tiempo de lectura":"1 minuto"},"schema":{"@context":"https:\/\/schema.org","@graph":[{"@type":"Article","@id":"https:\/\/iraurgiberritzen.eus\/es\/iraurgi-berritzen-organiza-varios-talleres-dirigidos-a-desempleados\/#article","isPartOf":{"@id":"https:\/\/iraurgiberritzen.eus\/es\/iraurgi-berritzen-organiza-varios-talleres-dirigidos-a-desempleados\/"},"author":{"name":"kudeatzailea","@id":"https:\/\/iraurgiberritzen.eus\/es\/#\/schema\/person\/5ab41aaf388a9097177601ebf45738d2"},"headline":"Iraurgi Berritzen organiza varios talleres dirigidos a desempleados","datePublished":"2015-09-23T11:00:14+00:00","mainEntityOfPage":{"@id":"https:\/\/iraurgiberritzen.eus\/es\/iraurgi-berritzen-organiza-varios-talleres-dirigidos-a-desempleados\/"},"wordCount":287,"publisher":{"@id":"https:\/\/iraurgiberritzen.eus\/es\/#organization"},"image":{"@id":"https:\/\/iraurgiberritzen.eus\/es\/iraurgi-berritzen-organiza-varios-talleres-dirigidos-a-desempleados\/#primaryimage"},"thumbnailUrl":"https:\/\/iraurgiberritzen.eus\/wp-content\/uploads\/2023\/09\/2d535442c2c0b0669d8f5a051ed00bcc.jpg","articleSection":["Noticias"],"inLanguage":"es"},{"@type":"WebPage","@id":"https:\/\/iraurgiberritzen.eus\/es\/iraurgi-berritzen-organiza-varios-talleres-dirigidos-a-desempleados\/","url":"https:\/\/iraurgiberritzen.eus\/es\/iraurgi-berritzen-organiza-varios-talleres-dirigidos-a-desempleados\/","name":"Iraurgi Berritzen organiza varios talleres dirigidos a desempleados - Iraurgi Berritzen","isPartOf":{"@id":"https:\/\/iraurgiberritzen.eus\/es\/#website"},"primaryImageOfPage":{"@id":"https:\/\/iraurgiberritzen.eus\/es\/iraurgi-berritzen-organiza-varios-talleres-dirigidos-a-desempleados\/#primaryimage"},"image":{"@id":"https:\/\/iraurgiberritzen.eus\/es\/iraurgi-berritzen-organiza-varios-talleres-dirigidos-a-desempleados\/#primaryimage"},"thumbnailUrl":"https:\/\/iraurgiberritzen.eus\/wp-content\/uploads\/2023\/09\/2d535442c2c0b0669d8f5a051ed00bcc.jpg","datePublished":"2015-09-23T11:00:14+00:00","breadcrumb":{"@id":"https:\/\/iraurgiberritzen.eus\/es\/iraurgi-berritzen-organiza-varios-talleres-dirigidos-a-desempleados\/#breadcrumb"},"inLanguage":"es","potentialAction":[{"@type":"ReadAction","target":["https:\/\/iraurgiberritzen.eus\/es\/iraurgi-berritzen-organiza-varios-talleres-dirigidos-a-desempleados\/"]}]},{"@type":"ImageObject","inLanguage":"es","@id":"https:\/\/iraurgiberritzen.eus\/es\/iraurgi-berritzen-organiza-varios-talleres-dirigidos-a-desempleados\/#primaryimage","url":"https:\/\/iraurgiberritzen.eus\/wp-content\/uploads\/2023\/09\/2d535442c2c0b0669d8f5a051ed00bcc.jpg","contentUrl":"https:\/\/iraurgiberritzen.eus\/wp-content\/uploads\/2023\/09\/2d535442c2c0b0669d8f5a051ed00bcc.jpg","width":600,"height":386},{"@type":"BreadcrumbList","@id":"https:\/\/iraurgiberritzen.eus\/es\/iraurgi-berritzen-organiza-varios-talleres-dirigidos-a-desempleados\/#breadcrumb","itemListElement":[{"@type":"ListItem","position":1,"name":"Home","item":"https:\/\/iraurgiberritzen.eus\/es\/"},{"@type":"ListItem","position":2,"name":"Iraurgi Berritzen organiza varios talleres dirigidos a desempleados"}]},{"@type":"WebSite","@id":"https:\/\/iraurgiberritzen.eus\/es\/#website","url":"https:\/\/iraurgiberritzen.eus\/es\/","name":"Iraurgi Berritzen","description":"Urola Erdiko Garapen Agentzia","publisher":{"@id":"https:\/\/iraurgiberritzen.eus\/es\/#organization"},"potentialAction":[{"@type":"SearchAction","target":{"@type":"EntryPoint","urlTemplate":"https:\/\/iraurgiberritzen.eus\/es\/?s={search_term_string}"},"query-input":{"@type":"PropertyValueSpecification","valueRequired":true,"valueName":"search_term_string"}}],"inLanguage":"es"},{"@type":"Organization","@id":"https:\/\/iraurgiberritzen.eus\/es\/#organization","name":"Iraurgi Berritzen","url":"https:\/\/iraurgiberritzen.eus\/es\/","logo":{"@type":"ImageObject","inLanguage":"es","@id":"https:\/\/iraurgiberritzen.eus\/es\/#\/schema\/logo\/image\/","url":"https:\/\/iraurgiberritzen.eus\/wp-content\/uploads\/2024\/02\/IRAURGI-BERRITZEN-logotipoa_2.png","contentUrl":"https:\/\/iraurgiberritzen.eus\/wp-content\/uploads\/2024\/02\/IRAURGI-BERRITZEN-logotipoa_2.png","width":496,"height":190,"caption":"Iraurgi Berritzen"},"image":{"@id":"https:\/\/iraurgiberritzen.eus\/es\/#\/schema\/logo\/image\/"}},{"@type":"Person","@id":"https:\/\/iraurgiberritzen.eus\/es\/#\/schema\/person\/5ab41aaf388a9097177601ebf45738d2","name":"kudeatzailea","sameAs":["https:\/\/iraurgiberritzen.eus"]}]}},"_links":{"self":[{"href":"https:\/\/iraurgiberritzen.eus\/es\/wp-json\/wp\/v2\/posts\/11897","targetHints":{"allow":["GET"]}}],"collection":[{"href":"https:\/\/iraurgiberritzen.eus\/es\/wp-json\/wp\/v2\/posts"}],"about":[{"href":"https:\/\/iraurgiberritzen.eus\/es\/wp-json\/wp\/v2\/types\/post"}],"author":[{"embeddable":true,"href":"https:\/\/iraurgiberritzen.eus\/es\/wp-json\/wp\/v2\/users\/1"}],"replies":[{"embeddable":true,"href":"https:\/\/iraurgiberritzen.eus\/es\/wp-json\/wp\/v2\/comments?post=11897"}],"version-history":[{"count":0,"href":"https:\/\/iraurgiberritzen.eus\/es\/wp-json\/wp\/v2\/posts\/11897\/revisions"}],"wp:featuredmedia":[{"embeddable":true,"href":"https:\/\/iraurgiberritzen.eus\/es\/wp-json\/wp\/v2\/media\/18029"}],"wp:attachment":[{"href":"https:\/\/iraurgiberritzen.eus\/es\/wp-json\/wp\/v2\/media?parent=11897"}],"wp:term":[{"taxonomy":"category","embeddable":true,"href":"https:\/\/iraurgiberritzen.eus\/es\/wp-json\/wp\/v2\/categories?post=11897"},{"taxonomy":"post_tag","embeddable":true,"href":"https:\/\/iraurgiberritzen.eus\/es\/wp-json\/wp\/v2\/tags?post=11897"}],"curies":[{"name":"wp","href":"https:\/\/api.w.org\/{rel}","templated":true}]}}