{"id":11900,"date":"2015-11-12T10:07:47","date_gmt":"2015-11-12T08:07:47","guid":{"rendered":"https:\/\/iraurgiberritzen.eus\/ya-han-identificado-los-responsables-de-los-centros-educativos-los-retos-y-proyectos-de-cooperacion-para-el-proximo-curso\/"},"modified":"2015-11-12T10:07:47","modified_gmt":"2015-11-12T08:07:47","slug":"ya-han-identificado-los-responsables-de-los-centros-educativos-los-retos-y-proyectos-de-cooperacion-para-el-proximo-curso","status":"publish","type":"post","link":"https:\/\/iraurgiberritzen.eus\/es\/ya-han-identificado-los-responsables-de-los-centros-educativos-los-retos-y-proyectos-de-cooperacion-para-el-proximo-curso\/","title":{"rendered":"Ya han identificado los Responsables de los Centros Educativos los retos y proyectos de cooperaci\u00f3n para el pr\u00f3ximo curso"},"content":{"rendered":"<p style=\"text-align: center;\"><strong><em>\u00abInfluyendo en lo global desde el conjunto\u00bb<\/em><\/strong><\/p>\n<p style=\"text-align: justify;\">El pasado jueves, 5 de noviembre, se reunieron los directores de los distintos centros educativos de la comarca (niveles DBH-BHI), dentro del marco del grupo de trabajo que configuran en Iraurgi Berritzen.<\/p>\n<p style=\"text-align: justify;\">La reuni\u00f3n se estructur\u00f3 en 3 partes, donde llegaron a una <strong>reflexi\u00f3n<\/strong> debatida pero bonita, <strong>en referencia al recorrido trabajado hasta el momento, de lo que est\u00e1n trabajando actualmente, as\u00ed como de lo que ser\u00e1n capaces de desarrollar en el futuro.<\/strong> La clave ha estado en convertir a los centros educativos en protagonistas en la definici\u00f3n y desarrollo de los diferentes proyectos a trabajar, <strong>partiendo siempre de las necesidades planteadas por las mismas, entendiendo siempre que son ellos los principales actores del cambio en el marco de la educaci\u00f3n<\/strong>.<\/p>\n<p style=\"text-align: justify;\">Ya han pasado 5 o 6 a\u00f1os desde que los centros educativos se reunieron por primera vez, y desde entonces estan trabajando en la identificaci\u00f3n de diferentes proyectos de cooperaci\u00f3n. A pesar de las dificultades que han tenido que soportar durante su trayectoria, <strong>el proceso les ha posibilitado el estar trabajando en el desarrollo de varios proyectos conjuntamente<\/strong>.<\/p>\n<p style=\"text-align: justify;\">En este sentido, Iraurgi Berritzen ha impulsado la creaci\u00f3n de nuevos espacios de cooperaci\u00f3n dando protagonismo a los propios centros, y facilitando as\u00ed la puesta en marcha de varios proyectos que se est\u00e1n desarrolando en la actualidad.<\/p>\n<p style=\"text-align: justify;\">En cuanto a la situaci\u00f3n actual, <strong>se ha reforzado el compromiso en relaci\u00f3n a los proyectos de cooperaci\u00f3n que tienen en marcha desde el punto de vista comarcal<\/strong> (Elkarrekin Eraikitzen, IKT-en aplikazioa Hezkuntzan, Jolastek&#8230;) lo cual nos lleva a tener una perspectiva positiva sobre los proyectos de futuro que puedan ir surgiendo.<\/p>\n<p style=\"text-align: justify;\">Trabajar de manera conjunta, <strong>nos lleva a que podamos visualizar contextos diferentes que individualmente somos incapaces de hacerlo, todo ello desde el convencimiento de que \u00e9sto nos ayuda de forma directa en la busqueda de nuevas oportunidades<\/strong>. Cada uno tiene el compromiso de influir desde su propia realidad, pero ententiendo que a su vez est\u00e1 influyendo a un colectivo.<\/p>\n<p style=\"text-align: justify;\">En consecuencia, la mesa de los centros educativos, seguir\u00e1 creando espacios adecuados de cooperaci\u00f3n para afrontar los retos actuales y futuros de la comarca, a traves del desarrollo de proyectos concretos y orientados a cambiar las formas de hacer, todas ellas definidas en base a las necesidades que puedan ir surgiendo.<\/p>\n","protected":false},"excerpt":{"rendered":"<p>\u00abInfluyendo en lo global desde el conjunto\u00bb El pasado jueves, 5 de noviembre, se reunieron los directores de los distintos centros educativos de la comarca (niveles DBH-BHI), dentro del marco del grupo de trabajo que configuran en Iraurgi Berritzen. La reuni\u00f3n se estructur\u00f3 en 3 partes, donde llegaron a una reflexi\u00f3n debatida pero bonita, en [&hellip;]<\/p>\n","protected":false},"author":1,"featured_media":18030,"comment_status":"","ping_status":"closed","sticky":false,"template":"","format":"standard","meta":{"_acf_changed":false,"footnotes":""},"categories":[4],"tags":[],"class_list":["post-11900","post","type-post","status-publish","format-standard","has-post-thumbnail","hentry","category-noticias"],"acf":[],"yoast_head":"<!-- This site is optimized with the Yoast SEO plugin v27.4 - https:\/\/yoast.com\/product\/yoast-seo-wordpress\/ -->\n<title>Ya han identificado los Responsables de los Centros Educativos los retos y proyectos de cooperaci\u00f3n para el pr\u00f3ximo curso - Iraurgi Berritzen<\/title>\n<meta name=\"robots\" content=\"index, follow, max-snippet:-1, max-image-preview:large, max-video-preview:-1\" \/>\n<link rel=\"canonical\" href=\"https:\/\/iraurgiberritzen.eus\/es\/ya-han-identificado-los-responsables-de-los-centros-educativos-los-retos-y-proyectos-de-cooperacion-para-el-proximo-curso\/\" \/>\n<meta property=\"og:locale\" content=\"es_ES\" \/>\n<meta property=\"og:type\" content=\"article\" \/>\n<meta property=\"og:title\" content=\"Ya han identificado los Responsables de los Centros Educativos los retos y proyectos de cooperaci\u00f3n para el pr\u00f3ximo curso - Iraurgi Berritzen\" \/>\n<meta property=\"og:description\" content=\"\u00abInfluyendo en lo global desde el conjunto\u00bb El pasado jueves, 5 de noviembre, se reunieron los directores de los distintos centros educativos de la comarca (niveles DBH-BHI), dentro del marco del grupo de trabajo que configuran en Iraurgi Berritzen. La reuni\u00f3n se estructur\u00f3 en 3 partes, donde llegaron a una reflexi\u00f3n debatida pero bonita, en [&hellip;]\" \/>\n<meta property=\"og:url\" content=\"https:\/\/iraurgiberritzen.eus\/es\/ya-han-identificado-los-responsables-de-los-centros-educativos-los-retos-y-proyectos-de-cooperacion-para-el-proximo-curso\/\" \/>\n<meta property=\"og:site_name\" content=\"Iraurgi Berritzen\" \/>\n<meta property=\"article:published_time\" content=\"2015-11-12T08:07:47+00:00\" \/>\n<meta name=\"author\" content=\"kudeatzailea\" \/>\n<meta name=\"twitter:card\" content=\"summary_large_image\" \/>\n<meta name=\"twitter:label1\" content=\"Escrito por\" \/>\n\t<meta name=\"twitter:data1\" content=\"kudeatzailea\" \/>\n\t<meta name=\"twitter:label2\" content=\"Tiempo de lectura\" \/>\n\t<meta name=\"twitter:data2\" content=\"2 minutos\" \/>\n<script type=\"application\/ld+json\" class=\"yoast-schema-graph\">{\"@context\":\"https:\\\/\\\/schema.org\",\"@graph\":[{\"@type\":\"Article\",\"@id\":\"https:\\\/\\\/iraurgiberritzen.eus\\\/es\\\/ya-han-identificado-los-responsables-de-los-centros-educativos-los-retos-y-proyectos-de-cooperacion-para-el-proximo-curso\\\/#article\",\"isPartOf\":{\"@id\":\"https:\\\/\\\/iraurgiberritzen.eus\\\/es\\\/ya-han-identificado-los-responsables-de-los-centros-educativos-los-retos-y-proyectos-de-cooperacion-para-el-proximo-curso\\\/\"},\"author\":{\"name\":\"kudeatzailea\",\"@id\":\"https:\\\/\\\/iraurgiberritzen.eus\\\/es\\\/#\\\/schema\\\/person\\\/5ab41aaf388a9097177601ebf45738d2\"},\"headline\":\"Ya han identificado los Responsables de los Centros Educativos los retos y proyectos de cooperaci\u00f3n para el pr\u00f3ximo curso\",\"datePublished\":\"2015-11-12T08:07:47+00:00\",\"mainEntityOfPage\":{\"@id\":\"https:\\\/\\\/iraurgiberritzen.eus\\\/es\\\/ya-han-identificado-los-responsables-de-los-centros-educativos-los-retos-y-proyectos-de-cooperacion-para-el-proximo-curso\\\/\"},\"wordCount\":418,\"publisher\":{\"@id\":\"https:\\\/\\\/iraurgiberritzen.eus\\\/es\\\/#organization\"},\"image\":{\"@id\":\"https:\\\/\\\/iraurgiberritzen.eus\\\/es\\\/ya-han-identificado-los-responsables-de-los-centros-educativos-los-retos-y-proyectos-de-cooperacion-para-el-proximo-curso\\\/#primaryimage\"},\"thumbnailUrl\":\"https:\\\/\\\/iraurgiberritzen.eus\\\/wp-content\\\/uploads\\\/2023\\\/09\\\/da89514e409822180ac867ab6712269d.jpg\",\"articleSection\":[\"Noticias\"],\"inLanguage\":\"es\"},{\"@type\":\"WebPage\",\"@id\":\"https:\\\/\\\/iraurgiberritzen.eus\\\/es\\\/ya-han-identificado-los-responsables-de-los-centros-educativos-los-retos-y-proyectos-de-cooperacion-para-el-proximo-curso\\\/\",\"url\":\"https:\\\/\\\/iraurgiberritzen.eus\\\/es\\\/ya-han-identificado-los-responsables-de-los-centros-educativos-los-retos-y-proyectos-de-cooperacion-para-el-proximo-curso\\\/\",\"name\":\"Ya han identificado los Responsables de los Centros Educativos los retos y proyectos de cooperaci\u00f3n para el pr\u00f3ximo curso - Iraurgi Berritzen\",\"isPartOf\":{\"@id\":\"https:\\\/\\\/iraurgiberritzen.eus\\\/es\\\/#website\"},\"primaryImageOfPage\":{\"@id\":\"https:\\\/\\\/iraurgiberritzen.eus\\\/es\\\/ya-han-identificado-los-responsables-de-los-centros-educativos-los-retos-y-proyectos-de-cooperacion-para-el-proximo-curso\\\/#primaryimage\"},\"image\":{\"@id\":\"https:\\\/\\\/iraurgiberritzen.eus\\\/es\\\/ya-han-identificado-los-responsables-de-los-centros-educativos-los-retos-y-proyectos-de-cooperacion-para-el-proximo-curso\\\/#primaryimage\"},\"thumbnailUrl\":\"https:\\\/\\\/iraurgiberritzen.eus\\\/wp-content\\\/uploads\\\/2023\\\/09\\\/da89514e409822180ac867ab6712269d.jpg\",\"datePublished\":\"2015-11-12T08:07:47+00:00\",\"breadcrumb\":{\"@id\":\"https:\\\/\\\/iraurgiberritzen.eus\\\/es\\\/ya-han-identificado-los-responsables-de-los-centros-educativos-los-retos-y-proyectos-de-cooperacion-para-el-proximo-curso\\\/#breadcrumb\"},\"inLanguage\":\"es\",\"potentialAction\":[{\"@type\":\"ReadAction\",\"target\":[\"https:\\\/\\\/iraurgiberritzen.eus\\\/es\\\/ya-han-identificado-los-responsables-de-los-centros-educativos-los-retos-y-proyectos-de-cooperacion-para-el-proximo-curso\\\/\"]}]},{\"@type\":\"ImageObject\",\"inLanguage\":\"es\",\"@id\":\"https:\\\/\\\/iraurgiberritzen.eus\\\/es\\\/ya-han-identificado-los-responsables-de-los-centros-educativos-los-retos-y-proyectos-de-cooperacion-para-el-proximo-curso\\\/#primaryimage\",\"url\":\"https:\\\/\\\/iraurgiberritzen.eus\\\/wp-content\\\/uploads\\\/2023\\\/09\\\/da89514e409822180ac867ab6712269d.jpg\",\"contentUrl\":\"https:\\\/\\\/iraurgiberritzen.eus\\\/wp-content\\\/uploads\\\/2023\\\/09\\\/da89514e409822180ac867ab6712269d.jpg\",\"width\":600,\"height\":390},{\"@type\":\"BreadcrumbList\",\"@id\":\"https:\\\/\\\/iraurgiberritzen.eus\\\/es\\\/ya-han-identificado-los-responsables-de-los-centros-educativos-los-retos-y-proyectos-de-cooperacion-para-el-proximo-curso\\\/#breadcrumb\",\"itemListElement\":[{\"@type\":\"ListItem\",\"position\":1,\"name\":\"Home\",\"item\":\"https:\\\/\\\/iraurgiberritzen.eus\\\/es\\\/\"},{\"@type\":\"ListItem\",\"position\":2,\"name\":\"Ya han identificado los Responsables de los Centros Educativos los retos y proyectos de cooperaci\u00f3n para el pr\u00f3ximo curso\"}]},{\"@type\":\"WebSite\",\"@id\":\"https:\\\/\\\/iraurgiberritzen.eus\\\/es\\\/#website\",\"url\":\"https:\\\/\\\/iraurgiberritzen.eus\\\/es\\\/\",\"name\":\"Iraurgi Berritzen\",\"description\":\"Urola Erdiko Garapen Agentzia\",\"publisher\":{\"@id\":\"https:\\\/\\\/iraurgiberritzen.eus\\\/es\\\/#organization\"},\"potentialAction\":[{\"@type\":\"SearchAction\",\"target\":{\"@type\":\"EntryPoint\",\"urlTemplate\":\"https:\\\/\\\/iraurgiberritzen.eus\\\/es\\\/?s={search_term_string}\"},\"query-input\":{\"@type\":\"PropertyValueSpecification\",\"valueRequired\":true,\"valueName\":\"search_term_string\"}}],\"inLanguage\":\"es\"},{\"@type\":\"Organization\",\"@id\":\"https:\\\/\\\/iraurgiberritzen.eus\\\/es\\\/#organization\",\"name\":\"Iraurgi Berritzen\",\"url\":\"https:\\\/\\\/iraurgiberritzen.eus\\\/es\\\/\",\"logo\":{\"@type\":\"ImageObject\",\"inLanguage\":\"es\",\"@id\":\"https:\\\/\\\/iraurgiberritzen.eus\\\/es\\\/#\\\/schema\\\/logo\\\/image\\\/\",\"url\":\"https:\\\/\\\/iraurgiberritzen.eus\\\/wp-content\\\/uploads\\\/2024\\\/02\\\/IRAURGI-BERRITZEN-logotipoa_2.png\",\"contentUrl\":\"https:\\\/\\\/iraurgiberritzen.eus\\\/wp-content\\\/uploads\\\/2024\\\/02\\\/IRAURGI-BERRITZEN-logotipoa_2.png\",\"width\":496,\"height\":190,\"caption\":\"Iraurgi Berritzen\"},\"image\":{\"@id\":\"https:\\\/\\\/iraurgiberritzen.eus\\\/es\\\/#\\\/schema\\\/logo\\\/image\\\/\"}},{\"@type\":\"Person\",\"@id\":\"https:\\\/\\\/iraurgiberritzen.eus\\\/es\\\/#\\\/schema\\\/person\\\/5ab41aaf388a9097177601ebf45738d2\",\"name\":\"kudeatzailea\",\"sameAs\":[\"https:\\\/\\\/iraurgiberritzen.eus\"]}]}<\/script>\n<!-- \/ Yoast SEO plugin. -->","yoast_head_json":{"title":"Ya han identificado los Responsables de los Centros Educativos los retos y proyectos de cooperaci\u00f3n para el pr\u00f3ximo curso - Iraurgi Berritzen","robots":{"index":"index","follow":"follow","max-snippet":"max-snippet:-1","max-image-preview":"max-image-preview:large","max-video-preview":"max-video-preview:-1"},"canonical":"https:\/\/iraurgiberritzen.eus\/es\/ya-han-identificado-los-responsables-de-los-centros-educativos-los-retos-y-proyectos-de-cooperacion-para-el-proximo-curso\/","og_locale":"es_ES","og_type":"article","og_title":"Ya han identificado los Responsables de los Centros Educativos los retos y proyectos de cooperaci\u00f3n para el pr\u00f3ximo curso - Iraurgi Berritzen","og_description":"\u00abInfluyendo en lo global desde el conjunto\u00bb El pasado jueves, 5 de noviembre, se reunieron los directores de los distintos centros educativos de la comarca (niveles DBH-BHI), dentro del marco del grupo de trabajo que configuran en Iraurgi Berritzen. La reuni\u00f3n se estructur\u00f3 en 3 partes, donde llegaron a una reflexi\u00f3n debatida pero bonita, en [&hellip;]","og_url":"https:\/\/iraurgiberritzen.eus\/es\/ya-han-identificado-los-responsables-de-los-centros-educativos-los-retos-y-proyectos-de-cooperacion-para-el-proximo-curso\/","og_site_name":"Iraurgi Berritzen","article_published_time":"2015-11-12T08:07:47+00:00","author":"kudeatzailea","twitter_card":"summary_large_image","twitter_misc":{"Escrito por":"kudeatzailea","Tiempo de lectura":"2 minutos"},"schema":{"@context":"https:\/\/schema.org","@graph":[{"@type":"Article","@id":"https:\/\/iraurgiberritzen.eus\/es\/ya-han-identificado-los-responsables-de-los-centros-educativos-los-retos-y-proyectos-de-cooperacion-para-el-proximo-curso\/#article","isPartOf":{"@id":"https:\/\/iraurgiberritzen.eus\/es\/ya-han-identificado-los-responsables-de-los-centros-educativos-los-retos-y-proyectos-de-cooperacion-para-el-proximo-curso\/"},"author":{"name":"kudeatzailea","@id":"https:\/\/iraurgiberritzen.eus\/es\/#\/schema\/person\/5ab41aaf388a9097177601ebf45738d2"},"headline":"Ya han identificado los Responsables de los Centros Educativos los retos y proyectos de cooperaci\u00f3n para el pr\u00f3ximo curso","datePublished":"2015-11-12T08:07:47+00:00","mainEntityOfPage":{"@id":"https:\/\/iraurgiberritzen.eus\/es\/ya-han-identificado-los-responsables-de-los-centros-educativos-los-retos-y-proyectos-de-cooperacion-para-el-proximo-curso\/"},"wordCount":418,"publisher":{"@id":"https:\/\/iraurgiberritzen.eus\/es\/#organization"},"image":{"@id":"https:\/\/iraurgiberritzen.eus\/es\/ya-han-identificado-los-responsables-de-los-centros-educativos-los-retos-y-proyectos-de-cooperacion-para-el-proximo-curso\/#primaryimage"},"thumbnailUrl":"https:\/\/iraurgiberritzen.eus\/wp-content\/uploads\/2023\/09\/da89514e409822180ac867ab6712269d.jpg","articleSection":["Noticias"],"inLanguage":"es"},{"@type":"WebPage","@id":"https:\/\/iraurgiberritzen.eus\/es\/ya-han-identificado-los-responsables-de-los-centros-educativos-los-retos-y-proyectos-de-cooperacion-para-el-proximo-curso\/","url":"https:\/\/iraurgiberritzen.eus\/es\/ya-han-identificado-los-responsables-de-los-centros-educativos-los-retos-y-proyectos-de-cooperacion-para-el-proximo-curso\/","name":"Ya han identificado los Responsables de los Centros Educativos los retos y proyectos de cooperaci\u00f3n para el pr\u00f3ximo curso - Iraurgi Berritzen","isPartOf":{"@id":"https:\/\/iraurgiberritzen.eus\/es\/#website"},"primaryImageOfPage":{"@id":"https:\/\/iraurgiberritzen.eus\/es\/ya-han-identificado-los-responsables-de-los-centros-educativos-los-retos-y-proyectos-de-cooperacion-para-el-proximo-curso\/#primaryimage"},"image":{"@id":"https:\/\/iraurgiberritzen.eus\/es\/ya-han-identificado-los-responsables-de-los-centros-educativos-los-retos-y-proyectos-de-cooperacion-para-el-proximo-curso\/#primaryimage"},"thumbnailUrl":"https:\/\/iraurgiberritzen.eus\/wp-content\/uploads\/2023\/09\/da89514e409822180ac867ab6712269d.jpg","datePublished":"2015-11-12T08:07:47+00:00","breadcrumb":{"@id":"https:\/\/iraurgiberritzen.eus\/es\/ya-han-identificado-los-responsables-de-los-centros-educativos-los-retos-y-proyectos-de-cooperacion-para-el-proximo-curso\/#breadcrumb"},"inLanguage":"es","potentialAction":[{"@type":"ReadAction","target":["https:\/\/iraurgiberritzen.eus\/es\/ya-han-identificado-los-responsables-de-los-centros-educativos-los-retos-y-proyectos-de-cooperacion-para-el-proximo-curso\/"]}]},{"@type":"ImageObject","inLanguage":"es","@id":"https:\/\/iraurgiberritzen.eus\/es\/ya-han-identificado-los-responsables-de-los-centros-educativos-los-retos-y-proyectos-de-cooperacion-para-el-proximo-curso\/#primaryimage","url":"https:\/\/iraurgiberritzen.eus\/wp-content\/uploads\/2023\/09\/da89514e409822180ac867ab6712269d.jpg","contentUrl":"https:\/\/iraurgiberritzen.eus\/wp-content\/uploads\/2023\/09\/da89514e409822180ac867ab6712269d.jpg","width":600,"height":390},{"@type":"BreadcrumbList","@id":"https:\/\/iraurgiberritzen.eus\/es\/ya-han-identificado-los-responsables-de-los-centros-educativos-los-retos-y-proyectos-de-cooperacion-para-el-proximo-curso\/#breadcrumb","itemListElement":[{"@type":"ListItem","position":1,"name":"Home","item":"https:\/\/iraurgiberritzen.eus\/es\/"},{"@type":"ListItem","position":2,"name":"Ya han identificado los Responsables de los Centros Educativos los retos y proyectos de cooperaci\u00f3n para el pr\u00f3ximo curso"}]},{"@type":"WebSite","@id":"https:\/\/iraurgiberritzen.eus\/es\/#website","url":"https:\/\/iraurgiberritzen.eus\/es\/","name":"Iraurgi Berritzen","description":"Urola Erdiko Garapen Agentzia","publisher":{"@id":"https:\/\/iraurgiberritzen.eus\/es\/#organization"},"potentialAction":[{"@type":"SearchAction","target":{"@type":"EntryPoint","urlTemplate":"https:\/\/iraurgiberritzen.eus\/es\/?s={search_term_string}"},"query-input":{"@type":"PropertyValueSpecification","valueRequired":true,"valueName":"search_term_string"}}],"inLanguage":"es"},{"@type":"Organization","@id":"https:\/\/iraurgiberritzen.eus\/es\/#organization","name":"Iraurgi Berritzen","url":"https:\/\/iraurgiberritzen.eus\/es\/","logo":{"@type":"ImageObject","inLanguage":"es","@id":"https:\/\/iraurgiberritzen.eus\/es\/#\/schema\/logo\/image\/","url":"https:\/\/iraurgiberritzen.eus\/wp-content\/uploads\/2024\/02\/IRAURGI-BERRITZEN-logotipoa_2.png","contentUrl":"https:\/\/iraurgiberritzen.eus\/wp-content\/uploads\/2024\/02\/IRAURGI-BERRITZEN-logotipoa_2.png","width":496,"height":190,"caption":"Iraurgi Berritzen"},"image":{"@id":"https:\/\/iraurgiberritzen.eus\/es\/#\/schema\/logo\/image\/"}},{"@type":"Person","@id":"https:\/\/iraurgiberritzen.eus\/es\/#\/schema\/person\/5ab41aaf388a9097177601ebf45738d2","name":"kudeatzailea","sameAs":["https:\/\/iraurgiberritzen.eus"]}]}},"_links":{"self":[{"href":"https:\/\/iraurgiberritzen.eus\/es\/wp-json\/wp\/v2\/posts\/11900","targetHints":{"allow":["GET"]}}],"collection":[{"href":"https:\/\/iraurgiberritzen.eus\/es\/wp-json\/wp\/v2\/posts"}],"about":[{"href":"https:\/\/iraurgiberritzen.eus\/es\/wp-json\/wp\/v2\/types\/post"}],"author":[{"embeddable":true,"href":"https:\/\/iraurgiberritzen.eus\/es\/wp-json\/wp\/v2\/users\/1"}],"replies":[{"embeddable":true,"href":"https:\/\/iraurgiberritzen.eus\/es\/wp-json\/wp\/v2\/comments?post=11900"}],"version-history":[{"count":0,"href":"https:\/\/iraurgiberritzen.eus\/es\/wp-json\/wp\/v2\/posts\/11900\/revisions"}],"wp:featuredmedia":[{"embeddable":true,"href":"https:\/\/iraurgiberritzen.eus\/es\/wp-json\/wp\/v2\/media\/18030"}],"wp:attachment":[{"href":"https:\/\/iraurgiberritzen.eus\/es\/wp-json\/wp\/v2\/media?parent=11900"}],"wp:term":[{"taxonomy":"category","embeddable":true,"href":"https:\/\/iraurgiberritzen.eus\/es\/wp-json\/wp\/v2\/categories?post=11900"},{"taxonomy":"post_tag","embeddable":true,"href":"https:\/\/iraurgiberritzen.eus\/es\/wp-json\/wp\/v2\/tags?post=11900"}],"curies":[{"name":"wp","href":"https:\/\/api.w.org\/{rel}","templated":true}]}}