{"id":11906,"date":"2015-10-28T09:38:13","date_gmt":"2015-10-28T07:38:13","guid":{"rendered":"https:\/\/iraurgiberritzen.eus\/curso-organizado-por-iraurgi-berritzen-gestion-aduanera-en-operaciones-internacionales\/"},"modified":"2015-10-28T09:38:13","modified_gmt":"2015-10-28T07:38:13","slug":"curso-organizado-por-iraurgi-berritzen-gestion-aduanera-en-operaciones-internacionales","status":"publish","type":"post","link":"https:\/\/iraurgiberritzen.eus\/es\/curso-organizado-por-iraurgi-berritzen-gestion-aduanera-en-operaciones-internacionales\/","title":{"rendered":"Curso organizado por Iraurgi Berritzen: \u00abGesti\u00f3n aduanera en operaciones internacionales\u00bb"},"content":{"rendered":"<p style=\"text-align: justify;\">Este curso se impartir\u00e1 en el Palacio Intsausti de Azkoitia, el 11 de Noviembre, de 09:00 a 13:00 de la ma\u00f1ana y se dirige a las empresas de la comarca. La Diputaci\u00f3n Foral de Gipuzkoa subvencionar\u00e1 \u00edntegramente este curso y el n\u00famero de plazas es limitado.<\/p>\n<p style=\"text-align: justify;\">La gesti\u00f3n aduanera de la importaci\u00f3n y exportaci\u00f3n de mercanc\u00edas es b\u00e1sica para todas aquellas actividades econ\u00f3micas que incorporan en su estructura productiva bienes originales de pa\u00edses no miembros de la UE. La creciente internacionalizaci\u00f3n de las organizaciones y la localizaci\u00f3n de determinadas fases de la producci\u00f3n en territorios que ofrecen alg\u00fan tipo de ventaja competitiva han determinado una importancia creciente en este tipo de flujos de mercanc\u00edas<\/p>\n<p style=\"text-align: justify;\">El objetivo de este curso es analizar el procedimiento de la gesti\u00f3n aduanera en las operaciones internacionales y la documentaci\u00f3n requerida.<\/p>\n<p>En caso de estar interesado en inscribirse se puede hacer uso de la siguiente <a href=\"images\/iraurgiberritzen\/berriak\/2015\/FICHA_CURSO.doc\" target=\"_blank\" rel=\"noopener\">ficha <\/a>y mandarla rellenada a una de las siguientes direcciones: <a href=\"mailto:iotaegi@iraurgiberritzen.eus\">iotaegi@iraurgiberritzen.eus<\/a> o <a href=\"mailto:alarranaga@iraurgiberritzen.eus\">alarranaga@iraurgiberritzen.eus<\/a><\/p>\n","protected":false},"excerpt":{"rendered":"<p>Este curso se impartir\u00e1 en el Palacio Intsausti de Azkoitia, el 11 de Noviembre, de 09:00 a 13:00 de la ma\u00f1ana y se dirige a las empresas de la comarca. La Diputaci\u00f3n Foral de Gipuzkoa subvencionar\u00e1 \u00edntegramente este curso y el n\u00famero de plazas es limitado. La gesti\u00f3n aduanera de la importaci\u00f3n y exportaci\u00f3n de [&hellip;]<\/p>\n","protected":false},"author":1,"featured_media":18012,"comment_status":"","ping_status":"closed","sticky":false,"template":"","format":"standard","meta":{"_acf_changed":false,"footnotes":""},"categories":[4],"tags":[],"class_list":["post-11906","post","type-post","status-publish","format-standard","has-post-thumbnail","hentry","category-noticias"],"acf":[],"yoast_head":"<!-- This site is optimized with the Yoast SEO plugin v27.4 - https:\/\/yoast.com\/product\/yoast-seo-wordpress\/ -->\n<title>Curso organizado por Iraurgi Berritzen: &quot;Gesti\u00f3n aduanera en operaciones internacionales&quot; - Iraurgi Berritzen<\/title>\n<meta name=\"robots\" content=\"index, follow, max-snippet:-1, max-image-preview:large, max-video-preview:-1\" \/>\n<link rel=\"canonical\" href=\"https:\/\/iraurgiberritzen.eus\/es\/curso-organizado-por-iraurgi-berritzen-gestion-aduanera-en-operaciones-internacionales\/\" \/>\n<meta property=\"og:locale\" content=\"es_ES\" \/>\n<meta property=\"og:type\" content=\"article\" \/>\n<meta property=\"og:title\" content=\"Curso organizado por Iraurgi Berritzen: &quot;Gesti\u00f3n aduanera en operaciones internacionales&quot; - Iraurgi Berritzen\" \/>\n<meta property=\"og:description\" content=\"Este curso se impartir\u00e1 en el Palacio Intsausti de Azkoitia, el 11 de Noviembre, de 09:00 a 13:00 de la ma\u00f1ana y se dirige a las empresas de la comarca. La Diputaci\u00f3n Foral de Gipuzkoa subvencionar\u00e1 \u00edntegramente este curso y el n\u00famero de plazas es limitado. La gesti\u00f3n aduanera de la importaci\u00f3n y exportaci\u00f3n de [&hellip;]\" \/>\n<meta property=\"og:url\" content=\"https:\/\/iraurgiberritzen.eus\/es\/curso-organizado-por-iraurgi-berritzen-gestion-aduanera-en-operaciones-internacionales\/\" \/>\n<meta property=\"og:site_name\" content=\"Iraurgi Berritzen\" \/>\n<meta property=\"article:published_time\" content=\"2015-10-28T07:38:13+00:00\" \/>\n<meta name=\"author\" content=\"kudeatzailea\" \/>\n<meta name=\"twitter:card\" content=\"summary_large_image\" \/>\n<meta name=\"twitter:label1\" content=\"Escrito por\" \/>\n\t<meta name=\"twitter:data1\" content=\"kudeatzailea\" \/>\n\t<meta name=\"twitter:label2\" content=\"Tiempo de lectura\" \/>\n\t<meta name=\"twitter:data2\" content=\"1 minuto\" \/>\n<script type=\"application\/ld+json\" class=\"yoast-schema-graph\">{\"@context\":\"https:\\\/\\\/schema.org\",\"@graph\":[{\"@type\":\"Article\",\"@id\":\"https:\\\/\\\/iraurgiberritzen.eus\\\/es\\\/curso-organizado-por-iraurgi-berritzen-gestion-aduanera-en-operaciones-internacionales\\\/#article\",\"isPartOf\":{\"@id\":\"https:\\\/\\\/iraurgiberritzen.eus\\\/es\\\/curso-organizado-por-iraurgi-berritzen-gestion-aduanera-en-operaciones-internacionales\\\/\"},\"author\":{\"name\":\"kudeatzailea\",\"@id\":\"https:\\\/\\\/iraurgiberritzen.eus\\\/es\\\/#\\\/schema\\\/person\\\/5ab41aaf388a9097177601ebf45738d2\"},\"headline\":\"Curso organizado por Iraurgi Berritzen: \u00abGesti\u00f3n aduanera en operaciones internacionales\u00bb\",\"datePublished\":\"2015-10-28T07:38:13+00:00\",\"mainEntityOfPage\":{\"@id\":\"https:\\\/\\\/iraurgiberritzen.eus\\\/es\\\/curso-organizado-por-iraurgi-berritzen-gestion-aduanera-en-operaciones-internacionales\\\/\"},\"wordCount\":191,\"publisher\":{\"@id\":\"https:\\\/\\\/iraurgiberritzen.eus\\\/es\\\/#organization\"},\"image\":{\"@id\":\"https:\\\/\\\/iraurgiberritzen.eus\\\/es\\\/curso-organizado-por-iraurgi-berritzen-gestion-aduanera-en-operaciones-internacionales\\\/#primaryimage\"},\"thumbnailUrl\":\"https:\\\/\\\/iraurgiberritzen.eus\\\/wp-content\\\/uploads\\\/2023\\\/09\\\/9c2fe6cb8c357cf6d57c8926869c1003.jpg\",\"articleSection\":[\"Noticias\"],\"inLanguage\":\"es\"},{\"@type\":\"WebPage\",\"@id\":\"https:\\\/\\\/iraurgiberritzen.eus\\\/es\\\/curso-organizado-por-iraurgi-berritzen-gestion-aduanera-en-operaciones-internacionales\\\/\",\"url\":\"https:\\\/\\\/iraurgiberritzen.eus\\\/es\\\/curso-organizado-por-iraurgi-berritzen-gestion-aduanera-en-operaciones-internacionales\\\/\",\"name\":\"Curso organizado por Iraurgi Berritzen: \\\"Gesti\u00f3n aduanera en operaciones internacionales\\\" - Iraurgi Berritzen\",\"isPartOf\":{\"@id\":\"https:\\\/\\\/iraurgiberritzen.eus\\\/es\\\/#website\"},\"primaryImageOfPage\":{\"@id\":\"https:\\\/\\\/iraurgiberritzen.eus\\\/es\\\/curso-organizado-por-iraurgi-berritzen-gestion-aduanera-en-operaciones-internacionales\\\/#primaryimage\"},\"image\":{\"@id\":\"https:\\\/\\\/iraurgiberritzen.eus\\\/es\\\/curso-organizado-por-iraurgi-berritzen-gestion-aduanera-en-operaciones-internacionales\\\/#primaryimage\"},\"thumbnailUrl\":\"https:\\\/\\\/iraurgiberritzen.eus\\\/wp-content\\\/uploads\\\/2023\\\/09\\\/9c2fe6cb8c357cf6d57c8926869c1003.jpg\",\"datePublished\":\"2015-10-28T07:38:13+00:00\",\"breadcrumb\":{\"@id\":\"https:\\\/\\\/iraurgiberritzen.eus\\\/es\\\/curso-organizado-por-iraurgi-berritzen-gestion-aduanera-en-operaciones-internacionales\\\/#breadcrumb\"},\"inLanguage\":\"es\",\"potentialAction\":[{\"@type\":\"ReadAction\",\"target\":[\"https:\\\/\\\/iraurgiberritzen.eus\\\/es\\\/curso-organizado-por-iraurgi-berritzen-gestion-aduanera-en-operaciones-internacionales\\\/\"]}]},{\"@type\":\"ImageObject\",\"inLanguage\":\"es\",\"@id\":\"https:\\\/\\\/iraurgiberritzen.eus\\\/es\\\/curso-organizado-por-iraurgi-berritzen-gestion-aduanera-en-operaciones-internacionales\\\/#primaryimage\",\"url\":\"https:\\\/\\\/iraurgiberritzen.eus\\\/wp-content\\\/uploads\\\/2023\\\/09\\\/9c2fe6cb8c357cf6d57c8926869c1003.jpg\",\"contentUrl\":\"https:\\\/\\\/iraurgiberritzen.eus\\\/wp-content\\\/uploads\\\/2023\\\/09\\\/9c2fe6cb8c357cf6d57c8926869c1003.jpg\",\"width\":600,\"height\":390},{\"@type\":\"BreadcrumbList\",\"@id\":\"https:\\\/\\\/iraurgiberritzen.eus\\\/es\\\/curso-organizado-por-iraurgi-berritzen-gestion-aduanera-en-operaciones-internacionales\\\/#breadcrumb\",\"itemListElement\":[{\"@type\":\"ListItem\",\"position\":1,\"name\":\"Home\",\"item\":\"https:\\\/\\\/iraurgiberritzen.eus\\\/es\\\/\"},{\"@type\":\"ListItem\",\"position\":2,\"name\":\"Curso organizado por Iraurgi Berritzen: &#8220;Gesti\u00f3n aduanera en operaciones internacionales&#8221;\"}]},{\"@type\":\"WebSite\",\"@id\":\"https:\\\/\\\/iraurgiberritzen.eus\\\/es\\\/#website\",\"url\":\"https:\\\/\\\/iraurgiberritzen.eus\\\/es\\\/\",\"name\":\"Iraurgi Berritzen\",\"description\":\"Urola Erdiko Garapen Agentzia\",\"publisher\":{\"@id\":\"https:\\\/\\\/iraurgiberritzen.eus\\\/es\\\/#organization\"},\"potentialAction\":[{\"@type\":\"SearchAction\",\"target\":{\"@type\":\"EntryPoint\",\"urlTemplate\":\"https:\\\/\\\/iraurgiberritzen.eus\\\/es\\\/?s={search_term_string}\"},\"query-input\":{\"@type\":\"PropertyValueSpecification\",\"valueRequired\":true,\"valueName\":\"search_term_string\"}}],\"inLanguage\":\"es\"},{\"@type\":\"Organization\",\"@id\":\"https:\\\/\\\/iraurgiberritzen.eus\\\/es\\\/#organization\",\"name\":\"Iraurgi Berritzen\",\"url\":\"https:\\\/\\\/iraurgiberritzen.eus\\\/es\\\/\",\"logo\":{\"@type\":\"ImageObject\",\"inLanguage\":\"es\",\"@id\":\"https:\\\/\\\/iraurgiberritzen.eus\\\/es\\\/#\\\/schema\\\/logo\\\/image\\\/\",\"url\":\"https:\\\/\\\/iraurgiberritzen.eus\\\/wp-content\\\/uploads\\\/2024\\\/02\\\/IRAURGI-BERRITZEN-logotipoa_2.png\",\"contentUrl\":\"https:\\\/\\\/iraurgiberritzen.eus\\\/wp-content\\\/uploads\\\/2024\\\/02\\\/IRAURGI-BERRITZEN-logotipoa_2.png\",\"width\":496,\"height\":190,\"caption\":\"Iraurgi Berritzen\"},\"image\":{\"@id\":\"https:\\\/\\\/iraurgiberritzen.eus\\\/es\\\/#\\\/schema\\\/logo\\\/image\\\/\"}},{\"@type\":\"Person\",\"@id\":\"https:\\\/\\\/iraurgiberritzen.eus\\\/es\\\/#\\\/schema\\\/person\\\/5ab41aaf388a9097177601ebf45738d2\",\"name\":\"kudeatzailea\",\"sameAs\":[\"https:\\\/\\\/iraurgiberritzen.eus\"]}]}<\/script>\n<!-- \/ Yoast SEO plugin. -->","yoast_head_json":{"title":"Curso organizado por Iraurgi Berritzen: \"Gesti\u00f3n aduanera en operaciones internacionales\" - Iraurgi Berritzen","robots":{"index":"index","follow":"follow","max-snippet":"max-snippet:-1","max-image-preview":"max-image-preview:large","max-video-preview":"max-video-preview:-1"},"canonical":"https:\/\/iraurgiberritzen.eus\/es\/curso-organizado-por-iraurgi-berritzen-gestion-aduanera-en-operaciones-internacionales\/","og_locale":"es_ES","og_type":"article","og_title":"Curso organizado por Iraurgi Berritzen: \"Gesti\u00f3n aduanera en operaciones internacionales\" - Iraurgi Berritzen","og_description":"Este curso se impartir\u00e1 en el Palacio Intsausti de Azkoitia, el 11 de Noviembre, de 09:00 a 13:00 de la ma\u00f1ana y se dirige a las empresas de la comarca. La Diputaci\u00f3n Foral de Gipuzkoa subvencionar\u00e1 \u00edntegramente este curso y el n\u00famero de plazas es limitado. La gesti\u00f3n aduanera de la importaci\u00f3n y exportaci\u00f3n de [&hellip;]","og_url":"https:\/\/iraurgiberritzen.eus\/es\/curso-organizado-por-iraurgi-berritzen-gestion-aduanera-en-operaciones-internacionales\/","og_site_name":"Iraurgi Berritzen","article_published_time":"2015-10-28T07:38:13+00:00","author":"kudeatzailea","twitter_card":"summary_large_image","twitter_misc":{"Escrito por":"kudeatzailea","Tiempo de lectura":"1 minuto"},"schema":{"@context":"https:\/\/schema.org","@graph":[{"@type":"Article","@id":"https:\/\/iraurgiberritzen.eus\/es\/curso-organizado-por-iraurgi-berritzen-gestion-aduanera-en-operaciones-internacionales\/#article","isPartOf":{"@id":"https:\/\/iraurgiberritzen.eus\/es\/curso-organizado-por-iraurgi-berritzen-gestion-aduanera-en-operaciones-internacionales\/"},"author":{"name":"kudeatzailea","@id":"https:\/\/iraurgiberritzen.eus\/es\/#\/schema\/person\/5ab41aaf388a9097177601ebf45738d2"},"headline":"Curso organizado por Iraurgi Berritzen: \u00abGesti\u00f3n aduanera en operaciones internacionales\u00bb","datePublished":"2015-10-28T07:38:13+00:00","mainEntityOfPage":{"@id":"https:\/\/iraurgiberritzen.eus\/es\/curso-organizado-por-iraurgi-berritzen-gestion-aduanera-en-operaciones-internacionales\/"},"wordCount":191,"publisher":{"@id":"https:\/\/iraurgiberritzen.eus\/es\/#organization"},"image":{"@id":"https:\/\/iraurgiberritzen.eus\/es\/curso-organizado-por-iraurgi-berritzen-gestion-aduanera-en-operaciones-internacionales\/#primaryimage"},"thumbnailUrl":"https:\/\/iraurgiberritzen.eus\/wp-content\/uploads\/2023\/09\/9c2fe6cb8c357cf6d57c8926869c1003.jpg","articleSection":["Noticias"],"inLanguage":"es"},{"@type":"WebPage","@id":"https:\/\/iraurgiberritzen.eus\/es\/curso-organizado-por-iraurgi-berritzen-gestion-aduanera-en-operaciones-internacionales\/","url":"https:\/\/iraurgiberritzen.eus\/es\/curso-organizado-por-iraurgi-berritzen-gestion-aduanera-en-operaciones-internacionales\/","name":"Curso organizado por Iraurgi Berritzen: \"Gesti\u00f3n aduanera en operaciones internacionales\" - Iraurgi Berritzen","isPartOf":{"@id":"https:\/\/iraurgiberritzen.eus\/es\/#website"},"primaryImageOfPage":{"@id":"https:\/\/iraurgiberritzen.eus\/es\/curso-organizado-por-iraurgi-berritzen-gestion-aduanera-en-operaciones-internacionales\/#primaryimage"},"image":{"@id":"https:\/\/iraurgiberritzen.eus\/es\/curso-organizado-por-iraurgi-berritzen-gestion-aduanera-en-operaciones-internacionales\/#primaryimage"},"thumbnailUrl":"https:\/\/iraurgiberritzen.eus\/wp-content\/uploads\/2023\/09\/9c2fe6cb8c357cf6d57c8926869c1003.jpg","datePublished":"2015-10-28T07:38:13+00:00","breadcrumb":{"@id":"https:\/\/iraurgiberritzen.eus\/es\/curso-organizado-por-iraurgi-berritzen-gestion-aduanera-en-operaciones-internacionales\/#breadcrumb"},"inLanguage":"es","potentialAction":[{"@type":"ReadAction","target":["https:\/\/iraurgiberritzen.eus\/es\/curso-organizado-por-iraurgi-berritzen-gestion-aduanera-en-operaciones-internacionales\/"]}]},{"@type":"ImageObject","inLanguage":"es","@id":"https:\/\/iraurgiberritzen.eus\/es\/curso-organizado-por-iraurgi-berritzen-gestion-aduanera-en-operaciones-internacionales\/#primaryimage","url":"https:\/\/iraurgiberritzen.eus\/wp-content\/uploads\/2023\/09\/9c2fe6cb8c357cf6d57c8926869c1003.jpg","contentUrl":"https:\/\/iraurgiberritzen.eus\/wp-content\/uploads\/2023\/09\/9c2fe6cb8c357cf6d57c8926869c1003.jpg","width":600,"height":390},{"@type":"BreadcrumbList","@id":"https:\/\/iraurgiberritzen.eus\/es\/curso-organizado-por-iraurgi-berritzen-gestion-aduanera-en-operaciones-internacionales\/#breadcrumb","itemListElement":[{"@type":"ListItem","position":1,"name":"Home","item":"https:\/\/iraurgiberritzen.eus\/es\/"},{"@type":"ListItem","position":2,"name":"Curso organizado por Iraurgi Berritzen: &#8220;Gesti\u00f3n aduanera en operaciones internacionales&#8221;"}]},{"@type":"WebSite","@id":"https:\/\/iraurgiberritzen.eus\/es\/#website","url":"https:\/\/iraurgiberritzen.eus\/es\/","name":"Iraurgi Berritzen","description":"Urola Erdiko Garapen Agentzia","publisher":{"@id":"https:\/\/iraurgiberritzen.eus\/es\/#organization"},"potentialAction":[{"@type":"SearchAction","target":{"@type":"EntryPoint","urlTemplate":"https:\/\/iraurgiberritzen.eus\/es\/?s={search_term_string}"},"query-input":{"@type":"PropertyValueSpecification","valueRequired":true,"valueName":"search_term_string"}}],"inLanguage":"es"},{"@type":"Organization","@id":"https:\/\/iraurgiberritzen.eus\/es\/#organization","name":"Iraurgi Berritzen","url":"https:\/\/iraurgiberritzen.eus\/es\/","logo":{"@type":"ImageObject","inLanguage":"es","@id":"https:\/\/iraurgiberritzen.eus\/es\/#\/schema\/logo\/image\/","url":"https:\/\/iraurgiberritzen.eus\/wp-content\/uploads\/2024\/02\/IRAURGI-BERRITZEN-logotipoa_2.png","contentUrl":"https:\/\/iraurgiberritzen.eus\/wp-content\/uploads\/2024\/02\/IRAURGI-BERRITZEN-logotipoa_2.png","width":496,"height":190,"caption":"Iraurgi Berritzen"},"image":{"@id":"https:\/\/iraurgiberritzen.eus\/es\/#\/schema\/logo\/image\/"}},{"@type":"Person","@id":"https:\/\/iraurgiberritzen.eus\/es\/#\/schema\/person\/5ab41aaf388a9097177601ebf45738d2","name":"kudeatzailea","sameAs":["https:\/\/iraurgiberritzen.eus"]}]}},"_links":{"self":[{"href":"https:\/\/iraurgiberritzen.eus\/es\/wp-json\/wp\/v2\/posts\/11906","targetHints":{"allow":["GET"]}}],"collection":[{"href":"https:\/\/iraurgiberritzen.eus\/es\/wp-json\/wp\/v2\/posts"}],"about":[{"href":"https:\/\/iraurgiberritzen.eus\/es\/wp-json\/wp\/v2\/types\/post"}],"author":[{"embeddable":true,"href":"https:\/\/iraurgiberritzen.eus\/es\/wp-json\/wp\/v2\/users\/1"}],"replies":[{"embeddable":true,"href":"https:\/\/iraurgiberritzen.eus\/es\/wp-json\/wp\/v2\/comments?post=11906"}],"version-history":[{"count":0,"href":"https:\/\/iraurgiberritzen.eus\/es\/wp-json\/wp\/v2\/posts\/11906\/revisions"}],"wp:featuredmedia":[{"embeddable":true,"href":"https:\/\/iraurgiberritzen.eus\/es\/wp-json\/wp\/v2\/media\/18012"}],"wp:attachment":[{"href":"https:\/\/iraurgiberritzen.eus\/es\/wp-json\/wp\/v2\/media?parent=11906"}],"wp:term":[{"taxonomy":"category","embeddable":true,"href":"https:\/\/iraurgiberritzen.eus\/es\/wp-json\/wp\/v2\/categories?post=11906"},{"taxonomy":"post_tag","embeddable":true,"href":"https:\/\/iraurgiberritzen.eus\/es\/wp-json\/wp\/v2\/tags?post=11906"}],"curies":[{"name":"wp","href":"https:\/\/api.w.org\/{rel}","templated":true}]}}