{"id":11912,"date":"2015-11-06T08:28:29","date_gmt":"2015-11-06T06:28:29","guid":{"rendered":"https:\/\/iraurgiberritzen.eus\/impulso-del-comercio-electronico-para-el-comecio-minorista\/"},"modified":"2015-11-06T08:28:29","modified_gmt":"2015-11-06T06:28:29","slug":"impulso-del-comercio-electronico-para-el-comecio-minorista","status":"publish","type":"post","link":"https:\/\/iraurgiberritzen.eus\/es\/impulso-del-comercio-electronico-para-el-comecio-minorista\/","title":{"rendered":"Impulso del Comercio Electr\u00f3nico para el Comecio Minorista"},"content":{"rendered":"<p>El Gobierno Vasco y SPRI, ponen en marcha un servicio de asesoramiento tecnol\u00f3gico para el comercio minorista al objeto de impulsar el comercio electr\u00f3nico en EUSKADI.<\/p>\n<p style=\"text-align: justify;\">Dicho asesoramiento tecnol\u00f3gico tendr\u00e1 un car\u00e1cter PERSONALIZADO, NEUTRAL y GRATUITO para los comercios minoristas, facilitando la incorporaci\u00f3n de su actividad al comercio electr\u00f3nico. Asesoramiento m\u00e1ximo equivalente a 5 jornadas presenciales.<\/p>\n<p style=\"text-align: justify;\">Si eres comerciante de Azpeitia, Azkoitia o Zestoa y estas interesado en participar en este programa u obtener m\u00e1s informaci\u00f3n sobre \u00e9ste, puedes ponerte en contacto con la asociaci\u00f3n de comerciantes de tu localidad:<\/p>\n<ul style=\"text-align: justify;\">\n<li>En Azpetia: Bertan bertan.azpeitia@gmail.com 943 02 56 73<\/li>\n<li>En Azkoiatia: Herrixen herrixen@hotmail.com 608 31 30 24<\/li>\n<li>En Zestoa: Zestoan ugarte.x@wanadoo.es 620 676 191<\/li>\n<\/ul>\n<p style=\"text-align: justify;\">M\u00e1s informaci\u00f3n en el siguiente <a href=\"images\/iraurgiberritzen\/berriak\/2015\/Presentacion_programa_v7_ES.PDF\" target=\"_blank\" rel=\"noopener\">Programa<\/a>.<\/p>\n<p>&nbsp;<\/p>\n","protected":false},"excerpt":{"rendered":"<p>El Gobierno Vasco y SPRI, ponen en marcha un servicio de asesoramiento tecnol\u00f3gico para el comercio minorista al objeto de impulsar el comercio electr\u00f3nico en EUSKADI. Dicho asesoramiento tecnol\u00f3gico tendr\u00e1 un car\u00e1cter PERSONALIZADO, NEUTRAL y GRATUITO para los comercios minoristas, facilitando la incorporaci\u00f3n de su actividad al comercio electr\u00f3nico. Asesoramiento m\u00e1ximo equivalente a 5 jornadas [&hellip;]<\/p>\n","protected":false},"author":1,"featured_media":18014,"comment_status":"","ping_status":"closed","sticky":false,"template":"","format":"standard","meta":{"_acf_changed":false,"footnotes":""},"categories":[4],"tags":[],"class_list":["post-11912","post","type-post","status-publish","format-standard","has-post-thumbnail","hentry","category-noticias"],"acf":[],"yoast_head":"<!-- This site is optimized with the Yoast SEO plugin v27.4 - https:\/\/yoast.com\/product\/yoast-seo-wordpress\/ -->\n<title>Impulso del Comercio Electr\u00f3nico para el Comecio Minorista - Iraurgi Berritzen<\/title>\n<meta name=\"robots\" content=\"index, follow, max-snippet:-1, max-image-preview:large, max-video-preview:-1\" \/>\n<link rel=\"canonical\" href=\"https:\/\/iraurgiberritzen.eus\/es\/impulso-del-comercio-electronico-para-el-comecio-minorista\/\" \/>\n<meta property=\"og:locale\" content=\"es_ES\" \/>\n<meta property=\"og:type\" content=\"article\" \/>\n<meta property=\"og:title\" content=\"Impulso del Comercio Electr\u00f3nico para el Comecio Minorista - Iraurgi Berritzen\" \/>\n<meta property=\"og:description\" content=\"El Gobierno Vasco y SPRI, ponen en marcha un servicio de asesoramiento tecnol\u00f3gico para el comercio minorista al objeto de impulsar el comercio electr\u00f3nico en EUSKADI. Dicho asesoramiento tecnol\u00f3gico tendr\u00e1 un car\u00e1cter PERSONALIZADO, NEUTRAL y GRATUITO para los comercios minoristas, facilitando la incorporaci\u00f3n de su actividad al comercio electr\u00f3nico. Asesoramiento m\u00e1ximo equivalente a 5 jornadas [&hellip;]\" \/>\n<meta property=\"og:url\" content=\"https:\/\/iraurgiberritzen.eus\/es\/impulso-del-comercio-electronico-para-el-comecio-minorista\/\" \/>\n<meta property=\"og:site_name\" content=\"Iraurgi Berritzen\" \/>\n<meta property=\"article:published_time\" content=\"2015-11-06T06:28:29+00:00\" \/>\n<meta name=\"author\" content=\"kudeatzailea\" \/>\n<meta name=\"twitter:card\" content=\"summary_large_image\" \/>\n<meta name=\"twitter:label1\" content=\"Escrito por\" \/>\n\t<meta name=\"twitter:data1\" content=\"kudeatzailea\" \/>\n\t<meta name=\"twitter:label2\" content=\"Tiempo de lectura\" \/>\n\t<meta name=\"twitter:data2\" content=\"1 minuto\" \/>\n<script type=\"application\/ld+json\" class=\"yoast-schema-graph\">{\"@context\":\"https:\\\/\\\/schema.org\",\"@graph\":[{\"@type\":\"Article\",\"@id\":\"https:\\\/\\\/iraurgiberritzen.eus\\\/es\\\/impulso-del-comercio-electronico-para-el-comecio-minorista\\\/#article\",\"isPartOf\":{\"@id\":\"https:\\\/\\\/iraurgiberritzen.eus\\\/es\\\/impulso-del-comercio-electronico-para-el-comecio-minorista\\\/\"},\"author\":{\"name\":\"kudeatzailea\",\"@id\":\"https:\\\/\\\/iraurgiberritzen.eus\\\/es\\\/#\\\/schema\\\/person\\\/5ab41aaf388a9097177601ebf45738d2\"},\"headline\":\"Impulso del Comercio Electr\u00f3nico para el Comecio Minorista\",\"datePublished\":\"2015-11-06T06:28:29+00:00\",\"mainEntityOfPage\":{\"@id\":\"https:\\\/\\\/iraurgiberritzen.eus\\\/es\\\/impulso-del-comercio-electronico-para-el-comecio-minorista\\\/\"},\"wordCount\":137,\"publisher\":{\"@id\":\"https:\\\/\\\/iraurgiberritzen.eus\\\/es\\\/#organization\"},\"image\":{\"@id\":\"https:\\\/\\\/iraurgiberritzen.eus\\\/es\\\/impulso-del-comercio-electronico-para-el-comecio-minorista\\\/#primaryimage\"},\"thumbnailUrl\":\"https:\\\/\\\/iraurgiberritzen.eus\\\/wp-content\\\/uploads\\\/2023\\\/09\\\/319a6b58175c8348e5b537a311344d30.jpg\",\"articleSection\":[\"Noticias\"],\"inLanguage\":\"es\"},{\"@type\":\"WebPage\",\"@id\":\"https:\\\/\\\/iraurgiberritzen.eus\\\/es\\\/impulso-del-comercio-electronico-para-el-comecio-minorista\\\/\",\"url\":\"https:\\\/\\\/iraurgiberritzen.eus\\\/es\\\/impulso-del-comercio-electronico-para-el-comecio-minorista\\\/\",\"name\":\"Impulso del Comercio Electr\u00f3nico para el Comecio Minorista - Iraurgi Berritzen\",\"isPartOf\":{\"@id\":\"https:\\\/\\\/iraurgiberritzen.eus\\\/es\\\/#website\"},\"primaryImageOfPage\":{\"@id\":\"https:\\\/\\\/iraurgiberritzen.eus\\\/es\\\/impulso-del-comercio-electronico-para-el-comecio-minorista\\\/#primaryimage\"},\"image\":{\"@id\":\"https:\\\/\\\/iraurgiberritzen.eus\\\/es\\\/impulso-del-comercio-electronico-para-el-comecio-minorista\\\/#primaryimage\"},\"thumbnailUrl\":\"https:\\\/\\\/iraurgiberritzen.eus\\\/wp-content\\\/uploads\\\/2023\\\/09\\\/319a6b58175c8348e5b537a311344d30.jpg\",\"datePublished\":\"2015-11-06T06:28:29+00:00\",\"breadcrumb\":{\"@id\":\"https:\\\/\\\/iraurgiberritzen.eus\\\/es\\\/impulso-del-comercio-electronico-para-el-comecio-minorista\\\/#breadcrumb\"},\"inLanguage\":\"es\",\"potentialAction\":[{\"@type\":\"ReadAction\",\"target\":[\"https:\\\/\\\/iraurgiberritzen.eus\\\/es\\\/impulso-del-comercio-electronico-para-el-comecio-minorista\\\/\"]}]},{\"@type\":\"ImageObject\",\"inLanguage\":\"es\",\"@id\":\"https:\\\/\\\/iraurgiberritzen.eus\\\/es\\\/impulso-del-comercio-electronico-para-el-comecio-minorista\\\/#primaryimage\",\"url\":\"https:\\\/\\\/iraurgiberritzen.eus\\\/wp-content\\\/uploads\\\/2023\\\/09\\\/319a6b58175c8348e5b537a311344d30.jpg\",\"contentUrl\":\"https:\\\/\\\/iraurgiberritzen.eus\\\/wp-content\\\/uploads\\\/2023\\\/09\\\/319a6b58175c8348e5b537a311344d30.jpg\",\"width\":600,\"height\":390},{\"@type\":\"BreadcrumbList\",\"@id\":\"https:\\\/\\\/iraurgiberritzen.eus\\\/es\\\/impulso-del-comercio-electronico-para-el-comecio-minorista\\\/#breadcrumb\",\"itemListElement\":[{\"@type\":\"ListItem\",\"position\":1,\"name\":\"Home\",\"item\":\"https:\\\/\\\/iraurgiberritzen.eus\\\/es\\\/\"},{\"@type\":\"ListItem\",\"position\":2,\"name\":\"Impulso del Comercio Electr\u00f3nico para el Comecio Minorista\"}]},{\"@type\":\"WebSite\",\"@id\":\"https:\\\/\\\/iraurgiberritzen.eus\\\/es\\\/#website\",\"url\":\"https:\\\/\\\/iraurgiberritzen.eus\\\/es\\\/\",\"name\":\"Iraurgi Berritzen\",\"description\":\"Urola Erdiko Garapen Agentzia\",\"publisher\":{\"@id\":\"https:\\\/\\\/iraurgiberritzen.eus\\\/es\\\/#organization\"},\"potentialAction\":[{\"@type\":\"SearchAction\",\"target\":{\"@type\":\"EntryPoint\",\"urlTemplate\":\"https:\\\/\\\/iraurgiberritzen.eus\\\/es\\\/?s={search_term_string}\"},\"query-input\":{\"@type\":\"PropertyValueSpecification\",\"valueRequired\":true,\"valueName\":\"search_term_string\"}}],\"inLanguage\":\"es\"},{\"@type\":\"Organization\",\"@id\":\"https:\\\/\\\/iraurgiberritzen.eus\\\/es\\\/#organization\",\"name\":\"Iraurgi Berritzen\",\"url\":\"https:\\\/\\\/iraurgiberritzen.eus\\\/es\\\/\",\"logo\":{\"@type\":\"ImageObject\",\"inLanguage\":\"es\",\"@id\":\"https:\\\/\\\/iraurgiberritzen.eus\\\/es\\\/#\\\/schema\\\/logo\\\/image\\\/\",\"url\":\"https:\\\/\\\/iraurgiberritzen.eus\\\/wp-content\\\/uploads\\\/2024\\\/02\\\/IRAURGI-BERRITZEN-logotipoa_2.png\",\"contentUrl\":\"https:\\\/\\\/iraurgiberritzen.eus\\\/wp-content\\\/uploads\\\/2024\\\/02\\\/IRAURGI-BERRITZEN-logotipoa_2.png\",\"width\":496,\"height\":190,\"caption\":\"Iraurgi Berritzen\"},\"image\":{\"@id\":\"https:\\\/\\\/iraurgiberritzen.eus\\\/es\\\/#\\\/schema\\\/logo\\\/image\\\/\"}},{\"@type\":\"Person\",\"@id\":\"https:\\\/\\\/iraurgiberritzen.eus\\\/es\\\/#\\\/schema\\\/person\\\/5ab41aaf388a9097177601ebf45738d2\",\"name\":\"kudeatzailea\",\"sameAs\":[\"https:\\\/\\\/iraurgiberritzen.eus\"]}]}<\/script>\n<!-- \/ Yoast SEO plugin. -->","yoast_head_json":{"title":"Impulso del Comercio Electr\u00f3nico para el Comecio Minorista - Iraurgi Berritzen","robots":{"index":"index","follow":"follow","max-snippet":"max-snippet:-1","max-image-preview":"max-image-preview:large","max-video-preview":"max-video-preview:-1"},"canonical":"https:\/\/iraurgiberritzen.eus\/es\/impulso-del-comercio-electronico-para-el-comecio-minorista\/","og_locale":"es_ES","og_type":"article","og_title":"Impulso del Comercio Electr\u00f3nico para el Comecio Minorista - Iraurgi Berritzen","og_description":"El Gobierno Vasco y SPRI, ponen en marcha un servicio de asesoramiento tecnol\u00f3gico para el comercio minorista al objeto de impulsar el comercio electr\u00f3nico en EUSKADI. Dicho asesoramiento tecnol\u00f3gico tendr\u00e1 un car\u00e1cter PERSONALIZADO, NEUTRAL y GRATUITO para los comercios minoristas, facilitando la incorporaci\u00f3n de su actividad al comercio electr\u00f3nico. Asesoramiento m\u00e1ximo equivalente a 5 jornadas [&hellip;]","og_url":"https:\/\/iraurgiberritzen.eus\/es\/impulso-del-comercio-electronico-para-el-comecio-minorista\/","og_site_name":"Iraurgi Berritzen","article_published_time":"2015-11-06T06:28:29+00:00","author":"kudeatzailea","twitter_card":"summary_large_image","twitter_misc":{"Escrito por":"kudeatzailea","Tiempo de lectura":"1 minuto"},"schema":{"@context":"https:\/\/schema.org","@graph":[{"@type":"Article","@id":"https:\/\/iraurgiberritzen.eus\/es\/impulso-del-comercio-electronico-para-el-comecio-minorista\/#article","isPartOf":{"@id":"https:\/\/iraurgiberritzen.eus\/es\/impulso-del-comercio-electronico-para-el-comecio-minorista\/"},"author":{"name":"kudeatzailea","@id":"https:\/\/iraurgiberritzen.eus\/es\/#\/schema\/person\/5ab41aaf388a9097177601ebf45738d2"},"headline":"Impulso del Comercio Electr\u00f3nico para el Comecio Minorista","datePublished":"2015-11-06T06:28:29+00:00","mainEntityOfPage":{"@id":"https:\/\/iraurgiberritzen.eus\/es\/impulso-del-comercio-electronico-para-el-comecio-minorista\/"},"wordCount":137,"publisher":{"@id":"https:\/\/iraurgiberritzen.eus\/es\/#organization"},"image":{"@id":"https:\/\/iraurgiberritzen.eus\/es\/impulso-del-comercio-electronico-para-el-comecio-minorista\/#primaryimage"},"thumbnailUrl":"https:\/\/iraurgiberritzen.eus\/wp-content\/uploads\/2023\/09\/319a6b58175c8348e5b537a311344d30.jpg","articleSection":["Noticias"],"inLanguage":"es"},{"@type":"WebPage","@id":"https:\/\/iraurgiberritzen.eus\/es\/impulso-del-comercio-electronico-para-el-comecio-minorista\/","url":"https:\/\/iraurgiberritzen.eus\/es\/impulso-del-comercio-electronico-para-el-comecio-minorista\/","name":"Impulso del Comercio Electr\u00f3nico para el Comecio Minorista - Iraurgi Berritzen","isPartOf":{"@id":"https:\/\/iraurgiberritzen.eus\/es\/#website"},"primaryImageOfPage":{"@id":"https:\/\/iraurgiberritzen.eus\/es\/impulso-del-comercio-electronico-para-el-comecio-minorista\/#primaryimage"},"image":{"@id":"https:\/\/iraurgiberritzen.eus\/es\/impulso-del-comercio-electronico-para-el-comecio-minorista\/#primaryimage"},"thumbnailUrl":"https:\/\/iraurgiberritzen.eus\/wp-content\/uploads\/2023\/09\/319a6b58175c8348e5b537a311344d30.jpg","datePublished":"2015-11-06T06:28:29+00:00","breadcrumb":{"@id":"https:\/\/iraurgiberritzen.eus\/es\/impulso-del-comercio-electronico-para-el-comecio-minorista\/#breadcrumb"},"inLanguage":"es","potentialAction":[{"@type":"ReadAction","target":["https:\/\/iraurgiberritzen.eus\/es\/impulso-del-comercio-electronico-para-el-comecio-minorista\/"]}]},{"@type":"ImageObject","inLanguage":"es","@id":"https:\/\/iraurgiberritzen.eus\/es\/impulso-del-comercio-electronico-para-el-comecio-minorista\/#primaryimage","url":"https:\/\/iraurgiberritzen.eus\/wp-content\/uploads\/2023\/09\/319a6b58175c8348e5b537a311344d30.jpg","contentUrl":"https:\/\/iraurgiberritzen.eus\/wp-content\/uploads\/2023\/09\/319a6b58175c8348e5b537a311344d30.jpg","width":600,"height":390},{"@type":"BreadcrumbList","@id":"https:\/\/iraurgiberritzen.eus\/es\/impulso-del-comercio-electronico-para-el-comecio-minorista\/#breadcrumb","itemListElement":[{"@type":"ListItem","position":1,"name":"Home","item":"https:\/\/iraurgiberritzen.eus\/es\/"},{"@type":"ListItem","position":2,"name":"Impulso del Comercio Electr\u00f3nico para el Comecio Minorista"}]},{"@type":"WebSite","@id":"https:\/\/iraurgiberritzen.eus\/es\/#website","url":"https:\/\/iraurgiberritzen.eus\/es\/","name":"Iraurgi Berritzen","description":"Urola Erdiko Garapen Agentzia","publisher":{"@id":"https:\/\/iraurgiberritzen.eus\/es\/#organization"},"potentialAction":[{"@type":"SearchAction","target":{"@type":"EntryPoint","urlTemplate":"https:\/\/iraurgiberritzen.eus\/es\/?s={search_term_string}"},"query-input":{"@type":"PropertyValueSpecification","valueRequired":true,"valueName":"search_term_string"}}],"inLanguage":"es"},{"@type":"Organization","@id":"https:\/\/iraurgiberritzen.eus\/es\/#organization","name":"Iraurgi Berritzen","url":"https:\/\/iraurgiberritzen.eus\/es\/","logo":{"@type":"ImageObject","inLanguage":"es","@id":"https:\/\/iraurgiberritzen.eus\/es\/#\/schema\/logo\/image\/","url":"https:\/\/iraurgiberritzen.eus\/wp-content\/uploads\/2024\/02\/IRAURGI-BERRITZEN-logotipoa_2.png","contentUrl":"https:\/\/iraurgiberritzen.eus\/wp-content\/uploads\/2024\/02\/IRAURGI-BERRITZEN-logotipoa_2.png","width":496,"height":190,"caption":"Iraurgi Berritzen"},"image":{"@id":"https:\/\/iraurgiberritzen.eus\/es\/#\/schema\/logo\/image\/"}},{"@type":"Person","@id":"https:\/\/iraurgiberritzen.eus\/es\/#\/schema\/person\/5ab41aaf388a9097177601ebf45738d2","name":"kudeatzailea","sameAs":["https:\/\/iraurgiberritzen.eus"]}]}},"_links":{"self":[{"href":"https:\/\/iraurgiberritzen.eus\/es\/wp-json\/wp\/v2\/posts\/11912","targetHints":{"allow":["GET"]}}],"collection":[{"href":"https:\/\/iraurgiberritzen.eus\/es\/wp-json\/wp\/v2\/posts"}],"about":[{"href":"https:\/\/iraurgiberritzen.eus\/es\/wp-json\/wp\/v2\/types\/post"}],"author":[{"embeddable":true,"href":"https:\/\/iraurgiberritzen.eus\/es\/wp-json\/wp\/v2\/users\/1"}],"replies":[{"embeddable":true,"href":"https:\/\/iraurgiberritzen.eus\/es\/wp-json\/wp\/v2\/comments?post=11912"}],"version-history":[{"count":0,"href":"https:\/\/iraurgiberritzen.eus\/es\/wp-json\/wp\/v2\/posts\/11912\/revisions"}],"wp:featuredmedia":[{"embeddable":true,"href":"https:\/\/iraurgiberritzen.eus\/es\/wp-json\/wp\/v2\/media\/18014"}],"wp:attachment":[{"href":"https:\/\/iraurgiberritzen.eus\/es\/wp-json\/wp\/v2\/media?parent=11912"}],"wp:term":[{"taxonomy":"category","embeddable":true,"href":"https:\/\/iraurgiberritzen.eus\/es\/wp-json\/wp\/v2\/categories?post=11912"},{"taxonomy":"post_tag","embeddable":true,"href":"https:\/\/iraurgiberritzen.eus\/es\/wp-json\/wp\/v2\/tags?post=11912"}],"curies":[{"name":"wp","href":"https:\/\/api.w.org\/{rel}","templated":true}]}}