{"id":11918,"date":"2015-11-09T10:03:54","date_gmt":"2015-11-09T08:03:54","guid":{"rendered":"https:\/\/iraurgiberritzen.eus\/la-inteligencia-emocional-al-servicio-de-la-venta-en-el-sector-del-mueble\/"},"modified":"2015-11-09T10:03:54","modified_gmt":"2015-11-09T08:03:54","slug":"la-inteligencia-emocional-al-servicio-de-la-venta-en-el-sector-del-mueble","status":"publish","type":"post","link":"https:\/\/iraurgiberritzen.eus\/es\/la-inteligencia-emocional-al-servicio-de-la-venta-en-el-sector-del-mueble\/","title":{"rendered":"La inteligencia emocional al servicio de la venta en el sector del mueble"},"content":{"rendered":"<p style=\"text-align: justify;\">El grupo de trabajo del sector del mueble de Azpeitia, en colaboraci\u00f3n con Iraurgi Berritzen y la Federaci\u00f3n Mercantil de Gipuzkoa, ha puesto en marcha su primera actuaci\u00f3n, una formaci\u00f3n espec\u00edfica sobre la venta y las emociones.<\/p>\n<p style=\"text-align: justify;\">El curso se ha dirigido a todos los establecimientos del sector del mueble de Azpeitia. El objetivo principal ha sido desarrollar competencias y habilidades socio emocionales y la actitud proactiva, pasos clave en el proceso de venta.<\/p>\n<p style=\"text-align: justify;\">El contenido trabajado, se ha orientado al sector del mueble:<\/p>\n<ul style=\"text-align: justify;\">\n<li>\u00bfQu\u00e9 es esto de la inteligencia emocional? El mundo de las emociones y la inteligencia emocional. La consciencia.<\/li>\n<li>Desarrollo de habilidades socio emocionales en el profesional de la venta: habilidades de comunicaci\u00f3n, habilidades asertivas, la escucha activa, las preguntas.<\/li>\n<li>La venta, el proceso de vender en el proceso de venta del sector del mueble.<\/li>\n<\/ul>\n<p style=\"text-align: justify;\">Este curso se ha impartido del 2 al 6 de Noviembre, de 14:00 a 16:20 de la tarde en el Sindikatu Zaharra de Azpeitia, donde han participado varios establecimientos del sector del mueble de Azpeitia.<\/p>\n<p style=\"text-align: justify;\">Empresas participantes: Oiarbide Altzariak, Bide Sukaldeak, Kibuc Gure Ametsa, Abea Altzariak, Ideeform, Muebles Hogar y Bijota Altzariak.<\/p>\n","protected":false},"excerpt":{"rendered":"<p>El grupo de trabajo del sector del mueble de Azpeitia, en colaboraci\u00f3n con Iraurgi Berritzen y la Federaci\u00f3n Mercantil de Gipuzkoa, ha puesto en marcha su primera actuaci\u00f3n, una formaci\u00f3n espec\u00edfica sobre la venta y las emociones. El curso se ha dirigido a todos los establecimientos del sector del mueble de Azpeitia. El objetivo principal [&hellip;]<\/p>\n","protected":false},"author":1,"featured_media":18016,"comment_status":"","ping_status":"closed","sticky":false,"template":"","format":"standard","meta":{"_acf_changed":false,"footnotes":""},"categories":[4],"tags":[],"class_list":["post-11918","post","type-post","status-publish","format-standard","has-post-thumbnail","hentry","category-noticias"],"acf":[],"yoast_head":"<!-- This site is optimized with the Yoast SEO plugin v27.4 - https:\/\/yoast.com\/product\/yoast-seo-wordpress\/ -->\n<title>La inteligencia emocional al servicio de la venta en el sector del mueble - Iraurgi Berritzen<\/title>\n<meta name=\"robots\" content=\"index, follow, max-snippet:-1, max-image-preview:large, max-video-preview:-1\" \/>\n<link rel=\"canonical\" href=\"https:\/\/iraurgiberritzen.eus\/es\/la-inteligencia-emocional-al-servicio-de-la-venta-en-el-sector-del-mueble\/\" \/>\n<meta property=\"og:locale\" content=\"es_ES\" \/>\n<meta property=\"og:type\" content=\"article\" \/>\n<meta property=\"og:title\" content=\"La inteligencia emocional al servicio de la venta en el sector del mueble - Iraurgi Berritzen\" \/>\n<meta property=\"og:description\" content=\"El grupo de trabajo del sector del mueble de Azpeitia, en colaboraci\u00f3n con Iraurgi Berritzen y la Federaci\u00f3n Mercantil de Gipuzkoa, ha puesto en marcha su primera actuaci\u00f3n, una formaci\u00f3n espec\u00edfica sobre la venta y las emociones. El curso se ha dirigido a todos los establecimientos del sector del mueble de Azpeitia. El objetivo principal [&hellip;]\" \/>\n<meta property=\"og:url\" content=\"https:\/\/iraurgiberritzen.eus\/es\/la-inteligencia-emocional-al-servicio-de-la-venta-en-el-sector-del-mueble\/\" \/>\n<meta property=\"og:site_name\" content=\"Iraurgi Berritzen\" \/>\n<meta property=\"article:published_time\" content=\"2015-11-09T08:03:54+00:00\" \/>\n<meta name=\"author\" content=\"kudeatzailea\" \/>\n<meta name=\"twitter:card\" content=\"summary_large_image\" \/>\n<meta name=\"twitter:label1\" content=\"Escrito por\" \/>\n\t<meta name=\"twitter:data1\" content=\"kudeatzailea\" \/>\n\t<meta name=\"twitter:label2\" content=\"Tiempo de lectura\" \/>\n\t<meta name=\"twitter:data2\" content=\"1 minuto\" \/>\n<script type=\"application\/ld+json\" class=\"yoast-schema-graph\">{\"@context\":\"https:\\\/\\\/schema.org\",\"@graph\":[{\"@type\":\"Article\",\"@id\":\"https:\\\/\\\/iraurgiberritzen.eus\\\/es\\\/la-inteligencia-emocional-al-servicio-de-la-venta-en-el-sector-del-mueble\\\/#article\",\"isPartOf\":{\"@id\":\"https:\\\/\\\/iraurgiberritzen.eus\\\/es\\\/la-inteligencia-emocional-al-servicio-de-la-venta-en-el-sector-del-mueble\\\/\"},\"author\":{\"name\":\"kudeatzailea\",\"@id\":\"https:\\\/\\\/iraurgiberritzen.eus\\\/es\\\/#\\\/schema\\\/person\\\/5ab41aaf388a9097177601ebf45738d2\"},\"headline\":\"La inteligencia emocional al servicio de la venta en el sector del mueble\",\"datePublished\":\"2015-11-09T08:03:54+00:00\",\"mainEntityOfPage\":{\"@id\":\"https:\\\/\\\/iraurgiberritzen.eus\\\/es\\\/la-inteligencia-emocional-al-servicio-de-la-venta-en-el-sector-del-mueble\\\/\"},\"wordCount\":205,\"publisher\":{\"@id\":\"https:\\\/\\\/iraurgiberritzen.eus\\\/es\\\/#organization\"},\"image\":{\"@id\":\"https:\\\/\\\/iraurgiberritzen.eus\\\/es\\\/la-inteligencia-emocional-al-servicio-de-la-venta-en-el-sector-del-mueble\\\/#primaryimage\"},\"thumbnailUrl\":\"https:\\\/\\\/iraurgiberritzen.eus\\\/wp-content\\\/uploads\\\/2023\\\/09\\\/be76d1a55ee5ffb3b2dc895570c95b36.jpg\",\"articleSection\":[\"Noticias\"],\"inLanguage\":\"es\"},{\"@type\":\"WebPage\",\"@id\":\"https:\\\/\\\/iraurgiberritzen.eus\\\/es\\\/la-inteligencia-emocional-al-servicio-de-la-venta-en-el-sector-del-mueble\\\/\",\"url\":\"https:\\\/\\\/iraurgiberritzen.eus\\\/es\\\/la-inteligencia-emocional-al-servicio-de-la-venta-en-el-sector-del-mueble\\\/\",\"name\":\"La inteligencia emocional al servicio de la venta en el sector del mueble - Iraurgi Berritzen\",\"isPartOf\":{\"@id\":\"https:\\\/\\\/iraurgiberritzen.eus\\\/es\\\/#website\"},\"primaryImageOfPage\":{\"@id\":\"https:\\\/\\\/iraurgiberritzen.eus\\\/es\\\/la-inteligencia-emocional-al-servicio-de-la-venta-en-el-sector-del-mueble\\\/#primaryimage\"},\"image\":{\"@id\":\"https:\\\/\\\/iraurgiberritzen.eus\\\/es\\\/la-inteligencia-emocional-al-servicio-de-la-venta-en-el-sector-del-mueble\\\/#primaryimage\"},\"thumbnailUrl\":\"https:\\\/\\\/iraurgiberritzen.eus\\\/wp-content\\\/uploads\\\/2023\\\/09\\\/be76d1a55ee5ffb3b2dc895570c95b36.jpg\",\"datePublished\":\"2015-11-09T08:03:54+00:00\",\"breadcrumb\":{\"@id\":\"https:\\\/\\\/iraurgiberritzen.eus\\\/es\\\/la-inteligencia-emocional-al-servicio-de-la-venta-en-el-sector-del-mueble\\\/#breadcrumb\"},\"inLanguage\":\"es\",\"potentialAction\":[{\"@type\":\"ReadAction\",\"target\":[\"https:\\\/\\\/iraurgiberritzen.eus\\\/es\\\/la-inteligencia-emocional-al-servicio-de-la-venta-en-el-sector-del-mueble\\\/\"]}]},{\"@type\":\"ImageObject\",\"inLanguage\":\"es\",\"@id\":\"https:\\\/\\\/iraurgiberritzen.eus\\\/es\\\/la-inteligencia-emocional-al-servicio-de-la-venta-en-el-sector-del-mueble\\\/#primaryimage\",\"url\":\"https:\\\/\\\/iraurgiberritzen.eus\\\/wp-content\\\/uploads\\\/2023\\\/09\\\/be76d1a55ee5ffb3b2dc895570c95b36.jpg\",\"contentUrl\":\"https:\\\/\\\/iraurgiberritzen.eus\\\/wp-content\\\/uploads\\\/2023\\\/09\\\/be76d1a55ee5ffb3b2dc895570c95b36.jpg\",\"width\":600,\"height\":390},{\"@type\":\"BreadcrumbList\",\"@id\":\"https:\\\/\\\/iraurgiberritzen.eus\\\/es\\\/la-inteligencia-emocional-al-servicio-de-la-venta-en-el-sector-del-mueble\\\/#breadcrumb\",\"itemListElement\":[{\"@type\":\"ListItem\",\"position\":1,\"name\":\"Home\",\"item\":\"https:\\\/\\\/iraurgiberritzen.eus\\\/es\\\/\"},{\"@type\":\"ListItem\",\"position\":2,\"name\":\"La inteligencia emocional al servicio de la venta en el sector del mueble\"}]},{\"@type\":\"WebSite\",\"@id\":\"https:\\\/\\\/iraurgiberritzen.eus\\\/es\\\/#website\",\"url\":\"https:\\\/\\\/iraurgiberritzen.eus\\\/es\\\/\",\"name\":\"Iraurgi Berritzen\",\"description\":\"Urola Erdiko Garapen Agentzia\",\"publisher\":{\"@id\":\"https:\\\/\\\/iraurgiberritzen.eus\\\/es\\\/#organization\"},\"potentialAction\":[{\"@type\":\"SearchAction\",\"target\":{\"@type\":\"EntryPoint\",\"urlTemplate\":\"https:\\\/\\\/iraurgiberritzen.eus\\\/es\\\/?s={search_term_string}\"},\"query-input\":{\"@type\":\"PropertyValueSpecification\",\"valueRequired\":true,\"valueName\":\"search_term_string\"}}],\"inLanguage\":\"es\"},{\"@type\":\"Organization\",\"@id\":\"https:\\\/\\\/iraurgiberritzen.eus\\\/es\\\/#organization\",\"name\":\"Iraurgi Berritzen\",\"url\":\"https:\\\/\\\/iraurgiberritzen.eus\\\/es\\\/\",\"logo\":{\"@type\":\"ImageObject\",\"inLanguage\":\"es\",\"@id\":\"https:\\\/\\\/iraurgiberritzen.eus\\\/es\\\/#\\\/schema\\\/logo\\\/image\\\/\",\"url\":\"https:\\\/\\\/iraurgiberritzen.eus\\\/wp-content\\\/uploads\\\/2024\\\/02\\\/IRAURGI-BERRITZEN-logotipoa_2.png\",\"contentUrl\":\"https:\\\/\\\/iraurgiberritzen.eus\\\/wp-content\\\/uploads\\\/2024\\\/02\\\/IRAURGI-BERRITZEN-logotipoa_2.png\",\"width\":496,\"height\":190,\"caption\":\"Iraurgi Berritzen\"},\"image\":{\"@id\":\"https:\\\/\\\/iraurgiberritzen.eus\\\/es\\\/#\\\/schema\\\/logo\\\/image\\\/\"}},{\"@type\":\"Person\",\"@id\":\"https:\\\/\\\/iraurgiberritzen.eus\\\/es\\\/#\\\/schema\\\/person\\\/5ab41aaf388a9097177601ebf45738d2\",\"name\":\"kudeatzailea\",\"sameAs\":[\"https:\\\/\\\/iraurgiberritzen.eus\"]}]}<\/script>\n<!-- \/ Yoast SEO plugin. -->","yoast_head_json":{"title":"La inteligencia emocional al servicio de la venta en el sector del mueble - Iraurgi Berritzen","robots":{"index":"index","follow":"follow","max-snippet":"max-snippet:-1","max-image-preview":"max-image-preview:large","max-video-preview":"max-video-preview:-1"},"canonical":"https:\/\/iraurgiberritzen.eus\/es\/la-inteligencia-emocional-al-servicio-de-la-venta-en-el-sector-del-mueble\/","og_locale":"es_ES","og_type":"article","og_title":"La inteligencia emocional al servicio de la venta en el sector del mueble - Iraurgi Berritzen","og_description":"El grupo de trabajo del sector del mueble de Azpeitia, en colaboraci\u00f3n con Iraurgi Berritzen y la Federaci\u00f3n Mercantil de Gipuzkoa, ha puesto en marcha su primera actuaci\u00f3n, una formaci\u00f3n espec\u00edfica sobre la venta y las emociones. El curso se ha dirigido a todos los establecimientos del sector del mueble de Azpeitia. El objetivo principal [&hellip;]","og_url":"https:\/\/iraurgiberritzen.eus\/es\/la-inteligencia-emocional-al-servicio-de-la-venta-en-el-sector-del-mueble\/","og_site_name":"Iraurgi Berritzen","article_published_time":"2015-11-09T08:03:54+00:00","author":"kudeatzailea","twitter_card":"summary_large_image","twitter_misc":{"Escrito por":"kudeatzailea","Tiempo de lectura":"1 minuto"},"schema":{"@context":"https:\/\/schema.org","@graph":[{"@type":"Article","@id":"https:\/\/iraurgiberritzen.eus\/es\/la-inteligencia-emocional-al-servicio-de-la-venta-en-el-sector-del-mueble\/#article","isPartOf":{"@id":"https:\/\/iraurgiberritzen.eus\/es\/la-inteligencia-emocional-al-servicio-de-la-venta-en-el-sector-del-mueble\/"},"author":{"name":"kudeatzailea","@id":"https:\/\/iraurgiberritzen.eus\/es\/#\/schema\/person\/5ab41aaf388a9097177601ebf45738d2"},"headline":"La inteligencia emocional al servicio de la venta en el sector del mueble","datePublished":"2015-11-09T08:03:54+00:00","mainEntityOfPage":{"@id":"https:\/\/iraurgiberritzen.eus\/es\/la-inteligencia-emocional-al-servicio-de-la-venta-en-el-sector-del-mueble\/"},"wordCount":205,"publisher":{"@id":"https:\/\/iraurgiberritzen.eus\/es\/#organization"},"image":{"@id":"https:\/\/iraurgiberritzen.eus\/es\/la-inteligencia-emocional-al-servicio-de-la-venta-en-el-sector-del-mueble\/#primaryimage"},"thumbnailUrl":"https:\/\/iraurgiberritzen.eus\/wp-content\/uploads\/2023\/09\/be76d1a55ee5ffb3b2dc895570c95b36.jpg","articleSection":["Noticias"],"inLanguage":"es"},{"@type":"WebPage","@id":"https:\/\/iraurgiberritzen.eus\/es\/la-inteligencia-emocional-al-servicio-de-la-venta-en-el-sector-del-mueble\/","url":"https:\/\/iraurgiberritzen.eus\/es\/la-inteligencia-emocional-al-servicio-de-la-venta-en-el-sector-del-mueble\/","name":"La inteligencia emocional al servicio de la venta en el sector del mueble - Iraurgi Berritzen","isPartOf":{"@id":"https:\/\/iraurgiberritzen.eus\/es\/#website"},"primaryImageOfPage":{"@id":"https:\/\/iraurgiberritzen.eus\/es\/la-inteligencia-emocional-al-servicio-de-la-venta-en-el-sector-del-mueble\/#primaryimage"},"image":{"@id":"https:\/\/iraurgiberritzen.eus\/es\/la-inteligencia-emocional-al-servicio-de-la-venta-en-el-sector-del-mueble\/#primaryimage"},"thumbnailUrl":"https:\/\/iraurgiberritzen.eus\/wp-content\/uploads\/2023\/09\/be76d1a55ee5ffb3b2dc895570c95b36.jpg","datePublished":"2015-11-09T08:03:54+00:00","breadcrumb":{"@id":"https:\/\/iraurgiberritzen.eus\/es\/la-inteligencia-emocional-al-servicio-de-la-venta-en-el-sector-del-mueble\/#breadcrumb"},"inLanguage":"es","potentialAction":[{"@type":"ReadAction","target":["https:\/\/iraurgiberritzen.eus\/es\/la-inteligencia-emocional-al-servicio-de-la-venta-en-el-sector-del-mueble\/"]}]},{"@type":"ImageObject","inLanguage":"es","@id":"https:\/\/iraurgiberritzen.eus\/es\/la-inteligencia-emocional-al-servicio-de-la-venta-en-el-sector-del-mueble\/#primaryimage","url":"https:\/\/iraurgiberritzen.eus\/wp-content\/uploads\/2023\/09\/be76d1a55ee5ffb3b2dc895570c95b36.jpg","contentUrl":"https:\/\/iraurgiberritzen.eus\/wp-content\/uploads\/2023\/09\/be76d1a55ee5ffb3b2dc895570c95b36.jpg","width":600,"height":390},{"@type":"BreadcrumbList","@id":"https:\/\/iraurgiberritzen.eus\/es\/la-inteligencia-emocional-al-servicio-de-la-venta-en-el-sector-del-mueble\/#breadcrumb","itemListElement":[{"@type":"ListItem","position":1,"name":"Home","item":"https:\/\/iraurgiberritzen.eus\/es\/"},{"@type":"ListItem","position":2,"name":"La inteligencia emocional al servicio de la venta en el sector del mueble"}]},{"@type":"WebSite","@id":"https:\/\/iraurgiberritzen.eus\/es\/#website","url":"https:\/\/iraurgiberritzen.eus\/es\/","name":"Iraurgi Berritzen","description":"Urola Erdiko Garapen Agentzia","publisher":{"@id":"https:\/\/iraurgiberritzen.eus\/es\/#organization"},"potentialAction":[{"@type":"SearchAction","target":{"@type":"EntryPoint","urlTemplate":"https:\/\/iraurgiberritzen.eus\/es\/?s={search_term_string}"},"query-input":{"@type":"PropertyValueSpecification","valueRequired":true,"valueName":"search_term_string"}}],"inLanguage":"es"},{"@type":"Organization","@id":"https:\/\/iraurgiberritzen.eus\/es\/#organization","name":"Iraurgi Berritzen","url":"https:\/\/iraurgiberritzen.eus\/es\/","logo":{"@type":"ImageObject","inLanguage":"es","@id":"https:\/\/iraurgiberritzen.eus\/es\/#\/schema\/logo\/image\/","url":"https:\/\/iraurgiberritzen.eus\/wp-content\/uploads\/2024\/02\/IRAURGI-BERRITZEN-logotipoa_2.png","contentUrl":"https:\/\/iraurgiberritzen.eus\/wp-content\/uploads\/2024\/02\/IRAURGI-BERRITZEN-logotipoa_2.png","width":496,"height":190,"caption":"Iraurgi Berritzen"},"image":{"@id":"https:\/\/iraurgiberritzen.eus\/es\/#\/schema\/logo\/image\/"}},{"@type":"Person","@id":"https:\/\/iraurgiberritzen.eus\/es\/#\/schema\/person\/5ab41aaf388a9097177601ebf45738d2","name":"kudeatzailea","sameAs":["https:\/\/iraurgiberritzen.eus"]}]}},"_links":{"self":[{"href":"https:\/\/iraurgiberritzen.eus\/es\/wp-json\/wp\/v2\/posts\/11918","targetHints":{"allow":["GET"]}}],"collection":[{"href":"https:\/\/iraurgiberritzen.eus\/es\/wp-json\/wp\/v2\/posts"}],"about":[{"href":"https:\/\/iraurgiberritzen.eus\/es\/wp-json\/wp\/v2\/types\/post"}],"author":[{"embeddable":true,"href":"https:\/\/iraurgiberritzen.eus\/es\/wp-json\/wp\/v2\/users\/1"}],"replies":[{"embeddable":true,"href":"https:\/\/iraurgiberritzen.eus\/es\/wp-json\/wp\/v2\/comments?post=11918"}],"version-history":[{"count":0,"href":"https:\/\/iraurgiberritzen.eus\/es\/wp-json\/wp\/v2\/posts\/11918\/revisions"}],"wp:featuredmedia":[{"embeddable":true,"href":"https:\/\/iraurgiberritzen.eus\/es\/wp-json\/wp\/v2\/media\/18016"}],"wp:attachment":[{"href":"https:\/\/iraurgiberritzen.eus\/es\/wp-json\/wp\/v2\/media?parent=11918"}],"wp:term":[{"taxonomy":"category","embeddable":true,"href":"https:\/\/iraurgiberritzen.eus\/es\/wp-json\/wp\/v2\/categories?post=11918"},{"taxonomy":"post_tag","embeddable":true,"href":"https:\/\/iraurgiberritzen.eus\/es\/wp-json\/wp\/v2\/tags?post=11918"}],"curies":[{"name":"wp","href":"https:\/\/api.w.org\/{rel}","templated":true}]}}