{"id":11924,"date":"2015-11-19T10:15:56","date_gmt":"2015-11-19T08:15:56","guid":{"rendered":"https:\/\/iraurgiberritzen.eus\/arrancan-las-jornadas-de-energia-del-urola-erdia\/"},"modified":"2015-11-19T10:15:56","modified_gmt":"2015-11-19T08:15:56","slug":"arrancan-las-jornadas-de-energia-del-urola-erdia","status":"publish","type":"post","link":"https:\/\/iraurgiberritzen.eus\/es\/arrancan-las-jornadas-de-energia-del-urola-erdia\/","title":{"rendered":"Arrancan las Jornadas de Energ\u00eda del Urola Erdia"},"content":{"rendered":"<p style=\"text-align: justify;\">El 18 de noviembre se presentaron en Azpeitia las Jornadas de Energia promodivas por la Mesa de la Energia de Urola Erdia que coordina Iraurgi Berritzen.<\/p>\n<p style=\"text-align: justify;\">El orgien de este proyecto se remonta al a\u00f1o 2013, cuando la Diputaci\u00f3n Foral de Gipuzkoa puso en marcha el proceso de presupuestos participativos. En ese momento los agentes de la comarca identificaron el tema de la energ\u00eda como cr\u00edtico y as\u00ed se fue trabajando en las siguientes convocatorias hasta que en julio de 2015 se elabor\u00f3 el Plan de Energ\u00eda de Urola Erdia, donde se defin\u00eda la Mesa Comarcal de Energ\u00eda y el plan de acci\u00f3n que \u00e9ste ha de desarrollar.<\/p>\n<p style=\"text-align: justify;\">La mesa la componen los cinco ayuntamientos de la comarca: Azkoitia, Azpeitia, Beizama, Errezil y Zestoa, Ingurugiro Fundazioa y Urkome, el Departamento de Medio Ambiente y Obras Hidr\u00e1ulicas bajo la coordinaci\u00f3n y gesti\u00f3n de Iraurgi Berritzen.<\/p>\n<p style=\"text-align: justify;\">As\u00ed y en aras de dar respuesta al apartado de sensibilizaci\u00f3n y comunicaci\u00f3n del plan de acci\u00f3n, se presentan estas jornadas de energ\u00eda donde se desarrollan exposiciones, talleres y charlas.<\/p>\n<p style=\"text-align: justify;\">En la siguiente imagen tene\u00eds m\u00e1s informaci\u00f3n acerca de estas jornadas.<\/p>\n<p style=\"text-align: center;\"><img loading=\"lazy\" decoding=\"async\" src=\"images\/energia_kartela.jpg\" alt=\"energia_kartela.jpg\" width=\"271\" height=\"433\" \/><\/p>\n","protected":false},"excerpt":{"rendered":"<p>El 18 de noviembre se presentaron en Azpeitia las Jornadas de Energia promodivas por la Mesa de la Energia de Urola Erdia que coordina Iraurgi Berritzen. El orgien de este proyecto se remonta al a\u00f1o 2013, cuando la Diputaci\u00f3n Foral de Gipuzkoa puso en marcha el proceso de presupuestos participativos. En ese momento los agentes [&hellip;]<\/p>\n","protected":false},"author":1,"featured_media":18018,"comment_status":"","ping_status":"closed","sticky":false,"template":"","format":"standard","meta":{"_acf_changed":false,"footnotes":""},"categories":[4],"tags":[],"class_list":["post-11924","post","type-post","status-publish","format-standard","has-post-thumbnail","hentry","category-noticias"],"acf":[],"yoast_head":"<!-- This site is optimized with the Yoast SEO plugin v27.4 - https:\/\/yoast.com\/product\/yoast-seo-wordpress\/ -->\n<title>Arrancan las Jornadas de Energ\u00eda del Urola Erdia - Iraurgi Berritzen<\/title>\n<meta name=\"robots\" content=\"index, follow, max-snippet:-1, max-image-preview:large, max-video-preview:-1\" \/>\n<link rel=\"canonical\" href=\"https:\/\/iraurgiberritzen.eus\/es\/arrancan-las-jornadas-de-energia-del-urola-erdia\/\" \/>\n<meta property=\"og:locale\" content=\"es_ES\" \/>\n<meta property=\"og:type\" content=\"article\" \/>\n<meta property=\"og:title\" content=\"Arrancan las Jornadas de Energ\u00eda del Urola Erdia - Iraurgi Berritzen\" \/>\n<meta property=\"og:description\" content=\"El 18 de noviembre se presentaron en Azpeitia las Jornadas de Energia promodivas por la Mesa de la Energia de Urola Erdia que coordina Iraurgi Berritzen. El orgien de este proyecto se remonta al a\u00f1o 2013, cuando la Diputaci\u00f3n Foral de Gipuzkoa puso en marcha el proceso de presupuestos participativos. En ese momento los agentes [&hellip;]\" \/>\n<meta property=\"og:url\" content=\"https:\/\/iraurgiberritzen.eus\/es\/arrancan-las-jornadas-de-energia-del-urola-erdia\/\" \/>\n<meta property=\"og:site_name\" content=\"Iraurgi Berritzen\" \/>\n<meta property=\"article:published_time\" content=\"2015-11-19T08:15:56+00:00\" \/>\n<meta name=\"author\" content=\"kudeatzailea\" \/>\n<meta name=\"twitter:card\" content=\"summary_large_image\" \/>\n<meta name=\"twitter:label1\" content=\"Escrito por\" \/>\n\t<meta name=\"twitter:data1\" content=\"kudeatzailea\" \/>\n\t<meta name=\"twitter:label2\" content=\"Tiempo de lectura\" \/>\n\t<meta name=\"twitter:data2\" content=\"1 minuto\" \/>\n<script type=\"application\/ld+json\" class=\"yoast-schema-graph\">{\"@context\":\"https:\\\/\\\/schema.org\",\"@graph\":[{\"@type\":\"Article\",\"@id\":\"https:\\\/\\\/iraurgiberritzen.eus\\\/es\\\/arrancan-las-jornadas-de-energia-del-urola-erdia\\\/#article\",\"isPartOf\":{\"@id\":\"https:\\\/\\\/iraurgiberritzen.eus\\\/es\\\/arrancan-las-jornadas-de-energia-del-urola-erdia\\\/\"},\"author\":{\"name\":\"kudeatzailea\",\"@id\":\"https:\\\/\\\/iraurgiberritzen.eus\\\/es\\\/#\\\/schema\\\/person\\\/5ab41aaf388a9097177601ebf45738d2\"},\"headline\":\"Arrancan las Jornadas de Energ\u00eda del Urola Erdia\",\"datePublished\":\"2015-11-19T08:15:56+00:00\",\"mainEntityOfPage\":{\"@id\":\"https:\\\/\\\/iraurgiberritzen.eus\\\/es\\\/arrancan-las-jornadas-de-energia-del-urola-erdia\\\/\"},\"wordCount\":209,\"publisher\":{\"@id\":\"https:\\\/\\\/iraurgiberritzen.eus\\\/es\\\/#organization\"},\"image\":{\"@id\":\"https:\\\/\\\/iraurgiberritzen.eus\\\/es\\\/arrancan-las-jornadas-de-energia-del-urola-erdia\\\/#primaryimage\"},\"thumbnailUrl\":\"https:\\\/\\\/iraurgiberritzen.eus\\\/wp-content\\\/uploads\\\/2023\\\/09\\\/7af0193b8351bd1eb04c09dfe5731fa3.jpg\",\"articleSection\":[\"Noticias\"],\"inLanguage\":\"es\"},{\"@type\":\"WebPage\",\"@id\":\"https:\\\/\\\/iraurgiberritzen.eus\\\/es\\\/arrancan-las-jornadas-de-energia-del-urola-erdia\\\/\",\"url\":\"https:\\\/\\\/iraurgiberritzen.eus\\\/es\\\/arrancan-las-jornadas-de-energia-del-urola-erdia\\\/\",\"name\":\"Arrancan las Jornadas de Energ\u00eda del Urola Erdia - Iraurgi Berritzen\",\"isPartOf\":{\"@id\":\"https:\\\/\\\/iraurgiberritzen.eus\\\/es\\\/#website\"},\"primaryImageOfPage\":{\"@id\":\"https:\\\/\\\/iraurgiberritzen.eus\\\/es\\\/arrancan-las-jornadas-de-energia-del-urola-erdia\\\/#primaryimage\"},\"image\":{\"@id\":\"https:\\\/\\\/iraurgiberritzen.eus\\\/es\\\/arrancan-las-jornadas-de-energia-del-urola-erdia\\\/#primaryimage\"},\"thumbnailUrl\":\"https:\\\/\\\/iraurgiberritzen.eus\\\/wp-content\\\/uploads\\\/2023\\\/09\\\/7af0193b8351bd1eb04c09dfe5731fa3.jpg\",\"datePublished\":\"2015-11-19T08:15:56+00:00\",\"breadcrumb\":{\"@id\":\"https:\\\/\\\/iraurgiberritzen.eus\\\/es\\\/arrancan-las-jornadas-de-energia-del-urola-erdia\\\/#breadcrumb\"},\"inLanguage\":\"es\",\"potentialAction\":[{\"@type\":\"ReadAction\",\"target\":[\"https:\\\/\\\/iraurgiberritzen.eus\\\/es\\\/arrancan-las-jornadas-de-energia-del-urola-erdia\\\/\"]}]},{\"@type\":\"ImageObject\",\"inLanguage\":\"es\",\"@id\":\"https:\\\/\\\/iraurgiberritzen.eus\\\/es\\\/arrancan-las-jornadas-de-energia-del-urola-erdia\\\/#primaryimage\",\"url\":\"https:\\\/\\\/iraurgiberritzen.eus\\\/wp-content\\\/uploads\\\/2023\\\/09\\\/7af0193b8351bd1eb04c09dfe5731fa3.jpg\",\"contentUrl\":\"https:\\\/\\\/iraurgiberritzen.eus\\\/wp-content\\\/uploads\\\/2023\\\/09\\\/7af0193b8351bd1eb04c09dfe5731fa3.jpg\",\"width\":600,\"height\":390},{\"@type\":\"BreadcrumbList\",\"@id\":\"https:\\\/\\\/iraurgiberritzen.eus\\\/es\\\/arrancan-las-jornadas-de-energia-del-urola-erdia\\\/#breadcrumb\",\"itemListElement\":[{\"@type\":\"ListItem\",\"position\":1,\"name\":\"Home\",\"item\":\"https:\\\/\\\/iraurgiberritzen.eus\\\/es\\\/\"},{\"@type\":\"ListItem\",\"position\":2,\"name\":\"Arrancan las Jornadas de Energ\u00eda del Urola Erdia\"}]},{\"@type\":\"WebSite\",\"@id\":\"https:\\\/\\\/iraurgiberritzen.eus\\\/es\\\/#website\",\"url\":\"https:\\\/\\\/iraurgiberritzen.eus\\\/es\\\/\",\"name\":\"Iraurgi Berritzen\",\"description\":\"Urola Erdiko Garapen Agentzia\",\"publisher\":{\"@id\":\"https:\\\/\\\/iraurgiberritzen.eus\\\/es\\\/#organization\"},\"potentialAction\":[{\"@type\":\"SearchAction\",\"target\":{\"@type\":\"EntryPoint\",\"urlTemplate\":\"https:\\\/\\\/iraurgiberritzen.eus\\\/es\\\/?s={search_term_string}\"},\"query-input\":{\"@type\":\"PropertyValueSpecification\",\"valueRequired\":true,\"valueName\":\"search_term_string\"}}],\"inLanguage\":\"es\"},{\"@type\":\"Organization\",\"@id\":\"https:\\\/\\\/iraurgiberritzen.eus\\\/es\\\/#organization\",\"name\":\"Iraurgi Berritzen\",\"url\":\"https:\\\/\\\/iraurgiberritzen.eus\\\/es\\\/\",\"logo\":{\"@type\":\"ImageObject\",\"inLanguage\":\"es\",\"@id\":\"https:\\\/\\\/iraurgiberritzen.eus\\\/es\\\/#\\\/schema\\\/logo\\\/image\\\/\",\"url\":\"https:\\\/\\\/iraurgiberritzen.eus\\\/wp-content\\\/uploads\\\/2024\\\/02\\\/IRAURGI-BERRITZEN-logotipoa_2.png\",\"contentUrl\":\"https:\\\/\\\/iraurgiberritzen.eus\\\/wp-content\\\/uploads\\\/2024\\\/02\\\/IRAURGI-BERRITZEN-logotipoa_2.png\",\"width\":496,\"height\":190,\"caption\":\"Iraurgi Berritzen\"},\"image\":{\"@id\":\"https:\\\/\\\/iraurgiberritzen.eus\\\/es\\\/#\\\/schema\\\/logo\\\/image\\\/\"}},{\"@type\":\"Person\",\"@id\":\"https:\\\/\\\/iraurgiberritzen.eus\\\/es\\\/#\\\/schema\\\/person\\\/5ab41aaf388a9097177601ebf45738d2\",\"name\":\"kudeatzailea\",\"sameAs\":[\"https:\\\/\\\/iraurgiberritzen.eus\"]}]}<\/script>\n<!-- \/ Yoast SEO plugin. -->","yoast_head_json":{"title":"Arrancan las Jornadas de Energ\u00eda del Urola Erdia - Iraurgi Berritzen","robots":{"index":"index","follow":"follow","max-snippet":"max-snippet:-1","max-image-preview":"max-image-preview:large","max-video-preview":"max-video-preview:-1"},"canonical":"https:\/\/iraurgiberritzen.eus\/es\/arrancan-las-jornadas-de-energia-del-urola-erdia\/","og_locale":"es_ES","og_type":"article","og_title":"Arrancan las Jornadas de Energ\u00eda del Urola Erdia - Iraurgi Berritzen","og_description":"El 18 de noviembre se presentaron en Azpeitia las Jornadas de Energia promodivas por la Mesa de la Energia de Urola Erdia que coordina Iraurgi Berritzen. El orgien de este proyecto se remonta al a\u00f1o 2013, cuando la Diputaci\u00f3n Foral de Gipuzkoa puso en marcha el proceso de presupuestos participativos. En ese momento los agentes [&hellip;]","og_url":"https:\/\/iraurgiberritzen.eus\/es\/arrancan-las-jornadas-de-energia-del-urola-erdia\/","og_site_name":"Iraurgi Berritzen","article_published_time":"2015-11-19T08:15:56+00:00","author":"kudeatzailea","twitter_card":"summary_large_image","twitter_misc":{"Escrito por":"kudeatzailea","Tiempo de lectura":"1 minuto"},"schema":{"@context":"https:\/\/schema.org","@graph":[{"@type":"Article","@id":"https:\/\/iraurgiberritzen.eus\/es\/arrancan-las-jornadas-de-energia-del-urola-erdia\/#article","isPartOf":{"@id":"https:\/\/iraurgiberritzen.eus\/es\/arrancan-las-jornadas-de-energia-del-urola-erdia\/"},"author":{"name":"kudeatzailea","@id":"https:\/\/iraurgiberritzen.eus\/es\/#\/schema\/person\/5ab41aaf388a9097177601ebf45738d2"},"headline":"Arrancan las Jornadas de Energ\u00eda del Urola Erdia","datePublished":"2015-11-19T08:15:56+00:00","mainEntityOfPage":{"@id":"https:\/\/iraurgiberritzen.eus\/es\/arrancan-las-jornadas-de-energia-del-urola-erdia\/"},"wordCount":209,"publisher":{"@id":"https:\/\/iraurgiberritzen.eus\/es\/#organization"},"image":{"@id":"https:\/\/iraurgiberritzen.eus\/es\/arrancan-las-jornadas-de-energia-del-urola-erdia\/#primaryimage"},"thumbnailUrl":"https:\/\/iraurgiberritzen.eus\/wp-content\/uploads\/2023\/09\/7af0193b8351bd1eb04c09dfe5731fa3.jpg","articleSection":["Noticias"],"inLanguage":"es"},{"@type":"WebPage","@id":"https:\/\/iraurgiberritzen.eus\/es\/arrancan-las-jornadas-de-energia-del-urola-erdia\/","url":"https:\/\/iraurgiberritzen.eus\/es\/arrancan-las-jornadas-de-energia-del-urola-erdia\/","name":"Arrancan las Jornadas de Energ\u00eda del Urola Erdia - Iraurgi Berritzen","isPartOf":{"@id":"https:\/\/iraurgiberritzen.eus\/es\/#website"},"primaryImageOfPage":{"@id":"https:\/\/iraurgiberritzen.eus\/es\/arrancan-las-jornadas-de-energia-del-urola-erdia\/#primaryimage"},"image":{"@id":"https:\/\/iraurgiberritzen.eus\/es\/arrancan-las-jornadas-de-energia-del-urola-erdia\/#primaryimage"},"thumbnailUrl":"https:\/\/iraurgiberritzen.eus\/wp-content\/uploads\/2023\/09\/7af0193b8351bd1eb04c09dfe5731fa3.jpg","datePublished":"2015-11-19T08:15:56+00:00","breadcrumb":{"@id":"https:\/\/iraurgiberritzen.eus\/es\/arrancan-las-jornadas-de-energia-del-urola-erdia\/#breadcrumb"},"inLanguage":"es","potentialAction":[{"@type":"ReadAction","target":["https:\/\/iraurgiberritzen.eus\/es\/arrancan-las-jornadas-de-energia-del-urola-erdia\/"]}]},{"@type":"ImageObject","inLanguage":"es","@id":"https:\/\/iraurgiberritzen.eus\/es\/arrancan-las-jornadas-de-energia-del-urola-erdia\/#primaryimage","url":"https:\/\/iraurgiberritzen.eus\/wp-content\/uploads\/2023\/09\/7af0193b8351bd1eb04c09dfe5731fa3.jpg","contentUrl":"https:\/\/iraurgiberritzen.eus\/wp-content\/uploads\/2023\/09\/7af0193b8351bd1eb04c09dfe5731fa3.jpg","width":600,"height":390},{"@type":"BreadcrumbList","@id":"https:\/\/iraurgiberritzen.eus\/es\/arrancan-las-jornadas-de-energia-del-urola-erdia\/#breadcrumb","itemListElement":[{"@type":"ListItem","position":1,"name":"Home","item":"https:\/\/iraurgiberritzen.eus\/es\/"},{"@type":"ListItem","position":2,"name":"Arrancan las Jornadas de Energ\u00eda del Urola Erdia"}]},{"@type":"WebSite","@id":"https:\/\/iraurgiberritzen.eus\/es\/#website","url":"https:\/\/iraurgiberritzen.eus\/es\/","name":"Iraurgi Berritzen","description":"Urola Erdiko Garapen Agentzia","publisher":{"@id":"https:\/\/iraurgiberritzen.eus\/es\/#organization"},"potentialAction":[{"@type":"SearchAction","target":{"@type":"EntryPoint","urlTemplate":"https:\/\/iraurgiberritzen.eus\/es\/?s={search_term_string}"},"query-input":{"@type":"PropertyValueSpecification","valueRequired":true,"valueName":"search_term_string"}}],"inLanguage":"es"},{"@type":"Organization","@id":"https:\/\/iraurgiberritzen.eus\/es\/#organization","name":"Iraurgi Berritzen","url":"https:\/\/iraurgiberritzen.eus\/es\/","logo":{"@type":"ImageObject","inLanguage":"es","@id":"https:\/\/iraurgiberritzen.eus\/es\/#\/schema\/logo\/image\/","url":"https:\/\/iraurgiberritzen.eus\/wp-content\/uploads\/2024\/02\/IRAURGI-BERRITZEN-logotipoa_2.png","contentUrl":"https:\/\/iraurgiberritzen.eus\/wp-content\/uploads\/2024\/02\/IRAURGI-BERRITZEN-logotipoa_2.png","width":496,"height":190,"caption":"Iraurgi Berritzen"},"image":{"@id":"https:\/\/iraurgiberritzen.eus\/es\/#\/schema\/logo\/image\/"}},{"@type":"Person","@id":"https:\/\/iraurgiberritzen.eus\/es\/#\/schema\/person\/5ab41aaf388a9097177601ebf45738d2","name":"kudeatzailea","sameAs":["https:\/\/iraurgiberritzen.eus"]}]}},"_links":{"self":[{"href":"https:\/\/iraurgiberritzen.eus\/es\/wp-json\/wp\/v2\/posts\/11924","targetHints":{"allow":["GET"]}}],"collection":[{"href":"https:\/\/iraurgiberritzen.eus\/es\/wp-json\/wp\/v2\/posts"}],"about":[{"href":"https:\/\/iraurgiberritzen.eus\/es\/wp-json\/wp\/v2\/types\/post"}],"author":[{"embeddable":true,"href":"https:\/\/iraurgiberritzen.eus\/es\/wp-json\/wp\/v2\/users\/1"}],"replies":[{"embeddable":true,"href":"https:\/\/iraurgiberritzen.eus\/es\/wp-json\/wp\/v2\/comments?post=11924"}],"version-history":[{"count":0,"href":"https:\/\/iraurgiberritzen.eus\/es\/wp-json\/wp\/v2\/posts\/11924\/revisions"}],"wp:featuredmedia":[{"embeddable":true,"href":"https:\/\/iraurgiberritzen.eus\/es\/wp-json\/wp\/v2\/media\/18018"}],"wp:attachment":[{"href":"https:\/\/iraurgiberritzen.eus\/es\/wp-json\/wp\/v2\/media?parent=11924"}],"wp:term":[{"taxonomy":"category","embeddable":true,"href":"https:\/\/iraurgiberritzen.eus\/es\/wp-json\/wp\/v2\/categories?post=11924"},{"taxonomy":"post_tag","embeddable":true,"href":"https:\/\/iraurgiberritzen.eus\/es\/wp-json\/wp\/v2\/tags?post=11924"}],"curies":[{"name":"wp","href":"https:\/\/api.w.org\/{rel}","templated":true}]}}