{"id":11927,"date":"2015-11-25T09:30:57","date_gmt":"2015-11-25T07:30:57","guid":{"rendered":"https:\/\/iraurgiberritzen.eus\/xiii-topaketak-de-iraurgi-berritzen\/"},"modified":"2015-11-25T09:30:57","modified_gmt":"2015-11-25T07:30:57","slug":"xiii-topaketak-de-iraurgi-berritzen","status":"publish","type":"post","link":"https:\/\/iraurgiberritzen.eus\/es\/xiii-topaketak-de-iraurgi-berritzen\/","title":{"rendered":"XIII. Topaketak de Iraurgi Berritzen"},"content":{"rendered":"<p style=\"text-align: justify;\">El 24 de Noviembre se han celebrado las XIII TOPAKETAK de IRAURGI BERRITZEN en el Elkargune de Azkoitia, bajo el lema \u00abTransformado juntos la comarca\u00bb. IRAURGI BERRITZEN persigue la estrategia de promoci\u00f3n socioecon\u00f3mica e innovaci\u00f3n de las Ayuntamientos de Azpeitia y Azkoitia.<\/p>\n<p style=\"text-align: justify;\">\u00c9ste es el Encuentro que IRAURGI BERRITZEN organiza con los diferentes agentes que activa durante el a\u00f1o en los proyectos de promoci\u00f3n econ\u00f3mica, donde participan representantes p\u00fablicos, de empresas y centros educativos.<\/p>\n<p style=\"text-align: justify;\">En respuesta a las propuestas planteadas por los agentes en el encuentro del pasado a\u00f1o, los distintos representantes Nerea Iriarte &#8211; Gerente de Lan Mobel- Koldo Gurrutxaga &#8211; Director de Floreaga Ikastetxea, Agustin Lizarralde &#8211; Concejal de Econom\u00eda del Ayuntamiento de Azpeitia, Jabier Zubizarreta &#8211; Presidente de IRAURGI BERRITZEN y Alcalde del Ayuntamiento de Azkoitia, y los Directores Jesus Agirre y Bego\u00f1a Beobide han presentado los proyectos que est\u00e1n en marcha hoy en d\u00eda.<\/p>\n<p style=\"text-align: justify;\">Entre los proyectos que se est\u00e1n desarrollando desde Iraurgi Berritzen son de destacar, los que se dirigen a promover la <strong>cooperaci\u00f3n empresarial y la innovaci\u00f3n<\/strong>:<br \/>El Proyecto Hornitu cuyo objetivo es la cooperaci\u00f3n entre empresas tractoras y proveedoras. La alianza entre empresas peque\u00f1as de mecanizado Munibe Group. Proyectos que tienen como objetivo promover la participaci\u00f3n en Modelos de Gestion de empresas, (Proyecto Enparte) y las jornadas de capacitaci\u00f3n y sensibilizaci\u00f3n en el \u00e1mbito de la innovaci\u00f3n. Adem\u00e1s de \u00e9stos, tambi\u00e9n han presentado las l\u00edneas que est\u00e1 trabajando Iraurgi Berritzen para la diversificaci\u00f3n de empresas, as\u00ed como los resultados obtenidos para promover el intraemprendizaje.<\/p>\n<p style=\"text-align: justify;\">En el <strong>\u00e1mbito educativo<\/strong>, se ha presentado el Proyecto Elkarrekin Eraikitzen que re\u00fane a todos los centros educativos de la comarca, siendo su objetivo el fomento del emprendizaje en los j\u00f3venes y la formaci\u00f3n de profesores en nuevas metodolog\u00edas. En este sentido, tambi\u00e9n se han dado a conocer los proyectos de TIC y redes sociales que desarrollar\u00e1n los centros educativos.<\/p>\n<p style=\"text-align: justify;\">En este encuentro, se han presentado y analizado los datos de <strong>Empleo<\/strong> y desempleo de la comarca, junto con los resultados obtenidos de las subvenciones que han puesto en marcha los dos Ayuntamientos, de la mano de Iraurgi Berritzen, para el fomento del <strong>Emprendizaje<\/strong>.<\/p>\n<p style=\"text-align: justify;\">Tras la presentaci\u00f3n de los proyectos desarrollados el pasado a\u00f1o, se ha celebrado una <strong>mesa redonda<\/strong> con los diferentes agentes, para hablar sobre las claves de la futura promoci\u00f3n econ\u00f3mica comarcal y seguir transformando e innovando juntos la comarca. Entre las conclusiones, se ha subrayado la consolidaci\u00f3n de los proyectos que est\u00e1n en marcha y la necesidad de reforzar la difusi\u00f3n y comunicaci\u00f3n de Iraurgi Berritzen.<\/p>\n<p style=\"text-align: justify;\">Ainhoa Aizpuru, Diputada de Innnovaci\u00f3n de la Diputaci\u00f3n Foral de Gipuzkoa, tambi\u00e9n ha participado junto con los agentes en el Encuentro, exponiendo las l\u00edneas del nuevo plan de la Diputaci\u00f3n para reavivar la econom\u00eda y explicando a su vez que las l\u00edneas de trabajo de Iraurgi Berritzen est\u00e1n unidas con las l\u00edneas estrat\u00e9gicas de la Diputaci\u00f3n.<\/p>\n<p style=\"text-align: justify;\">En este encuentro han participado: 20 empresas, 5 centros educativos, Eneko Etxeberria &#8211; Alcalde de Azpeitia, Javier Zubizarreta \u2013 Alcalde de Azkoitia, concejales de economia y educaci\u00f3n de los Ayuntamientos, as\u00ed como responsables y t\u00e9cnicos de IB.<\/p>\n<p style=\"text-align: center;\">{myFlickr}photoset_id=72157661510150401{\/myFlickr}<\/p>\n","protected":false},"excerpt":{"rendered":"<p>El 24 de Noviembre se han celebrado las XIII TOPAKETAK de IRAURGI BERRITZEN en el Elkargune de Azkoitia, bajo el lema \u00abTransformado juntos la comarca\u00bb. IRAURGI BERRITZEN persigue la estrategia de promoci\u00f3n socioecon\u00f3mica e innovaci\u00f3n de las Ayuntamientos de Azpeitia y Azkoitia. \u00c9ste es el Encuentro que IRAURGI BERRITZEN organiza con los diferentes agentes que [&hellip;]<\/p>\n","protected":false},"author":1,"featured_media":18019,"comment_status":"","ping_status":"closed","sticky":false,"template":"","format":"standard","meta":{"_acf_changed":false,"footnotes":""},"categories":[4],"tags":[],"class_list":["post-11927","post","type-post","status-publish","format-standard","has-post-thumbnail","hentry","category-noticias"],"acf":[],"yoast_head":"<!-- This site is optimized with the Yoast SEO plugin v27.4 - https:\/\/yoast.com\/product\/yoast-seo-wordpress\/ -->\n<title>XIII. Topaketak de Iraurgi Berritzen - Iraurgi Berritzen<\/title>\n<meta name=\"robots\" content=\"index, follow, max-snippet:-1, max-image-preview:large, max-video-preview:-1\" \/>\n<link rel=\"canonical\" href=\"https:\/\/iraurgiberritzen.eus\/es\/xiii-topaketak-de-iraurgi-berritzen\/\" \/>\n<meta property=\"og:locale\" content=\"es_ES\" \/>\n<meta property=\"og:type\" content=\"article\" \/>\n<meta property=\"og:title\" content=\"XIII. Topaketak de Iraurgi Berritzen - Iraurgi Berritzen\" \/>\n<meta property=\"og:description\" content=\"El 24 de Noviembre se han celebrado las XIII TOPAKETAK de IRAURGI BERRITZEN en el Elkargune de Azkoitia, bajo el lema \u00abTransformado juntos la comarca\u00bb. IRAURGI BERRITZEN persigue la estrategia de promoci\u00f3n socioecon\u00f3mica e innovaci\u00f3n de las Ayuntamientos de Azpeitia y Azkoitia. \u00c9ste es el Encuentro que IRAURGI BERRITZEN organiza con los diferentes agentes que [&hellip;]\" \/>\n<meta property=\"og:url\" content=\"https:\/\/iraurgiberritzen.eus\/es\/xiii-topaketak-de-iraurgi-berritzen\/\" \/>\n<meta property=\"og:site_name\" content=\"Iraurgi Berritzen\" \/>\n<meta property=\"article:published_time\" content=\"2015-11-25T07:30:57+00:00\" \/>\n<meta name=\"author\" content=\"kudeatzailea\" \/>\n<meta name=\"twitter:card\" content=\"summary_large_image\" \/>\n<meta name=\"twitter:label1\" content=\"Escrito por\" \/>\n\t<meta name=\"twitter:data1\" content=\"kudeatzailea\" \/>\n\t<meta name=\"twitter:label2\" content=\"Tiempo de lectura\" \/>\n\t<meta name=\"twitter:data2\" content=\"3 minutos\" \/>\n<script type=\"application\/ld+json\" class=\"yoast-schema-graph\">{\"@context\":\"https:\\\/\\\/schema.org\",\"@graph\":[{\"@type\":\"Article\",\"@id\":\"https:\\\/\\\/iraurgiberritzen.eus\\\/es\\\/xiii-topaketak-de-iraurgi-berritzen\\\/#article\",\"isPartOf\":{\"@id\":\"https:\\\/\\\/iraurgiberritzen.eus\\\/es\\\/xiii-topaketak-de-iraurgi-berritzen\\\/\"},\"author\":{\"name\":\"kudeatzailea\",\"@id\":\"https:\\\/\\\/iraurgiberritzen.eus\\\/es\\\/#\\\/schema\\\/person\\\/5ab41aaf388a9097177601ebf45738d2\"},\"headline\":\"XIII. Topaketak de Iraurgi Berritzen\",\"datePublished\":\"2015-11-25T07:30:57+00:00\",\"mainEntityOfPage\":{\"@id\":\"https:\\\/\\\/iraurgiberritzen.eus\\\/es\\\/xiii-topaketak-de-iraurgi-berritzen\\\/\"},\"wordCount\":571,\"publisher\":{\"@id\":\"https:\\\/\\\/iraurgiberritzen.eus\\\/es\\\/#organization\"},\"image\":{\"@id\":\"https:\\\/\\\/iraurgiberritzen.eus\\\/es\\\/xiii-topaketak-de-iraurgi-berritzen\\\/#primaryimage\"},\"thumbnailUrl\":\"https:\\\/\\\/iraurgiberritzen.eus\\\/wp-content\\\/uploads\\\/2023\\\/09\\\/11b8145be285a17777ee4d809bfd4d09.jpg\",\"articleSection\":[\"Noticias\"],\"inLanguage\":\"es\"},{\"@type\":\"WebPage\",\"@id\":\"https:\\\/\\\/iraurgiberritzen.eus\\\/es\\\/xiii-topaketak-de-iraurgi-berritzen\\\/\",\"url\":\"https:\\\/\\\/iraurgiberritzen.eus\\\/es\\\/xiii-topaketak-de-iraurgi-berritzen\\\/\",\"name\":\"XIII. Topaketak de Iraurgi Berritzen - Iraurgi Berritzen\",\"isPartOf\":{\"@id\":\"https:\\\/\\\/iraurgiberritzen.eus\\\/es\\\/#website\"},\"primaryImageOfPage\":{\"@id\":\"https:\\\/\\\/iraurgiberritzen.eus\\\/es\\\/xiii-topaketak-de-iraurgi-berritzen\\\/#primaryimage\"},\"image\":{\"@id\":\"https:\\\/\\\/iraurgiberritzen.eus\\\/es\\\/xiii-topaketak-de-iraurgi-berritzen\\\/#primaryimage\"},\"thumbnailUrl\":\"https:\\\/\\\/iraurgiberritzen.eus\\\/wp-content\\\/uploads\\\/2023\\\/09\\\/11b8145be285a17777ee4d809bfd4d09.jpg\",\"datePublished\":\"2015-11-25T07:30:57+00:00\",\"breadcrumb\":{\"@id\":\"https:\\\/\\\/iraurgiberritzen.eus\\\/es\\\/xiii-topaketak-de-iraurgi-berritzen\\\/#breadcrumb\"},\"inLanguage\":\"es\",\"potentialAction\":[{\"@type\":\"ReadAction\",\"target\":[\"https:\\\/\\\/iraurgiberritzen.eus\\\/es\\\/xiii-topaketak-de-iraurgi-berritzen\\\/\"]}]},{\"@type\":\"ImageObject\",\"inLanguage\":\"es\",\"@id\":\"https:\\\/\\\/iraurgiberritzen.eus\\\/es\\\/xiii-topaketak-de-iraurgi-berritzen\\\/#primaryimage\",\"url\":\"https:\\\/\\\/iraurgiberritzen.eus\\\/wp-content\\\/uploads\\\/2023\\\/09\\\/11b8145be285a17777ee4d809bfd4d09.jpg\",\"contentUrl\":\"https:\\\/\\\/iraurgiberritzen.eus\\\/wp-content\\\/uploads\\\/2023\\\/09\\\/11b8145be285a17777ee4d809bfd4d09.jpg\",\"width\":600,\"height\":390},{\"@type\":\"BreadcrumbList\",\"@id\":\"https:\\\/\\\/iraurgiberritzen.eus\\\/es\\\/xiii-topaketak-de-iraurgi-berritzen\\\/#breadcrumb\",\"itemListElement\":[{\"@type\":\"ListItem\",\"position\":1,\"name\":\"Home\",\"item\":\"https:\\\/\\\/iraurgiberritzen.eus\\\/es\\\/\"},{\"@type\":\"ListItem\",\"position\":2,\"name\":\"XIII. Topaketak de Iraurgi Berritzen\"}]},{\"@type\":\"WebSite\",\"@id\":\"https:\\\/\\\/iraurgiberritzen.eus\\\/es\\\/#website\",\"url\":\"https:\\\/\\\/iraurgiberritzen.eus\\\/es\\\/\",\"name\":\"Iraurgi Berritzen\",\"description\":\"Urola Erdiko Garapen Agentzia\",\"publisher\":{\"@id\":\"https:\\\/\\\/iraurgiberritzen.eus\\\/es\\\/#organization\"},\"potentialAction\":[{\"@type\":\"SearchAction\",\"target\":{\"@type\":\"EntryPoint\",\"urlTemplate\":\"https:\\\/\\\/iraurgiberritzen.eus\\\/es\\\/?s={search_term_string}\"},\"query-input\":{\"@type\":\"PropertyValueSpecification\",\"valueRequired\":true,\"valueName\":\"search_term_string\"}}],\"inLanguage\":\"es\"},{\"@type\":\"Organization\",\"@id\":\"https:\\\/\\\/iraurgiberritzen.eus\\\/es\\\/#organization\",\"name\":\"Iraurgi Berritzen\",\"url\":\"https:\\\/\\\/iraurgiberritzen.eus\\\/es\\\/\",\"logo\":{\"@type\":\"ImageObject\",\"inLanguage\":\"es\",\"@id\":\"https:\\\/\\\/iraurgiberritzen.eus\\\/es\\\/#\\\/schema\\\/logo\\\/image\\\/\",\"url\":\"https:\\\/\\\/iraurgiberritzen.eus\\\/wp-content\\\/uploads\\\/2024\\\/02\\\/IRAURGI-BERRITZEN-logotipoa_2.png\",\"contentUrl\":\"https:\\\/\\\/iraurgiberritzen.eus\\\/wp-content\\\/uploads\\\/2024\\\/02\\\/IRAURGI-BERRITZEN-logotipoa_2.png\",\"width\":496,\"height\":190,\"caption\":\"Iraurgi Berritzen\"},\"image\":{\"@id\":\"https:\\\/\\\/iraurgiberritzen.eus\\\/es\\\/#\\\/schema\\\/logo\\\/image\\\/\"}},{\"@type\":\"Person\",\"@id\":\"https:\\\/\\\/iraurgiberritzen.eus\\\/es\\\/#\\\/schema\\\/person\\\/5ab41aaf388a9097177601ebf45738d2\",\"name\":\"kudeatzailea\",\"sameAs\":[\"https:\\\/\\\/iraurgiberritzen.eus\"]}]}<\/script>\n<!-- \/ Yoast SEO plugin. -->","yoast_head_json":{"title":"XIII. Topaketak de Iraurgi Berritzen - Iraurgi Berritzen","robots":{"index":"index","follow":"follow","max-snippet":"max-snippet:-1","max-image-preview":"max-image-preview:large","max-video-preview":"max-video-preview:-1"},"canonical":"https:\/\/iraurgiberritzen.eus\/es\/xiii-topaketak-de-iraurgi-berritzen\/","og_locale":"es_ES","og_type":"article","og_title":"XIII. Topaketak de Iraurgi Berritzen - Iraurgi Berritzen","og_description":"El 24 de Noviembre se han celebrado las XIII TOPAKETAK de IRAURGI BERRITZEN en el Elkargune de Azkoitia, bajo el lema \u00abTransformado juntos la comarca\u00bb. IRAURGI BERRITZEN persigue la estrategia de promoci\u00f3n socioecon\u00f3mica e innovaci\u00f3n de las Ayuntamientos de Azpeitia y Azkoitia. \u00c9ste es el Encuentro que IRAURGI BERRITZEN organiza con los diferentes agentes que [&hellip;]","og_url":"https:\/\/iraurgiberritzen.eus\/es\/xiii-topaketak-de-iraurgi-berritzen\/","og_site_name":"Iraurgi Berritzen","article_published_time":"2015-11-25T07:30:57+00:00","author":"kudeatzailea","twitter_card":"summary_large_image","twitter_misc":{"Escrito por":"kudeatzailea","Tiempo de lectura":"3 minutos"},"schema":{"@context":"https:\/\/schema.org","@graph":[{"@type":"Article","@id":"https:\/\/iraurgiberritzen.eus\/es\/xiii-topaketak-de-iraurgi-berritzen\/#article","isPartOf":{"@id":"https:\/\/iraurgiberritzen.eus\/es\/xiii-topaketak-de-iraurgi-berritzen\/"},"author":{"name":"kudeatzailea","@id":"https:\/\/iraurgiberritzen.eus\/es\/#\/schema\/person\/5ab41aaf388a9097177601ebf45738d2"},"headline":"XIII. Topaketak de Iraurgi Berritzen","datePublished":"2015-11-25T07:30:57+00:00","mainEntityOfPage":{"@id":"https:\/\/iraurgiberritzen.eus\/es\/xiii-topaketak-de-iraurgi-berritzen\/"},"wordCount":571,"publisher":{"@id":"https:\/\/iraurgiberritzen.eus\/es\/#organization"},"image":{"@id":"https:\/\/iraurgiberritzen.eus\/es\/xiii-topaketak-de-iraurgi-berritzen\/#primaryimage"},"thumbnailUrl":"https:\/\/iraurgiberritzen.eus\/wp-content\/uploads\/2023\/09\/11b8145be285a17777ee4d809bfd4d09.jpg","articleSection":["Noticias"],"inLanguage":"es"},{"@type":"WebPage","@id":"https:\/\/iraurgiberritzen.eus\/es\/xiii-topaketak-de-iraurgi-berritzen\/","url":"https:\/\/iraurgiberritzen.eus\/es\/xiii-topaketak-de-iraurgi-berritzen\/","name":"XIII. Topaketak de Iraurgi Berritzen - Iraurgi Berritzen","isPartOf":{"@id":"https:\/\/iraurgiberritzen.eus\/es\/#website"},"primaryImageOfPage":{"@id":"https:\/\/iraurgiberritzen.eus\/es\/xiii-topaketak-de-iraurgi-berritzen\/#primaryimage"},"image":{"@id":"https:\/\/iraurgiberritzen.eus\/es\/xiii-topaketak-de-iraurgi-berritzen\/#primaryimage"},"thumbnailUrl":"https:\/\/iraurgiberritzen.eus\/wp-content\/uploads\/2023\/09\/11b8145be285a17777ee4d809bfd4d09.jpg","datePublished":"2015-11-25T07:30:57+00:00","breadcrumb":{"@id":"https:\/\/iraurgiberritzen.eus\/es\/xiii-topaketak-de-iraurgi-berritzen\/#breadcrumb"},"inLanguage":"es","potentialAction":[{"@type":"ReadAction","target":["https:\/\/iraurgiberritzen.eus\/es\/xiii-topaketak-de-iraurgi-berritzen\/"]}]},{"@type":"ImageObject","inLanguage":"es","@id":"https:\/\/iraurgiberritzen.eus\/es\/xiii-topaketak-de-iraurgi-berritzen\/#primaryimage","url":"https:\/\/iraurgiberritzen.eus\/wp-content\/uploads\/2023\/09\/11b8145be285a17777ee4d809bfd4d09.jpg","contentUrl":"https:\/\/iraurgiberritzen.eus\/wp-content\/uploads\/2023\/09\/11b8145be285a17777ee4d809bfd4d09.jpg","width":600,"height":390},{"@type":"BreadcrumbList","@id":"https:\/\/iraurgiberritzen.eus\/es\/xiii-topaketak-de-iraurgi-berritzen\/#breadcrumb","itemListElement":[{"@type":"ListItem","position":1,"name":"Home","item":"https:\/\/iraurgiberritzen.eus\/es\/"},{"@type":"ListItem","position":2,"name":"XIII. Topaketak de Iraurgi Berritzen"}]},{"@type":"WebSite","@id":"https:\/\/iraurgiberritzen.eus\/es\/#website","url":"https:\/\/iraurgiberritzen.eus\/es\/","name":"Iraurgi Berritzen","description":"Urola Erdiko Garapen Agentzia","publisher":{"@id":"https:\/\/iraurgiberritzen.eus\/es\/#organization"},"potentialAction":[{"@type":"SearchAction","target":{"@type":"EntryPoint","urlTemplate":"https:\/\/iraurgiberritzen.eus\/es\/?s={search_term_string}"},"query-input":{"@type":"PropertyValueSpecification","valueRequired":true,"valueName":"search_term_string"}}],"inLanguage":"es"},{"@type":"Organization","@id":"https:\/\/iraurgiberritzen.eus\/es\/#organization","name":"Iraurgi Berritzen","url":"https:\/\/iraurgiberritzen.eus\/es\/","logo":{"@type":"ImageObject","inLanguage":"es","@id":"https:\/\/iraurgiberritzen.eus\/es\/#\/schema\/logo\/image\/","url":"https:\/\/iraurgiberritzen.eus\/wp-content\/uploads\/2024\/02\/IRAURGI-BERRITZEN-logotipoa_2.png","contentUrl":"https:\/\/iraurgiberritzen.eus\/wp-content\/uploads\/2024\/02\/IRAURGI-BERRITZEN-logotipoa_2.png","width":496,"height":190,"caption":"Iraurgi Berritzen"},"image":{"@id":"https:\/\/iraurgiberritzen.eus\/es\/#\/schema\/logo\/image\/"}},{"@type":"Person","@id":"https:\/\/iraurgiberritzen.eus\/es\/#\/schema\/person\/5ab41aaf388a9097177601ebf45738d2","name":"kudeatzailea","sameAs":["https:\/\/iraurgiberritzen.eus"]}]}},"_links":{"self":[{"href":"https:\/\/iraurgiberritzen.eus\/es\/wp-json\/wp\/v2\/posts\/11927","targetHints":{"allow":["GET"]}}],"collection":[{"href":"https:\/\/iraurgiberritzen.eus\/es\/wp-json\/wp\/v2\/posts"}],"about":[{"href":"https:\/\/iraurgiberritzen.eus\/es\/wp-json\/wp\/v2\/types\/post"}],"author":[{"embeddable":true,"href":"https:\/\/iraurgiberritzen.eus\/es\/wp-json\/wp\/v2\/users\/1"}],"replies":[{"embeddable":true,"href":"https:\/\/iraurgiberritzen.eus\/es\/wp-json\/wp\/v2\/comments?post=11927"}],"version-history":[{"count":0,"href":"https:\/\/iraurgiberritzen.eus\/es\/wp-json\/wp\/v2\/posts\/11927\/revisions"}],"wp:featuredmedia":[{"embeddable":true,"href":"https:\/\/iraurgiberritzen.eus\/es\/wp-json\/wp\/v2\/media\/18019"}],"wp:attachment":[{"href":"https:\/\/iraurgiberritzen.eus\/es\/wp-json\/wp\/v2\/media?parent=11927"}],"wp:term":[{"taxonomy":"category","embeddable":true,"href":"https:\/\/iraurgiberritzen.eus\/es\/wp-json\/wp\/v2\/categories?post=11927"},{"taxonomy":"post_tag","embeddable":true,"href":"https:\/\/iraurgiberritzen.eus\/es\/wp-json\/wp\/v2\/tags?post=11927"}],"curies":[{"name":"wp","href":"https:\/\/api.w.org\/{rel}","templated":true}]}}