{"id":11933,"date":"2015-12-01T09:34:44","date_gmt":"2015-12-01T07:34:44","guid":{"rendered":"https:\/\/iraurgiberritzen.eus\/iraurgi-berritzen-organiza-un-curso-bajo-el-titulo-jornada-pais-marruecos-argelia\/"},"modified":"2015-12-01T09:34:44","modified_gmt":"2015-12-01T07:34:44","slug":"iraurgi-berritzen-organiza-un-curso-bajo-el-titulo-jornada-pais-marruecos-argelia","status":"publish","type":"post","link":"https:\/\/iraurgiberritzen.eus\/es\/iraurgi-berritzen-organiza-un-curso-bajo-el-titulo-jornada-pais-marruecos-argelia\/","title":{"rendered":"Iraurgi Berritzen organiza un curso bajo el t\u00edtulo \u201cJornada pa\u00eds: Marruecos-Argelia\u201d"},"content":{"rendered":"<p style=\"text-align: justify;\">Este curso se impartir\u00e1 en el Palacio Intsausti de Azkoitia, el 16 de Diciembre, de 15:00 a 17:00 de la tarde y se dirige a las empresas de la comarca. La Diputaci\u00f3n Foral de Gipuzkoa subvencionar\u00e1 \u00edntegramente este curso y el n\u00famero de plazas es limitado.<\/p>\n<p style=\"text-align: justify;\">La crisis tambi\u00e9n ha afectado a mercados tradicionales de Europa y muchas empresas han visto la necesidad de salir fuera del mercado europeo. Pero la operatividad de estos mercados es m\u00e1s compleja y hay que tener en cuenta m\u00e1s factores a la hora de realizar transacciones.<\/p>\n<p style=\"text-align: justify;\">Los mercados de Marruecos y Argelia son complejos. En los \u00faltimos a\u00f1os, han sido atractivos para algunas empresas por el bajo coste de la mano de obra, pero es importante tambi\u00e9n conocer otros aspectos, relacionados con la cultura y la religi\u00f3n.<\/p>\n<p style=\"text-align: justify;\">El objetivo de este curso es analizar los puntos m\u00e1s importantes que hay que conocer para poder trabajar en esos mercados.<\/p>\n<p>En caso de estar interesado en inscribirse se puede hacer uso de la siguiente <a href=\"images\/iraurgiberritzen\/berriak\/2015\/JORNADA_PAIS_MARRUECOS-ARGELIA.docx\" target=\"_blank\" rel=\"noopener\">ficha<\/a> y mandarla rellenada a una de las siguientes direcciones: <a href=\"mailto:alarranaga@iraurgiberritzen.eus\">alarranaga@iraurgiberritzen.eus <\/a>o <a href=\"mailto:iotaegi@iraurgiberritzen.eus\">iotaegi@iraurgiberritzen.eus<\/a>.<\/p>\n<p style=\"text-align: justify;\">Para m\u00e1s informaci\u00f3n, pod\u00e9is contactar con Iraurgi Berritzen (Alazne Larra\u00f1aga) en el siguiente n\u00ba de tel\u00e9fono 943 85 11 00.<\/p>\n","protected":false},"excerpt":{"rendered":"<p>Este curso se impartir\u00e1 en el Palacio Intsausti de Azkoitia, el 16 de Diciembre, de 15:00 a 17:00 de la tarde y se dirige a las empresas de la comarca. La Diputaci\u00f3n Foral de Gipuzkoa subvencionar\u00e1 \u00edntegramente este curso y el n\u00famero de plazas es limitado. La crisis tambi\u00e9n ha afectado a mercados tradicionales de [&hellip;]<\/p>\n","protected":false},"author":1,"featured_media":18002,"comment_status":"","ping_status":"closed","sticky":false,"template":"","format":"standard","meta":{"_acf_changed":false,"footnotes":""},"categories":[4],"tags":[],"class_list":["post-11933","post","type-post","status-publish","format-standard","has-post-thumbnail","hentry","category-noticias"],"acf":[],"yoast_head":"<!-- This site is optimized with the Yoast SEO plugin v27.4 - https:\/\/yoast.com\/product\/yoast-seo-wordpress\/ -->\n<title>Iraurgi Berritzen organiza un curso bajo el t\u00edtulo \u201cJornada pa\u00eds: Marruecos-Argelia\u201d - Iraurgi Berritzen<\/title>\n<meta name=\"robots\" content=\"index, follow, max-snippet:-1, max-image-preview:large, max-video-preview:-1\" \/>\n<link rel=\"canonical\" href=\"https:\/\/iraurgiberritzen.eus\/es\/iraurgi-berritzen-organiza-un-curso-bajo-el-titulo-jornada-pais-marruecos-argelia\/\" \/>\n<meta property=\"og:locale\" content=\"es_ES\" \/>\n<meta property=\"og:type\" content=\"article\" \/>\n<meta property=\"og:title\" content=\"Iraurgi Berritzen organiza un curso bajo el t\u00edtulo \u201cJornada pa\u00eds: Marruecos-Argelia\u201d - Iraurgi Berritzen\" \/>\n<meta property=\"og:description\" content=\"Este curso se impartir\u00e1 en el Palacio Intsausti de Azkoitia, el 16 de Diciembre, de 15:00 a 17:00 de la tarde y se dirige a las empresas de la comarca. La Diputaci\u00f3n Foral de Gipuzkoa subvencionar\u00e1 \u00edntegramente este curso y el n\u00famero de plazas es limitado. La crisis tambi\u00e9n ha afectado a mercados tradicionales de [&hellip;]\" \/>\n<meta property=\"og:url\" content=\"https:\/\/iraurgiberritzen.eus\/es\/iraurgi-berritzen-organiza-un-curso-bajo-el-titulo-jornada-pais-marruecos-argelia\/\" \/>\n<meta property=\"og:site_name\" content=\"Iraurgi Berritzen\" \/>\n<meta property=\"article:published_time\" content=\"2015-12-01T07:34:44+00:00\" \/>\n<meta name=\"author\" content=\"kudeatzailea\" \/>\n<meta name=\"twitter:card\" content=\"summary_large_image\" \/>\n<meta name=\"twitter:label1\" content=\"Escrito por\" \/>\n\t<meta name=\"twitter:data1\" content=\"kudeatzailea\" \/>\n\t<meta name=\"twitter:label2\" content=\"Tiempo de lectura\" \/>\n\t<meta name=\"twitter:data2\" content=\"1 minuto\" \/>\n<script type=\"application\/ld+json\" class=\"yoast-schema-graph\">{\"@context\":\"https:\\\/\\\/schema.org\",\"@graph\":[{\"@type\":\"Article\",\"@id\":\"https:\\\/\\\/iraurgiberritzen.eus\\\/es\\\/iraurgi-berritzen-organiza-un-curso-bajo-el-titulo-jornada-pais-marruecos-argelia\\\/#article\",\"isPartOf\":{\"@id\":\"https:\\\/\\\/iraurgiberritzen.eus\\\/es\\\/iraurgi-berritzen-organiza-un-curso-bajo-el-titulo-jornada-pais-marruecos-argelia\\\/\"},\"author\":{\"name\":\"kudeatzailea\",\"@id\":\"https:\\\/\\\/iraurgiberritzen.eus\\\/es\\\/#\\\/schema\\\/person\\\/5ab41aaf388a9097177601ebf45738d2\"},\"headline\":\"Iraurgi Berritzen organiza un curso bajo el t\u00edtulo \u201cJornada pa\u00eds: Marruecos-Argelia\u201d\",\"datePublished\":\"2015-12-01T07:34:44+00:00\",\"mainEntityOfPage\":{\"@id\":\"https:\\\/\\\/iraurgiberritzen.eus\\\/es\\\/iraurgi-berritzen-organiza-un-curso-bajo-el-titulo-jornada-pais-marruecos-argelia\\\/\"},\"wordCount\":225,\"publisher\":{\"@id\":\"https:\\\/\\\/iraurgiberritzen.eus\\\/es\\\/#organization\"},\"image\":{\"@id\":\"https:\\\/\\\/iraurgiberritzen.eus\\\/es\\\/iraurgi-berritzen-organiza-un-curso-bajo-el-titulo-jornada-pais-marruecos-argelia\\\/#primaryimage\"},\"thumbnailUrl\":\"https:\\\/\\\/iraurgiberritzen.eus\\\/wp-content\\\/uploads\\\/2023\\\/09\\\/69b5f85da08d181d48515c6d41e3e0a5.jpg\",\"articleSection\":[\"Noticias\"],\"inLanguage\":\"es\"},{\"@type\":\"WebPage\",\"@id\":\"https:\\\/\\\/iraurgiberritzen.eus\\\/es\\\/iraurgi-berritzen-organiza-un-curso-bajo-el-titulo-jornada-pais-marruecos-argelia\\\/\",\"url\":\"https:\\\/\\\/iraurgiberritzen.eus\\\/es\\\/iraurgi-berritzen-organiza-un-curso-bajo-el-titulo-jornada-pais-marruecos-argelia\\\/\",\"name\":\"Iraurgi Berritzen organiza un curso bajo el t\u00edtulo \u201cJornada pa\u00eds: Marruecos-Argelia\u201d - Iraurgi Berritzen\",\"isPartOf\":{\"@id\":\"https:\\\/\\\/iraurgiberritzen.eus\\\/es\\\/#website\"},\"primaryImageOfPage\":{\"@id\":\"https:\\\/\\\/iraurgiberritzen.eus\\\/es\\\/iraurgi-berritzen-organiza-un-curso-bajo-el-titulo-jornada-pais-marruecos-argelia\\\/#primaryimage\"},\"image\":{\"@id\":\"https:\\\/\\\/iraurgiberritzen.eus\\\/es\\\/iraurgi-berritzen-organiza-un-curso-bajo-el-titulo-jornada-pais-marruecos-argelia\\\/#primaryimage\"},\"thumbnailUrl\":\"https:\\\/\\\/iraurgiberritzen.eus\\\/wp-content\\\/uploads\\\/2023\\\/09\\\/69b5f85da08d181d48515c6d41e3e0a5.jpg\",\"datePublished\":\"2015-12-01T07:34:44+00:00\",\"breadcrumb\":{\"@id\":\"https:\\\/\\\/iraurgiberritzen.eus\\\/es\\\/iraurgi-berritzen-organiza-un-curso-bajo-el-titulo-jornada-pais-marruecos-argelia\\\/#breadcrumb\"},\"inLanguage\":\"es\",\"potentialAction\":[{\"@type\":\"ReadAction\",\"target\":[\"https:\\\/\\\/iraurgiberritzen.eus\\\/es\\\/iraurgi-berritzen-organiza-un-curso-bajo-el-titulo-jornada-pais-marruecos-argelia\\\/\"]}]},{\"@type\":\"ImageObject\",\"inLanguage\":\"es\",\"@id\":\"https:\\\/\\\/iraurgiberritzen.eus\\\/es\\\/iraurgi-berritzen-organiza-un-curso-bajo-el-titulo-jornada-pais-marruecos-argelia\\\/#primaryimage\",\"url\":\"https:\\\/\\\/iraurgiberritzen.eus\\\/wp-content\\\/uploads\\\/2023\\\/09\\\/69b5f85da08d181d48515c6d41e3e0a5.jpg\",\"contentUrl\":\"https:\\\/\\\/iraurgiberritzen.eus\\\/wp-content\\\/uploads\\\/2023\\\/09\\\/69b5f85da08d181d48515c6d41e3e0a5.jpg\",\"width\":600,\"height\":390},{\"@type\":\"BreadcrumbList\",\"@id\":\"https:\\\/\\\/iraurgiberritzen.eus\\\/es\\\/iraurgi-berritzen-organiza-un-curso-bajo-el-titulo-jornada-pais-marruecos-argelia\\\/#breadcrumb\",\"itemListElement\":[{\"@type\":\"ListItem\",\"position\":1,\"name\":\"Home\",\"item\":\"https:\\\/\\\/iraurgiberritzen.eus\\\/es\\\/\"},{\"@type\":\"ListItem\",\"position\":2,\"name\":\"Iraurgi Berritzen organiza un curso bajo el t\u00edtulo \u201cJornada pa\u00eds: Marruecos-Argelia\u201d\"}]},{\"@type\":\"WebSite\",\"@id\":\"https:\\\/\\\/iraurgiberritzen.eus\\\/es\\\/#website\",\"url\":\"https:\\\/\\\/iraurgiberritzen.eus\\\/es\\\/\",\"name\":\"Iraurgi Berritzen\",\"description\":\"Urola Erdiko Garapen Agentzia\",\"publisher\":{\"@id\":\"https:\\\/\\\/iraurgiberritzen.eus\\\/es\\\/#organization\"},\"potentialAction\":[{\"@type\":\"SearchAction\",\"target\":{\"@type\":\"EntryPoint\",\"urlTemplate\":\"https:\\\/\\\/iraurgiberritzen.eus\\\/es\\\/?s={search_term_string}\"},\"query-input\":{\"@type\":\"PropertyValueSpecification\",\"valueRequired\":true,\"valueName\":\"search_term_string\"}}],\"inLanguage\":\"es\"},{\"@type\":\"Organization\",\"@id\":\"https:\\\/\\\/iraurgiberritzen.eus\\\/es\\\/#organization\",\"name\":\"Iraurgi Berritzen\",\"url\":\"https:\\\/\\\/iraurgiberritzen.eus\\\/es\\\/\",\"logo\":{\"@type\":\"ImageObject\",\"inLanguage\":\"es\",\"@id\":\"https:\\\/\\\/iraurgiberritzen.eus\\\/es\\\/#\\\/schema\\\/logo\\\/image\\\/\",\"url\":\"https:\\\/\\\/iraurgiberritzen.eus\\\/wp-content\\\/uploads\\\/2024\\\/02\\\/IRAURGI-BERRITZEN-logotipoa_2.png\",\"contentUrl\":\"https:\\\/\\\/iraurgiberritzen.eus\\\/wp-content\\\/uploads\\\/2024\\\/02\\\/IRAURGI-BERRITZEN-logotipoa_2.png\",\"width\":496,\"height\":190,\"caption\":\"Iraurgi Berritzen\"},\"image\":{\"@id\":\"https:\\\/\\\/iraurgiberritzen.eus\\\/es\\\/#\\\/schema\\\/logo\\\/image\\\/\"}},{\"@type\":\"Person\",\"@id\":\"https:\\\/\\\/iraurgiberritzen.eus\\\/es\\\/#\\\/schema\\\/person\\\/5ab41aaf388a9097177601ebf45738d2\",\"name\":\"kudeatzailea\",\"sameAs\":[\"https:\\\/\\\/iraurgiberritzen.eus\"]}]}<\/script>\n<!-- \/ Yoast SEO plugin. -->","yoast_head_json":{"title":"Iraurgi Berritzen organiza un curso bajo el t\u00edtulo \u201cJornada pa\u00eds: Marruecos-Argelia\u201d - Iraurgi Berritzen","robots":{"index":"index","follow":"follow","max-snippet":"max-snippet:-1","max-image-preview":"max-image-preview:large","max-video-preview":"max-video-preview:-1"},"canonical":"https:\/\/iraurgiberritzen.eus\/es\/iraurgi-berritzen-organiza-un-curso-bajo-el-titulo-jornada-pais-marruecos-argelia\/","og_locale":"es_ES","og_type":"article","og_title":"Iraurgi Berritzen organiza un curso bajo el t\u00edtulo \u201cJornada pa\u00eds: Marruecos-Argelia\u201d - Iraurgi Berritzen","og_description":"Este curso se impartir\u00e1 en el Palacio Intsausti de Azkoitia, el 16 de Diciembre, de 15:00 a 17:00 de la tarde y se dirige a las empresas de la comarca. La Diputaci\u00f3n Foral de Gipuzkoa subvencionar\u00e1 \u00edntegramente este curso y el n\u00famero de plazas es limitado. La crisis tambi\u00e9n ha afectado a mercados tradicionales de [&hellip;]","og_url":"https:\/\/iraurgiberritzen.eus\/es\/iraurgi-berritzen-organiza-un-curso-bajo-el-titulo-jornada-pais-marruecos-argelia\/","og_site_name":"Iraurgi Berritzen","article_published_time":"2015-12-01T07:34:44+00:00","author":"kudeatzailea","twitter_card":"summary_large_image","twitter_misc":{"Escrito por":"kudeatzailea","Tiempo de lectura":"1 minuto"},"schema":{"@context":"https:\/\/schema.org","@graph":[{"@type":"Article","@id":"https:\/\/iraurgiberritzen.eus\/es\/iraurgi-berritzen-organiza-un-curso-bajo-el-titulo-jornada-pais-marruecos-argelia\/#article","isPartOf":{"@id":"https:\/\/iraurgiberritzen.eus\/es\/iraurgi-berritzen-organiza-un-curso-bajo-el-titulo-jornada-pais-marruecos-argelia\/"},"author":{"name":"kudeatzailea","@id":"https:\/\/iraurgiberritzen.eus\/es\/#\/schema\/person\/5ab41aaf388a9097177601ebf45738d2"},"headline":"Iraurgi Berritzen organiza un curso bajo el t\u00edtulo \u201cJornada pa\u00eds: Marruecos-Argelia\u201d","datePublished":"2015-12-01T07:34:44+00:00","mainEntityOfPage":{"@id":"https:\/\/iraurgiberritzen.eus\/es\/iraurgi-berritzen-organiza-un-curso-bajo-el-titulo-jornada-pais-marruecos-argelia\/"},"wordCount":225,"publisher":{"@id":"https:\/\/iraurgiberritzen.eus\/es\/#organization"},"image":{"@id":"https:\/\/iraurgiberritzen.eus\/es\/iraurgi-berritzen-organiza-un-curso-bajo-el-titulo-jornada-pais-marruecos-argelia\/#primaryimage"},"thumbnailUrl":"https:\/\/iraurgiberritzen.eus\/wp-content\/uploads\/2023\/09\/69b5f85da08d181d48515c6d41e3e0a5.jpg","articleSection":["Noticias"],"inLanguage":"es"},{"@type":"WebPage","@id":"https:\/\/iraurgiberritzen.eus\/es\/iraurgi-berritzen-organiza-un-curso-bajo-el-titulo-jornada-pais-marruecos-argelia\/","url":"https:\/\/iraurgiberritzen.eus\/es\/iraurgi-berritzen-organiza-un-curso-bajo-el-titulo-jornada-pais-marruecos-argelia\/","name":"Iraurgi Berritzen organiza un curso bajo el t\u00edtulo \u201cJornada pa\u00eds: Marruecos-Argelia\u201d - Iraurgi Berritzen","isPartOf":{"@id":"https:\/\/iraurgiberritzen.eus\/es\/#website"},"primaryImageOfPage":{"@id":"https:\/\/iraurgiberritzen.eus\/es\/iraurgi-berritzen-organiza-un-curso-bajo-el-titulo-jornada-pais-marruecos-argelia\/#primaryimage"},"image":{"@id":"https:\/\/iraurgiberritzen.eus\/es\/iraurgi-berritzen-organiza-un-curso-bajo-el-titulo-jornada-pais-marruecos-argelia\/#primaryimage"},"thumbnailUrl":"https:\/\/iraurgiberritzen.eus\/wp-content\/uploads\/2023\/09\/69b5f85da08d181d48515c6d41e3e0a5.jpg","datePublished":"2015-12-01T07:34:44+00:00","breadcrumb":{"@id":"https:\/\/iraurgiberritzen.eus\/es\/iraurgi-berritzen-organiza-un-curso-bajo-el-titulo-jornada-pais-marruecos-argelia\/#breadcrumb"},"inLanguage":"es","potentialAction":[{"@type":"ReadAction","target":["https:\/\/iraurgiberritzen.eus\/es\/iraurgi-berritzen-organiza-un-curso-bajo-el-titulo-jornada-pais-marruecos-argelia\/"]}]},{"@type":"ImageObject","inLanguage":"es","@id":"https:\/\/iraurgiberritzen.eus\/es\/iraurgi-berritzen-organiza-un-curso-bajo-el-titulo-jornada-pais-marruecos-argelia\/#primaryimage","url":"https:\/\/iraurgiberritzen.eus\/wp-content\/uploads\/2023\/09\/69b5f85da08d181d48515c6d41e3e0a5.jpg","contentUrl":"https:\/\/iraurgiberritzen.eus\/wp-content\/uploads\/2023\/09\/69b5f85da08d181d48515c6d41e3e0a5.jpg","width":600,"height":390},{"@type":"BreadcrumbList","@id":"https:\/\/iraurgiberritzen.eus\/es\/iraurgi-berritzen-organiza-un-curso-bajo-el-titulo-jornada-pais-marruecos-argelia\/#breadcrumb","itemListElement":[{"@type":"ListItem","position":1,"name":"Home","item":"https:\/\/iraurgiberritzen.eus\/es\/"},{"@type":"ListItem","position":2,"name":"Iraurgi Berritzen organiza un curso bajo el t\u00edtulo \u201cJornada pa\u00eds: Marruecos-Argelia\u201d"}]},{"@type":"WebSite","@id":"https:\/\/iraurgiberritzen.eus\/es\/#website","url":"https:\/\/iraurgiberritzen.eus\/es\/","name":"Iraurgi Berritzen","description":"Urola Erdiko Garapen Agentzia","publisher":{"@id":"https:\/\/iraurgiberritzen.eus\/es\/#organization"},"potentialAction":[{"@type":"SearchAction","target":{"@type":"EntryPoint","urlTemplate":"https:\/\/iraurgiberritzen.eus\/es\/?s={search_term_string}"},"query-input":{"@type":"PropertyValueSpecification","valueRequired":true,"valueName":"search_term_string"}}],"inLanguage":"es"},{"@type":"Organization","@id":"https:\/\/iraurgiberritzen.eus\/es\/#organization","name":"Iraurgi Berritzen","url":"https:\/\/iraurgiberritzen.eus\/es\/","logo":{"@type":"ImageObject","inLanguage":"es","@id":"https:\/\/iraurgiberritzen.eus\/es\/#\/schema\/logo\/image\/","url":"https:\/\/iraurgiberritzen.eus\/wp-content\/uploads\/2024\/02\/IRAURGI-BERRITZEN-logotipoa_2.png","contentUrl":"https:\/\/iraurgiberritzen.eus\/wp-content\/uploads\/2024\/02\/IRAURGI-BERRITZEN-logotipoa_2.png","width":496,"height":190,"caption":"Iraurgi Berritzen"},"image":{"@id":"https:\/\/iraurgiberritzen.eus\/es\/#\/schema\/logo\/image\/"}},{"@type":"Person","@id":"https:\/\/iraurgiberritzen.eus\/es\/#\/schema\/person\/5ab41aaf388a9097177601ebf45738d2","name":"kudeatzailea","sameAs":["https:\/\/iraurgiberritzen.eus"]}]}},"_links":{"self":[{"href":"https:\/\/iraurgiberritzen.eus\/es\/wp-json\/wp\/v2\/posts\/11933","targetHints":{"allow":["GET"]}}],"collection":[{"href":"https:\/\/iraurgiberritzen.eus\/es\/wp-json\/wp\/v2\/posts"}],"about":[{"href":"https:\/\/iraurgiberritzen.eus\/es\/wp-json\/wp\/v2\/types\/post"}],"author":[{"embeddable":true,"href":"https:\/\/iraurgiberritzen.eus\/es\/wp-json\/wp\/v2\/users\/1"}],"replies":[{"embeddable":true,"href":"https:\/\/iraurgiberritzen.eus\/es\/wp-json\/wp\/v2\/comments?post=11933"}],"version-history":[{"count":0,"href":"https:\/\/iraurgiberritzen.eus\/es\/wp-json\/wp\/v2\/posts\/11933\/revisions"}],"wp:featuredmedia":[{"embeddable":true,"href":"https:\/\/iraurgiberritzen.eus\/es\/wp-json\/wp\/v2\/media\/18002"}],"wp:attachment":[{"href":"https:\/\/iraurgiberritzen.eus\/es\/wp-json\/wp\/v2\/media?parent=11933"}],"wp:term":[{"taxonomy":"category","embeddable":true,"href":"https:\/\/iraurgiberritzen.eus\/es\/wp-json\/wp\/v2\/categories?post=11933"},{"taxonomy":"post_tag","embeddable":true,"href":"https:\/\/iraurgiberritzen.eus\/es\/wp-json\/wp\/v2\/tags?post=11933"}],"curies":[{"name":"wp","href":"https:\/\/api.w.org\/{rel}","templated":true}]}}